{"id":132749,"date":"2024-05-04T10:57:12","date_gmt":"2024-05-04T10:57:12","guid":{"rendered":"https:\/\/www.nettali.com\/?p=132749"},"modified":"2024-05-04T10:57:26","modified_gmt":"2024-05-04T10:57:26","slug":"15e-sommet-de-loci-le-president-bassirou-diomaye-faye-a-banjul","status":"publish","type":"post","link":"https:\/\/www.nettali.com\/2024\/05\/04\/15e-sommet-de-loci-le-president-bassirou-diomaye-faye-a-banjul\/","title":{"rendered":"15e SOMMET DE l\u2019OCI - Le pr\u00e9sident Bassirou Diomaye Faye \u00e0 Banjul"},"content":{"rendered":"<p>Le pr\u00e9sident s\u00e9n\u00e9galais Bassirou Diomaye Faye est arriv\u00e9 samedi, en d\u00e9but de matin\u00e9e, \u00e0 Banjul, la capitale gambiennne, o\u00f9 il prend part au 15e sommet de l\u2019organisation de la coop\u00e9ration islamique (OCI).<\/p>\n<p>La capitale gambienne accueille \u00e0 partir de ce samedi et ce pour deux jours le 15e Sommet de l\u2019Organisation de la conf\u00e9rence islamique (OCI) dont le th\u00e8me est \u201cRenforcement de l\u2019unit\u00e9 et de la solidarit\u00e9 par le dialogue pour le d\u00e9veloppement durable\u201d.<\/p>\n<p>La rencontre se d\u00e9roule au Centre de conf\u00e9rences international Sir Dawda Kairaba Jawara.<\/p>\n<div class='share-to-whatsapp-wrapper'><div class='share-on-whsp'>PARTAGER SUR : <\/div><a data-text='15e SOMMET DE l\u2019OCI - Le pr\u00e9sident Bassirou Diomaye Faye \u00e0 Banjul' data-link='https:\/\/www.nettali.com\/2024\/05\/04\/15e-sommet-de-loci-le-president-bassirou-diomaye-faye-a-banjul\/' class='whatsapp-button whatsapp-share'>WhatsApp<\/a><div class='clear '><\/div><\/div>","protected":false},"excerpt":{"rendered":"<p>Le pr\u00e9sident s\u00e9n\u00e9galais Bassirou Diomaye Faye est arriv\u00e9 samedi, en d\u00e9but de matin\u00e9e, \u00e0 Banjul, la capitale gambiennne, o\u00f9 il prend part au 15e sommet de l\u2019organisation de la coop\u00e9ration islamique (OCI). La capitale gambienne accueille \u00e0 partir de ce samedi et ce pour deux jours le 15e Sommet de l\u2019Organisation de la conf\u00e9rence islamique [&hellip;]<\/p>\n","protected":false},"author":4,"featured_media":132553,"comment_status":"open","ping_status":"open","sticky":false,"template":"","format":"standard","meta":{"_et_pb_use_builder":"","_et_pb_old_content":""},"categories":[3],"tags":[],"yoast_head":"<!-- This site is optimized with the Yoast SEO Premium plugin v17.8 (Yoast SEO v17.8) - https:\/\/yoast.com\/wordpress\/plugins\/seo\/ -->\n<title>15e SOMMET DE l\u2019OCI - Le pr\u00e9sident Bassirou Diomaye Faye \u00e0 Banjul | Nettali.com<\/title>\n<meta name=\"robots\" content=\"index, follow, max-snippet:-1, max-image-preview:large, max-video-preview:-1\" \/>\n<link rel=\"canonical\" href=\"https:\/\/www.nettali.com\/2024\/05\/04\/15e-sommet-de-loci-le-president-bassirou-diomaye-faye-a-banjul\/\" \/>\n<meta property=\"og:locale\" content=\"fr_FR\" \/>\n<meta property=\"og:type\" content=\"article\" \/>\n<meta property=\"og:title\" content=\"15e SOMMET DE l\u2019OCI - Le pr\u00e9sident Bassirou Diomaye Faye \u00e0 Banjul\" \/>\n<meta property=\"og:description\" content=\"Le pr\u00e9sident s\u00e9n\u00e9galais Bassirou Diomaye Faye est arriv\u00e9 samedi, en d\u00e9but de matin\u00e9e, \u00e0 Banjul, la capitale gambiennne, o\u00f9 il prend part au 15e sommet de l\u2019organisation de la coop\u00e9ration islamique (OCI). La capitale gambienne accueille \u00e0 partir de ce samedi et ce pour deux jours le 15e Sommet de l\u2019Organisation de la conf\u00e9rence islamique [&hellip;]\" \/>\n<meta property=\"og:url\" content=\"https:\/\/www.nettali.com\/2024\/05\/04\/15e-sommet-de-loci-le-president-bassirou-diomaye-faye-a-banjul\/\" \/>\n<meta property=\"og:site_name\" content=\"Nettali.com\" \/>\n<meta property=\"article:publisher\" content=\"https:\/\/www.facebook.com\/nettalicom\" \/>\n<meta property=\"article:published_time\" content=\"2024-05-04T10:57:12+00:00\" \/>\n<meta property=\"article:modified_time\" content=\"2024-05-04T10:57:26+00:00\" \/>\n<meta property=\"og:image\" content=\"https:\/\/www.nettali.com\/wp-content\/uploads\/2024\/04\/diomaye-voyage-4.jpg\" \/>\n\t<meta property=\"og:image:width\" content=\"2048\" \/>\n\t<meta property=\"og:image:height\" content=\"1364\" \/>\n<meta name=\"twitter:card\" content=\"summary_large_image\" \/>\n<meta name=\"twitter:label1\" content=\"\u00c9crit par\" \/>\n\t<meta name=\"twitter:data1\" content=\"Daouda\" \/>\n\t<meta name=\"twitter:label2\" content=\"Dur\u00e9e de lecture estim\u00e9e\" \/>\n\t<meta name=\"twitter:data2\" content=\"1 minute\" \/>\n<script type=\"application\/ld+json\" class=\"yoast-schema-graph\">{\"@context\":\"https:\/\/schema.org\",\"@graph\":[{\"@type\":\"WebSite\",\"@id\":\"https:\/\/www.nettali.com\/#website\",\"url\":\"https:\/\/www.nettali.com\/\",\"name\":\"Nettali.com\",\"description\":\"Le rendez-vous critique du Net\",\"potentialAction\":[{\"@type\":\"SearchAction\",\"target\":{\"@type\":\"EntryPoint\",\"urlTemplate\":\"https:\/\/www.nettali.com\/?s={search_term_string}\"},\"query-input\":\"required name=search_term_string\"}],\"inLanguage\":\"fr-FR\"},{\"@type\":\"ImageObject\",\"@id\":\"https:\/\/www.nettali.com\/2024\/05\/04\/15e-sommet-de-loci-le-president-bassirou-diomaye-faye-a-banjul\/#primaryimage\",\"inLanguage\":\"fr-FR\",\"url\":\"https:\/\/www.nettali.com\/wp-content\/uploads\/2024\/04\/diomaye-voyage-4.jpg\",\"contentUrl\":\"https:\/\/www.nettali.com\/wp-content\/uploads\/2024\/04\/diomaye-voyage-4.jpg\",\"width\":2048,\"height\":1364},{\"@type\":\"WebPage\",\"@id\":\"https:\/\/www.nettali.com\/2024\/05\/04\/15e-sommet-de-loci-le-president-bassirou-diomaye-faye-a-banjul\/#webpage\",\"url\":\"https:\/\/www.nettali.com\/2024\/05\/04\/15e-sommet-de-loci-le-president-bassirou-diomaye-faye-a-banjul\/\",\"name\":\"15e SOMMET DE l\\u2019OCI - Le pr\\u00e9sident Bassirou Diomaye Faye \\u00e0 Banjul | Nettali.com\",\"isPartOf\":{\"@id\":\"https:\/\/www.nettali.com\/#website\"},\"primaryImageOfPage\":{\"@id\":\"https:\/\/www.nettali.com\/2024\/05\/04\/15e-sommet-de-loci-le-president-bassirou-diomaye-faye-a-banjul\/#primaryimage\"},\"datePublished\":\"2024-05-04T10:57:12+00:00\",\"dateModified\":\"2024-05-04T10:57:26+00:00\",\"author\":{\"@id\":\"https:\/\/www.nettali.com\/#\/schema\/person\/3317e0bb3aa1da309fbf7b2780901bf4\"},\"breadcrumb\":{\"@id\":\"https:\/\/www.nettali.com\/2024\/05\/04\/15e-sommet-de-loci-le-president-bassirou-diomaye-faye-a-banjul\/#breadcrumb\"},\"inLanguage\":\"fr-FR\",\"potentialAction\":[{\"@type\":\"ReadAction\",\"target\":[\"https:\/\/www.nettali.com\/2024\/05\/04\/15e-sommet-de-loci-le-president-bassirou-diomaye-faye-a-banjul\/\"]}]},{\"@type\":\"BreadcrumbList\",\"@id\":\"https:\/\/www.nettali.com\/2024\/05\/04\/15e-sommet-de-loci-le-president-bassirou-diomaye-faye-a-banjul\/#breadcrumb\",\"itemListElement\":[{\"@type\":\"ListItem\",\"position\":1,\"name\":\"Accueil\",\"item\":\"https:\/\/www.nettali.com\/\"},{\"@type\":\"ListItem\",\"position\":2,\"name\":\"15e SOMMET DE l\\u2019OCI - Le pr\\u00e9sident Bassirou Diomaye Faye \\u00e0 Banjul\"}]},{\"@type\":\"Person\",\"@id\":\"https:\/\/www.nettali.com\/#\/schema\/person\/3317e0bb3aa1da309fbf7b2780901bf4\",\"name\":\"Daouda\",\"image\":{\"@type\":\"ImageObject\",\"@id\":\"https:\/\/www.nettali.com\/#personlogo\",\"inLanguage\":\"fr-FR\",\"url\":\"https:\/\/secure.gravatar.com\/avatar\/8d143b5a49345098ddcfee1c49c2f47c?s=96&d=mm&r=g\",\"contentUrl\":\"https:\/\/secure.gravatar.com\/avatar\/8d143b5a49345098ddcfee1c49c2f47c?s=96&d=mm&r=g\",\"caption\":\"Daouda\"},\"sameAs\":[\"https:\/\/www.nettali.com\"]}]}<\/script>\n<!-- \/ Yoast SEO Premium plugin. -->","yoast_head_json":{"title":"15e SOMMET DE l\u2019OCI - Le pr\u00e9sident Bassirou Diomaye Faye \u00e0 Banjul | Nettali.com","robots":{"index":"index","follow":"follow","max-snippet":"max-snippet:-1","max-image-preview":"max-image-preview:large","max-video-preview":"max-video-preview:-1"},"canonical":"https:\/\/www.nettali.com\/2024\/05\/04\/15e-sommet-de-loci-le-president-bassirou-diomaye-faye-a-banjul\/","og_locale":"fr_FR","og_type":"article","og_title":"15e SOMMET DE l\u2019OCI - Le pr\u00e9sident Bassirou Diomaye Faye \u00e0 Banjul","og_description":"Le pr\u00e9sident s\u00e9n\u00e9galais Bassirou Diomaye Faye est arriv\u00e9 samedi, en d\u00e9but de matin\u00e9e, \u00e0 Banjul, la capitale gambiennne, o\u00f9 il prend part au 15e sommet de l\u2019organisation de la coop\u00e9ration islamique (OCI). La capitale gambienne accueille \u00e0 partir de ce samedi et ce pour deux jours le 15e Sommet de l\u2019Organisation de la conf\u00e9rence islamique [&hellip;]","og_url":"https:\/\/www.nettali.com\/2024\/05\/04\/15e-sommet-de-loci-le-president-bassirou-diomaye-faye-a-banjul\/","og_site_name":"Nettali.com","article_publisher":"https:\/\/www.facebook.com\/nettalicom","article_published_time":"2024-05-04T10:57:12+00:00","article_modified_time":"2024-05-04T10:57:26+00:00","og_image":[{"width":2048,"height":1364,"url":"https:\/\/www.nettali.com\/wp-content\/uploads\/2024\/04\/diomaye-voyage-4.jpg","type":"image\/jpeg"}],"twitter_card":"summary_large_image","twitter_misc":{"\u00c9crit par":"Daouda","Dur\u00e9e de lecture estim\u00e9e":"1 minute"},"schema":{"@context":"https:\/\/schema.org","@graph":[{"@type":"WebSite","@id":"https:\/\/www.nettali.com\/#website","url":"https:\/\/www.nettali.com\/","name":"Nettali.com","description":"Le rendez-vous critique du Net","potentialAction":[{"@type":"SearchAction","target":{"@type":"EntryPoint","urlTemplate":"https:\/\/www.nettali.com\/?s={search_term_string}"},"query-input":"required name=search_term_string"}],"inLanguage":"fr-FR"},{"@type":"ImageObject","@id":"https:\/\/www.nettali.com\/2024\/05\/04\/15e-sommet-de-loci-le-president-bassirou-diomaye-faye-a-banjul\/#primaryimage","inLanguage":"fr-FR","url":"https:\/\/www.nettali.com\/wp-content\/uploads\/2024\/04\/diomaye-voyage-4.jpg","contentUrl":"https:\/\/www.nettali.com\/wp-content\/uploads\/2024\/04\/diomaye-voyage-4.jpg","width":2048,"height":1364},{"@type":"WebPage","@id":"https:\/\/www.nettali.com\/2024\/05\/04\/15e-sommet-de-loci-le-president-bassirou-diomaye-faye-a-banjul\/#webpage","url":"https:\/\/www.nettali.com\/2024\/05\/04\/15e-sommet-de-loci-le-president-bassirou-diomaye-faye-a-banjul\/","name":"15e SOMMET DE l\u2019OCI - Le pr\u00e9sident Bassirou Diomaye Faye \u00e0 Banjul | Nettali.com","isPartOf":{"@id":"https:\/\/www.nettali.com\/#website"},"primaryImageOfPage":{"@id":"https:\/\/www.nettali.com\/2024\/05\/04\/15e-sommet-de-loci-le-president-bassirou-diomaye-faye-a-banjul\/#primaryimage"},"datePublished":"2024-05-04T10:57:12+00:00","dateModified":"2024-05-04T10:57:26+00:00","author":{"@id":"https:\/\/www.nettali.com\/#\/schema\/person\/3317e0bb3aa1da309fbf7b2780901bf4"},"breadcrumb":{"@id":"https:\/\/www.nettali.com\/2024\/05\/04\/15e-sommet-de-loci-le-president-bassirou-diomaye-faye-a-banjul\/#breadcrumb"},"inLanguage":"fr-FR","potentialAction":[{"@type":"ReadAction","target":["https:\/\/www.nettali.com\/2024\/05\/04\/15e-sommet-de-loci-le-president-bassirou-diomaye-faye-a-banjul\/"]}]},{"@type":"BreadcrumbList","@id":"https:\/\/www.nettali.com\/2024\/05\/04\/15e-sommet-de-loci-le-president-bassirou-diomaye-faye-a-banjul\/#breadcrumb","itemListElement":[{"@type":"ListItem","position":1,"name":"Accueil","item":"https:\/\/www.nettali.com\/"},{"@type":"ListItem","position":2,"name":"15e SOMMET DE l\u2019OCI - Le pr\u00e9sident Bassirou Diomaye Faye \u00e0 Banjul"}]},{"@type":"Person","@id":"https:\/\/www.nettali.com\/#\/schema\/person\/3317e0bb3aa1da309fbf7b2780901bf4","name":"Daouda","image":{"@type":"ImageObject","@id":"https:\/\/www.nettali.com\/#personlogo","inLanguage":"fr-FR","url":"https:\/\/secure.gravatar.com\/avatar\/8d143b5a49345098ddcfee1c49c2f47c?s=96&d=mm&r=g","contentUrl":"https:\/\/secure.gravatar.com\/avatar\/8d143b5a49345098ddcfee1c49c2f47c?s=96&d=mm&r=g","caption":"Daouda"},"sameAs":["https:\/\/www.nettali.com"]}]}},"_links":{"self":[{"href":"https:\/\/www.nettali.com\/rest\/wp\/v2\/posts\/132749"}],"collection":[{"href":"https:\/\/www.nettali.com\/rest\/wp\/v2\/posts"}],"about":[{"href":"https:\/\/www.nettali.com\/rest\/wp\/v2\/types\/post"}],"author":[{"embeddable":true,"href":"https:\/\/www.nettali.com\/rest\/wp\/v2\/users\/4"}],"replies":[{"embeddable":true,"href":"https:\/\/www.nettali.com\/rest\/wp\/v2\/comments?post=132749"}],"version-history":[{"count":1,"href":"https:\/\/www.nettali.com\/rest\/wp\/v2\/posts\/132749\/revisions"}],"predecessor-version":[{"id":132750,"href":"https:\/\/www.nettali.com\/rest\/wp\/v2\/posts\/132749\/revisions\/132750"}],"wp:featuredmedia":[{"embeddable":true,"href":"https:\/\/www.nettali.com\/rest\/wp\/v2\/media\/132553"}],"wp:attachment":[{"href":"https:\/\/www.nettali.com\/rest\/wp\/v2\/media?parent=132749"}],"wp:term":[{"taxonomy":"category","embeddable":true,"href":"https:\/\/www.nettali.com\/rest\/wp\/v2\/categories?post=132749"},{"taxonomy":"post_tag","embeddable":true,"href":"https:\/\/www.nettali.com\/rest\/wp\/v2\/tags?post=132749"}],"curies":[{"name":"wp","href":"https:\/\/api.w.org\/{rel}","templated":true}]}}