{"id":132670,"date":"2024-05-02T17:13:59","date_gmt":"2024-05-02T17:13:59","guid":{"rendered":"https:\/\/www.nettali.com\/?p=132670"},"modified":"2024-05-02T17:13:59","modified_gmt":"2024-05-02T17:13:59","slug":"prix-marc-vivien-foe-2024-pierre-emerick-aubameyang-nabil-bentaleb-et-achraf-hakimi-finalistes","status":"publish","type":"post","link":"https:\/\/www.nettali.com\/2024\/05\/02\/prix-marc-vivien-foe-2024-pierre-emerick-aubameyang-nabil-bentaleb-et-achraf-hakimi-finalistes\/","title":{"rendered":"Prix Marc-Vivien Fo\u00e9 2024: Pierre-Emerick Aubameyang, Nabil Bentaleb et Achraf Hakimi finalistes"},"content":{"rendered":"<p class=\"t-content__chapo\"><strong>NETTALI.COM - RFI et France 24 d\u00e9voilent ce jeudi 2 mai les noms des trois finalistes du prix Marc-Vivien Fo\u00e9 2024, qui r\u00e9compense le meilleur footballeur africain ayant \u00e9volu\u00e9 en Ligue 1 au cours de la saison 2023-2024. Pierre-Emerick Aubameyang, Nabil Bentaleb et Achraf Hakimi restent en lice apr\u00e8s une premi\u00e8re s\u00e9lection de onze joueurs.<\/strong><\/p>\n<p>Le Gabonais Pierre-Emerick Aubameyang est-il en passe de remporter le Prix Marc-Vivien Fo\u00e9 pour la deuxi\u00e8me fois apr\u00e8s 2013 ? Il est en tout cas dans la course au troph\u00e9e aux c\u00f4t\u00e9s de l\u2019Alg\u00e9rien Nabil Bentaleb et du Marocain Achraf Hakimi\u00a0, alors qu\u2019ils \u00e9taient onze pr\u00e9tendants. Le nom du vainqueur sera annonc\u00e9 le 13 mai prochain sur les ondes de RFI et sur les sites internet rfi.fr et france24.com.<\/p>\n<p><strong>Pr\u00e9sentation des trois finalistes par ordre alphab\u00e9tique\u00a0<\/strong><\/p>\n<p class=\"empty\">\n<div class=\"m-em-image\">\n<figure class=\"m-figure m-figure--original\"><picture><source srcset=\"https:\/\/s.rfi.fr\/media\/display\/05df6b68-57e6-11ee-aff7-005056a90321\/000_33TQ2XG.webp 1024w\" type=\"image\/webp\" \/><img loading=\"lazy\" class=\"m-figure__img lazy loaded\" src=\"https:\/\/s.rfi.fr\/media\/display\/05df6b68-57e6-11ee-aff7-005056a90321\/000_33TQ2XG.jpg\" srcset=\"https:\/\/s.rfi.fr\/media\/display\/05df6b68-57e6-11ee-aff7-005056a90321\/000_33TQ2XG.jpg 1024w\" alt=\"Pierre-Emerick Aubameyang lors d'une rencontre de Ligue 1 face \u00e0 Brest, le 26 ao\u00fbt 2023.\" width=\"1024\" height=\"682\" data-ll-status=\"loaded\" \/><\/picture><figcaption class=\"m-figure__caption\"><span class=\"a-media-legend\">Pierre-Emerick Aubameyang lors d'une rencontre de Ligue 1 face \u00e0 Brest, le 26 ao\u00fbt 2023.<\/span>\u00a0<span class=\"a-media-legend\">AFP - NICOLAS TUCAT<\/span><\/figcaption><\/figure>\n<\/div>\n<p><strong>AUBAMEYANG Pierre-Emerick, attaquant (Gabon\/Marseille)<\/strong><\/p>\n<p>Pierre-Emerick Aubameyang est pass\u00e9 par Monaco, Dijon, et a fait les beaux jours de Saint-Etienne et de la Ligue 1 entre 2011 et 2013, avant de filer en Bundesliga du c\u00f4t\u00e9 de Dortmund. Il a aussi foul\u00e9 les pelouses de Premier League avec Arsenal et Chelsea. Celui qui a aussi go\u00fbt\u00e9 \u00e0 la Liga avec Barcelone est revenu sur le sol fran\u00e7ais en 2023 \u00e0 Marseille. Pierre-Emerick Aubameyang a re\u00e7u le Prix Marc-Vivien Fo\u00e9 en 2013 au moment o\u00f9 il \u00e9tait st\u00e9phanois. Il pourrait rejoindre l\u2019Ivoirien Gervinho, seul joueur \u00e0 avoir remport\u00e9 deux fois le prix (2010 et 2011). Pierre-Emerick Aubameyang est la seule Panth\u00e8re \u00e0 avoir \u00e9t\u00e9 nomm\u00e9e dans le trio de t\u00eate, il avait termin\u00e9 troisi\u00e8me en 2012, ann\u00e9e o\u00f9 le Marocain Youn\u00e8s Belhanda avait \u00e9t\u00e9 sacr\u00e9.<\/p>\n<div class=\"m-em-image\">\n<figure class=\"m-figure m-figure--original\"><picture><source srcset=\"https:\/\/s.rfi.fr\/media\/display\/4257f1f8-f847-11ee-925c-005056bf30b7\/000_34P86B9.webp 2480w\" type=\"image\/webp\" \/><img loading=\"lazy\" class=\"m-figure__img lazy loaded\" src=\"https:\/\/s.rfi.fr\/media\/display\/4257f1f8-f847-11ee-925c-005056bf30b7\/000_34P86B9.jpg\" srcset=\"https:\/\/s.rfi.fr\/media\/display\/4257f1f8-f847-11ee-925c-005056bf30b7\/000_34P86B9.jpg 2480w\" alt=\"Le milieu de terrain de Lille Nabil Bentaleb, le 11 avril 2024.\" width=\"2480\" height=\"1652\" data-ll-status=\"loaded\" \/><\/picture><figcaption class=\"m-figure__caption\"><span class=\"a-media-legend\">Le milieu de terrain de Lille Nabil Bentaleb, le 11 avril 2024.<\/span>\u00a0<span class=\"a-media-legend\">AFP - JUSTIN TALLIS<\/span><\/figcaption><\/figure>\n<\/div>\n<p><strong>BENTALEB Nabil, milieu de terrain, (Alg\u00e9rie\/Lille)<\/strong><\/p>\n<p>C\u2019est dans le club de sa ville natale que Nabil Bentaleb \u00e9volue. Celui qui a pass\u00e9 plusieurs ann\u00e9es chez les Allemands du FC Schalke 04 conna\u00eet bien la maison des Dogues puisque c\u2019est l\u00e0 qu\u2019il a \u00e9t\u00e9 form\u00e9 lors de son parcours chez les juniors. Ce pur Lillois, qui a admir\u00e9 l\u2019Ivoirien Gervinho ou le Belge Eden Hazard, r\u00eave d\u2019emmener son \u00e9quipe sur le podium de la Ligue 1 cette saison. L\u2019international alg\u00e9rien fait en tout cas partie des cadres du LOSC. Aucun international alg\u00e9rien n\u2019a remport\u00e9 le prix. Comme Nabil Bentaleb, Rachid Ghezzal, Ryad Boudebouz, Islam Slimani et Andy Delort sont mont\u00e9s sur le podium depuis la cr\u00e9ation du Prix Marc-Vivien Fo\u00e9 en 2009.<\/p>\n<div class=\"m-em-image\">\n<figure class=\"m-figure m-figure--original\"><picture><source srcset=\"https:\/\/s.rfi.fr\/media\/display\/fadc7e20-5b1b-11ee-9b04-005056bfb2b6\/000_33WG6WC.webp 2480w\" type=\"image\/webp\" \/><img loading=\"lazy\" class=\"m-figure__img lazy loaded\" src=\"https:\/\/s.rfi.fr\/media\/display\/fadc7e20-5b1b-11ee-9b04-005056bfb2b6\/000_33WG6WC.jpg\" srcset=\"https:\/\/s.rfi.fr\/media\/display\/fadc7e20-5b1b-11ee-9b04-005056bfb2b6\/000_33WG6WC.jpg 2480w\" alt=\"Le Marocain Achraf Hakimi (g).\" width=\"2480\" height=\"1653\" data-ll-status=\"loaded\" \/><\/picture><figcaption class=\"m-figure__caption\"><span class=\"a-media-legend\">Le Marocain Achraf Hakimi (g).<\/span>\u00a0<span class=\"a-media-legend\">\u00a9 AFP \/ FRANCK FIFE<\/span><\/figcaption><\/figure>\n<\/div>\n<p><strong>HAKIMI Achraf, d\u00e9fenseur (Maroc\/PSG)\u00a0<\/strong><\/p>\n<p>Joueur cadre de l\u2019effectif parisien, Achraf Hakimi est souvent incontournable sur le c\u00f4t\u00e9 droit de la d\u00e9fense. Pass\u00e9 par le Real Madrid, le Borussia Dortmund et l\u2019Inter Milan, Achraf Hakimi a pos\u00e9 ses valises dans le club de la capitale en 2021. L\u2019international marocain tire encore son \u00e9pingle du jeu avec un nouvel entra\u00eeneur. Il est un \u00e9l\u00e9ment essentiel du dispositif tactique de Luis Enrique cette saison. Il pourrait devenir le quatri\u00e8me Lion de l\u2019Atlas apr\u00e8s Marouane Chamakh (2009), Youn\u00e8s Belhanda (2012) et Sofiane Boufal (2016) \u00e0 monter sur la premi\u00e8re marche. Achraf Hakimi n\u2019a jamais fait partie du trio de t\u00eate.\u00a0Le champion de France sera-t-il le deuxi\u00e8me d\u00e9fenseur de suite \u00e0 s'offrir le troph\u00e9e apr\u00e8s le Congolais\u00a0Chancel Mbemba en 2023 ?<\/p>\n<div class='share-to-whatsapp-wrapper'><div class='share-on-whsp'>PARTAGER SUR : <\/div><a data-text='Prix Marc-Vivien Fo\u00e9 2024: Pierre-Emerick Aubameyang, Nabil Bentaleb et Achraf Hakimi finalistes' data-link='https:\/\/www.nettali.com\/2024\/05\/02\/prix-marc-vivien-foe-2024-pierre-emerick-aubameyang-nabil-bentaleb-et-achraf-hakimi-finalistes\/' class='whatsapp-button whatsapp-share'>WhatsApp<\/a><div class='clear '><\/div><\/div>","protected":false},"excerpt":{"rendered":"<p>NETTALI.COM - RFI et France 24 d\u00e9voilent ce jeudi 2 mai les noms des trois finalistes du prix Marc-Vivien Fo\u00e9 2024, qui r\u00e9compense le meilleur footballeur africain ayant \u00e9volu\u00e9 en Ligue 1 au cours de la saison 2023-2024. Pierre-Emerick Aubameyang, Nabil Bentaleb et Achraf Hakimi restent en lice apr\u00e8s une premi\u00e8re s\u00e9lection de onze joueurs. [&hellip;]<\/p>\n","protected":false},"author":4,"featured_media":132671,"comment_status":"open","ping_status":"open","sticky":false,"template":"","format":"standard","meta":{"_et_pb_use_builder":"","_et_pb_old_content":""},"categories":[6],"tags":[],"yoast_head":"<!-- This site is optimized with the Yoast SEO Premium plugin v17.8 (Yoast SEO v17.8) - https:\/\/yoast.com\/wordpress\/plugins\/seo\/ -->\n<title>Prix Marc-Vivien Fo\u00e9 2024: Pierre-Emerick Aubameyang, Nabil Bentaleb et Achraf Hakimi finalistes | Nettali.com<\/title>\n<meta name=\"robots\" content=\"index, follow, max-snippet:-1, max-image-preview:large, max-video-preview:-1\" \/>\n<link rel=\"canonical\" href=\"https:\/\/www.nettali.com\/2024\/05\/02\/prix-marc-vivien-foe-2024-pierre-emerick-aubameyang-nabil-bentaleb-et-achraf-hakimi-finalistes\/\" \/>\n<meta property=\"og:locale\" content=\"fr_FR\" \/>\n<meta property=\"og:type\" content=\"article\" \/>\n<meta property=\"og:title\" content=\"Prix Marc-Vivien Fo\u00e9 2024: Pierre-Emerick Aubameyang, Nabil Bentaleb et Achraf Hakimi finalistes\" \/>\n<meta property=\"og:description\" content=\"NETTALI.COM - RFI et France 24 d\u00e9voilent ce jeudi 2 mai les noms des trois finalistes du prix Marc-Vivien Fo\u00e9 2024, qui r\u00e9compense le meilleur footballeur africain ayant \u00e9volu\u00e9 en Ligue 1 au cours de la saison 2023-2024. Pierre-Emerick Aubameyang, Nabil Bentaleb et Achraf Hakimi restent en lice apr\u00e8s une premi\u00e8re s\u00e9lection de onze joueurs. [&hellip;]\" \/>\n<meta property=\"og:url\" content=\"https:\/\/www.nettali.com\/2024\/05\/02\/prix-marc-vivien-foe-2024-pierre-emerick-aubameyang-nabil-bentaleb-et-achraf-hakimi-finalistes\/\" \/>\n<meta property=\"og:site_name\" content=\"Nettali.com\" \/>\n<meta property=\"article:publisher\" content=\"https:\/\/www.facebook.com\/nettalicom\" \/>\n<meta property=\"article:published_time\" content=\"2024-05-02T17:13:59+00:00\" \/>\n<meta property=\"og:image\" content=\"https:\/\/www.nettali.com\/wp-content\/uploads\/2024\/05\/Capture-de\u0301cran-2024-05-02-a\u0300-17.11.40.png\" \/>\n\t<meta property=\"og:image:width\" content=\"938\" \/>\n\t<meta property=\"og:image:height\" content=\"487\" \/>\n<meta name=\"twitter:card\" content=\"summary_large_image\" \/>\n<meta name=\"twitter:label1\" content=\"\u00c9crit par\" \/>\n\t<meta name=\"twitter:data1\" content=\"Daouda\" \/>\n\t<meta name=\"twitter:label2\" content=\"Dur\u00e9e de lecture estim\u00e9e\" \/>\n\t<meta name=\"twitter:data2\" content=\"4 minutes\" \/>\n<script type=\"application\/ld+json\" class=\"yoast-schema-graph\">{\"@context\":\"https:\/\/schema.org\",\"@graph\":[{\"@type\":\"WebSite\",\"@id\":\"https:\/\/www.nettali.com\/#website\",\"url\":\"https:\/\/www.nettali.com\/\",\"name\":\"Nettali.com\",\"description\":\"Le rendez-vous critique du Net\",\"potentialAction\":[{\"@type\":\"SearchAction\",\"target\":{\"@type\":\"EntryPoint\",\"urlTemplate\":\"https:\/\/www.nettali.com\/?s={search_term_string}\"},\"query-input\":\"required name=search_term_string\"}],\"inLanguage\":\"fr-FR\"},{\"@type\":\"ImageObject\",\"@id\":\"https:\/\/www.nettali.com\/2024\/05\/02\/prix-marc-vivien-foe-2024-pierre-emerick-aubameyang-nabil-bentaleb-et-achraf-hakimi-finalistes\/#primaryimage\",\"inLanguage\":\"fr-FR\",\"url\":\"https:\/\/www.nettali.com\/wp-content\/uploads\/2024\/05\/Capture-de\\u0301cran-2024-05-02-a\\u0300-17.11.40.png\",\"contentUrl\":\"https:\/\/www.nettali.com\/wp-content\/uploads\/2024\/05\/Capture-de\\u0301cran-2024-05-02-a\\u0300-17.11.40.png\",\"width\":938,\"height\":487},{\"@type\":\"WebPage\",\"@id\":\"https:\/\/www.nettali.com\/2024\/05\/02\/prix-marc-vivien-foe-2024-pierre-emerick-aubameyang-nabil-bentaleb-et-achraf-hakimi-finalistes\/#webpage\",\"url\":\"https:\/\/www.nettali.com\/2024\/05\/02\/prix-marc-vivien-foe-2024-pierre-emerick-aubameyang-nabil-bentaleb-et-achraf-hakimi-finalistes\/\",\"name\":\"Prix Marc-Vivien Fo\\u00e9 2024: Pierre-Emerick Aubameyang, Nabil Bentaleb et Achraf Hakimi finalistes | Nettali.com\",\"isPartOf\":{\"@id\":\"https:\/\/www.nettali.com\/#website\"},\"primaryImageOfPage\":{\"@id\":\"https:\/\/www.nettali.com\/2024\/05\/02\/prix-marc-vivien-foe-2024-pierre-emerick-aubameyang-nabil-bentaleb-et-achraf-hakimi-finalistes\/#primaryimage\"},\"datePublished\":\"2024-05-02T17:13:59+00:00\",\"dateModified\":\"2024-05-02T17:13:59+00:00\",\"author\":{\"@id\":\"https:\/\/www.nettali.com\/#\/schema\/person\/3317e0bb3aa1da309fbf7b2780901bf4\"},\"breadcrumb\":{\"@id\":\"https:\/\/www.nettali.com\/2024\/05\/02\/prix-marc-vivien-foe-2024-pierre-emerick-aubameyang-nabil-bentaleb-et-achraf-hakimi-finalistes\/#breadcrumb\"},\"inLanguage\":\"fr-FR\",\"potentialAction\":[{\"@type\":\"ReadAction\",\"target\":[\"https:\/\/www.nettali.com\/2024\/05\/02\/prix-marc-vivien-foe-2024-pierre-emerick-aubameyang-nabil-bentaleb-et-achraf-hakimi-finalistes\/\"]}]},{\"@type\":\"BreadcrumbList\",\"@id\":\"https:\/\/www.nettali.com\/2024\/05\/02\/prix-marc-vivien-foe-2024-pierre-emerick-aubameyang-nabil-bentaleb-et-achraf-hakimi-finalistes\/#breadcrumb\",\"itemListElement\":[{\"@type\":\"ListItem\",\"position\":1,\"name\":\"Accueil\",\"item\":\"https:\/\/www.nettali.com\/\"},{\"@type\":\"ListItem\",\"position\":2,\"name\":\"Prix Marc-Vivien Fo\\u00e9 2024: Pierre-Emerick Aubameyang, Nabil Bentaleb et Achraf Hakimi finalistes\"}]},{\"@type\":\"Person\",\"@id\":\"https:\/\/www.nettali.com\/#\/schema\/person\/3317e0bb3aa1da309fbf7b2780901bf4\",\"name\":\"Daouda\",\"image\":{\"@type\":\"ImageObject\",\"@id\":\"https:\/\/www.nettali.com\/#personlogo\",\"inLanguage\":\"fr-FR\",\"url\":\"https:\/\/secure.gravatar.com\/avatar\/8d143b5a49345098ddcfee1c49c2f47c?s=96&d=mm&r=g\",\"contentUrl\":\"https:\/\/secure.gravatar.com\/avatar\/8d143b5a49345098ddcfee1c49c2f47c?s=96&d=mm&r=g\",\"caption\":\"Daouda\"},\"sameAs\":[\"https:\/\/www.nettali.com\"]}]}<\/script>\n<!-- \/ Yoast SEO Premium plugin. -->","yoast_head_json":{"title":"Prix Marc-Vivien Fo\u00e9 2024: Pierre-Emerick Aubameyang, Nabil Bentaleb et Achraf Hakimi finalistes | Nettali.com","robots":{"index":"index","follow":"follow","max-snippet":"max-snippet:-1","max-image-preview":"max-image-preview:large","max-video-preview":"max-video-preview:-1"},"canonical":"https:\/\/www.nettali.com\/2024\/05\/02\/prix-marc-vivien-foe-2024-pierre-emerick-aubameyang-nabil-bentaleb-et-achraf-hakimi-finalistes\/","og_locale":"fr_FR","og_type":"article","og_title":"Prix Marc-Vivien Fo\u00e9 2024: Pierre-Emerick Aubameyang, Nabil Bentaleb et Achraf Hakimi finalistes","og_description":"NETTALI.COM - RFI et France 24 d\u00e9voilent ce jeudi 2 mai les noms des trois finalistes du prix Marc-Vivien Fo\u00e9 2024, qui r\u00e9compense le meilleur footballeur africain ayant \u00e9volu\u00e9 en Ligue 1 au cours de la saison 2023-2024. Pierre-Emerick Aubameyang, Nabil Bentaleb et Achraf Hakimi restent en lice apr\u00e8s une premi\u00e8re s\u00e9lection de onze joueurs. [&hellip;]","og_url":"https:\/\/www.nettali.com\/2024\/05\/02\/prix-marc-vivien-foe-2024-pierre-emerick-aubameyang-nabil-bentaleb-et-achraf-hakimi-finalistes\/","og_site_name":"Nettali.com","article_publisher":"https:\/\/www.facebook.com\/nettalicom","article_published_time":"2024-05-02T17:13:59+00:00","og_image":[{"width":938,"height":487,"url":"https:\/\/www.nettali.com\/wp-content\/uploads\/2024\/05\/Capture-de\u0301cran-2024-05-02-a\u0300-17.11.40.png","type":"image\/png"}],"twitter_card":"summary_large_image","twitter_misc":{"\u00c9crit par":"Daouda","Dur\u00e9e de lecture estim\u00e9e":"4 minutes"},"schema":{"@context":"https:\/\/schema.org","@graph":[{"@type":"WebSite","@id":"https:\/\/www.nettali.com\/#website","url":"https:\/\/www.nettali.com\/","name":"Nettali.com","description":"Le rendez-vous critique du Net","potentialAction":[{"@type":"SearchAction","target":{"@type":"EntryPoint","urlTemplate":"https:\/\/www.nettali.com\/?s={search_term_string}"},"query-input":"required name=search_term_string"}],"inLanguage":"fr-FR"},{"@type":"ImageObject","@id":"https:\/\/www.nettali.com\/2024\/05\/02\/prix-marc-vivien-foe-2024-pierre-emerick-aubameyang-nabil-bentaleb-et-achraf-hakimi-finalistes\/#primaryimage","inLanguage":"fr-FR","url":"https:\/\/www.nettali.com\/wp-content\/uploads\/2024\/05\/Capture-de\u0301cran-2024-05-02-a\u0300-17.11.40.png","contentUrl":"https:\/\/www.nettali.com\/wp-content\/uploads\/2024\/05\/Capture-de\u0301cran-2024-05-02-a\u0300-17.11.40.png","width":938,"height":487},{"@type":"WebPage","@id":"https:\/\/www.nettali.com\/2024\/05\/02\/prix-marc-vivien-foe-2024-pierre-emerick-aubameyang-nabil-bentaleb-et-achraf-hakimi-finalistes\/#webpage","url":"https:\/\/www.nettali.com\/2024\/05\/02\/prix-marc-vivien-foe-2024-pierre-emerick-aubameyang-nabil-bentaleb-et-achraf-hakimi-finalistes\/","name":"Prix Marc-Vivien Fo\u00e9 2024: Pierre-Emerick Aubameyang, Nabil Bentaleb et Achraf Hakimi finalistes | Nettali.com","isPartOf":{"@id":"https:\/\/www.nettali.com\/#website"},"primaryImageOfPage":{"@id":"https:\/\/www.nettali.com\/2024\/05\/02\/prix-marc-vivien-foe-2024-pierre-emerick-aubameyang-nabil-bentaleb-et-achraf-hakimi-finalistes\/#primaryimage"},"datePublished":"2024-05-02T17:13:59+00:00","dateModified":"2024-05-02T17:13:59+00:00","author":{"@id":"https:\/\/www.nettali.com\/#\/schema\/person\/3317e0bb3aa1da309fbf7b2780901bf4"},"breadcrumb":{"@id":"https:\/\/www.nettali.com\/2024\/05\/02\/prix-marc-vivien-foe-2024-pierre-emerick-aubameyang-nabil-bentaleb-et-achraf-hakimi-finalistes\/#breadcrumb"},"inLanguage":"fr-FR","potentialAction":[{"@type":"ReadAction","target":["https:\/\/www.nettali.com\/2024\/05\/02\/prix-marc-vivien-foe-2024-pierre-emerick-aubameyang-nabil-bentaleb-et-achraf-hakimi-finalistes\/"]}]},{"@type":"BreadcrumbList","@id":"https:\/\/www.nettali.com\/2024\/05\/02\/prix-marc-vivien-foe-2024-pierre-emerick-aubameyang-nabil-bentaleb-et-achraf-hakimi-finalistes\/#breadcrumb","itemListElement":[{"@type":"ListItem","position":1,"name":"Accueil","item":"https:\/\/www.nettali.com\/"},{"@type":"ListItem","position":2,"name":"Prix Marc-Vivien Fo\u00e9 2024: Pierre-Emerick Aubameyang, Nabil Bentaleb et Achraf Hakimi finalistes"}]},{"@type":"Person","@id":"https:\/\/www.nettali.com\/#\/schema\/person\/3317e0bb3aa1da309fbf7b2780901bf4","name":"Daouda","image":{"@type":"ImageObject","@id":"https:\/\/www.nettali.com\/#personlogo","inLanguage":"fr-FR","url":"https:\/\/secure.gravatar.com\/avatar\/8d143b5a49345098ddcfee1c49c2f47c?s=96&d=mm&r=g","contentUrl":"https:\/\/secure.gravatar.com\/avatar\/8d143b5a49345098ddcfee1c49c2f47c?s=96&d=mm&r=g","caption":"Daouda"},"sameAs":["https:\/\/www.nettali.com"]}]}},"_links":{"self":[{"href":"https:\/\/www.nettali.com\/rest\/wp\/v2\/posts\/132670"}],"collection":[{"href":"https:\/\/www.nettali.com\/rest\/wp\/v2\/posts"}],"about":[{"href":"https:\/\/www.nettali.com\/rest\/wp\/v2\/types\/post"}],"author":[{"embeddable":true,"href":"https:\/\/www.nettali.com\/rest\/wp\/v2\/users\/4"}],"replies":[{"embeddable":true,"href":"https:\/\/www.nettali.com\/rest\/wp\/v2\/comments?post=132670"}],"version-history":[{"count":1,"href":"https:\/\/www.nettali.com\/rest\/wp\/v2\/posts\/132670\/revisions"}],"predecessor-version":[{"id":132672,"href":"https:\/\/www.nettali.com\/rest\/wp\/v2\/posts\/132670\/revisions\/132672"}],"wp:featuredmedia":[{"embeddable":true,"href":"https:\/\/www.nettali.com\/rest\/wp\/v2\/media\/132671"}],"wp:attachment":[{"href":"https:\/\/www.nettali.com\/rest\/wp\/v2\/media?parent=132670"}],"wp:term":[{"taxonomy":"category","embeddable":true,"href":"https:\/\/www.nettali.com\/rest\/wp\/v2\/categories?post=132670"},{"taxonomy":"post_tag","embeddable":true,"href":"https:\/\/www.nettali.com\/rest\/wp\/v2\/tags?post=132670"}],"curies":[{"name":"wp","href":"https:\/\/api.w.org\/{rel}","templated":true}]}}