{"id":132541,"date":"2024-04-30T09:02:44","date_gmt":"2024-04-30T09:02:44","guid":{"rendered":"https:\/\/www.nettali.com\/?p=132541"},"modified":"2024-04-30T09:02:44","modified_gmt":"2024-04-30T09:02:44","slug":"apr-macky-sall-sonne-la-remobilisation","status":"publish","type":"post","link":"https:\/\/www.nettali.com\/2024\/04\/30\/apr-macky-sall-sonne-la-remobilisation\/","title":{"rendered":"APR - Macky Sall sonne la remobilisation"},"content":{"rendered":"<p><strong>NETTALI.COM - L\u2019ancien pr\u00e9sident de la R\u00e9publique, Macky Sall, remobilise ses troupes. Il veut que l\u2019Alliance pour la R\u00e9publique (Apr) se ressaisisse et recommence ses activit\u00e9. D\u2019ailleurs, il a envoy\u00e9 une d\u00e9l\u00e9gation pour le repr\u00e9senter au \u00ab Daaka\u00bb de M\u00e9dina Gounass.<\/strong><\/p>\n<p>L\u2019ex-Pr\u00e9sident de la R\u00e9publique, Macky Sall, a d\u00e9cid\u00e9 d\u2019envoyer une d\u00e9l\u00e9gation de l\u2019Alliance pour la R\u00e9publique (APR), samedi prochain, dans les r\u00e9gions de Kolda, Kaffrine et Tamba pour remobiliser les troupes et leur transmettre son message. Il ne veut pas laisser l\u2019Apr dispara\u00eetre avec la perte du pouvoir.<\/p>\n<p>Les \u00e9missaires du pr\u00e9sident se chargeront ainsi \u00abde remobiliser et remercier les militants et sans doute les pr\u00e9parer aux combats futurs\u00bb.<\/p>\n<p>Une d\u00e9l\u00e9gation va repr\u00e9senter Macky Sall au Daaka de M\u00e9dina Gounass. Elle va transmettre le message de l\u2019ancien chef de l\u2019\u00c9tat au khalife.<\/p>\n<p>&nbsp;<\/p>\n<div class='share-to-whatsapp-wrapper'><div class='share-on-whsp'>PARTAGER SUR : <\/div><a data-text='APR - Macky Sall sonne la remobilisation' data-link='https:\/\/www.nettali.com\/2024\/04\/30\/apr-macky-sall-sonne-la-remobilisation\/' class='whatsapp-button whatsapp-share'>WhatsApp<\/a><div class='clear '><\/div><\/div>","protected":false},"excerpt":{"rendered":"<p>NETTALI.COM - L\u2019ancien pr\u00e9sident de la R\u00e9publique, Macky Sall, remobilise ses troupes. Il veut que l\u2019Alliance pour la R\u00e9publique (Apr) se ressaisisse et recommence ses activit\u00e9. D\u2019ailleurs, il a envoy\u00e9 une d\u00e9l\u00e9gation pour le repr\u00e9senter au \u00ab Daaka\u00bb de M\u00e9dina Gounass. L\u2019ex-Pr\u00e9sident de la R\u00e9publique, Macky Sall, a d\u00e9cid\u00e9 d\u2019envoyer une d\u00e9l\u00e9gation de l\u2019Alliance pour [&hellip;]<\/p>\n","protected":false},"author":4,"featured_media":122095,"comment_status":"open","ping_status":"open","sticky":false,"template":"","format":"standard","meta":{"_et_pb_use_builder":"","_et_pb_old_content":""},"categories":[3],"tags":[],"yoast_head":"<!-- This site is optimized with the Yoast SEO Premium plugin v17.8 (Yoast SEO v17.8) - https:\/\/yoast.com\/wordpress\/plugins\/seo\/ -->\n<title>APR - Macky Sall sonne la remobilisation | Nettali.com<\/title>\n<meta name=\"robots\" content=\"index, follow, max-snippet:-1, max-image-preview:large, max-video-preview:-1\" \/>\n<link rel=\"canonical\" href=\"https:\/\/www.nettali.com\/2024\/04\/30\/apr-macky-sall-sonne-la-remobilisation\/\" \/>\n<meta property=\"og:locale\" content=\"fr_FR\" \/>\n<meta property=\"og:type\" content=\"article\" \/>\n<meta property=\"og:title\" content=\"APR - Macky Sall sonne la remobilisation\" \/>\n<meta property=\"og:description\" content=\"NETTALI.COM - L\u2019ancien pr\u00e9sident de la R\u00e9publique, Macky Sall, remobilise ses troupes. Il veut que l\u2019Alliance pour la R\u00e9publique (Apr) se ressaisisse et recommence ses activit\u00e9. D\u2019ailleurs, il a envoy\u00e9 une d\u00e9l\u00e9gation pour le repr\u00e9senter au \u00ab Daaka\u00bb de M\u00e9dina Gounass. L\u2019ex-Pr\u00e9sident de la R\u00e9publique, Macky Sall, a d\u00e9cid\u00e9 d\u2019envoyer une d\u00e9l\u00e9gation de l\u2019Alliance pour [&hellip;]\" \/>\n<meta property=\"og:url\" content=\"https:\/\/www.nettali.com\/2024\/04\/30\/apr-macky-sall-sonne-la-remobilisation\/\" \/>\n<meta property=\"og:site_name\" content=\"Nettali.com\" \/>\n<meta property=\"article:publisher\" content=\"https:\/\/www.facebook.com\/nettalicom\" \/>\n<meta property=\"article:published_time\" content=\"2024-04-30T09:02:44+00:00\" \/>\n<meta property=\"og:image\" content=\"https:\/\/www.nettali.com\/wp-content\/uploads\/2023\/11\/macky-sall-2.jpg\" \/>\n\t<meta property=\"og:image:width\" content=\"660\" \/>\n\t<meta property=\"og:image:height\" content=\"330\" \/>\n<meta name=\"twitter:card\" content=\"summary_large_image\" \/>\n<meta name=\"twitter:label1\" content=\"\u00c9crit par\" \/>\n\t<meta name=\"twitter:data1\" content=\"Daouda\" \/>\n\t<meta name=\"twitter:label2\" content=\"Dur\u00e9e de lecture estim\u00e9e\" \/>\n\t<meta name=\"twitter:data2\" content=\"1 minute\" \/>\n<script type=\"application\/ld+json\" class=\"yoast-schema-graph\">{\"@context\":\"https:\/\/schema.org\",\"@graph\":[{\"@type\":\"WebSite\",\"@id\":\"https:\/\/www.nettali.com\/#website\",\"url\":\"https:\/\/www.nettali.com\/\",\"name\":\"Nettali.com\",\"description\":\"Le rendez-vous critique du Net\",\"potentialAction\":[{\"@type\":\"SearchAction\",\"target\":{\"@type\":\"EntryPoint\",\"urlTemplate\":\"https:\/\/www.nettali.com\/?s={search_term_string}\"},\"query-input\":\"required name=search_term_string\"}],\"inLanguage\":\"fr-FR\"},{\"@type\":\"ImageObject\",\"@id\":\"https:\/\/www.nettali.com\/2024\/04\/30\/apr-macky-sall-sonne-la-remobilisation\/#primaryimage\",\"inLanguage\":\"fr-FR\",\"url\":\"https:\/\/www.nettali.com\/wp-content\/uploads\/2023\/11\/macky-sall-2.jpg\",\"contentUrl\":\"https:\/\/www.nettali.com\/wp-content\/uploads\/2023\/11\/macky-sall-2.jpg\",\"width\":660,\"height\":330},{\"@type\":\"WebPage\",\"@id\":\"https:\/\/www.nettali.com\/2024\/04\/30\/apr-macky-sall-sonne-la-remobilisation\/#webpage\",\"url\":\"https:\/\/www.nettali.com\/2024\/04\/30\/apr-macky-sall-sonne-la-remobilisation\/\",\"name\":\"APR - Macky Sall sonne la remobilisation | Nettali.com\",\"isPartOf\":{\"@id\":\"https:\/\/www.nettali.com\/#website\"},\"primaryImageOfPage\":{\"@id\":\"https:\/\/www.nettali.com\/2024\/04\/30\/apr-macky-sall-sonne-la-remobilisation\/#primaryimage\"},\"datePublished\":\"2024-04-30T09:02:44+00:00\",\"dateModified\":\"2024-04-30T09:02:44+00:00\",\"author\":{\"@id\":\"https:\/\/www.nettali.com\/#\/schema\/person\/3317e0bb3aa1da309fbf7b2780901bf4\"},\"breadcrumb\":{\"@id\":\"https:\/\/www.nettali.com\/2024\/04\/30\/apr-macky-sall-sonne-la-remobilisation\/#breadcrumb\"},\"inLanguage\":\"fr-FR\",\"potentialAction\":[{\"@type\":\"ReadAction\",\"target\":[\"https:\/\/www.nettali.com\/2024\/04\/30\/apr-macky-sall-sonne-la-remobilisation\/\"]}]},{\"@type\":\"BreadcrumbList\",\"@id\":\"https:\/\/www.nettali.com\/2024\/04\/30\/apr-macky-sall-sonne-la-remobilisation\/#breadcrumb\",\"itemListElement\":[{\"@type\":\"ListItem\",\"position\":1,\"name\":\"Accueil\",\"item\":\"https:\/\/www.nettali.com\/\"},{\"@type\":\"ListItem\",\"position\":2,\"name\":\"APR - Macky Sall sonne la remobilisation\"}]},{\"@type\":\"Person\",\"@id\":\"https:\/\/www.nettali.com\/#\/schema\/person\/3317e0bb3aa1da309fbf7b2780901bf4\",\"name\":\"Daouda\",\"image\":{\"@type\":\"ImageObject\",\"@id\":\"https:\/\/www.nettali.com\/#personlogo\",\"inLanguage\":\"fr-FR\",\"url\":\"https:\/\/secure.gravatar.com\/avatar\/8d143b5a49345098ddcfee1c49c2f47c?s=96&d=mm&r=g\",\"contentUrl\":\"https:\/\/secure.gravatar.com\/avatar\/8d143b5a49345098ddcfee1c49c2f47c?s=96&d=mm&r=g\",\"caption\":\"Daouda\"},\"sameAs\":[\"https:\/\/www.nettali.com\"]}]}<\/script>\n<!-- \/ Yoast SEO Premium plugin. -->","yoast_head_json":{"title":"APR - Macky Sall sonne la remobilisation | Nettali.com","robots":{"index":"index","follow":"follow","max-snippet":"max-snippet:-1","max-image-preview":"max-image-preview:large","max-video-preview":"max-video-preview:-1"},"canonical":"https:\/\/www.nettali.com\/2024\/04\/30\/apr-macky-sall-sonne-la-remobilisation\/","og_locale":"fr_FR","og_type":"article","og_title":"APR - Macky Sall sonne la remobilisation","og_description":"NETTALI.COM - L\u2019ancien pr\u00e9sident de la R\u00e9publique, Macky Sall, remobilise ses troupes. Il veut que l\u2019Alliance pour la R\u00e9publique (Apr) se ressaisisse et recommence ses activit\u00e9. D\u2019ailleurs, il a envoy\u00e9 une d\u00e9l\u00e9gation pour le repr\u00e9senter au \u00ab Daaka\u00bb de M\u00e9dina Gounass. L\u2019ex-Pr\u00e9sident de la R\u00e9publique, Macky Sall, a d\u00e9cid\u00e9 d\u2019envoyer une d\u00e9l\u00e9gation de l\u2019Alliance pour [&hellip;]","og_url":"https:\/\/www.nettali.com\/2024\/04\/30\/apr-macky-sall-sonne-la-remobilisation\/","og_site_name":"Nettali.com","article_publisher":"https:\/\/www.facebook.com\/nettalicom","article_published_time":"2024-04-30T09:02:44+00:00","og_image":[{"width":660,"height":330,"url":"https:\/\/www.nettali.com\/wp-content\/uploads\/2023\/11\/macky-sall-2.jpg","type":"image\/jpeg"}],"twitter_card":"summary_large_image","twitter_misc":{"\u00c9crit par":"Daouda","Dur\u00e9e de lecture estim\u00e9e":"1 minute"},"schema":{"@context":"https:\/\/schema.org","@graph":[{"@type":"WebSite","@id":"https:\/\/www.nettali.com\/#website","url":"https:\/\/www.nettali.com\/","name":"Nettali.com","description":"Le rendez-vous critique du Net","potentialAction":[{"@type":"SearchAction","target":{"@type":"EntryPoint","urlTemplate":"https:\/\/www.nettali.com\/?s={search_term_string}"},"query-input":"required name=search_term_string"}],"inLanguage":"fr-FR"},{"@type":"ImageObject","@id":"https:\/\/www.nettali.com\/2024\/04\/30\/apr-macky-sall-sonne-la-remobilisation\/#primaryimage","inLanguage":"fr-FR","url":"https:\/\/www.nettali.com\/wp-content\/uploads\/2023\/11\/macky-sall-2.jpg","contentUrl":"https:\/\/www.nettali.com\/wp-content\/uploads\/2023\/11\/macky-sall-2.jpg","width":660,"height":330},{"@type":"WebPage","@id":"https:\/\/www.nettali.com\/2024\/04\/30\/apr-macky-sall-sonne-la-remobilisation\/#webpage","url":"https:\/\/www.nettali.com\/2024\/04\/30\/apr-macky-sall-sonne-la-remobilisation\/","name":"APR - Macky Sall sonne la remobilisation | Nettali.com","isPartOf":{"@id":"https:\/\/www.nettali.com\/#website"},"primaryImageOfPage":{"@id":"https:\/\/www.nettali.com\/2024\/04\/30\/apr-macky-sall-sonne-la-remobilisation\/#primaryimage"},"datePublished":"2024-04-30T09:02:44+00:00","dateModified":"2024-04-30T09:02:44+00:00","author":{"@id":"https:\/\/www.nettali.com\/#\/schema\/person\/3317e0bb3aa1da309fbf7b2780901bf4"},"breadcrumb":{"@id":"https:\/\/www.nettali.com\/2024\/04\/30\/apr-macky-sall-sonne-la-remobilisation\/#breadcrumb"},"inLanguage":"fr-FR","potentialAction":[{"@type":"ReadAction","target":["https:\/\/www.nettali.com\/2024\/04\/30\/apr-macky-sall-sonne-la-remobilisation\/"]}]},{"@type":"BreadcrumbList","@id":"https:\/\/www.nettali.com\/2024\/04\/30\/apr-macky-sall-sonne-la-remobilisation\/#breadcrumb","itemListElement":[{"@type":"ListItem","position":1,"name":"Accueil","item":"https:\/\/www.nettali.com\/"},{"@type":"ListItem","position":2,"name":"APR - Macky Sall sonne la remobilisation"}]},{"@type":"Person","@id":"https:\/\/www.nettali.com\/#\/schema\/person\/3317e0bb3aa1da309fbf7b2780901bf4","name":"Daouda","image":{"@type":"ImageObject","@id":"https:\/\/www.nettali.com\/#personlogo","inLanguage":"fr-FR","url":"https:\/\/secure.gravatar.com\/avatar\/8d143b5a49345098ddcfee1c49c2f47c?s=96&d=mm&r=g","contentUrl":"https:\/\/secure.gravatar.com\/avatar\/8d143b5a49345098ddcfee1c49c2f47c?s=96&d=mm&r=g","caption":"Daouda"},"sameAs":["https:\/\/www.nettali.com"]}]}},"_links":{"self":[{"href":"https:\/\/www.nettali.com\/rest\/wp\/v2\/posts\/132541"}],"collection":[{"href":"https:\/\/www.nettali.com\/rest\/wp\/v2\/posts"}],"about":[{"href":"https:\/\/www.nettali.com\/rest\/wp\/v2\/types\/post"}],"author":[{"embeddable":true,"href":"https:\/\/www.nettali.com\/rest\/wp\/v2\/users\/4"}],"replies":[{"embeddable":true,"href":"https:\/\/www.nettali.com\/rest\/wp\/v2\/comments?post=132541"}],"version-history":[{"count":1,"href":"https:\/\/www.nettali.com\/rest\/wp\/v2\/posts\/132541\/revisions"}],"predecessor-version":[{"id":132542,"href":"https:\/\/www.nettali.com\/rest\/wp\/v2\/posts\/132541\/revisions\/132542"}],"wp:featuredmedia":[{"embeddable":true,"href":"https:\/\/www.nettali.com\/rest\/wp\/v2\/media\/122095"}],"wp:attachment":[{"href":"https:\/\/www.nettali.com\/rest\/wp\/v2\/media?parent=132541"}],"wp:term":[{"taxonomy":"category","embeddable":true,"href":"https:\/\/www.nettali.com\/rest\/wp\/v2\/categories?post=132541"},{"taxonomy":"post_tag","embeddable":true,"href":"https:\/\/www.nettali.com\/rest\/wp\/v2\/tags?post=132541"}],"curies":[{"name":"wp","href":"https:\/\/api.w.org\/{rel}","templated":true}]}}