{"id":132456,"date":"2024-04-28T12:11:03","date_gmt":"2024-04-28T12:11:03","guid":{"rendered":"https:\/\/www.nettali.com\/?p=132456"},"modified":"2024-04-28T12:11:03","modified_gmt":"2024-04-28T12:11:03","slug":"fc-porto-andre-villas-boas-nouveau-president","status":"publish","type":"post","link":"https:\/\/www.nettali.com\/2024\/04\/28\/fc-porto-andre-villas-boas-nouveau-president\/","title":{"rendered":"FC PORTO - Andr\u00e9 Villas-Boas nouveau pr\u00e9sident"},"content":{"rendered":"<p><strong>NETTALI.COM - L'ex-entra\u00eeneur Andr\u00e9 Villas-Boas (46 ans) a \u00e9t\u00e9 \u00e9lu pr\u00e9sident du FC Porto pour la p\u00e9riode 2024-2028, d\u00e9tr\u00f4nant ainsi Jorge Nuno Pinto da Costa, qui \u00e9tait en poste depuis 42 ans, a annonc\u00e9 dimanche 28 avril le club du nord du Portugal.<\/strong><\/p>\n<p>C'est un v\u00e9ritable s\u00e9isme qui a touch\u00e9 le FC Porto, la nuit derni\u00e8re. Apr\u00e8s plus de 42 ans de r\u00e8gne et 15 mandats cons\u00e9cutifs, Jorge Nuno Pinto da Costa va laisser sa place de pr\u00e9sident \u00e0 Andr\u00e9 Villas-Boas. En effet, l'homme de 46 ans, qui n'a plus occup\u00e9 de fonction depuis son d\u00e9part de l'Olympique de Marseille, en mars 2021, a remport\u00e9 les \u00e9lections pr\u00e9sidentielles avec 80,5% des voix pour devenir le 32e patron de l'histoire du FCP.<\/p>\n<p>La fin d'une \u00e8re au sein du club lusitanien, qui a remport\u00e9 68 titres, dont deux C1 (1987, 2004), deux C3 (2003, 2011) et 23 championnats, sous la direction de Pinto da Costa. Un lourd h\u00e9ritage que l'ex-coach de Chelsea et Tottenham va devoir assumer.<\/p>\n<div class='share-to-whatsapp-wrapper'><div class='share-on-whsp'>PARTAGER SUR : <\/div><a data-text='FC PORTO - Andr\u00e9 Villas-Boas nouveau pr\u00e9sident' data-link='https:\/\/www.nettali.com\/2024\/04\/28\/fc-porto-andre-villas-boas-nouveau-president\/' class='whatsapp-button whatsapp-share'>WhatsApp<\/a><div class='clear '><\/div><\/div>","protected":false},"excerpt":{"rendered":"<p>NETTALI.COM - L'ex-entra\u00eeneur Andr\u00e9 Villas-Boas (46 ans) a \u00e9t\u00e9 \u00e9lu pr\u00e9sident du FC Porto pour la p\u00e9riode 2024-2028, d\u00e9tr\u00f4nant ainsi Jorge Nuno Pinto da Costa, qui \u00e9tait en poste depuis 42 ans, a annonc\u00e9 dimanche 28 avril le club du nord du Portugal. C'est un v\u00e9ritable s\u00e9isme qui a touch\u00e9 le FC Porto, la nuit [&hellip;]<\/p>\n","protected":false},"author":5,"featured_media":132457,"comment_status":"open","ping_status":"open","sticky":false,"template":"","format":"standard","meta":{"_et_pb_use_builder":"","_et_pb_old_content":""},"categories":[6],"tags":[],"yoast_head":"<!-- This site is optimized with the Yoast SEO Premium plugin v17.8 (Yoast SEO v17.8) - https:\/\/yoast.com\/wordpress\/plugins\/seo\/ -->\n<title>FC PORTO - Andr\u00e9 Villas-Boas nouveau pr\u00e9sident | Nettali.com<\/title>\n<meta name=\"robots\" content=\"index, follow, max-snippet:-1, max-image-preview:large, max-video-preview:-1\" \/>\n<link rel=\"canonical\" href=\"https:\/\/www.nettali.com\/2024\/04\/28\/fc-porto-andre-villas-boas-nouveau-president\/\" \/>\n<meta property=\"og:locale\" content=\"fr_FR\" \/>\n<meta property=\"og:type\" content=\"article\" \/>\n<meta property=\"og:title\" content=\"FC PORTO - Andr\u00e9 Villas-Boas nouveau pr\u00e9sident\" \/>\n<meta property=\"og:description\" content=\"NETTALI.COM - L&#039;ex-entra\u00eeneur Andr\u00e9 Villas-Boas (46 ans) a \u00e9t\u00e9 \u00e9lu pr\u00e9sident du FC Porto pour la p\u00e9riode 2024-2028, d\u00e9tr\u00f4nant ainsi Jorge Nuno Pinto da Costa, qui \u00e9tait en poste depuis 42 ans, a annonc\u00e9 dimanche 28 avril le club du nord du Portugal. C&#039;est un v\u00e9ritable s\u00e9isme qui a touch\u00e9 le FC Porto, la nuit [&hellip;]\" \/>\n<meta property=\"og:url\" content=\"https:\/\/www.nettali.com\/2024\/04\/28\/fc-porto-andre-villas-boas-nouveau-president\/\" \/>\n<meta property=\"og:site_name\" content=\"Nettali.com\" \/>\n<meta property=\"article:publisher\" content=\"https:\/\/www.facebook.com\/nettalicom\" \/>\n<meta property=\"article:published_time\" content=\"2024-04-28T12:11:03+00:00\" \/>\n<meta property=\"og:image\" content=\"https:\/\/www.nettali.com\/wp-content\/uploads\/2024\/04\/vssx6cre0hrw.jpg\" \/>\n\t<meta property=\"og:image:width\" content=\"1852\" \/>\n\t<meta property=\"og:image:height\" content=\"1234\" \/>\n<meta name=\"twitter:card\" content=\"summary_large_image\" \/>\n<meta name=\"twitter:label1\" content=\"\u00c9crit par\" \/>\n\t<meta name=\"twitter:data1\" content=\"Ibrahima\" \/>\n\t<meta name=\"twitter:label2\" content=\"Dur\u00e9e de lecture estim\u00e9e\" \/>\n\t<meta name=\"twitter:data2\" content=\"1 minute\" \/>\n<script type=\"application\/ld+json\" class=\"yoast-schema-graph\">{\"@context\":\"https:\/\/schema.org\",\"@graph\":[{\"@type\":\"WebSite\",\"@id\":\"https:\/\/www.nettali.com\/#website\",\"url\":\"https:\/\/www.nettali.com\/\",\"name\":\"Nettali.com\",\"description\":\"Le rendez-vous critique du Net\",\"potentialAction\":[{\"@type\":\"SearchAction\",\"target\":{\"@type\":\"EntryPoint\",\"urlTemplate\":\"https:\/\/www.nettali.com\/?s={search_term_string}\"},\"query-input\":\"required name=search_term_string\"}],\"inLanguage\":\"fr-FR\"},{\"@type\":\"ImageObject\",\"@id\":\"https:\/\/www.nettali.com\/2024\/04\/28\/fc-porto-andre-villas-boas-nouveau-president\/#primaryimage\",\"inLanguage\":\"fr-FR\",\"url\":\"https:\/\/www.nettali.com\/wp-content\/uploads\/2024\/04\/vssx6cre0hrw.jpg\",\"contentUrl\":\"https:\/\/www.nettali.com\/wp-content\/uploads\/2024\/04\/vssx6cre0hrw.jpg\",\"width\":1852,\"height\":1234},{\"@type\":\"WebPage\",\"@id\":\"https:\/\/www.nettali.com\/2024\/04\/28\/fc-porto-andre-villas-boas-nouveau-president\/#webpage\",\"url\":\"https:\/\/www.nettali.com\/2024\/04\/28\/fc-porto-andre-villas-boas-nouveau-president\/\",\"name\":\"FC PORTO - Andr\\u00e9 Villas-Boas nouveau pr\\u00e9sident | Nettali.com\",\"isPartOf\":{\"@id\":\"https:\/\/www.nettali.com\/#website\"},\"primaryImageOfPage\":{\"@id\":\"https:\/\/www.nettali.com\/2024\/04\/28\/fc-porto-andre-villas-boas-nouveau-president\/#primaryimage\"},\"datePublished\":\"2024-04-28T12:11:03+00:00\",\"dateModified\":\"2024-04-28T12:11:03+00:00\",\"author\":{\"@id\":\"https:\/\/www.nettali.com\/#\/schema\/person\/bb147657c2986240405a608162b9bb23\"},\"breadcrumb\":{\"@id\":\"https:\/\/www.nettali.com\/2024\/04\/28\/fc-porto-andre-villas-boas-nouveau-president\/#breadcrumb\"},\"inLanguage\":\"fr-FR\",\"potentialAction\":[{\"@type\":\"ReadAction\",\"target\":[\"https:\/\/www.nettali.com\/2024\/04\/28\/fc-porto-andre-villas-boas-nouveau-president\/\"]}]},{\"@type\":\"BreadcrumbList\",\"@id\":\"https:\/\/www.nettali.com\/2024\/04\/28\/fc-porto-andre-villas-boas-nouveau-president\/#breadcrumb\",\"itemListElement\":[{\"@type\":\"ListItem\",\"position\":1,\"name\":\"Accueil\",\"item\":\"https:\/\/www.nettali.com\/\"},{\"@type\":\"ListItem\",\"position\":2,\"name\":\"FC PORTO - Andr\\u00e9 Villas-Boas nouveau pr\\u00e9sident\"}]},{\"@type\":\"Person\",\"@id\":\"https:\/\/www.nettali.com\/#\/schema\/person\/bb147657c2986240405a608162b9bb23\",\"name\":\"Ibrahima\",\"image\":{\"@type\":\"ImageObject\",\"@id\":\"https:\/\/www.nettali.com\/#personlogo\",\"inLanguage\":\"fr-FR\",\"url\":\"https:\/\/secure.gravatar.com\/avatar\/26a8a81f09f0dd7624c9d5c36c9ba3a2?s=96&d=mm&r=g\",\"contentUrl\":\"https:\/\/secure.gravatar.com\/avatar\/26a8a81f09f0dd7624c9d5c36c9ba3a2?s=96&d=mm&r=g\",\"caption\":\"Ibrahima\"},\"sameAs\":[\"https:\/\/www.nettali.com\"]}]}<\/script>\n<!-- \/ Yoast SEO Premium plugin. -->","yoast_head_json":{"title":"FC PORTO - Andr\u00e9 Villas-Boas nouveau pr\u00e9sident | Nettali.com","robots":{"index":"index","follow":"follow","max-snippet":"max-snippet:-1","max-image-preview":"max-image-preview:large","max-video-preview":"max-video-preview:-1"},"canonical":"https:\/\/www.nettali.com\/2024\/04\/28\/fc-porto-andre-villas-boas-nouveau-president\/","og_locale":"fr_FR","og_type":"article","og_title":"FC PORTO - Andr\u00e9 Villas-Boas nouveau pr\u00e9sident","og_description":"NETTALI.COM - L'ex-entra\u00eeneur Andr\u00e9 Villas-Boas (46 ans) a \u00e9t\u00e9 \u00e9lu pr\u00e9sident du FC Porto pour la p\u00e9riode 2024-2028, d\u00e9tr\u00f4nant ainsi Jorge Nuno Pinto da Costa, qui \u00e9tait en poste depuis 42 ans, a annonc\u00e9 dimanche 28 avril le club du nord du Portugal. C'est un v\u00e9ritable s\u00e9isme qui a touch\u00e9 le FC Porto, la nuit [&hellip;]","og_url":"https:\/\/www.nettali.com\/2024\/04\/28\/fc-porto-andre-villas-boas-nouveau-president\/","og_site_name":"Nettali.com","article_publisher":"https:\/\/www.facebook.com\/nettalicom","article_published_time":"2024-04-28T12:11:03+00:00","og_image":[{"width":1852,"height":1234,"url":"https:\/\/www.nettali.com\/wp-content\/uploads\/2024\/04\/vssx6cre0hrw.jpg","type":"image\/jpeg"}],"twitter_card":"summary_large_image","twitter_misc":{"\u00c9crit par":"Ibrahima","Dur\u00e9e de lecture estim\u00e9e":"1 minute"},"schema":{"@context":"https:\/\/schema.org","@graph":[{"@type":"WebSite","@id":"https:\/\/www.nettali.com\/#website","url":"https:\/\/www.nettali.com\/","name":"Nettali.com","description":"Le rendez-vous critique du Net","potentialAction":[{"@type":"SearchAction","target":{"@type":"EntryPoint","urlTemplate":"https:\/\/www.nettali.com\/?s={search_term_string}"},"query-input":"required name=search_term_string"}],"inLanguage":"fr-FR"},{"@type":"ImageObject","@id":"https:\/\/www.nettali.com\/2024\/04\/28\/fc-porto-andre-villas-boas-nouveau-president\/#primaryimage","inLanguage":"fr-FR","url":"https:\/\/www.nettali.com\/wp-content\/uploads\/2024\/04\/vssx6cre0hrw.jpg","contentUrl":"https:\/\/www.nettali.com\/wp-content\/uploads\/2024\/04\/vssx6cre0hrw.jpg","width":1852,"height":1234},{"@type":"WebPage","@id":"https:\/\/www.nettali.com\/2024\/04\/28\/fc-porto-andre-villas-boas-nouveau-president\/#webpage","url":"https:\/\/www.nettali.com\/2024\/04\/28\/fc-porto-andre-villas-boas-nouveau-president\/","name":"FC PORTO - Andr\u00e9 Villas-Boas nouveau pr\u00e9sident | Nettali.com","isPartOf":{"@id":"https:\/\/www.nettali.com\/#website"},"primaryImageOfPage":{"@id":"https:\/\/www.nettali.com\/2024\/04\/28\/fc-porto-andre-villas-boas-nouveau-president\/#primaryimage"},"datePublished":"2024-04-28T12:11:03+00:00","dateModified":"2024-04-28T12:11:03+00:00","author":{"@id":"https:\/\/www.nettali.com\/#\/schema\/person\/bb147657c2986240405a608162b9bb23"},"breadcrumb":{"@id":"https:\/\/www.nettali.com\/2024\/04\/28\/fc-porto-andre-villas-boas-nouveau-president\/#breadcrumb"},"inLanguage":"fr-FR","potentialAction":[{"@type":"ReadAction","target":["https:\/\/www.nettali.com\/2024\/04\/28\/fc-porto-andre-villas-boas-nouveau-president\/"]}]},{"@type":"BreadcrumbList","@id":"https:\/\/www.nettali.com\/2024\/04\/28\/fc-porto-andre-villas-boas-nouveau-president\/#breadcrumb","itemListElement":[{"@type":"ListItem","position":1,"name":"Accueil","item":"https:\/\/www.nettali.com\/"},{"@type":"ListItem","position":2,"name":"FC PORTO - Andr\u00e9 Villas-Boas nouveau pr\u00e9sident"}]},{"@type":"Person","@id":"https:\/\/www.nettali.com\/#\/schema\/person\/bb147657c2986240405a608162b9bb23","name":"Ibrahima","image":{"@type":"ImageObject","@id":"https:\/\/www.nettali.com\/#personlogo","inLanguage":"fr-FR","url":"https:\/\/secure.gravatar.com\/avatar\/26a8a81f09f0dd7624c9d5c36c9ba3a2?s=96&d=mm&r=g","contentUrl":"https:\/\/secure.gravatar.com\/avatar\/26a8a81f09f0dd7624c9d5c36c9ba3a2?s=96&d=mm&r=g","caption":"Ibrahima"},"sameAs":["https:\/\/www.nettali.com"]}]}},"_links":{"self":[{"href":"https:\/\/www.nettali.com\/rest\/wp\/v2\/posts\/132456"}],"collection":[{"href":"https:\/\/www.nettali.com\/rest\/wp\/v2\/posts"}],"about":[{"href":"https:\/\/www.nettali.com\/rest\/wp\/v2\/types\/post"}],"author":[{"embeddable":true,"href":"https:\/\/www.nettali.com\/rest\/wp\/v2\/users\/5"}],"replies":[{"embeddable":true,"href":"https:\/\/www.nettali.com\/rest\/wp\/v2\/comments?post=132456"}],"version-history":[{"count":1,"href":"https:\/\/www.nettali.com\/rest\/wp\/v2\/posts\/132456\/revisions"}],"predecessor-version":[{"id":132458,"href":"https:\/\/www.nettali.com\/rest\/wp\/v2\/posts\/132456\/revisions\/132458"}],"wp:featuredmedia":[{"embeddable":true,"href":"https:\/\/www.nettali.com\/rest\/wp\/v2\/media\/132457"}],"wp:attachment":[{"href":"https:\/\/www.nettali.com\/rest\/wp\/v2\/media?parent=132456"}],"wp:term":[{"taxonomy":"category","embeddable":true,"href":"https:\/\/www.nettali.com\/rest\/wp\/v2\/categories?post=132456"},{"taxonomy":"post_tag","embeddable":true,"href":"https:\/\/www.nettali.com\/rest\/wp\/v2\/tags?post=132456"}],"curies":[{"name":"wp","href":"https:\/\/api.w.org\/{rel}","templated":true}]}}