{"id":132453,"date":"2024-04-28T12:12:05","date_gmt":"2024-04-28T12:12:05","guid":{"rendered":"https:\/\/www.nettali.com\/?p=132453"},"modified":"2024-04-28T12:12:05","modified_gmt":"2024-04-28T12:12:05","slug":"usa-un-afro-americain-meurt-sous-le-genou-dun-policier-je-ne-respire-plus","status":"publish","type":"post","link":"https:\/\/www.nettali.com\/2024\/04\/28\/usa-un-afro-americain-meurt-sous-le-genou-dun-policier-je-ne-respire-plus\/","title":{"rendered":"USA - Un Afro-am\u00e9ricain meurt sous le genou d\u2019un policier : \"Je ne respire plus\""},"content":{"rendered":"<p><strong>NETTALI.COM - Apr\u00e8s George Floyd, un autre Afro-am\u00e9ricain de 53 ans, a trouv\u00e9 la mort le 18 avril lors de son interpellation par deux policiers de Canton, dans l\u2019Ohio aux Etats-Unis. Une vid\u00e9o prise par la cam\u00e9ra corporelle de la police a montr\u00e9 Frank Tyson, 53 ans, qui disait : \"<em>Je ne peux pas respirer<\/em>\", quelques instants avant sa mort.<\/strong><\/p>\n<p>Les images diffus\u00e9es par les autorit\u00e9s montrent un des agents maintenant Tyson au sol en lui appuyant un genou sur la nuque. L\u2019incident s\u2019est d\u00e9roul\u00e9 apr\u00e8s que la police de Canton ait r\u00e9pondu \u00e0 un rapport d\u2019accident de voiture impliquant un v\u00e9hicule heurtant un poteau \u00e9lectrique. Des t\u00e9moins ont signal\u00e9 que le responsable s\u2019\u00e9tait dirig\u00e9 vers un bar voisin, menant les policiers \u00e0 se rendre sur place o\u00f9 ils ont identifi\u00e9 Tyson comme le potentiel fuyard.<\/p>\n<p>Dans la vid\u00e9o de 36 minutes issue de la cam\u00e9ra corporelle de l\u2019un des policiers, on voit Tyson r\u00e9sister \u00e0 son interpellation. Apr\u00e8s un d\u00e9but de lutte, Tyson est plaqu\u00e9 au sol et menott\u00e9. Pendant cette altercation, il r\u00e9p\u00e8te \u00e0 plusieurs reprises \"<em>Je ne peux pas respirer<\/em>\" alors qu\u2019un des policiers maintient son genou sur sa nuque pour le ma\u00eetriser. Lorsque l\u2019agent se rel\u00e8ve, Tyson ne r\u00e9agit plus. Les policiers se rendent ensuite compte que l'homme est inconscient. Ils tentent alors de le r\u00e9animer avec un massage cardiaque et appellent une ambulance. Il est finalement d\u00e9clar\u00e9 mort \u00e0 son arriv\u00e9e \u00e0 l'h\u00f4pital.<\/p>\n<p>La police du Canton a confirm\u00e9 les faits, en indiquant que les deux agents impliqu\u00e9s se nomment Beau Schoenegge et Camden Burch. Elle ajoute que ces deux agents blancs qui avaient rejoint leur rang en 2022, ont \u00e9t\u00e9 suspendus en attendant la fin de l\u2019enqu\u00eate qui a \u00e9t\u00e9 confi\u00e9e au Bureau of Criminal Investigation de l\u2019Ohio. Le maire de Canton, Williams Sherer II, a \u00e9galement r\u00e9agi en exprimant ses condol\u00e9ances \u00e0 la famille de Tyson.<\/p>\n<p>Pour rappel, cette trag\u00e9die met en lumi\u00e8re les similitudes frappantes avec la mort de George Floyd en 2020, \u00e9galement lors d\u2019une interpellation polici\u00e8re. Il est d\u00e9c\u00e9d\u00e9 durant son interpellation par Derek Chauvin, un policier de Minneapolis qui \u00e9tait rest\u00e9 agenouill\u00e9 sur son cou pendant de longues minutes. \u00c0 l\u2019issue d\u2019un proc\u00e8s tr\u00e8s m\u00e9diatis\u00e9, ce dernier a \u00e9t\u00e9 condamn\u00e9 \u00e0 22 ans et demi de r\u00e9clusion pour meurtre.<\/p>\n<p>Pour l'instant, l'affaire de la mort de Frank Tyson fait moins de bruit aux \u00c9tats-Unis. Les circonstances des deux morts sont un peu diff\u00e9rentes : George Floyd avait longuement agonis\u00e9 et les policiers n'avaient pas appel\u00e9 les secours. La vid\u00e9o avait par ailleurs \u00e9t\u00e9 film\u00e9e par un t\u00e9moin de la sc\u00e8ne.<\/p>\n<p>Apr\u00e8s George Floyd, le pr\u00e9sident des \u00c9tats-Unis Joe Biden avait\u00a0promis une r\u00e9forme de la police. Mais alors que son mandat arrive \u00e0 son terme, cette promesse semble avoir \u00e9t\u00e9 suivie de peu d'effets. En 2023, plus de 1.200 personnes ont \u00e9t\u00e9 tu\u00e9es par des policiers aux \u00c9tats-Unis, principalement des personnes noires ou hispaniques.<\/p>\n<div class='share-to-whatsapp-wrapper'><div class='share-on-whsp'>PARTAGER SUR : <\/div><a data-text='USA - Un Afro-am\u00e9ricain meurt sous le genou d\u2019un policier : \"Je ne respire plus\"' data-link='https:\/\/www.nettali.com\/2024\/04\/28\/usa-un-afro-americain-meurt-sous-le-genou-dun-policier-je-ne-respire-plus\/' class='whatsapp-button whatsapp-share'>WhatsApp<\/a><div class='clear '><\/div><\/div>","protected":false},"excerpt":{"rendered":"<p>NETTALI.COM - Apr\u00e8s George Floyd, un autre Afro-am\u00e9ricain de 53 ans, a trouv\u00e9 la mort le 18 avril lors de son interpellation par deux policiers de Canton, dans l\u2019Ohio aux Etats-Unis. Une vid\u00e9o prise par la cam\u00e9ra corporelle de la police a montr\u00e9 Frank Tyson, 53 ans, qui disait : \"Je ne peux pas respirer\", [&hellip;]<\/p>\n","protected":false},"author":5,"featured_media":132454,"comment_status":"open","ping_status":"open","sticky":false,"template":"","format":"standard","meta":{"_et_pb_use_builder":"","_et_pb_old_content":""},"categories":[8],"tags":[],"yoast_head":"<!-- This site is optimized with the Yoast SEO Premium plugin v17.8 (Yoast SEO v17.8) - https:\/\/yoast.com\/wordpress\/plugins\/seo\/ -->\n<title>USA - Un Afro-am\u00e9ricain meurt sous le genou d\u2019un policier : &quot;Je ne respire plus&quot; | Nettali.com<\/title>\n<meta name=\"robots\" content=\"index, follow, max-snippet:-1, max-image-preview:large, max-video-preview:-1\" \/>\n<link rel=\"canonical\" href=\"https:\/\/www.nettali.com\/2024\/04\/28\/usa-un-afro-americain-meurt-sous-le-genou-dun-policier-je-ne-respire-plus\/\" \/>\n<meta property=\"og:locale\" content=\"fr_FR\" \/>\n<meta property=\"og:type\" content=\"article\" \/>\n<meta property=\"og:title\" content=\"USA - Un Afro-am\u00e9ricain meurt sous le genou d\u2019un policier : &quot;Je ne respire plus&quot;\" \/>\n<meta property=\"og:description\" content=\"NETTALI.COM - Apr\u00e8s George Floyd, un autre Afro-am\u00e9ricain de 53 ans, a trouv\u00e9 la mort le 18 avril lors de son interpellation par deux policiers de Canton, dans l\u2019Ohio aux Etats-Unis. Une vid\u00e9o prise par la cam\u00e9ra corporelle de la police a montr\u00e9 Frank Tyson, 53 ans, qui disait : &quot;Je ne peux pas respirer&quot;, [&hellip;]\" \/>\n<meta property=\"og:url\" content=\"https:\/\/www.nettali.com\/2024\/04\/28\/usa-un-afro-americain-meurt-sous-le-genou-dun-policier-je-ne-respire-plus\/\" \/>\n<meta property=\"og:site_name\" content=\"Nettali.com\" \/>\n<meta property=\"article:publisher\" content=\"https:\/\/www.facebook.com\/nettalicom\" \/>\n<meta property=\"article:published_time\" content=\"2024-04-28T12:12:05+00:00\" \/>\n<meta property=\"og:image\" content=\"https:\/\/www.nettali.com\/wp-content\/uploads\/2024\/04\/Screenshot_20240428-085411_2.jpg\" \/>\n\t<meta property=\"og:image:width\" content=\"1080\" \/>\n\t<meta property=\"og:image:height\" content=\"611\" \/>\n<meta name=\"twitter:card\" content=\"summary_large_image\" \/>\n<meta name=\"twitter:label1\" content=\"\u00c9crit par\" \/>\n\t<meta name=\"twitter:data1\" content=\"Ibrahima\" \/>\n\t<meta name=\"twitter:label2\" content=\"Dur\u00e9e de lecture estim\u00e9e\" \/>\n\t<meta name=\"twitter:data2\" content=\"3 minutes\" \/>\n<script type=\"application\/ld+json\" class=\"yoast-schema-graph\">{\"@context\":\"https:\/\/schema.org\",\"@graph\":[{\"@type\":\"WebSite\",\"@id\":\"https:\/\/www.nettali.com\/#website\",\"url\":\"https:\/\/www.nettali.com\/\",\"name\":\"Nettali.com\",\"description\":\"Le rendez-vous critique du Net\",\"potentialAction\":[{\"@type\":\"SearchAction\",\"target\":{\"@type\":\"EntryPoint\",\"urlTemplate\":\"https:\/\/www.nettali.com\/?s={search_term_string}\"},\"query-input\":\"required name=search_term_string\"}],\"inLanguage\":\"fr-FR\"},{\"@type\":\"ImageObject\",\"@id\":\"https:\/\/www.nettali.com\/2024\/04\/28\/usa-un-afro-americain-meurt-sous-le-genou-dun-policier-je-ne-respire-plus\/#primaryimage\",\"inLanguage\":\"fr-FR\",\"url\":\"https:\/\/www.nettali.com\/wp-content\/uploads\/2024\/04\/Screenshot_20240428-085411_2.jpg\",\"contentUrl\":\"https:\/\/www.nettali.com\/wp-content\/uploads\/2024\/04\/Screenshot_20240428-085411_2.jpg\",\"width\":1080,\"height\":611},{\"@type\":\"WebPage\",\"@id\":\"https:\/\/www.nettali.com\/2024\/04\/28\/usa-un-afro-americain-meurt-sous-le-genou-dun-policier-je-ne-respire-plus\/#webpage\",\"url\":\"https:\/\/www.nettali.com\/2024\/04\/28\/usa-un-afro-americain-meurt-sous-le-genou-dun-policier-je-ne-respire-plus\/\",\"name\":\"USA - Un Afro-am\\u00e9ricain meurt sous le genou d\\u2019un policier : \\\"Je ne respire plus\\\" | Nettali.com\",\"isPartOf\":{\"@id\":\"https:\/\/www.nettali.com\/#website\"},\"primaryImageOfPage\":{\"@id\":\"https:\/\/www.nettali.com\/2024\/04\/28\/usa-un-afro-americain-meurt-sous-le-genou-dun-policier-je-ne-respire-plus\/#primaryimage\"},\"datePublished\":\"2024-04-28T12:12:05+00:00\",\"dateModified\":\"2024-04-28T12:12:05+00:00\",\"author\":{\"@id\":\"https:\/\/www.nettali.com\/#\/schema\/person\/bb147657c2986240405a608162b9bb23\"},\"breadcrumb\":{\"@id\":\"https:\/\/www.nettali.com\/2024\/04\/28\/usa-un-afro-americain-meurt-sous-le-genou-dun-policier-je-ne-respire-plus\/#breadcrumb\"},\"inLanguage\":\"fr-FR\",\"potentialAction\":[{\"@type\":\"ReadAction\",\"target\":[\"https:\/\/www.nettali.com\/2024\/04\/28\/usa-un-afro-americain-meurt-sous-le-genou-dun-policier-je-ne-respire-plus\/\"]}]},{\"@type\":\"BreadcrumbList\",\"@id\":\"https:\/\/www.nettali.com\/2024\/04\/28\/usa-un-afro-americain-meurt-sous-le-genou-dun-policier-je-ne-respire-plus\/#breadcrumb\",\"itemListElement\":[{\"@type\":\"ListItem\",\"position\":1,\"name\":\"Accueil\",\"item\":\"https:\/\/www.nettali.com\/\"},{\"@type\":\"ListItem\",\"position\":2,\"name\":\"USA - Un Afro-am\\u00e9ricain meurt sous le genou d\\u2019un policier : \\\"Je ne respire plus\\\"\"}]},{\"@type\":\"Person\",\"@id\":\"https:\/\/www.nettali.com\/#\/schema\/person\/bb147657c2986240405a608162b9bb23\",\"name\":\"Ibrahima\",\"image\":{\"@type\":\"ImageObject\",\"@id\":\"https:\/\/www.nettali.com\/#personlogo\",\"inLanguage\":\"fr-FR\",\"url\":\"https:\/\/secure.gravatar.com\/avatar\/26a8a81f09f0dd7624c9d5c36c9ba3a2?s=96&d=mm&r=g\",\"contentUrl\":\"https:\/\/secure.gravatar.com\/avatar\/26a8a81f09f0dd7624c9d5c36c9ba3a2?s=96&d=mm&r=g\",\"caption\":\"Ibrahima\"},\"sameAs\":[\"https:\/\/www.nettali.com\"]}]}<\/script>\n<!-- \/ Yoast SEO Premium plugin. -->","yoast_head_json":{"title":"USA - Un Afro-am\u00e9ricain meurt sous le genou d\u2019un policier : \"Je ne respire plus\" | Nettali.com","robots":{"index":"index","follow":"follow","max-snippet":"max-snippet:-1","max-image-preview":"max-image-preview:large","max-video-preview":"max-video-preview:-1"},"canonical":"https:\/\/www.nettali.com\/2024\/04\/28\/usa-un-afro-americain-meurt-sous-le-genou-dun-policier-je-ne-respire-plus\/","og_locale":"fr_FR","og_type":"article","og_title":"USA - Un Afro-am\u00e9ricain meurt sous le genou d\u2019un policier : \"Je ne respire plus\"","og_description":"NETTALI.COM - Apr\u00e8s George Floyd, un autre Afro-am\u00e9ricain de 53 ans, a trouv\u00e9 la mort le 18 avril lors de son interpellation par deux policiers de Canton, dans l\u2019Ohio aux Etats-Unis. Une vid\u00e9o prise par la cam\u00e9ra corporelle de la police a montr\u00e9 Frank Tyson, 53 ans, qui disait : \"Je ne peux pas respirer\", [&hellip;]","og_url":"https:\/\/www.nettali.com\/2024\/04\/28\/usa-un-afro-americain-meurt-sous-le-genou-dun-policier-je-ne-respire-plus\/","og_site_name":"Nettali.com","article_publisher":"https:\/\/www.facebook.com\/nettalicom","article_published_time":"2024-04-28T12:12:05+00:00","og_image":[{"width":1080,"height":611,"url":"https:\/\/www.nettali.com\/wp-content\/uploads\/2024\/04\/Screenshot_20240428-085411_2.jpg","type":"image\/jpeg"}],"twitter_card":"summary_large_image","twitter_misc":{"\u00c9crit par":"Ibrahima","Dur\u00e9e de lecture estim\u00e9e":"3 minutes"},"schema":{"@context":"https:\/\/schema.org","@graph":[{"@type":"WebSite","@id":"https:\/\/www.nettali.com\/#website","url":"https:\/\/www.nettali.com\/","name":"Nettali.com","description":"Le rendez-vous critique du Net","potentialAction":[{"@type":"SearchAction","target":{"@type":"EntryPoint","urlTemplate":"https:\/\/www.nettali.com\/?s={search_term_string}"},"query-input":"required name=search_term_string"}],"inLanguage":"fr-FR"},{"@type":"ImageObject","@id":"https:\/\/www.nettali.com\/2024\/04\/28\/usa-un-afro-americain-meurt-sous-le-genou-dun-policier-je-ne-respire-plus\/#primaryimage","inLanguage":"fr-FR","url":"https:\/\/www.nettali.com\/wp-content\/uploads\/2024\/04\/Screenshot_20240428-085411_2.jpg","contentUrl":"https:\/\/www.nettali.com\/wp-content\/uploads\/2024\/04\/Screenshot_20240428-085411_2.jpg","width":1080,"height":611},{"@type":"WebPage","@id":"https:\/\/www.nettali.com\/2024\/04\/28\/usa-un-afro-americain-meurt-sous-le-genou-dun-policier-je-ne-respire-plus\/#webpage","url":"https:\/\/www.nettali.com\/2024\/04\/28\/usa-un-afro-americain-meurt-sous-le-genou-dun-policier-je-ne-respire-plus\/","name":"USA - Un Afro-am\u00e9ricain meurt sous le genou d\u2019un policier : \"Je ne respire plus\" | Nettali.com","isPartOf":{"@id":"https:\/\/www.nettali.com\/#website"},"primaryImageOfPage":{"@id":"https:\/\/www.nettali.com\/2024\/04\/28\/usa-un-afro-americain-meurt-sous-le-genou-dun-policier-je-ne-respire-plus\/#primaryimage"},"datePublished":"2024-04-28T12:12:05+00:00","dateModified":"2024-04-28T12:12:05+00:00","author":{"@id":"https:\/\/www.nettali.com\/#\/schema\/person\/bb147657c2986240405a608162b9bb23"},"breadcrumb":{"@id":"https:\/\/www.nettali.com\/2024\/04\/28\/usa-un-afro-americain-meurt-sous-le-genou-dun-policier-je-ne-respire-plus\/#breadcrumb"},"inLanguage":"fr-FR","potentialAction":[{"@type":"ReadAction","target":["https:\/\/www.nettali.com\/2024\/04\/28\/usa-un-afro-americain-meurt-sous-le-genou-dun-policier-je-ne-respire-plus\/"]}]},{"@type":"BreadcrumbList","@id":"https:\/\/www.nettali.com\/2024\/04\/28\/usa-un-afro-americain-meurt-sous-le-genou-dun-policier-je-ne-respire-plus\/#breadcrumb","itemListElement":[{"@type":"ListItem","position":1,"name":"Accueil","item":"https:\/\/www.nettali.com\/"},{"@type":"ListItem","position":2,"name":"USA - Un Afro-am\u00e9ricain meurt sous le genou d\u2019un policier : \"Je ne respire plus\""}]},{"@type":"Person","@id":"https:\/\/www.nettali.com\/#\/schema\/person\/bb147657c2986240405a608162b9bb23","name":"Ibrahima","image":{"@type":"ImageObject","@id":"https:\/\/www.nettali.com\/#personlogo","inLanguage":"fr-FR","url":"https:\/\/secure.gravatar.com\/avatar\/26a8a81f09f0dd7624c9d5c36c9ba3a2?s=96&d=mm&r=g","contentUrl":"https:\/\/secure.gravatar.com\/avatar\/26a8a81f09f0dd7624c9d5c36c9ba3a2?s=96&d=mm&r=g","caption":"Ibrahima"},"sameAs":["https:\/\/www.nettali.com"]}]}},"_links":{"self":[{"href":"https:\/\/www.nettali.com\/rest\/wp\/v2\/posts\/132453"}],"collection":[{"href":"https:\/\/www.nettali.com\/rest\/wp\/v2\/posts"}],"about":[{"href":"https:\/\/www.nettali.com\/rest\/wp\/v2\/types\/post"}],"author":[{"embeddable":true,"href":"https:\/\/www.nettali.com\/rest\/wp\/v2\/users\/5"}],"replies":[{"embeddable":true,"href":"https:\/\/www.nettali.com\/rest\/wp\/v2\/comments?post=132453"}],"version-history":[{"count":1,"href":"https:\/\/www.nettali.com\/rest\/wp\/v2\/posts\/132453\/revisions"}],"predecessor-version":[{"id":132455,"href":"https:\/\/www.nettali.com\/rest\/wp\/v2\/posts\/132453\/revisions\/132455"}],"wp:featuredmedia":[{"embeddable":true,"href":"https:\/\/www.nettali.com\/rest\/wp\/v2\/media\/132454"}],"wp:attachment":[{"href":"https:\/\/www.nettali.com\/rest\/wp\/v2\/media?parent=132453"}],"wp:term":[{"taxonomy":"category","embeddable":true,"href":"https:\/\/www.nettali.com\/rest\/wp\/v2\/categories?post=132453"},{"taxonomy":"post_tag","embeddable":true,"href":"https:\/\/www.nettali.com\/rest\/wp\/v2\/tags?post=132453"}],"curies":[{"name":"wp","href":"https:\/\/api.w.org\/{rel}","templated":true}]}}