{"id":132413,"date":"2024-04-27T08:23:01","date_gmt":"2024-04-27T08:23:01","guid":{"rendered":"https:\/\/www.nettali.com\/?p=132413"},"modified":"2024-04-29T19:15:41","modified_gmt":"2024-04-29T19:15:41","slug":"gendarmerie-72-heures-apres-sa-nomination-ce-que-les-troupes-attendent-du-general-martin-faye","status":"publish","type":"post","link":"https:\/\/www.nettali.com\/2024\/04\/27\/gendarmerie-72-heures-apres-sa-nomination-ce-que-les-troupes-attendent-du-general-martin-faye\/","title":{"rendered":"GENDARMERIE - 72 HEURES APRE\u0300S SA NOMINATION - Ce que les troupes attendent du Ge\u0301ne\u0301ral Martin Faye"},"content":{"rendered":"<div class=\"page\" title=\"Page 8\">\n<div class=\"layoutArea\">\n<div class=\"column\">\n<div class=\"page\" title=\"Page 8\">\n<div class=\"layoutArea\">\n<div class=\"column\">\n<p><strong>NETTALI.COM - Apre\u0300s la nomination du Ge\u0301ne\u0301ral de brigade Martin Faye comme 15e Haut-commandant de la Gendarmerie nationale et directeur de la Justice militaire (Haucomgen), des e\u0301le\u0301ments de la grande mare\u0301chausse\u0301e ont confie\u0301 leurs attentes a\u0300 EnQue\u0302te. Elles vont de la re\u0301conciliation entre la gendarmerie et la population, a\u0300 une se\u0301curite\u0301 de proximite\u0301, en passant par de meilleures conditions de vie sociale pour le personnel.<\/strong><\/p>\n<\/div>\n<\/div>\n<\/div>\n<p>Le mercredi dernier 24 avril a\u0300 l\u2019issue du conseil hebdomadaire des ministres, le pre\u0301sident de la Re\u0301publique, Bassirou Diomaye Diakhar Faye a nomme\u0301 le Ge\u0301ne\u0301ral de brigade Martin Faye, comme Haut-commandant de la Gendarmerie nationale et directeur de la Justice militaire (Haucomgen). Il devient ainsi le 15e patron de la gendarmerie nationale en remplacement a\u0300 ce poste du Ge\u0301ne\u0301ral de corps d'arme\u0301e Moussa Fall qui est a\u0300 une anne\u0301e de la retraite.<\/p>\n<p>En attendant sa prise de fonction officielle, des gendarmes issus du milieu urbain comme pe\u0301ri-urbain, grade\u0301s comme sous-officiers, ont confie\u0301 a\u0300 EnQue\u0302te leurs attentes.<\/p>\n<p>Ce qui ressort le plus des troupes, c\u2019est la prie\u0300re qu\u2019il s\u2019engage a\u0300 rester fide\u0300le aux ide\u0301aux et principes de la Re\u0301publique et a\u0300 ne pas faire dans le parti-pris. Et sur cette question, nos interlocuteurs de\u0301clarent avoir confiance en leur nouveau patron qui a blanchi sous le harnais dans cette corporation.<\/p>\n<p>Comme tout gendarme, ils attendent de lui qu\u2019il mette en avant la de\u0301fense de l\u2019inte\u0301re\u0302t des populations, la garantie de leur se\u0301curite\u0301 et d\u2019e\u0302tre dans la pre\u0301vention des menaces multiformes dont le terrorisme qui frappe a\u0300 nos frontie\u0300res. Ils militent pour le renforcement de la pre\u0301sence des gendarmes dans les lieux urbains, pe\u0301ri-urbains et ruraux ou\u0300 la menace se\u0301curitaire est un enjeu.<\/p>\n<\/div>\n<div class=\"column\">\n<p>D\u2019autres appellent de leurs v\u0153ux la re\u0301conciliation entre la gendarmerie et les populations. Ils la conside\u0300rent comme une urgence. A leurs yeux, il est impe\u0301ratif que les populations aient \u00e0 nouveau confiance en la gendarmerie, car, il y a un risque qu\u2019elles confondent leur ancien patron et la gendarmerie, or celle-ci est un corps qui de\u0301passe et transcende les individualite\u0301s.<\/p>\n<p><strong>Recrutement massif de gendarmes<\/strong><\/p>\n<p>Par ailleurs, ils sont nombreux a\u0300 souhaiter un audit des milliards qui ont e\u0301te\u0301 investis dans la gendarmerie. D\u2019apre\u0300s eux, ces 3 dernie\u0300res anne\u0301es, l\u2019ancien pre\u0301sident de la Re\u0301publique Macky Sall a beaucoup finance\u0301 la gendarmerie a\u0300 travers les achats de blinde\u0301s, de ve\u0301hicules, de grenades, la construction de caserne et de logements, entre autres. \"<em>On doit savoir si cet argent est entre\u0301 la\u0300 ou\u0300 il a e\u0301te\u0301 destine\u0301 ou pas. Il ne s\u2019agit pas d\u2019accuser X ou Y, mais juste, quand on investit cette manne financie\u0300re, au moins on doit avoir une ide\u0301e de la fac\u0327on dont elle a e\u0301te\u0301 exe\u0301cute\u0301e. Loin de nous toute ide\u0301e de jeter du discre\u0301dit sur une personne, mais juste de la transparence\"<\/em>, de\u0301clare un interlocuteur.<\/p>\n<p>D\u2019une manie\u0300re ge\u0301ne\u0301rale, les troupes attendent du Haucomgen qu\u2019il fasse face aux enjeux se\u0301curitaires, en e\u0301tant plus efficace, sachant que la gendarmerie est un maillon indispensable de la chai\u0302ne de se\u0301curite\u0301 de ce pays.<\/p>\n<\/div>\n<div class=\"column\">\n<p><strong>\"Les attentes sont e\u0301leve\u0301es, mais son parcours et son de\u0301vouement a\u0300 la nation laissent pre\u0301sager une e\u0300re de progre\u0300s\"<\/strong><\/p>\n<p>En outre, des interlocuteurs se posent des questions sur le recrutement massif qu\u2019il y a eu dans la gendarmerie, dernie\u0300rement, pour faire du maintien de l\u2019ordre. Maintenant que tout est calme, il va falloir, disent-ils, re\u0301orienter cette effectif vers la se\u0301curite\u0301 publique. \"<em>Sinon, des gendarmes vont cho\u0302mer a\u0300 longueur de journe\u0301e<\/em>\", soulignent des hommes en bleu.<\/p>\n<p>Dans ce me\u0302me ordre d\u2019ide\u0301es, des grade\u0301s sugge\u0300rent qu\u2019il y ait une brigade de gendarmerie dans chaque arrondissement et un escadron d\u2019intervention dans chaque de\u0301partement, e\u0301tant donne\u0301 que l\u2019objectif majeur de la gendarmerie c\u2019est la police de proximite\u0301. \"<em>C\u0327a demande plus de personnels et plus de mate\u0301riels, plus d\u2019infrastructures. Le tout accompagne\u0301 d\u2019un mieux-e\u0302tre social du personnel et de meilleures conditions de travail<\/em>\u2019\u2019, ajoutent nos sources.<\/p>\n<p>D\u2019autres pandores sont pre\u0301occupe\u0301s par les conditions d\u2019affectation et leur dure\u0301e. Ils demandent qu\u2019elles soient revues et que la dure\u0301e soit re\u0301duite.<\/p>\n<p>Il est aussi question de l\u2019habillement des e\u0301le\u0301ments et leurs re\u0301mune\u0301rations.<\/p>\n<p>Toujours est-il qu\u2019un vent d\u2019optimisme souffle au sein des troupes. L\u2019ave\u0300nement du Ge\u0301ne\u0301ral Martin Faye est perc\u0327u comme un vent de renouveau pour la gendarmerie. Avec une carrie\u0300re militaire de pre\u0300s de 35 ans, d\u2019apre\u0300s certains interlocuteurs, il va apporter une expe\u0301rience et une vision qui suscitent de grandes attentes au sein de la gendarmerie. Le Ge\u0301ne\u0301ral Faye est reconnu pour son parcours exemplaire et sa capacite\u0301 a\u0300 diriger avec efficacite\u0301, te\u0301moignent-il.<\/p>\n<\/div>\n<div class=\"column\">\n<p>Ayant commande\u0301 le Groupement d\u2019intervention de la Gendarmerie nationale (GIGN), pendant six ans, et acquis une expe\u0301rience internationale notable, il est de\u0301crit comme un leader respecte\u0301 et compe\u0301tent. \u2018\u2019<em>Les gendarmes attendent du Ge\u0301ne\u0301ral Faye qu\u2019il apporte une vision renouvele\u0301e et un leadership e\u0301prouve\u0301. Sa nomination est vue comme un espoir pour l\u2019avenir de cette prestigieuse institution, notamment dans la gestion des de\u0301fis se\u0301curitaires actuels et l\u2019ame\u0301lioration des conditions de travail des gendarmes. En tant que Haut Commandant, le Ge\u0301ne\u0301ral Faye est attendu pour mettre en \u0153uvre des <\/em><em>strate\u0301gies innovantes et renforcer la capacite\u0301 ope\u0301rationnelle de la gendarmerie. Son expe\u0301rience passe\u0301e en tant que chef des ope\u0301rations de la composante Police des Nations-Unies la MINUSCA (Mission multidimensionnelle inte\u0301gre\u0301e des Nations unies pour la stabilisation en Centrafrique) en RCA (Re\u0301publique centre Africaine) et a la MONUSCO (Mission de l'Organisation des Nations unies pour la stabilisation en re\u0301publique de\u0301mocratique du Congo) au Congo est particulie\u0300rement pertinente pour les missions de la gendarmerie nationale<\/em>\u2019\u2019, souligne un interlocuteur.<\/p>\n<\/div>\n<div class=\"column\">\n<p>Il est d\u2019avis que \"<em>son arrive\u0301e a\u0300 la te\u0302te de la Gendarmerie Nationale est un moment charnie\u0300re. Les attentes sont e\u0301leve\u0301es, mais son parcours et son de\u0301vouement a\u0300 la nation laissent pre\u0301sager une e\u0300re de progre\u0300s et d\u2019excellence pour la gendarmerie sous son commandement<\/em>\", ajoute-t-il avec optimisme<\/p>\n<\/div>\n<\/div>\n<\/div>\n<div class='share-to-whatsapp-wrapper'><div class='share-on-whsp'>PARTAGER SUR : <\/div><a data-text='GENDARMERIE - 72 HEURES APRE\u0300S SA NOMINATION - Ce que les troupes attendent du Ge\u0301ne\u0301ral Martin Faye' data-link='https:\/\/www.nettali.com\/2024\/04\/27\/gendarmerie-72-heures-apres-sa-nomination-ce-que-les-troupes-attendent-du-general-martin-faye\/' class='whatsapp-button whatsapp-share'>WhatsApp<\/a><div class='clear '><\/div><\/div>","protected":false},"excerpt":{"rendered":"<p>NETTALI.COM - Apre\u0300s la nomination du Ge\u0301ne\u0301ral de brigade Martin Faye comme 15e Haut-commandant de la Gendarmerie nationale et directeur de la Justice militaire (Haucomgen), des e\u0301le\u0301ments de la grande mare\u0301chausse\u0301e ont confie\u0301 leurs attentes a\u0300 EnQue\u0302te. Elles vont de la re\u0301conciliation entre la gendarmerie et la population, a\u0300 une se\u0301curite\u0301 de proximite\u0301, en passant [&hellip;]<\/p>\n","protected":false},"author":2,"featured_media":132414,"comment_status":"open","ping_status":"open","sticky":false,"template":"","format":"standard","meta":{"_et_pb_use_builder":"","_et_pb_old_content":""},"categories":[3],"tags":[],"yoast_head":"<!-- This site is optimized with the Yoast SEO Premium plugin v17.8 (Yoast SEO v17.8) - https:\/\/yoast.com\/wordpress\/plugins\/seo\/ -->\n<title>GENDARMERIE - 72 HEURES APRE\u0300S SA NOMINATION - Ce que les troupes attendent du Ge\u0301ne\u0301ral Martin Faye | Nettali.com<\/title>\n<meta name=\"robots\" content=\"index, follow, max-snippet:-1, max-image-preview:large, max-video-preview:-1\" \/>\n<link rel=\"canonical\" href=\"https:\/\/www.nettali.com\/2024\/04\/27\/gendarmerie-72-heures-apres-sa-nomination-ce-que-les-troupes-attendent-du-general-martin-faye\/\" \/>\n<meta property=\"og:locale\" content=\"fr_FR\" \/>\n<meta property=\"og:type\" content=\"article\" \/>\n<meta property=\"og:title\" content=\"GENDARMERIE - 72 HEURES APRE\u0300S SA NOMINATION - Ce que les troupes attendent du Ge\u0301ne\u0301ral Martin Faye\" \/>\n<meta property=\"og:description\" content=\"NETTALI.COM - Apre\u0300s la nomination du Ge\u0301ne\u0301ral de brigade Martin Faye comme 15e Haut-commandant de la Gendarmerie nationale et directeur de la Justice militaire (Haucomgen), des e\u0301le\u0301ments de la grande mare\u0301chausse\u0301e ont confie\u0301 leurs attentes a\u0300 EnQue\u0302te. Elles vont de la re\u0301conciliation entre la gendarmerie et la population, a\u0300 une se\u0301curite\u0301 de proximite\u0301, en passant [&hellip;]\" \/>\n<meta property=\"og:url\" content=\"https:\/\/www.nettali.com\/2024\/04\/27\/gendarmerie-72-heures-apres-sa-nomination-ce-que-les-troupes-attendent-du-general-martin-faye\/\" \/>\n<meta property=\"og:site_name\" content=\"Nettali.com\" \/>\n<meta property=\"article:publisher\" content=\"https:\/\/www.facebook.com\/nettalicom\" \/>\n<meta property=\"article:published_time\" content=\"2024-04-27T08:23:01+00:00\" \/>\n<meta property=\"article:modified_time\" content=\"2024-04-29T19:15:41+00:00\" \/>\n<meta property=\"og:image\" content=\"https:\/\/www.nettali.com\/wp-content\/uploads\/2024\/04\/medium_2024-04-25-5da161ad9c.jpg\" \/>\n\t<meta property=\"og:image:width\" content=\"700\" \/>\n\t<meta property=\"og:image:height\" content=\"450\" \/>\n<meta name=\"twitter:card\" content=\"summary_large_image\" \/>\n<meta name=\"twitter:label1\" content=\"\u00c9crit par\" \/>\n\t<meta name=\"twitter:data1\" content=\"CK\" \/>\n\t<meta name=\"twitter:label2\" content=\"Dur\u00e9e de lecture estim\u00e9e\" \/>\n\t<meta name=\"twitter:data2\" content=\"5 minutes\" \/>\n<script type=\"application\/ld+json\" class=\"yoast-schema-graph\">{\"@context\":\"https:\/\/schema.org\",\"@graph\":[{\"@type\":\"WebSite\",\"@id\":\"https:\/\/www.nettali.com\/#website\",\"url\":\"https:\/\/www.nettali.com\/\",\"name\":\"Nettali.com\",\"description\":\"Le rendez-vous critique du Net\",\"potentialAction\":[{\"@type\":\"SearchAction\",\"target\":{\"@type\":\"EntryPoint\",\"urlTemplate\":\"https:\/\/www.nettali.com\/?s={search_term_string}\"},\"query-input\":\"required name=search_term_string\"}],\"inLanguage\":\"fr-FR\"},{\"@type\":\"ImageObject\",\"@id\":\"https:\/\/www.nettali.com\/2024\/04\/27\/gendarmerie-72-heures-apres-sa-nomination-ce-que-les-troupes-attendent-du-general-martin-faye\/#primaryimage\",\"inLanguage\":\"fr-FR\",\"url\":\"https:\/\/www.nettali.com\/wp-content\/uploads\/2024\/04\/medium_2024-04-25-5da161ad9c.jpg\",\"contentUrl\":\"https:\/\/www.nettali.com\/wp-content\/uploads\/2024\/04\/medium_2024-04-25-5da161ad9c.jpg\",\"width\":700,\"height\":450},{\"@type\":\"WebPage\",\"@id\":\"https:\/\/www.nettali.com\/2024\/04\/27\/gendarmerie-72-heures-apres-sa-nomination-ce-que-les-troupes-attendent-du-general-martin-faye\/#webpage\",\"url\":\"https:\/\/www.nettali.com\/2024\/04\/27\/gendarmerie-72-heures-apres-sa-nomination-ce-que-les-troupes-attendent-du-general-martin-faye\/\",\"name\":\"GENDARMERIE - 72 HEURES APRE\\u0300S SA NOMINATION - Ce que les troupes attendent du Ge\\u0301ne\\u0301ral Martin Faye | Nettali.com\",\"isPartOf\":{\"@id\":\"https:\/\/www.nettali.com\/#website\"},\"primaryImageOfPage\":{\"@id\":\"https:\/\/www.nettali.com\/2024\/04\/27\/gendarmerie-72-heures-apres-sa-nomination-ce-que-les-troupes-attendent-du-general-martin-faye\/#primaryimage\"},\"datePublished\":\"2024-04-27T08:23:01+00:00\",\"dateModified\":\"2024-04-29T19:15:41+00:00\",\"author\":{\"@id\":\"https:\/\/www.nettali.com\/#\/schema\/person\/d8ac7b7e27ddad43f1c0d2ef090d7f71\"},\"breadcrumb\":{\"@id\":\"https:\/\/www.nettali.com\/2024\/04\/27\/gendarmerie-72-heures-apres-sa-nomination-ce-que-les-troupes-attendent-du-general-martin-faye\/#breadcrumb\"},\"inLanguage\":\"fr-FR\",\"potentialAction\":[{\"@type\":\"ReadAction\",\"target\":[\"https:\/\/www.nettali.com\/2024\/04\/27\/gendarmerie-72-heures-apres-sa-nomination-ce-que-les-troupes-attendent-du-general-martin-faye\/\"]}]},{\"@type\":\"BreadcrumbList\",\"@id\":\"https:\/\/www.nettali.com\/2024\/04\/27\/gendarmerie-72-heures-apres-sa-nomination-ce-que-les-troupes-attendent-du-general-martin-faye\/#breadcrumb\",\"itemListElement\":[{\"@type\":\"ListItem\",\"position\":1,\"name\":\"Accueil\",\"item\":\"https:\/\/www.nettali.com\/\"},{\"@type\":\"ListItem\",\"position\":2,\"name\":\"GENDARMERIE - 72 HEURES APRE\\u0300S SA NOMINATION - Ce que les troupes attendent du Ge\\u0301ne\\u0301ral Martin Faye\"}]},{\"@type\":\"Person\",\"@id\":\"https:\/\/www.nettali.com\/#\/schema\/person\/d8ac7b7e27ddad43f1c0d2ef090d7f71\",\"name\":\"CK\",\"image\":{\"@type\":\"ImageObject\",\"@id\":\"https:\/\/www.nettali.com\/#personlogo\",\"inLanguage\":\"fr-FR\",\"url\":\"https:\/\/secure.gravatar.com\/avatar\/1d8d5118b9327d94da7cd4ce7f17fec2?s=96&d=mm&r=g\",\"contentUrl\":\"https:\/\/secure.gravatar.com\/avatar\/1d8d5118b9327d94da7cd4ce7f17fec2?s=96&d=mm&r=g\",\"caption\":\"CK\"},\"sameAs\":[\"https:\/\/www.nettali.com\"]}]}<\/script>\n<!-- \/ Yoast SEO Premium plugin. -->","yoast_head_json":{"title":"GENDARMERIE - 72 HEURES APRE\u0300S SA NOMINATION - Ce que les troupes attendent du Ge\u0301ne\u0301ral Martin Faye | Nettali.com","robots":{"index":"index","follow":"follow","max-snippet":"max-snippet:-1","max-image-preview":"max-image-preview:large","max-video-preview":"max-video-preview:-1"},"canonical":"https:\/\/www.nettali.com\/2024\/04\/27\/gendarmerie-72-heures-apres-sa-nomination-ce-que-les-troupes-attendent-du-general-martin-faye\/","og_locale":"fr_FR","og_type":"article","og_title":"GENDARMERIE - 72 HEURES APRE\u0300S SA NOMINATION - Ce que les troupes attendent du Ge\u0301ne\u0301ral Martin Faye","og_description":"NETTALI.COM - Apre\u0300s la nomination du Ge\u0301ne\u0301ral de brigade Martin Faye comme 15e Haut-commandant de la Gendarmerie nationale et directeur de la Justice militaire (Haucomgen), des e\u0301le\u0301ments de la grande mare\u0301chausse\u0301e ont confie\u0301 leurs attentes a\u0300 EnQue\u0302te. Elles vont de la re\u0301conciliation entre la gendarmerie et la population, a\u0300 une se\u0301curite\u0301 de proximite\u0301, en passant [&hellip;]","og_url":"https:\/\/www.nettali.com\/2024\/04\/27\/gendarmerie-72-heures-apres-sa-nomination-ce-que-les-troupes-attendent-du-general-martin-faye\/","og_site_name":"Nettali.com","article_publisher":"https:\/\/www.facebook.com\/nettalicom","article_published_time":"2024-04-27T08:23:01+00:00","article_modified_time":"2024-04-29T19:15:41+00:00","og_image":[{"width":700,"height":450,"url":"https:\/\/www.nettali.com\/wp-content\/uploads\/2024\/04\/medium_2024-04-25-5da161ad9c.jpg","type":"image\/jpeg"}],"twitter_card":"summary_large_image","twitter_misc":{"\u00c9crit par":"CK","Dur\u00e9e de lecture estim\u00e9e":"5 minutes"},"schema":{"@context":"https:\/\/schema.org","@graph":[{"@type":"WebSite","@id":"https:\/\/www.nettali.com\/#website","url":"https:\/\/www.nettali.com\/","name":"Nettali.com","description":"Le rendez-vous critique du Net","potentialAction":[{"@type":"SearchAction","target":{"@type":"EntryPoint","urlTemplate":"https:\/\/www.nettali.com\/?s={search_term_string}"},"query-input":"required name=search_term_string"}],"inLanguage":"fr-FR"},{"@type":"ImageObject","@id":"https:\/\/www.nettali.com\/2024\/04\/27\/gendarmerie-72-heures-apres-sa-nomination-ce-que-les-troupes-attendent-du-general-martin-faye\/#primaryimage","inLanguage":"fr-FR","url":"https:\/\/www.nettali.com\/wp-content\/uploads\/2024\/04\/medium_2024-04-25-5da161ad9c.jpg","contentUrl":"https:\/\/www.nettali.com\/wp-content\/uploads\/2024\/04\/medium_2024-04-25-5da161ad9c.jpg","width":700,"height":450},{"@type":"WebPage","@id":"https:\/\/www.nettali.com\/2024\/04\/27\/gendarmerie-72-heures-apres-sa-nomination-ce-que-les-troupes-attendent-du-general-martin-faye\/#webpage","url":"https:\/\/www.nettali.com\/2024\/04\/27\/gendarmerie-72-heures-apres-sa-nomination-ce-que-les-troupes-attendent-du-general-martin-faye\/","name":"GENDARMERIE - 72 HEURES APRE\u0300S SA NOMINATION - Ce que les troupes attendent du Ge\u0301ne\u0301ral Martin Faye | Nettali.com","isPartOf":{"@id":"https:\/\/www.nettali.com\/#website"},"primaryImageOfPage":{"@id":"https:\/\/www.nettali.com\/2024\/04\/27\/gendarmerie-72-heures-apres-sa-nomination-ce-que-les-troupes-attendent-du-general-martin-faye\/#primaryimage"},"datePublished":"2024-04-27T08:23:01+00:00","dateModified":"2024-04-29T19:15:41+00:00","author":{"@id":"https:\/\/www.nettali.com\/#\/schema\/person\/d8ac7b7e27ddad43f1c0d2ef090d7f71"},"breadcrumb":{"@id":"https:\/\/www.nettali.com\/2024\/04\/27\/gendarmerie-72-heures-apres-sa-nomination-ce-que-les-troupes-attendent-du-general-martin-faye\/#breadcrumb"},"inLanguage":"fr-FR","potentialAction":[{"@type":"ReadAction","target":["https:\/\/www.nettali.com\/2024\/04\/27\/gendarmerie-72-heures-apres-sa-nomination-ce-que-les-troupes-attendent-du-general-martin-faye\/"]}]},{"@type":"BreadcrumbList","@id":"https:\/\/www.nettali.com\/2024\/04\/27\/gendarmerie-72-heures-apres-sa-nomination-ce-que-les-troupes-attendent-du-general-martin-faye\/#breadcrumb","itemListElement":[{"@type":"ListItem","position":1,"name":"Accueil","item":"https:\/\/www.nettali.com\/"},{"@type":"ListItem","position":2,"name":"GENDARMERIE - 72 HEURES APRE\u0300S SA NOMINATION - Ce que les troupes attendent du Ge\u0301ne\u0301ral Martin Faye"}]},{"@type":"Person","@id":"https:\/\/www.nettali.com\/#\/schema\/person\/d8ac7b7e27ddad43f1c0d2ef090d7f71","name":"CK","image":{"@type":"ImageObject","@id":"https:\/\/www.nettali.com\/#personlogo","inLanguage":"fr-FR","url":"https:\/\/secure.gravatar.com\/avatar\/1d8d5118b9327d94da7cd4ce7f17fec2?s=96&d=mm&r=g","contentUrl":"https:\/\/secure.gravatar.com\/avatar\/1d8d5118b9327d94da7cd4ce7f17fec2?s=96&d=mm&r=g","caption":"CK"},"sameAs":["https:\/\/www.nettali.com"]}]}},"_links":{"self":[{"href":"https:\/\/www.nettali.com\/rest\/wp\/v2\/posts\/132413"}],"collection":[{"href":"https:\/\/www.nettali.com\/rest\/wp\/v2\/posts"}],"about":[{"href":"https:\/\/www.nettali.com\/rest\/wp\/v2\/types\/post"}],"author":[{"embeddable":true,"href":"https:\/\/www.nettali.com\/rest\/wp\/v2\/users\/2"}],"replies":[{"embeddable":true,"href":"https:\/\/www.nettali.com\/rest\/wp\/v2\/comments?post=132413"}],"version-history":[{"count":1,"href":"https:\/\/www.nettali.com\/rest\/wp\/v2\/posts\/132413\/revisions"}],"predecessor-version":[{"id":132415,"href":"https:\/\/www.nettali.com\/rest\/wp\/v2\/posts\/132413\/revisions\/132415"}],"wp:featuredmedia":[{"embeddable":true,"href":"https:\/\/www.nettali.com\/rest\/wp\/v2\/media\/132414"}],"wp:attachment":[{"href":"https:\/\/www.nettali.com\/rest\/wp\/v2\/media?parent=132413"}],"wp:term":[{"taxonomy":"category","embeddable":true,"href":"https:\/\/www.nettali.com\/rest\/wp\/v2\/categories?post=132413"},{"taxonomy":"post_tag","embeddable":true,"href":"https:\/\/www.nettali.com\/rest\/wp\/v2\/tags?post=132413"}],"curies":[{"name":"wp","href":"https:\/\/api.w.org\/{rel}","templated":true}]}}