{"id":132342,"date":"2024-04-26T04:22:48","date_gmt":"2024-04-26T04:22:48","guid":{"rendered":"https:\/\/www.nettali.com\/?p=132342"},"modified":"2024-04-27T08:24:17","modified_gmt":"2024-04-27T08:24:17","slug":"reunification-des-socialistes-aminata-mbengue-ndiaye-en-pourparlers-avec-khalifa-sall","status":"publish","type":"post","link":"https:\/\/www.nettali.com\/2024\/04\/26\/reunification-des-socialistes-aminata-mbengue-ndiaye-en-pourparlers-avec-khalifa-sall\/","title":{"rendered":"RE\u0301UNIFICATION DES SOCIALISTES  - Aminata Mbengue Ndiaye en pourparlers avec Khalifa Sall"},"content":{"rendered":"<div class=\"page\" title=\"Page 3\">\n<div class=\"layoutArea\">\n<div class=\"column\">\n<p><strong>NETTALI.COM - La famille socialiste pourrait, dans les jours a\u0300 venir, voir l'essentiel de ses \u201cfils\u201d retourner au bercail. La gauche sent, en effet, la ne\u0301cessite\u0301 de regrouper ses grands hommes, pour renai\u0302tre, voire conserver le legs de Le\u0301opold Se\u0301dar Senghor et d'Abdou Diouf.<\/strong><\/p>\n<p>Va-t-on vers un grand rassemblement de la gauche ? Tout porte a\u0300 le croire. La secre\u0301taire ge\u0301ne\u0301rale du Parti socialiste, Aminata Mbengue Ndiaye, a accorde\u0301 une audience a\u0300 une de\u0301le\u0301gation conduite par Khalifa Sall, Barthe\u0301lemy Dias et le \"<em>dissident<\/em>\" Jean-Baptiste Diouf, qui avait tente\u0301 \"<em>une courte e\u0301chappe\u0301e solitaire<\/em>\", a\u0300 l\u2019occasion de la dernie\u0300re Pre\u0301sidentielle.<\/p>\n<\/div>\n<div class=\"column\">\n<p>Jeudi 25 avril, lors de la 96e re\u0301union du Secre\u0301tariat exe\u0301cutif national (Sen) du Parti socialiste (PS), qui s'est tenue a\u0300 la Maison du parti Le\u0301opold Se\u0301dar Senghor de Colobane, il a e\u0301te\u0301 de\u0301cide\u0301 d'e\u0301valuer l'e\u0301lection pre\u0301sidentielle du 24 mars dernier ainsi que l'audience qui a eu lieu.<\/p>\n<\/div>\n<div class=\"column\">\n<p>\"<em>On est en train de travailler sur le retour des socialistes<\/em>\", pre\u0301cise une source contacte\u0301e par \u201cEnQue\u0302te\u201d, non sans souligner que rien n\u2019est encore ficele\u0301, actuellement. \u201c<em>C\u2019est un travail de longue haleine. C\u0327a ne se fait pas en un seul jour. On veut ras- sembler toute la gauche<\/em>\u201d, pre\u0301cise notre interlocuteur.<\/p>\n<p>Ainsi, il ne s\u2019agit pas de dire que Barthe\u0301lemy Dias et Khalifa Sall reviennent au PS, mais pluto\u0302t une volonte\u0301 de regrouper toute la \"<em>famille\"<\/em>.<\/p>\n<p>Lors de l'e\u0301lection pre\u0301sidentielle de 2024, le chef de file de Taxawu Se\u0301ne\u0301gal n'a obtenu que 1,56 % des voix, ce qui a marque\u0301 un important recul. D'un autre co\u0302te\u0301, Aminata Mbengue Ndiaye, ayant rejoint Benno Book Yaakaar, a vu son candidat Amadou Ba e\u0302tre largement surpasse\u0301 par Bassirou Diomaye Faye, lequel a remporte\u0301 l'e\u0301lection avec 54,27 % des suffrages.<\/p>\n<div class=\"page\" title=\"Page 3\">\n<div class=\"layoutArea\">\n<div class=\"column\">\n<p>D'apre\u0300s ce proche des deux camps, il est impe\u0301ratif qu\u2019ils s'unissent a\u0300 nouveau. \"<em>La\u0300, dit-il, c\u2019est le moment de se retrouver et de travailler ensemble. Chacun a un enseignement de ce qui s\u2019est passe\u0301. C\u2019est obligatoire, ne\u0301cessaire que le Parti socialiste se retrouve. Senghor et Abdou Diouf avaient laisse\u0301 un legs aux socialistes. Le Parti socialiste e\u0301tait le plus puissant d\u2019alors\"<\/em>.<\/p>\n<p>A\u0300 ses yeux, la gauche devrait arre\u0302ter de se ranger derrie\u0300re les autres partis. Notre interlocuteur estime \u201canormal\u201d que les socialistes jouent les seconds ro\u0302les dans la marche politique de ce pays. Aujourd'hui, il pense que les socialistes en sont conscients. L\u2019appel provient de Khalifa Sall.<\/p>\n<p>Durant la Pre\u0301sidentielle, le leader de Taxawu avait demande\u0301 que la gauche se retrouve. \"<em>Tout le monde connai\u0302t l\u2019appareil socialiste qui est ancre\u0301 dans la nomenclature se\u0301ne\u0301galaise. Une retrouvaille sera une aubaine pour tous les socialistes\"<\/em>, croit savoir notre interlocuteur.<\/p>\n<p>Toutefois, cette ide\u0301e n\u2019enchante pas tous les concerne\u0301s. En effet, un proche de Khalifa Sall de\u0301clare : \"<em>Moi, le Parti socialiste ne m'inte\u0301resse pas. Pour moi, c\u2019est la dernie\u0300re<\/em>\", a-t-il dit. Avant d\u2019ajouter : \"<em>On est en phase d'e\u0301valuation, on n'a encore rien e\u0301voque\u0301. Quand on aura fini l\u2019e\u0301valuation, on sera maintenant dans la perspective.<\/em>\"<\/p>\n<\/div>\n<\/div>\n<\/div>\n<\/div>\n<\/div>\n<\/div>\n<p>&nbsp;<\/p>\n<div class='share-to-whatsapp-wrapper'><div class='share-on-whsp'>PARTAGER SUR : <\/div><a data-text='RE\u0301UNIFICATION DES SOCIALISTES  - Aminata Mbengue Ndiaye en pourparlers avec Khalifa Sall' data-link='https:\/\/www.nettali.com\/2024\/04\/26\/reunification-des-socialistes-aminata-mbengue-ndiaye-en-pourparlers-avec-khalifa-sall\/' class='whatsapp-button whatsapp-share'>WhatsApp<\/a><div class='clear '><\/div><\/div>","protected":false},"excerpt":{"rendered":"<p>NETTALI.COM - La famille socialiste pourrait, dans les jours a\u0300 venir, voir l'essentiel de ses \u201cfils\u201d retourner au bercail. La gauche sent, en effet, la ne\u0301cessite\u0301 de regrouper ses grands hommes, pour renai\u0302tre, voire conserver le legs de Le\u0301opold Se\u0301dar Senghor et d'Abdou Diouf. Va-t-on vers un grand rassemblement de la gauche ? Tout porte [&hellip;]<\/p>\n","protected":false},"author":2,"featured_media":132348,"comment_status":"open","ping_status":"open","sticky":false,"template":"","format":"standard","meta":{"_et_pb_use_builder":"","_et_pb_old_content":""},"categories":[2],"tags":[],"yoast_head":"<!-- This site is optimized with the Yoast SEO Premium plugin v17.8 (Yoast SEO v17.8) - https:\/\/yoast.com\/wordpress\/plugins\/seo\/ -->\n<title>RE\u0301UNIFICATION DES SOCIALISTES - Aminata Mbengue Ndiaye en pourparlers avec Khalifa Sall | Nettali.com<\/title>\n<meta name=\"robots\" content=\"index, follow, max-snippet:-1, max-image-preview:large, max-video-preview:-1\" \/>\n<link rel=\"canonical\" href=\"https:\/\/www.nettali.com\/2024\/04\/26\/reunification-des-socialistes-aminata-mbengue-ndiaye-en-pourparlers-avec-khalifa-sall\/\" \/>\n<meta property=\"og:locale\" content=\"fr_FR\" \/>\n<meta property=\"og:type\" content=\"article\" \/>\n<meta property=\"og:title\" content=\"RE\u0301UNIFICATION DES SOCIALISTES - Aminata Mbengue Ndiaye en pourparlers avec Khalifa Sall\" \/>\n<meta property=\"og:description\" content=\"NETTALI.COM - La famille socialiste pourrait, dans les jours a\u0300 venir, voir l&#039;essentiel de ses \u201cfils\u201d retourner au bercail. La gauche sent, en effet, la ne\u0301cessite\u0301 de regrouper ses grands hommes, pour renai\u0302tre, voire conserver le legs de Le\u0301opold Se\u0301dar Senghor et d&#039;Abdou Diouf. Va-t-on vers un grand rassemblement de la gauche ? Tout porte [&hellip;]\" \/>\n<meta property=\"og:url\" content=\"https:\/\/www.nettali.com\/2024\/04\/26\/reunification-des-socialistes-aminata-mbengue-ndiaye-en-pourparlers-avec-khalifa-sall\/\" \/>\n<meta property=\"og:site_name\" content=\"Nettali.com\" \/>\n<meta property=\"article:publisher\" content=\"https:\/\/www.facebook.com\/nettalicom\" \/>\n<meta property=\"article:published_time\" content=\"2024-04-26T04:22:48+00:00\" \/>\n<meta property=\"article:modified_time\" content=\"2024-04-27T08:24:17+00:00\" \/>\n<meta property=\"og:image\" content=\"https:\/\/www.nettali.com\/wp-content\/uploads\/2024\/04\/images-6.jpeg\" \/>\n\t<meta property=\"og:image:width\" content=\"322\" \/>\n\t<meta property=\"og:image:height\" content=\"157\" \/>\n<meta name=\"twitter:card\" content=\"summary_large_image\" \/>\n<meta name=\"twitter:label1\" content=\"\u00c9crit par\" \/>\n\t<meta name=\"twitter:data1\" content=\"CK\" \/>\n\t<meta name=\"twitter:label2\" content=\"Dur\u00e9e de lecture estim\u00e9e\" \/>\n\t<meta name=\"twitter:data2\" content=\"3 minutes\" \/>\n<script type=\"application\/ld+json\" class=\"yoast-schema-graph\">{\"@context\":\"https:\/\/schema.org\",\"@graph\":[{\"@type\":\"WebSite\",\"@id\":\"https:\/\/www.nettali.com\/#website\",\"url\":\"https:\/\/www.nettali.com\/\",\"name\":\"Nettali.com\",\"description\":\"Le rendez-vous critique du Net\",\"potentialAction\":[{\"@type\":\"SearchAction\",\"target\":{\"@type\":\"EntryPoint\",\"urlTemplate\":\"https:\/\/www.nettali.com\/?s={search_term_string}\"},\"query-input\":\"required name=search_term_string\"}],\"inLanguage\":\"fr-FR\"},{\"@type\":\"ImageObject\",\"@id\":\"https:\/\/www.nettali.com\/2024\/04\/26\/reunification-des-socialistes-aminata-mbengue-ndiaye-en-pourparlers-avec-khalifa-sall\/#primaryimage\",\"inLanguage\":\"fr-FR\",\"url\":\"https:\/\/www.nettali.com\/wp-content\/uploads\/2024\/04\/images-6.jpeg\",\"contentUrl\":\"https:\/\/www.nettali.com\/wp-content\/uploads\/2024\/04\/images-6.jpeg\",\"width\":322,\"height\":157},{\"@type\":\"WebPage\",\"@id\":\"https:\/\/www.nettali.com\/2024\/04\/26\/reunification-des-socialistes-aminata-mbengue-ndiaye-en-pourparlers-avec-khalifa-sall\/#webpage\",\"url\":\"https:\/\/www.nettali.com\/2024\/04\/26\/reunification-des-socialistes-aminata-mbengue-ndiaye-en-pourparlers-avec-khalifa-sall\/\",\"name\":\"RE\\u0301UNIFICATION DES SOCIALISTES - Aminata Mbengue Ndiaye en pourparlers avec Khalifa Sall | Nettali.com\",\"isPartOf\":{\"@id\":\"https:\/\/www.nettali.com\/#website\"},\"primaryImageOfPage\":{\"@id\":\"https:\/\/www.nettali.com\/2024\/04\/26\/reunification-des-socialistes-aminata-mbengue-ndiaye-en-pourparlers-avec-khalifa-sall\/#primaryimage\"},\"datePublished\":\"2024-04-26T04:22:48+00:00\",\"dateModified\":\"2024-04-27T08:24:17+00:00\",\"author\":{\"@id\":\"https:\/\/www.nettali.com\/#\/schema\/person\/d8ac7b7e27ddad43f1c0d2ef090d7f71\"},\"breadcrumb\":{\"@id\":\"https:\/\/www.nettali.com\/2024\/04\/26\/reunification-des-socialistes-aminata-mbengue-ndiaye-en-pourparlers-avec-khalifa-sall\/#breadcrumb\"},\"inLanguage\":\"fr-FR\",\"potentialAction\":[{\"@type\":\"ReadAction\",\"target\":[\"https:\/\/www.nettali.com\/2024\/04\/26\/reunification-des-socialistes-aminata-mbengue-ndiaye-en-pourparlers-avec-khalifa-sall\/\"]}]},{\"@type\":\"BreadcrumbList\",\"@id\":\"https:\/\/www.nettali.com\/2024\/04\/26\/reunification-des-socialistes-aminata-mbengue-ndiaye-en-pourparlers-avec-khalifa-sall\/#breadcrumb\",\"itemListElement\":[{\"@type\":\"ListItem\",\"position\":1,\"name\":\"Accueil\",\"item\":\"https:\/\/www.nettali.com\/\"},{\"@type\":\"ListItem\",\"position\":2,\"name\":\"RE\\u0301UNIFICATION DES SOCIALISTES - Aminata Mbengue Ndiaye en pourparlers avec Khalifa Sall\"}]},{\"@type\":\"Person\",\"@id\":\"https:\/\/www.nettali.com\/#\/schema\/person\/d8ac7b7e27ddad43f1c0d2ef090d7f71\",\"name\":\"CK\",\"image\":{\"@type\":\"ImageObject\",\"@id\":\"https:\/\/www.nettali.com\/#personlogo\",\"inLanguage\":\"fr-FR\",\"url\":\"https:\/\/secure.gravatar.com\/avatar\/1d8d5118b9327d94da7cd4ce7f17fec2?s=96&d=mm&r=g\",\"contentUrl\":\"https:\/\/secure.gravatar.com\/avatar\/1d8d5118b9327d94da7cd4ce7f17fec2?s=96&d=mm&r=g\",\"caption\":\"CK\"},\"sameAs\":[\"https:\/\/www.nettali.com\"]}]}<\/script>\n<!-- \/ Yoast SEO Premium plugin. -->","yoast_head_json":{"title":"RE\u0301UNIFICATION DES SOCIALISTES - Aminata Mbengue Ndiaye en pourparlers avec Khalifa Sall | Nettali.com","robots":{"index":"index","follow":"follow","max-snippet":"max-snippet:-1","max-image-preview":"max-image-preview:large","max-video-preview":"max-video-preview:-1"},"canonical":"https:\/\/www.nettali.com\/2024\/04\/26\/reunification-des-socialistes-aminata-mbengue-ndiaye-en-pourparlers-avec-khalifa-sall\/","og_locale":"fr_FR","og_type":"article","og_title":"RE\u0301UNIFICATION DES SOCIALISTES - Aminata Mbengue Ndiaye en pourparlers avec Khalifa Sall","og_description":"NETTALI.COM - La famille socialiste pourrait, dans les jours a\u0300 venir, voir l'essentiel de ses \u201cfils\u201d retourner au bercail. La gauche sent, en effet, la ne\u0301cessite\u0301 de regrouper ses grands hommes, pour renai\u0302tre, voire conserver le legs de Le\u0301opold Se\u0301dar Senghor et d'Abdou Diouf. Va-t-on vers un grand rassemblement de la gauche ? Tout porte [&hellip;]","og_url":"https:\/\/www.nettali.com\/2024\/04\/26\/reunification-des-socialistes-aminata-mbengue-ndiaye-en-pourparlers-avec-khalifa-sall\/","og_site_name":"Nettali.com","article_publisher":"https:\/\/www.facebook.com\/nettalicom","article_published_time":"2024-04-26T04:22:48+00:00","article_modified_time":"2024-04-27T08:24:17+00:00","og_image":[{"width":322,"height":157,"url":"https:\/\/www.nettali.com\/wp-content\/uploads\/2024\/04\/images-6.jpeg","type":"image\/jpeg"}],"twitter_card":"summary_large_image","twitter_misc":{"\u00c9crit par":"CK","Dur\u00e9e de lecture estim\u00e9e":"3 minutes"},"schema":{"@context":"https:\/\/schema.org","@graph":[{"@type":"WebSite","@id":"https:\/\/www.nettali.com\/#website","url":"https:\/\/www.nettali.com\/","name":"Nettali.com","description":"Le rendez-vous critique du Net","potentialAction":[{"@type":"SearchAction","target":{"@type":"EntryPoint","urlTemplate":"https:\/\/www.nettali.com\/?s={search_term_string}"},"query-input":"required name=search_term_string"}],"inLanguage":"fr-FR"},{"@type":"ImageObject","@id":"https:\/\/www.nettali.com\/2024\/04\/26\/reunification-des-socialistes-aminata-mbengue-ndiaye-en-pourparlers-avec-khalifa-sall\/#primaryimage","inLanguage":"fr-FR","url":"https:\/\/www.nettali.com\/wp-content\/uploads\/2024\/04\/images-6.jpeg","contentUrl":"https:\/\/www.nettali.com\/wp-content\/uploads\/2024\/04\/images-6.jpeg","width":322,"height":157},{"@type":"WebPage","@id":"https:\/\/www.nettali.com\/2024\/04\/26\/reunification-des-socialistes-aminata-mbengue-ndiaye-en-pourparlers-avec-khalifa-sall\/#webpage","url":"https:\/\/www.nettali.com\/2024\/04\/26\/reunification-des-socialistes-aminata-mbengue-ndiaye-en-pourparlers-avec-khalifa-sall\/","name":"RE\u0301UNIFICATION DES SOCIALISTES - Aminata Mbengue Ndiaye en pourparlers avec Khalifa Sall | Nettali.com","isPartOf":{"@id":"https:\/\/www.nettali.com\/#website"},"primaryImageOfPage":{"@id":"https:\/\/www.nettali.com\/2024\/04\/26\/reunification-des-socialistes-aminata-mbengue-ndiaye-en-pourparlers-avec-khalifa-sall\/#primaryimage"},"datePublished":"2024-04-26T04:22:48+00:00","dateModified":"2024-04-27T08:24:17+00:00","author":{"@id":"https:\/\/www.nettali.com\/#\/schema\/person\/d8ac7b7e27ddad43f1c0d2ef090d7f71"},"breadcrumb":{"@id":"https:\/\/www.nettali.com\/2024\/04\/26\/reunification-des-socialistes-aminata-mbengue-ndiaye-en-pourparlers-avec-khalifa-sall\/#breadcrumb"},"inLanguage":"fr-FR","potentialAction":[{"@type":"ReadAction","target":["https:\/\/www.nettali.com\/2024\/04\/26\/reunification-des-socialistes-aminata-mbengue-ndiaye-en-pourparlers-avec-khalifa-sall\/"]}]},{"@type":"BreadcrumbList","@id":"https:\/\/www.nettali.com\/2024\/04\/26\/reunification-des-socialistes-aminata-mbengue-ndiaye-en-pourparlers-avec-khalifa-sall\/#breadcrumb","itemListElement":[{"@type":"ListItem","position":1,"name":"Accueil","item":"https:\/\/www.nettali.com\/"},{"@type":"ListItem","position":2,"name":"RE\u0301UNIFICATION DES SOCIALISTES - Aminata Mbengue Ndiaye en pourparlers avec Khalifa Sall"}]},{"@type":"Person","@id":"https:\/\/www.nettali.com\/#\/schema\/person\/d8ac7b7e27ddad43f1c0d2ef090d7f71","name":"CK","image":{"@type":"ImageObject","@id":"https:\/\/www.nettali.com\/#personlogo","inLanguage":"fr-FR","url":"https:\/\/secure.gravatar.com\/avatar\/1d8d5118b9327d94da7cd4ce7f17fec2?s=96&d=mm&r=g","contentUrl":"https:\/\/secure.gravatar.com\/avatar\/1d8d5118b9327d94da7cd4ce7f17fec2?s=96&d=mm&r=g","caption":"CK"},"sameAs":["https:\/\/www.nettali.com"]}]}},"_links":{"self":[{"href":"https:\/\/www.nettali.com\/rest\/wp\/v2\/posts\/132342"}],"collection":[{"href":"https:\/\/www.nettali.com\/rest\/wp\/v2\/posts"}],"about":[{"href":"https:\/\/www.nettali.com\/rest\/wp\/v2\/types\/post"}],"author":[{"embeddable":true,"href":"https:\/\/www.nettali.com\/rest\/wp\/v2\/users\/2"}],"replies":[{"embeddable":true,"href":"https:\/\/www.nettali.com\/rest\/wp\/v2\/comments?post=132342"}],"version-history":[{"count":3,"href":"https:\/\/www.nettali.com\/rest\/wp\/v2\/posts\/132342\/revisions"}],"predecessor-version":[{"id":132347,"href":"https:\/\/www.nettali.com\/rest\/wp\/v2\/posts\/132342\/revisions\/132347"}],"wp:featuredmedia":[{"embeddable":true,"href":"https:\/\/www.nettali.com\/rest\/wp\/v2\/media\/132348"}],"wp:attachment":[{"href":"https:\/\/www.nettali.com\/rest\/wp\/v2\/media?parent=132342"}],"wp:term":[{"taxonomy":"category","embeddable":true,"href":"https:\/\/www.nettali.com\/rest\/wp\/v2\/categories?post=132342"},{"taxonomy":"post_tag","embeddable":true,"href":"https:\/\/www.nettali.com\/rest\/wp\/v2\/tags?post=132342"}],"curies":[{"name":"wp","href":"https:\/\/api.w.org\/{rel}","templated":true}]}}