{"id":132290,"date":"2024-04-25T14:04:39","date_gmt":"2024-04-25T14:04:39","guid":{"rendered":"https:\/\/www.nettali.com\/?p=132290"},"modified":"2024-04-25T14:04:39","modified_gmt":"2024-04-25T14:04:39","slug":"fc-barcelone-xavi-va-rester","status":"publish","type":"post","link":"https:\/\/www.nettali.com\/2024\/04\/25\/fc-barcelone-xavi-va-rester\/","title":{"rendered":"FC BARCELONE - Xavi va rester !"},"content":{"rendered":"<p><strong>NETTALI.COM - Rebondissement au FC Barcelone ! Apr\u00e8s avoir martel\u00e9 pendant des semaines qu'il ne comptait pas revenir sur sa d\u00e9cision annonc\u00e9e le 27 janvier dernier, Xavi a finalement d\u00e9cid\u00e9 de rester sur le banc du Bar\u00e7a en fin de saison.<\/strong><\/p>\n<p>La presse espagnole affirme en effet que le coach blaugrana a \u00e9t\u00e9 convaincu par sa direction lors d'une r\u00e9union d\u00e9cisive qui se tenait ce mercredi 24 avril.<\/p>\n<p>mUne entrevue entre Deco et Xavi a notamment donn\u00e9 lieu \u00e0 un d\u00e9saccord sur le staff qui semblait avoir cr\u00e9\u00e9 un vrai froid. Mais une r\u00e9union au sommet ce mercredi soir avec Xavi, Deco, Rafa Yuste et Joan Laporta a semble-t-il r\u00e9gl\u00e9 les choses, Xavi obtenant les garanties n\u00e9cessaires pour rester.<br \/>\nD'abord, selon Mundo Deportivo, celle que son staff ne changera pas, comme le souhait le coach.<br \/>\nEn parall\u00e8le, Xavi aurait \u00e9galement accueilli la confiance du board barcelonais sur le prochain Mercato estival d'apr\u00e8s le journaliste Xavi Lemus. Laporta serait notamment confiant sur le fait que le fair-play financier permettra que chaque vente soit r\u00e9investie sur le march\u00e9 pour des recrues, avec la r\u00e8gle du 1:1.<br \/>\nEnfin, le journaliste Ramon Salmurri assure que le dossier Bernardo Silva aurait m\u00eame \u00e9t\u00e9 \u00e9voqu\u00e9, avec une vraie confiance pour pouvoir le conclure...<\/p>\n<p>Ainsi, sauf changement de derni\u00e8re minut, l'ancien embl\u00e9matique capitaine du Bar\u00e7a va donc poursuivre son travail jusqu'\u00e0 la fin de son contrat en juin 2025.<\/p>\n<div class='share-to-whatsapp-wrapper'><div class='share-on-whsp'>PARTAGER SUR : <\/div><a data-text='FC BARCELONE - Xavi va rester !' data-link='https:\/\/www.nettali.com\/2024\/04\/25\/fc-barcelone-xavi-va-rester\/' class='whatsapp-button whatsapp-share'>WhatsApp<\/a><div class='clear '><\/div><\/div>","protected":false},"excerpt":{"rendered":"<p>NETTALI.COM - Rebondissement au FC Barcelone ! Apr\u00e8s avoir martel\u00e9 pendant des semaines qu'il ne comptait pas revenir sur sa d\u00e9cision annonc\u00e9e le 27 janvier dernier, Xavi a finalement d\u00e9cid\u00e9 de rester sur le banc du Bar\u00e7a en fin de saison. La presse espagnole affirme en effet que le coach blaugrana a \u00e9t\u00e9 convaincu par [&hellip;]<\/p>\n","protected":false},"author":5,"featured_media":132291,"comment_status":"open","ping_status":"open","sticky":false,"template":"","format":"standard","meta":{"_et_pb_use_builder":"","_et_pb_old_content":""},"categories":[6],"tags":[],"yoast_head":"<!-- This site is optimized with the Yoast SEO Premium plugin v17.8 (Yoast SEO v17.8) - https:\/\/yoast.com\/wordpress\/plugins\/seo\/ -->\n<title>FC BARCELONE - Xavi va rester ! | Nettali.com<\/title>\n<meta name=\"robots\" content=\"index, follow, max-snippet:-1, max-image-preview:large, max-video-preview:-1\" \/>\n<link rel=\"canonical\" href=\"https:\/\/www.nettali.com\/2024\/04\/25\/fc-barcelone-xavi-va-rester\/\" \/>\n<meta property=\"og:locale\" content=\"fr_FR\" \/>\n<meta property=\"og:type\" content=\"article\" \/>\n<meta property=\"og:title\" content=\"FC BARCELONE - Xavi va rester !\" \/>\n<meta property=\"og:description\" content=\"NETTALI.COM - Rebondissement au FC Barcelone ! Apr\u00e8s avoir martel\u00e9 pendant des semaines qu&#039;il ne comptait pas revenir sur sa d\u00e9cision annonc\u00e9e le 27 janvier dernier, Xavi a finalement d\u00e9cid\u00e9 de rester sur le banc du Bar\u00e7a en fin de saison. La presse espagnole affirme en effet que le coach blaugrana a \u00e9t\u00e9 convaincu par [&hellip;]\" \/>\n<meta property=\"og:url\" content=\"https:\/\/www.nettali.com\/2024\/04\/25\/fc-barcelone-xavi-va-rester\/\" \/>\n<meta property=\"og:site_name\" content=\"Nettali.com\" \/>\n<meta property=\"article:publisher\" content=\"https:\/\/www.facebook.com\/nettalicom\" \/>\n<meta property=\"article:published_time\" content=\"2024-04-25T14:04:39+00:00\" \/>\n<meta property=\"og:image\" content=\"https:\/\/www.nettali.com\/wp-content\/uploads\/2024\/04\/8095d4b3-e636-42b3-93d3-86ca941dd5cb.jpeg\" \/>\n\t<meta property=\"og:image:width\" content=\"900\" \/>\n\t<meta property=\"og:image:height\" content=\"600\" \/>\n<meta name=\"twitter:card\" content=\"summary_large_image\" \/>\n<meta name=\"twitter:label1\" content=\"\u00c9crit par\" \/>\n\t<meta name=\"twitter:data1\" content=\"Ibrahima\" \/>\n\t<meta name=\"twitter:label2\" content=\"Dur\u00e9e de lecture estim\u00e9e\" \/>\n\t<meta name=\"twitter:data2\" content=\"2 minutes\" \/>\n<script type=\"application\/ld+json\" class=\"yoast-schema-graph\">{\"@context\":\"https:\/\/schema.org\",\"@graph\":[{\"@type\":\"WebSite\",\"@id\":\"https:\/\/www.nettali.com\/#website\",\"url\":\"https:\/\/www.nettali.com\/\",\"name\":\"Nettali.com\",\"description\":\"Le rendez-vous critique du Net\",\"potentialAction\":[{\"@type\":\"SearchAction\",\"target\":{\"@type\":\"EntryPoint\",\"urlTemplate\":\"https:\/\/www.nettali.com\/?s={search_term_string}\"},\"query-input\":\"required name=search_term_string\"}],\"inLanguage\":\"fr-FR\"},{\"@type\":\"ImageObject\",\"@id\":\"https:\/\/www.nettali.com\/2024\/04\/25\/fc-barcelone-xavi-va-rester\/#primaryimage\",\"inLanguage\":\"fr-FR\",\"url\":\"https:\/\/www.nettali.com\/wp-content\/uploads\/2024\/04\/8095d4b3-e636-42b3-93d3-86ca941dd5cb.jpeg\",\"contentUrl\":\"https:\/\/www.nettali.com\/wp-content\/uploads\/2024\/04\/8095d4b3-e636-42b3-93d3-86ca941dd5cb.jpeg\",\"width\":900,\"height\":600},{\"@type\":\"WebPage\",\"@id\":\"https:\/\/www.nettali.com\/2024\/04\/25\/fc-barcelone-xavi-va-rester\/#webpage\",\"url\":\"https:\/\/www.nettali.com\/2024\/04\/25\/fc-barcelone-xavi-va-rester\/\",\"name\":\"FC BARCELONE - Xavi va rester ! | Nettali.com\",\"isPartOf\":{\"@id\":\"https:\/\/www.nettali.com\/#website\"},\"primaryImageOfPage\":{\"@id\":\"https:\/\/www.nettali.com\/2024\/04\/25\/fc-barcelone-xavi-va-rester\/#primaryimage\"},\"datePublished\":\"2024-04-25T14:04:39+00:00\",\"dateModified\":\"2024-04-25T14:04:39+00:00\",\"author\":{\"@id\":\"https:\/\/www.nettali.com\/#\/schema\/person\/bb147657c2986240405a608162b9bb23\"},\"breadcrumb\":{\"@id\":\"https:\/\/www.nettali.com\/2024\/04\/25\/fc-barcelone-xavi-va-rester\/#breadcrumb\"},\"inLanguage\":\"fr-FR\",\"potentialAction\":[{\"@type\":\"ReadAction\",\"target\":[\"https:\/\/www.nettali.com\/2024\/04\/25\/fc-barcelone-xavi-va-rester\/\"]}]},{\"@type\":\"BreadcrumbList\",\"@id\":\"https:\/\/www.nettali.com\/2024\/04\/25\/fc-barcelone-xavi-va-rester\/#breadcrumb\",\"itemListElement\":[{\"@type\":\"ListItem\",\"position\":1,\"name\":\"Accueil\",\"item\":\"https:\/\/www.nettali.com\/\"},{\"@type\":\"ListItem\",\"position\":2,\"name\":\"FC BARCELONE - Xavi va rester !\"}]},{\"@type\":\"Person\",\"@id\":\"https:\/\/www.nettali.com\/#\/schema\/person\/bb147657c2986240405a608162b9bb23\",\"name\":\"Ibrahima\",\"image\":{\"@type\":\"ImageObject\",\"@id\":\"https:\/\/www.nettali.com\/#personlogo\",\"inLanguage\":\"fr-FR\",\"url\":\"https:\/\/secure.gravatar.com\/avatar\/26a8a81f09f0dd7624c9d5c36c9ba3a2?s=96&d=mm&r=g\",\"contentUrl\":\"https:\/\/secure.gravatar.com\/avatar\/26a8a81f09f0dd7624c9d5c36c9ba3a2?s=96&d=mm&r=g\",\"caption\":\"Ibrahima\"},\"sameAs\":[\"https:\/\/www.nettali.com\"]}]}<\/script>\n<!-- \/ Yoast SEO Premium plugin. -->","yoast_head_json":{"title":"FC BARCELONE - Xavi va rester ! | Nettali.com","robots":{"index":"index","follow":"follow","max-snippet":"max-snippet:-1","max-image-preview":"max-image-preview:large","max-video-preview":"max-video-preview:-1"},"canonical":"https:\/\/www.nettali.com\/2024\/04\/25\/fc-barcelone-xavi-va-rester\/","og_locale":"fr_FR","og_type":"article","og_title":"FC BARCELONE - Xavi va rester !","og_description":"NETTALI.COM - Rebondissement au FC Barcelone ! Apr\u00e8s avoir martel\u00e9 pendant des semaines qu'il ne comptait pas revenir sur sa d\u00e9cision annonc\u00e9e le 27 janvier dernier, Xavi a finalement d\u00e9cid\u00e9 de rester sur le banc du Bar\u00e7a en fin de saison. La presse espagnole affirme en effet que le coach blaugrana a \u00e9t\u00e9 convaincu par [&hellip;]","og_url":"https:\/\/www.nettali.com\/2024\/04\/25\/fc-barcelone-xavi-va-rester\/","og_site_name":"Nettali.com","article_publisher":"https:\/\/www.facebook.com\/nettalicom","article_published_time":"2024-04-25T14:04:39+00:00","og_image":[{"width":900,"height":600,"url":"https:\/\/www.nettali.com\/wp-content\/uploads\/2024\/04\/8095d4b3-e636-42b3-93d3-86ca941dd5cb.jpeg","type":"image\/jpeg"}],"twitter_card":"summary_large_image","twitter_misc":{"\u00c9crit par":"Ibrahima","Dur\u00e9e de lecture estim\u00e9e":"2 minutes"},"schema":{"@context":"https:\/\/schema.org","@graph":[{"@type":"WebSite","@id":"https:\/\/www.nettali.com\/#website","url":"https:\/\/www.nettali.com\/","name":"Nettali.com","description":"Le rendez-vous critique du Net","potentialAction":[{"@type":"SearchAction","target":{"@type":"EntryPoint","urlTemplate":"https:\/\/www.nettali.com\/?s={search_term_string}"},"query-input":"required name=search_term_string"}],"inLanguage":"fr-FR"},{"@type":"ImageObject","@id":"https:\/\/www.nettali.com\/2024\/04\/25\/fc-barcelone-xavi-va-rester\/#primaryimage","inLanguage":"fr-FR","url":"https:\/\/www.nettali.com\/wp-content\/uploads\/2024\/04\/8095d4b3-e636-42b3-93d3-86ca941dd5cb.jpeg","contentUrl":"https:\/\/www.nettali.com\/wp-content\/uploads\/2024\/04\/8095d4b3-e636-42b3-93d3-86ca941dd5cb.jpeg","width":900,"height":600},{"@type":"WebPage","@id":"https:\/\/www.nettali.com\/2024\/04\/25\/fc-barcelone-xavi-va-rester\/#webpage","url":"https:\/\/www.nettali.com\/2024\/04\/25\/fc-barcelone-xavi-va-rester\/","name":"FC BARCELONE - Xavi va rester ! | Nettali.com","isPartOf":{"@id":"https:\/\/www.nettali.com\/#website"},"primaryImageOfPage":{"@id":"https:\/\/www.nettali.com\/2024\/04\/25\/fc-barcelone-xavi-va-rester\/#primaryimage"},"datePublished":"2024-04-25T14:04:39+00:00","dateModified":"2024-04-25T14:04:39+00:00","author":{"@id":"https:\/\/www.nettali.com\/#\/schema\/person\/bb147657c2986240405a608162b9bb23"},"breadcrumb":{"@id":"https:\/\/www.nettali.com\/2024\/04\/25\/fc-barcelone-xavi-va-rester\/#breadcrumb"},"inLanguage":"fr-FR","potentialAction":[{"@type":"ReadAction","target":["https:\/\/www.nettali.com\/2024\/04\/25\/fc-barcelone-xavi-va-rester\/"]}]},{"@type":"BreadcrumbList","@id":"https:\/\/www.nettali.com\/2024\/04\/25\/fc-barcelone-xavi-va-rester\/#breadcrumb","itemListElement":[{"@type":"ListItem","position":1,"name":"Accueil","item":"https:\/\/www.nettali.com\/"},{"@type":"ListItem","position":2,"name":"FC BARCELONE - Xavi va rester !"}]},{"@type":"Person","@id":"https:\/\/www.nettali.com\/#\/schema\/person\/bb147657c2986240405a608162b9bb23","name":"Ibrahima","image":{"@type":"ImageObject","@id":"https:\/\/www.nettali.com\/#personlogo","inLanguage":"fr-FR","url":"https:\/\/secure.gravatar.com\/avatar\/26a8a81f09f0dd7624c9d5c36c9ba3a2?s=96&d=mm&r=g","contentUrl":"https:\/\/secure.gravatar.com\/avatar\/26a8a81f09f0dd7624c9d5c36c9ba3a2?s=96&d=mm&r=g","caption":"Ibrahima"},"sameAs":["https:\/\/www.nettali.com"]}]}},"_links":{"self":[{"href":"https:\/\/www.nettali.com\/rest\/wp\/v2\/posts\/132290"}],"collection":[{"href":"https:\/\/www.nettali.com\/rest\/wp\/v2\/posts"}],"about":[{"href":"https:\/\/www.nettali.com\/rest\/wp\/v2\/types\/post"}],"author":[{"embeddable":true,"href":"https:\/\/www.nettali.com\/rest\/wp\/v2\/users\/5"}],"replies":[{"embeddable":true,"href":"https:\/\/www.nettali.com\/rest\/wp\/v2\/comments?post=132290"}],"version-history":[{"count":2,"href":"https:\/\/www.nettali.com\/rest\/wp\/v2\/posts\/132290\/revisions"}],"predecessor-version":[{"id":132301,"href":"https:\/\/www.nettali.com\/rest\/wp\/v2\/posts\/132290\/revisions\/132301"}],"wp:featuredmedia":[{"embeddable":true,"href":"https:\/\/www.nettali.com\/rest\/wp\/v2\/media\/132291"}],"wp:attachment":[{"href":"https:\/\/www.nettali.com\/rest\/wp\/v2\/media?parent=132290"}],"wp:term":[{"taxonomy":"category","embeddable":true,"href":"https:\/\/www.nettali.com\/rest\/wp\/v2\/categories?post=132290"},{"taxonomy":"post_tag","embeddable":true,"href":"https:\/\/www.nettali.com\/rest\/wp\/v2\/tags?post=132290"}],"curies":[{"name":"wp","href":"https:\/\/api.w.org\/{rel}","templated":true}]}}