{"id":132278,"date":"2024-04-25T00:27:45","date_gmt":"2024-04-25T00:27:45","guid":{"rendered":"https:\/\/www.nettali.com\/?p=132278"},"modified":"2024-04-25T00:27:45","modified_gmt":"2024-04-25T00:27:45","slug":"violences-de-2021-a-2024-bassirou-diomaye-faye-va-indemniser-les-victimes","status":"publish","type":"post","link":"https:\/\/www.nettali.com\/2024\/04\/25\/violences-de-2021-a-2024-bassirou-diomaye-faye-va-indemniser-les-victimes\/","title":{"rendered":"VIOLENCES DE 2021 A 2024 - Bassirou Diomaye Faye va indemniser les victimes"},"content":{"rendered":"<p><strong>NETTALI.COM - Justice sera rendue aux victimes des violences politiques qui ont marqu\u00e9 le S\u00e9n\u00e9gal de janvier 2021 \u00e0 f\u00e9vrier 2024. Le pr\u00e9sident de la R\u00e9publique a \u00e9voqu\u00e9 la question ce mercredi en Conseil des ministres.\u00a0<\/strong><\/p>\n<p>Le Pr\u00e9sident Bassirou Diomaye Faye est particuli\u00e8rement soucieux du renforcement de la r\u00e9conciliation nationale. C'est du moins ce que rapporte le communiqu\u00e9 sanctionnant la r\u00e9union du Conseil des ministres de ce mercredi. La m\u00eame source rapporte que cette r\u00e9conciliation passe, de l'avis de Bassirou Diomaye Faye, \"<em>par la justice dans le traitement ad\u00e9quat des cas des victimes des \u00e9v\u00e8nements de janvier 2021 \u00e0 f\u00e9vrier 2024, notamment les familles endeuill\u00e9es et les bless\u00e9s<\/em>\". \"<em>A cet effet, le chef de l\u2019Etat a demand\u00e9 au Premier ministre de mettre en place une commission d\u2019indemnisation des victimes des \u00e9v\u00e8nements de janvier 2021 \u00e0 f\u00e9vrier 2024<\/em>\", lit-on sur le communiqu\u00e9 du Conseil des ministres.<\/p>\n<p>Et d'indiquer : \"<em>Ladite commission devra s\u2019atteler, dans les meilleurs d\u00e9lais, \u00e0 identifier les victimes et proc\u00e9der \u00e0 l\u2019\u00e9valuation des pr\u00e9judices subis, ainsi qu\u2019\u00e0 la prise en charge effective des bless\u00e9s en cours de traitement.<\/em>\" \"<em>En outre, le Premier ministre devra faire, avec les ministres concern\u00e9s, le point sur l\u2019\u00e9tat d\u2019avancement de ce dossier prioritaire tous les quinze (15) jours en Conseil des ministres<\/em>\", souligne le porte-parole du gouvernement.<\/p>\n<div class='share-to-whatsapp-wrapper'><div class='share-on-whsp'>PARTAGER SUR : <\/div><a data-text='VIOLENCES DE 2021 A 2024 - Bassirou Diomaye Faye va indemniser les victimes' data-link='https:\/\/www.nettali.com\/2024\/04\/25\/violences-de-2021-a-2024-bassirou-diomaye-faye-va-indemniser-les-victimes\/' class='whatsapp-button whatsapp-share'>WhatsApp<\/a><div class='clear '><\/div><\/div>","protected":false},"excerpt":{"rendered":"<p>NETTALI.COM - Justice sera rendue aux victimes des violences politiques qui ont marqu\u00e9 le S\u00e9n\u00e9gal de janvier 2021 \u00e0 f\u00e9vrier 2024. Le pr\u00e9sident de la R\u00e9publique a \u00e9voqu\u00e9 la question ce mercredi en Conseil des ministres.\u00a0 Le Pr\u00e9sident Bassirou Diomaye Faye est particuli\u00e8rement soucieux du renforcement de la r\u00e9conciliation nationale. C'est du moins ce que [&hellip;]<\/p>\n","protected":false},"author":3,"featured_media":131226,"comment_status":"open","ping_status":"open","sticky":false,"template":"","format":"standard","meta":{"_et_pb_use_builder":"","_et_pb_old_content":""},"categories":[2],"tags":[],"yoast_head":"<!-- This site is optimized with the Yoast SEO Premium plugin v17.8 (Yoast SEO v17.8) - https:\/\/yoast.com\/wordpress\/plugins\/seo\/ -->\n<title>VIOLENCES DE 2021 A 2024 - Bassirou Diomaye Faye va indemniser les victimes | Nettali.com<\/title>\n<meta name=\"robots\" content=\"index, follow, max-snippet:-1, max-image-preview:large, max-video-preview:-1\" \/>\n<link rel=\"canonical\" href=\"https:\/\/www.nettali.com\/2024\/04\/25\/violences-de-2021-a-2024-bassirou-diomaye-faye-va-indemniser-les-victimes\/\" \/>\n<meta property=\"og:locale\" content=\"fr_FR\" \/>\n<meta property=\"og:type\" content=\"article\" \/>\n<meta property=\"og:title\" content=\"VIOLENCES DE 2021 A 2024 - Bassirou Diomaye Faye va indemniser les victimes\" \/>\n<meta property=\"og:description\" content=\"NETTALI.COM - Justice sera rendue aux victimes des violences politiques qui ont marqu\u00e9 le S\u00e9n\u00e9gal de janvier 2021 \u00e0 f\u00e9vrier 2024. Le pr\u00e9sident de la R\u00e9publique a \u00e9voqu\u00e9 la question ce mercredi en Conseil des ministres.\u00a0 Le Pr\u00e9sident Bassirou Diomaye Faye est particuli\u00e8rement soucieux du renforcement de la r\u00e9conciliation nationale. C&#039;est du moins ce que [&hellip;]\" \/>\n<meta property=\"og:url\" content=\"https:\/\/www.nettali.com\/2024\/04\/25\/violences-de-2021-a-2024-bassirou-diomaye-faye-va-indemniser-les-victimes\/\" \/>\n<meta property=\"og:site_name\" content=\"Nettali.com\" \/>\n<meta property=\"article:publisher\" content=\"https:\/\/www.facebook.com\/nettalicom\" \/>\n<meta property=\"article:published_time\" content=\"2024-04-25T00:27:45+00:00\" \/>\n<meta property=\"og:image\" content=\"https:\/\/www.nettali.com\/wp-content\/uploads\/2024\/04\/Capture-de\u0301cran-2024-04-05-a\u0300-19.09.00.png\" \/>\n\t<meta property=\"og:image:width\" content=\"766\" \/>\n\t<meta property=\"og:image:height\" content=\"482\" \/>\n<meta name=\"twitter:card\" content=\"summary_large_image\" \/>\n<meta name=\"twitter:label1\" content=\"\u00c9crit par\" \/>\n\t<meta name=\"twitter:data1\" content=\"Moustapha\" \/>\n\t<meta name=\"twitter:label2\" content=\"Dur\u00e9e de lecture estim\u00e9e\" \/>\n\t<meta name=\"twitter:data2\" content=\"2 minutes\" \/>\n<script type=\"application\/ld+json\" class=\"yoast-schema-graph\">{\"@context\":\"https:\/\/schema.org\",\"@graph\":[{\"@type\":\"WebSite\",\"@id\":\"https:\/\/www.nettali.com\/#website\",\"url\":\"https:\/\/www.nettali.com\/\",\"name\":\"Nettali.com\",\"description\":\"Le rendez-vous critique du Net\",\"potentialAction\":[{\"@type\":\"SearchAction\",\"target\":{\"@type\":\"EntryPoint\",\"urlTemplate\":\"https:\/\/www.nettali.com\/?s={search_term_string}\"},\"query-input\":\"required name=search_term_string\"}],\"inLanguage\":\"fr-FR\"},{\"@type\":\"ImageObject\",\"@id\":\"https:\/\/www.nettali.com\/2024\/04\/25\/violences-de-2021-a-2024-bassirou-diomaye-faye-va-indemniser-les-victimes\/#primaryimage\",\"inLanguage\":\"fr-FR\",\"url\":\"https:\/\/www.nettali.com\/wp-content\/uploads\/2024\/04\/Capture-de\\u0301cran-2024-04-05-a\\u0300-19.09.00.png\",\"contentUrl\":\"https:\/\/www.nettali.com\/wp-content\/uploads\/2024\/04\/Capture-de\\u0301cran-2024-04-05-a\\u0300-19.09.00.png\",\"width\":766,\"height\":482},{\"@type\":\"WebPage\",\"@id\":\"https:\/\/www.nettali.com\/2024\/04\/25\/violences-de-2021-a-2024-bassirou-diomaye-faye-va-indemniser-les-victimes\/#webpage\",\"url\":\"https:\/\/www.nettali.com\/2024\/04\/25\/violences-de-2021-a-2024-bassirou-diomaye-faye-va-indemniser-les-victimes\/\",\"name\":\"VIOLENCES DE 2021 A 2024 - Bassirou Diomaye Faye va indemniser les victimes | Nettali.com\",\"isPartOf\":{\"@id\":\"https:\/\/www.nettali.com\/#website\"},\"primaryImageOfPage\":{\"@id\":\"https:\/\/www.nettali.com\/2024\/04\/25\/violences-de-2021-a-2024-bassirou-diomaye-faye-va-indemniser-les-victimes\/#primaryimage\"},\"datePublished\":\"2024-04-25T00:27:45+00:00\",\"dateModified\":\"2024-04-25T00:27:45+00:00\",\"author\":{\"@id\":\"https:\/\/www.nettali.com\/#\/schema\/person\/7962a12a6e0267f88f0ffa544c36469a\"},\"breadcrumb\":{\"@id\":\"https:\/\/www.nettali.com\/2024\/04\/25\/violences-de-2021-a-2024-bassirou-diomaye-faye-va-indemniser-les-victimes\/#breadcrumb\"},\"inLanguage\":\"fr-FR\",\"potentialAction\":[{\"@type\":\"ReadAction\",\"target\":[\"https:\/\/www.nettali.com\/2024\/04\/25\/violences-de-2021-a-2024-bassirou-diomaye-faye-va-indemniser-les-victimes\/\"]}]},{\"@type\":\"BreadcrumbList\",\"@id\":\"https:\/\/www.nettali.com\/2024\/04\/25\/violences-de-2021-a-2024-bassirou-diomaye-faye-va-indemniser-les-victimes\/#breadcrumb\",\"itemListElement\":[{\"@type\":\"ListItem\",\"position\":1,\"name\":\"Accueil\",\"item\":\"https:\/\/www.nettali.com\/\"},{\"@type\":\"ListItem\",\"position\":2,\"name\":\"VIOLENCES DE 2021 A 2024 - Bassirou Diomaye Faye va indemniser les victimes\"}]},{\"@type\":\"Person\",\"@id\":\"https:\/\/www.nettali.com\/#\/schema\/person\/7962a12a6e0267f88f0ffa544c36469a\",\"name\":\"Moustapha\",\"image\":{\"@type\":\"ImageObject\",\"@id\":\"https:\/\/www.nettali.com\/#personlogo\",\"inLanguage\":\"fr-FR\",\"url\":\"https:\/\/secure.gravatar.com\/avatar\/10fdf6a071cccdcf374e3dbe45159590?s=96&d=mm&r=g\",\"contentUrl\":\"https:\/\/secure.gravatar.com\/avatar\/10fdf6a071cccdcf374e3dbe45159590?s=96&d=mm&r=g\",\"caption\":\"Moustapha\"},\"sameAs\":[\"https:\/\/www.nettali.com\"]}]}<\/script>\n<!-- \/ Yoast SEO Premium plugin. -->","yoast_head_json":{"title":"VIOLENCES DE 2021 A 2024 - Bassirou Diomaye Faye va indemniser les victimes | Nettali.com","robots":{"index":"index","follow":"follow","max-snippet":"max-snippet:-1","max-image-preview":"max-image-preview:large","max-video-preview":"max-video-preview:-1"},"canonical":"https:\/\/www.nettali.com\/2024\/04\/25\/violences-de-2021-a-2024-bassirou-diomaye-faye-va-indemniser-les-victimes\/","og_locale":"fr_FR","og_type":"article","og_title":"VIOLENCES DE 2021 A 2024 - Bassirou Diomaye Faye va indemniser les victimes","og_description":"NETTALI.COM - Justice sera rendue aux victimes des violences politiques qui ont marqu\u00e9 le S\u00e9n\u00e9gal de janvier 2021 \u00e0 f\u00e9vrier 2024. Le pr\u00e9sident de la R\u00e9publique a \u00e9voqu\u00e9 la question ce mercredi en Conseil des ministres.\u00a0 Le Pr\u00e9sident Bassirou Diomaye Faye est particuli\u00e8rement soucieux du renforcement de la r\u00e9conciliation nationale. C'est du moins ce que [&hellip;]","og_url":"https:\/\/www.nettali.com\/2024\/04\/25\/violences-de-2021-a-2024-bassirou-diomaye-faye-va-indemniser-les-victimes\/","og_site_name":"Nettali.com","article_publisher":"https:\/\/www.facebook.com\/nettalicom","article_published_time":"2024-04-25T00:27:45+00:00","og_image":[{"width":766,"height":482,"url":"https:\/\/www.nettali.com\/wp-content\/uploads\/2024\/04\/Capture-de\u0301cran-2024-04-05-a\u0300-19.09.00.png","type":"image\/png"}],"twitter_card":"summary_large_image","twitter_misc":{"\u00c9crit par":"Moustapha","Dur\u00e9e de lecture estim\u00e9e":"2 minutes"},"schema":{"@context":"https:\/\/schema.org","@graph":[{"@type":"WebSite","@id":"https:\/\/www.nettali.com\/#website","url":"https:\/\/www.nettali.com\/","name":"Nettali.com","description":"Le rendez-vous critique du Net","potentialAction":[{"@type":"SearchAction","target":{"@type":"EntryPoint","urlTemplate":"https:\/\/www.nettali.com\/?s={search_term_string}"},"query-input":"required name=search_term_string"}],"inLanguage":"fr-FR"},{"@type":"ImageObject","@id":"https:\/\/www.nettali.com\/2024\/04\/25\/violences-de-2021-a-2024-bassirou-diomaye-faye-va-indemniser-les-victimes\/#primaryimage","inLanguage":"fr-FR","url":"https:\/\/www.nettali.com\/wp-content\/uploads\/2024\/04\/Capture-de\u0301cran-2024-04-05-a\u0300-19.09.00.png","contentUrl":"https:\/\/www.nettali.com\/wp-content\/uploads\/2024\/04\/Capture-de\u0301cran-2024-04-05-a\u0300-19.09.00.png","width":766,"height":482},{"@type":"WebPage","@id":"https:\/\/www.nettali.com\/2024\/04\/25\/violences-de-2021-a-2024-bassirou-diomaye-faye-va-indemniser-les-victimes\/#webpage","url":"https:\/\/www.nettali.com\/2024\/04\/25\/violences-de-2021-a-2024-bassirou-diomaye-faye-va-indemniser-les-victimes\/","name":"VIOLENCES DE 2021 A 2024 - Bassirou Diomaye Faye va indemniser les victimes | Nettali.com","isPartOf":{"@id":"https:\/\/www.nettali.com\/#website"},"primaryImageOfPage":{"@id":"https:\/\/www.nettali.com\/2024\/04\/25\/violences-de-2021-a-2024-bassirou-diomaye-faye-va-indemniser-les-victimes\/#primaryimage"},"datePublished":"2024-04-25T00:27:45+00:00","dateModified":"2024-04-25T00:27:45+00:00","author":{"@id":"https:\/\/www.nettali.com\/#\/schema\/person\/7962a12a6e0267f88f0ffa544c36469a"},"breadcrumb":{"@id":"https:\/\/www.nettali.com\/2024\/04\/25\/violences-de-2021-a-2024-bassirou-diomaye-faye-va-indemniser-les-victimes\/#breadcrumb"},"inLanguage":"fr-FR","potentialAction":[{"@type":"ReadAction","target":["https:\/\/www.nettali.com\/2024\/04\/25\/violences-de-2021-a-2024-bassirou-diomaye-faye-va-indemniser-les-victimes\/"]}]},{"@type":"BreadcrumbList","@id":"https:\/\/www.nettali.com\/2024\/04\/25\/violences-de-2021-a-2024-bassirou-diomaye-faye-va-indemniser-les-victimes\/#breadcrumb","itemListElement":[{"@type":"ListItem","position":1,"name":"Accueil","item":"https:\/\/www.nettali.com\/"},{"@type":"ListItem","position":2,"name":"VIOLENCES DE 2021 A 2024 - Bassirou Diomaye Faye va indemniser les victimes"}]},{"@type":"Person","@id":"https:\/\/www.nettali.com\/#\/schema\/person\/7962a12a6e0267f88f0ffa544c36469a","name":"Moustapha","image":{"@type":"ImageObject","@id":"https:\/\/www.nettali.com\/#personlogo","inLanguage":"fr-FR","url":"https:\/\/secure.gravatar.com\/avatar\/10fdf6a071cccdcf374e3dbe45159590?s=96&d=mm&r=g","contentUrl":"https:\/\/secure.gravatar.com\/avatar\/10fdf6a071cccdcf374e3dbe45159590?s=96&d=mm&r=g","caption":"Moustapha"},"sameAs":["https:\/\/www.nettali.com"]}]}},"_links":{"self":[{"href":"https:\/\/www.nettali.com\/rest\/wp\/v2\/posts\/132278"}],"collection":[{"href":"https:\/\/www.nettali.com\/rest\/wp\/v2\/posts"}],"about":[{"href":"https:\/\/www.nettali.com\/rest\/wp\/v2\/types\/post"}],"author":[{"embeddable":true,"href":"https:\/\/www.nettali.com\/rest\/wp\/v2\/users\/3"}],"replies":[{"embeddable":true,"href":"https:\/\/www.nettali.com\/rest\/wp\/v2\/comments?post=132278"}],"version-history":[{"count":1,"href":"https:\/\/www.nettali.com\/rest\/wp\/v2\/posts\/132278\/revisions"}],"predecessor-version":[{"id":132279,"href":"https:\/\/www.nettali.com\/rest\/wp\/v2\/posts\/132278\/revisions\/132279"}],"wp:featuredmedia":[{"embeddable":true,"href":"https:\/\/www.nettali.com\/rest\/wp\/v2\/media\/131226"}],"wp:attachment":[{"href":"https:\/\/www.nettali.com\/rest\/wp\/v2\/media?parent=132278"}],"wp:term":[{"taxonomy":"category","embeddable":true,"href":"https:\/\/www.nettali.com\/rest\/wp\/v2\/categories?post=132278"},{"taxonomy":"post_tag","embeddable":true,"href":"https:\/\/www.nettali.com\/rest\/wp\/v2\/tags?post=132278"}],"curies":[{"name":"wp","href":"https:\/\/api.w.org\/{rel}","templated":true}]}}