{"id":132017,"date":"2024-04-20T08:02:11","date_gmt":"2024-04-20T08:02:11","guid":{"rendered":"https:\/\/www.nettali.com\/?p=132017"},"modified":"2024-04-20T12:02:29","modified_gmt":"2024-04-20T12:02:29","slug":"sonko-au-cap-manuel","status":"publish","type":"post","link":"https:\/\/www.nettali.com\/2024\/04\/20\/sonko-au-cap-manuel\/","title":{"rendered":"Sonko au Cap Manuel"},"content":{"rendered":"<div class=\"page\" title=\"Page 2\">\n<div class=\"layoutArea\">\n<div class=\"column\">\n<p><strong>NETTALI.COM -<\/strong> Pour les prisonniers se\u0301ne\u0301galais, les passages de l\u2019actuel chef de l\u2019Etat et de son Premier ministre par la case prison, tout juste avant d\u2019acce\u0301der au pouvoir pourraient avoir des effets be\u0301ne\u0301fiques. Leurs conditions de de\u0301tention sont tellement exe\u0301crables que les re\u0301cits qui en sont faits soule\u0300vent le c\u0153ur.<\/p>\n<p>En tout cas, le vendredi 19 avril, le PM Ousmane Sonko a rendu visite aux de\u0301tenus de la prison du Cap manuel, apre\u0300s la prie\u0300re du vendredi.<\/p>\n<p>E\u0301tant tre\u0300s au fait de tous les maux qui gangre\u0300nent les e\u0301tablissements pe\u0301nitentiaires du pays, il est le mieux a\u0300 me\u0302me d\u2019apporter les am\u00e9liorations qu\u2019il faut pour redonner aux prisonniers leur dignite\u0301.<\/p>\n<\/div>\n<\/div>\n<\/div>\n<div class='share-to-whatsapp-wrapper'><div class='share-on-whsp'>PARTAGER SUR : <\/div><a data-text='Sonko au Cap Manuel' data-link='https:\/\/www.nettali.com\/2024\/04\/20\/sonko-au-cap-manuel\/' class='whatsapp-button whatsapp-share'>WhatsApp<\/a><div class='clear '><\/div><\/div>","protected":false},"excerpt":{"rendered":"<p>NETTALI.COM - Pour les prisonniers se\u0301ne\u0301galais, les passages de l\u2019actuel chef de l\u2019Etat et de son Premier ministre par la case prison, tout juste avant d\u2019acce\u0301der au pouvoir pourraient avoir des effets be\u0301ne\u0301fiques. Leurs conditions de de\u0301tention sont tellement exe\u0301crables que les re\u0301cits qui en sont faits soule\u0300vent le c\u0153ur. En tout cas, le vendredi [&hellip;]<\/p>\n","protected":false},"author":2,"featured_media":132018,"comment_status":"open","ping_status":"open","sticky":false,"template":"","format":"standard","meta":{"_et_pb_use_builder":"","_et_pb_old_content":""},"categories":[3],"tags":[],"yoast_head":"<!-- This site is optimized with the Yoast SEO Premium plugin v17.8 (Yoast SEO v17.8) - https:\/\/yoast.com\/wordpress\/plugins\/seo\/ -->\n<title>Sonko au Cap Manuel | Nettali.com<\/title>\n<meta name=\"robots\" content=\"index, follow, max-snippet:-1, max-image-preview:large, max-video-preview:-1\" \/>\n<link rel=\"canonical\" href=\"https:\/\/www.nettali.com\/2024\/04\/20\/sonko-au-cap-manuel\/\" \/>\n<meta property=\"og:locale\" content=\"fr_FR\" \/>\n<meta property=\"og:type\" content=\"article\" \/>\n<meta property=\"og:title\" content=\"Sonko au Cap Manuel\" \/>\n<meta property=\"og:description\" content=\"NETTALI.COM - Pour les prisonniers se\u0301ne\u0301galais, les passages de l\u2019actuel chef de l\u2019Etat et de son Premier ministre par la case prison, tout juste avant d\u2019acce\u0301der au pouvoir pourraient avoir des effets be\u0301ne\u0301fiques. Leurs conditions de de\u0301tention sont tellement exe\u0301crables que les re\u0301cits qui en sont faits soule\u0300vent le c\u0153ur. En tout cas, le vendredi [&hellip;]\" \/>\n<meta property=\"og:url\" content=\"https:\/\/www.nettali.com\/2024\/04\/20\/sonko-au-cap-manuel\/\" \/>\n<meta property=\"og:site_name\" content=\"Nettali.com\" \/>\n<meta property=\"article:publisher\" content=\"https:\/\/www.facebook.com\/nettalicom\" \/>\n<meta property=\"article:published_time\" content=\"2024-04-20T08:02:11+00:00\" \/>\n<meta property=\"article:modified_time\" content=\"2024-04-20T12:02:29+00:00\" \/>\n<meta property=\"og:image\" content=\"https:\/\/www.nettali.com\/wp-content\/uploads\/2024\/04\/prison-cap-manuel.jpg\" \/>\n\t<meta property=\"og:image:width\" content=\"809\" \/>\n\t<meta property=\"og:image:height\" content=\"500\" \/>\n<meta name=\"twitter:card\" content=\"summary_large_image\" \/>\n<meta name=\"twitter:label1\" content=\"\u00c9crit par\" \/>\n\t<meta name=\"twitter:data1\" content=\"CK\" \/>\n\t<meta name=\"twitter:label2\" content=\"Dur\u00e9e de lecture estim\u00e9e\" \/>\n\t<meta name=\"twitter:data2\" content=\"1 minute\" \/>\n<script type=\"application\/ld+json\" class=\"yoast-schema-graph\">{\"@context\":\"https:\/\/schema.org\",\"@graph\":[{\"@type\":\"WebSite\",\"@id\":\"https:\/\/www.nettali.com\/#website\",\"url\":\"https:\/\/www.nettali.com\/\",\"name\":\"Nettali.com\",\"description\":\"Le rendez-vous critique du Net\",\"potentialAction\":[{\"@type\":\"SearchAction\",\"target\":{\"@type\":\"EntryPoint\",\"urlTemplate\":\"https:\/\/www.nettali.com\/?s={search_term_string}\"},\"query-input\":\"required name=search_term_string\"}],\"inLanguage\":\"fr-FR\"},{\"@type\":\"ImageObject\",\"@id\":\"https:\/\/www.nettali.com\/2024\/04\/20\/sonko-au-cap-manuel\/#primaryimage\",\"inLanguage\":\"fr-FR\",\"url\":\"https:\/\/www.nettali.com\/wp-content\/uploads\/2024\/04\/prison-cap-manuel.jpg\",\"contentUrl\":\"https:\/\/www.nettali.com\/wp-content\/uploads\/2024\/04\/prison-cap-manuel.jpg\",\"width\":809,\"height\":500},{\"@type\":\"WebPage\",\"@id\":\"https:\/\/www.nettali.com\/2024\/04\/20\/sonko-au-cap-manuel\/#webpage\",\"url\":\"https:\/\/www.nettali.com\/2024\/04\/20\/sonko-au-cap-manuel\/\",\"name\":\"Sonko au Cap Manuel | Nettali.com\",\"isPartOf\":{\"@id\":\"https:\/\/www.nettali.com\/#website\"},\"primaryImageOfPage\":{\"@id\":\"https:\/\/www.nettali.com\/2024\/04\/20\/sonko-au-cap-manuel\/#primaryimage\"},\"datePublished\":\"2024-04-20T08:02:11+00:00\",\"dateModified\":\"2024-04-20T12:02:29+00:00\",\"author\":{\"@id\":\"https:\/\/www.nettali.com\/#\/schema\/person\/d8ac7b7e27ddad43f1c0d2ef090d7f71\"},\"breadcrumb\":{\"@id\":\"https:\/\/www.nettali.com\/2024\/04\/20\/sonko-au-cap-manuel\/#breadcrumb\"},\"inLanguage\":\"fr-FR\",\"potentialAction\":[{\"@type\":\"ReadAction\",\"target\":[\"https:\/\/www.nettali.com\/2024\/04\/20\/sonko-au-cap-manuel\/\"]}]},{\"@type\":\"BreadcrumbList\",\"@id\":\"https:\/\/www.nettali.com\/2024\/04\/20\/sonko-au-cap-manuel\/#breadcrumb\",\"itemListElement\":[{\"@type\":\"ListItem\",\"position\":1,\"name\":\"Accueil\",\"item\":\"https:\/\/www.nettali.com\/\"},{\"@type\":\"ListItem\",\"position\":2,\"name\":\"Sonko au Cap Manuel\"}]},{\"@type\":\"Person\",\"@id\":\"https:\/\/www.nettali.com\/#\/schema\/person\/d8ac7b7e27ddad43f1c0d2ef090d7f71\",\"name\":\"CK\",\"image\":{\"@type\":\"ImageObject\",\"@id\":\"https:\/\/www.nettali.com\/#personlogo\",\"inLanguage\":\"fr-FR\",\"url\":\"https:\/\/secure.gravatar.com\/avatar\/1d8d5118b9327d94da7cd4ce7f17fec2?s=96&d=mm&r=g\",\"contentUrl\":\"https:\/\/secure.gravatar.com\/avatar\/1d8d5118b9327d94da7cd4ce7f17fec2?s=96&d=mm&r=g\",\"caption\":\"CK\"},\"sameAs\":[\"https:\/\/www.nettali.com\"]}]}<\/script>\n<!-- \/ Yoast SEO Premium plugin. -->","yoast_head_json":{"title":"Sonko au Cap Manuel | Nettali.com","robots":{"index":"index","follow":"follow","max-snippet":"max-snippet:-1","max-image-preview":"max-image-preview:large","max-video-preview":"max-video-preview:-1"},"canonical":"https:\/\/www.nettali.com\/2024\/04\/20\/sonko-au-cap-manuel\/","og_locale":"fr_FR","og_type":"article","og_title":"Sonko au Cap Manuel","og_description":"NETTALI.COM - Pour les prisonniers se\u0301ne\u0301galais, les passages de l\u2019actuel chef de l\u2019Etat et de son Premier ministre par la case prison, tout juste avant d\u2019acce\u0301der au pouvoir pourraient avoir des effets be\u0301ne\u0301fiques. Leurs conditions de de\u0301tention sont tellement exe\u0301crables que les re\u0301cits qui en sont faits soule\u0300vent le c\u0153ur. En tout cas, le vendredi [&hellip;]","og_url":"https:\/\/www.nettali.com\/2024\/04\/20\/sonko-au-cap-manuel\/","og_site_name":"Nettali.com","article_publisher":"https:\/\/www.facebook.com\/nettalicom","article_published_time":"2024-04-20T08:02:11+00:00","article_modified_time":"2024-04-20T12:02:29+00:00","og_image":[{"width":809,"height":500,"url":"https:\/\/www.nettali.com\/wp-content\/uploads\/2024\/04\/prison-cap-manuel.jpg","type":"image\/jpeg"}],"twitter_card":"summary_large_image","twitter_misc":{"\u00c9crit par":"CK","Dur\u00e9e de lecture estim\u00e9e":"1 minute"},"schema":{"@context":"https:\/\/schema.org","@graph":[{"@type":"WebSite","@id":"https:\/\/www.nettali.com\/#website","url":"https:\/\/www.nettali.com\/","name":"Nettali.com","description":"Le rendez-vous critique du Net","potentialAction":[{"@type":"SearchAction","target":{"@type":"EntryPoint","urlTemplate":"https:\/\/www.nettali.com\/?s={search_term_string}"},"query-input":"required name=search_term_string"}],"inLanguage":"fr-FR"},{"@type":"ImageObject","@id":"https:\/\/www.nettali.com\/2024\/04\/20\/sonko-au-cap-manuel\/#primaryimage","inLanguage":"fr-FR","url":"https:\/\/www.nettali.com\/wp-content\/uploads\/2024\/04\/prison-cap-manuel.jpg","contentUrl":"https:\/\/www.nettali.com\/wp-content\/uploads\/2024\/04\/prison-cap-manuel.jpg","width":809,"height":500},{"@type":"WebPage","@id":"https:\/\/www.nettali.com\/2024\/04\/20\/sonko-au-cap-manuel\/#webpage","url":"https:\/\/www.nettali.com\/2024\/04\/20\/sonko-au-cap-manuel\/","name":"Sonko au Cap Manuel | Nettali.com","isPartOf":{"@id":"https:\/\/www.nettali.com\/#website"},"primaryImageOfPage":{"@id":"https:\/\/www.nettali.com\/2024\/04\/20\/sonko-au-cap-manuel\/#primaryimage"},"datePublished":"2024-04-20T08:02:11+00:00","dateModified":"2024-04-20T12:02:29+00:00","author":{"@id":"https:\/\/www.nettali.com\/#\/schema\/person\/d8ac7b7e27ddad43f1c0d2ef090d7f71"},"breadcrumb":{"@id":"https:\/\/www.nettali.com\/2024\/04\/20\/sonko-au-cap-manuel\/#breadcrumb"},"inLanguage":"fr-FR","potentialAction":[{"@type":"ReadAction","target":["https:\/\/www.nettali.com\/2024\/04\/20\/sonko-au-cap-manuel\/"]}]},{"@type":"BreadcrumbList","@id":"https:\/\/www.nettali.com\/2024\/04\/20\/sonko-au-cap-manuel\/#breadcrumb","itemListElement":[{"@type":"ListItem","position":1,"name":"Accueil","item":"https:\/\/www.nettali.com\/"},{"@type":"ListItem","position":2,"name":"Sonko au Cap Manuel"}]},{"@type":"Person","@id":"https:\/\/www.nettali.com\/#\/schema\/person\/d8ac7b7e27ddad43f1c0d2ef090d7f71","name":"CK","image":{"@type":"ImageObject","@id":"https:\/\/www.nettali.com\/#personlogo","inLanguage":"fr-FR","url":"https:\/\/secure.gravatar.com\/avatar\/1d8d5118b9327d94da7cd4ce7f17fec2?s=96&d=mm&r=g","contentUrl":"https:\/\/secure.gravatar.com\/avatar\/1d8d5118b9327d94da7cd4ce7f17fec2?s=96&d=mm&r=g","caption":"CK"},"sameAs":["https:\/\/www.nettali.com"]}]}},"_links":{"self":[{"href":"https:\/\/www.nettali.com\/rest\/wp\/v2\/posts\/132017"}],"collection":[{"href":"https:\/\/www.nettali.com\/rest\/wp\/v2\/posts"}],"about":[{"href":"https:\/\/www.nettali.com\/rest\/wp\/v2\/types\/post"}],"author":[{"embeddable":true,"href":"https:\/\/www.nettali.com\/rest\/wp\/v2\/users\/2"}],"replies":[{"embeddable":true,"href":"https:\/\/www.nettali.com\/rest\/wp\/v2\/comments?post=132017"}],"version-history":[{"count":2,"href":"https:\/\/www.nettali.com\/rest\/wp\/v2\/posts\/132017\/revisions"}],"predecessor-version":[{"id":132020,"href":"https:\/\/www.nettali.com\/rest\/wp\/v2\/posts\/132017\/revisions\/132020"}],"wp:featuredmedia":[{"embeddable":true,"href":"https:\/\/www.nettali.com\/rest\/wp\/v2\/media\/132018"}],"wp:attachment":[{"href":"https:\/\/www.nettali.com\/rest\/wp\/v2\/media?parent=132017"}],"wp:term":[{"taxonomy":"category","embeddable":true,"href":"https:\/\/www.nettali.com\/rest\/wp\/v2\/categories?post=132017"},{"taxonomy":"post_tag","embeddable":true,"href":"https:\/\/www.nettali.com\/rest\/wp\/v2\/tags?post=132017"}],"curies":[{"name":"wp","href":"https:\/\/api.w.org\/{rel}","templated":true}]}}