{"id":131929,"date":"2024-04-19T06:55:31","date_gmt":"2024-04-19T06:55:31","guid":{"rendered":"https:\/\/www.nettali.com\/?p=131929"},"modified":"2024-04-19T06:55:56","modified_gmt":"2024-04-19T06:55:56","slug":"meurtre-laccuse-etrangle-a-mort-son-ami-et-labandonne-dans-la-rue","status":"publish","type":"post","link":"https:\/\/www.nettali.com\/2024\/04\/19\/meurtre-laccuse-etrangle-a-mort-son-ami-et-labandonne-dans-la-rue\/","title":{"rendered":"MEURTRE - L'accus\u00e9 \u00e9trangle \u00e0 mort son ami et l\u2019abandonne dans la rue"},"content":{"rendered":"<p><strong>NETTALI.COM -<\/strong> Le nomm\u00e9 Adama Ciss\u00e9 a \u00e9t\u00e9 jug\u00e9 le jeudi 18 avril par la chambre criminelle de Dakar, pour meurtre. L'accus\u00e9 a tu\u00e9 son ami footballeur Cheikh Tidiane Sadio en l'\u00e9tranglant avant l'abandonner sur la route. Le parquet a requis une peine de 10 ans de r\u00e9clusion criminelle contre lui.<\/p>\n<p>En prison depuis, septembre 2021, l\u2019accus\u00e9 Adama Ciss\u00e9 a comparu, hier, devant la barre de la chambre criminelle de Dakar pour meurtre. Les faits se sont d\u00e9roul\u00e9s le 16 septembre 2021. La victime avait invit\u00e9 son ami, son \u00ab meurtrier \u00bb \u00e0 sortir puisque Cheikh Tidiane Sadio avait obtenu un contrat de football dans un club fran\u00e7ais . Une dispute \u00e9clatera malheureusement entre les deux amis, alors qu\u2019ils n\u2019\u00e9taient pas lucides.<\/p>\n<p>Devant le juge, l\u2019accus\u00e9 s\u2019explique : \u00ab <em>nous avions bu pendant trois heures et nous n'avions plus de cigarettes. Nous sommes ainsi all\u00e9s \u00e0 une station \u00e0 Mermoz pour en acheter. Alors que j'\u00e9tais dans le v\u00e9hicule, je l'ai vu se disputer avec le rayonniste. Quand il est revenu, je l'ai rabrou\u00e9 en lui reprochant de s'\u00eatre mal comport\u00e9 avec son p\u00e8re aussi. Je lui ai dit que celui-ci avait raison de s'opposer \u00e0 son voyage, vu qu'il \u00e9tait \u00e2g\u00e9. Il l'a mal pris et il m'a demand\u00e9 de l'amener \u00e0 la Brioche Dor\u00e9e sur un ton insolent. Comme il \u00e9tait ivre, je lui ai propos\u00e9 de le d\u00e9poser chez lui, il a refus\u00e9. Je lui demand\u00e9 de descendre de mon v\u00e9hicule, mais il n\u2019a voulu rien entendre et il m'a crach\u00e9 dessus avant de se jeter sur moi. Je me suis d\u00e9fendu en l\u2019\u00e9tranglant pendant une vingtaine de minutes. Par la suite, je l\u2019ai fait descendre du v\u00e9hicule. Je l'ai abandonn\u00e9, inconscient dans la ruelle en laissant une note sur laquelle j'ai \u00e9crit \"He is not dead\"<\/em>\u00a0\u00bb.<\/p>\n<p>Selon, Adama Ciss\u00e9, la mort de son ami ne lui a jamais travers\u00e9 l\u2019esprit. Il ajoute : \u00ab <em>Je suis rest\u00e9 dans la voiture pendant une demi-heure devant chez moi avant de rentrer. Le matin, j'ai amen\u00e9 ma fille \u00e0 l'\u00e9cole. Je me disais toujours qu'il allait venir d'un moment \u00e0 l'autre. Je suis retourn\u00e9 au quartier, prendre un caf\u00e9 avant d'aller \u00e0 la station Elton. J'ai pris des cigarettes au moment de rentrer, deux voitures de la gendarmerie se sont gar\u00e9es derri\u00e8re moi. Lorsqu'ils m'ont point\u00e9 leurs armes, c'est l\u00e0 que j'ai compris qu'il ne s'agissait pas d'un contr\u00f4le de routine. \u00c0 bord de son v\u00e9hicule, l'adjudant m'a inform\u00e9 du d\u00e9c\u00e8s de Cheikh<\/em> \u00bb.<\/p>\n<p>Des arguments qui ont toutefois \u00e9t\u00e9 battus en br\u00e8che par le gardien, t\u00e9moin des faits. \u00ab\u00a0 <em>Quand j\u2019ai voulu les s\u00e9parer, il m\u2019a menac\u00e9 en me demandant de quitter les lieux. Ainsi,\u00a0 j'ai pris en photo la plaque d\u2019immatriculation. Lorsque que je suis revenu, il l'avait d\u00e9j\u00e0 abandonn\u00e9 sur le bord de la route avant de prendre la fuite<\/em> \u00bb, a-t-il livr\u00e9 \u00e0 la barre.<\/p>\n<p>Des propos de l\u2019accus\u00e9 qui ont \u00e9t\u00e9 aussi d\u00e9mentis par l\u2019avocat de la victime qui a soulign\u00e9 que le p\u00e8re de Cheikh n\u2019a jamais refus\u00e9 le voyage \u00e0 son fils. A en croire la robe qui a avanc\u00e9 la th\u00e8se de la pr\u00e9m\u00e9ditation, le contrat \u00e9tait d\u00e9j\u00e0 sign\u00e9, non sans plaider \u00e0 ce que le meurtre soit requalifi\u00e9 en assassinat. L\u2019avocat a ainsi r\u00e9clam\u00e9 500 millions de FCfa \u00e0 titre de dommages et int\u00e9r\u00eats.<\/p>\n<p>Quant au procureur, il a requis 10 ans de r\u00e9crimination criminelle.<\/p>\n<p>Pour sa plaidoirie, la d\u00e9fense a demand\u00e9 la disqualification des faits en homicide involontaire. Pour elle, la mort est accidentelle. Le d\u00e9lib\u00e9r\u00e9 est attendu le 7 mai prochain.<\/p>\n<div class='share-to-whatsapp-wrapper'><div class='share-on-whsp'>PARTAGER SUR : <\/div><a data-text='MEURTRE - L'accus\u00e9 \u00e9trangle \u00e0 mort son ami et l\u2019abandonne dans la rue' data-link='https:\/\/www.nettali.com\/2024\/04\/19\/meurtre-laccuse-etrangle-a-mort-son-ami-et-labandonne-dans-la-rue\/' class='whatsapp-button whatsapp-share'>WhatsApp<\/a><div class='clear '><\/div><\/div>","protected":false},"excerpt":{"rendered":"<p>NETTALI.COM - Le nomm\u00e9 Adama Ciss\u00e9 a \u00e9t\u00e9 jug\u00e9 le jeudi 18 avril par la chambre criminelle de Dakar, pour meurtre. L'accus\u00e9 a tu\u00e9 son ami footballeur Cheikh Tidiane Sadio en l'\u00e9tranglant avant l'abandonner sur la route. Le parquet a requis une peine de 10 ans de r\u00e9clusion criminelle contre lui. En prison depuis, septembre [&hellip;]<\/p>\n","protected":false},"author":6,"featured_media":36804,"comment_status":"open","ping_status":"open","sticky":false,"template":"","format":"standard","meta":{"_et_pb_use_builder":"","_et_pb_old_content":""},"categories":[3],"tags":[],"yoast_head":"<!-- This site is optimized with the Yoast SEO Premium plugin v17.8 (Yoast SEO v17.8) - https:\/\/yoast.com\/wordpress\/plugins\/seo\/ -->\n<title>MEURTRE - L&#039;accus\u00e9 \u00e9trangle \u00e0 mort son ami et l\u2019abandonne dans la rue | Nettali.com<\/title>\n<meta name=\"robots\" content=\"index, follow, max-snippet:-1, max-image-preview:large, max-video-preview:-1\" \/>\n<link rel=\"canonical\" href=\"https:\/\/www.nettali.com\/2024\/04\/19\/meurtre-laccuse-etrangle-a-mort-son-ami-et-labandonne-dans-la-rue\/\" \/>\n<meta property=\"og:locale\" content=\"fr_FR\" \/>\n<meta property=\"og:type\" content=\"article\" \/>\n<meta property=\"og:title\" content=\"MEURTRE - L&#039;accus\u00e9 \u00e9trangle \u00e0 mort son ami et l\u2019abandonne dans la rue\" \/>\n<meta property=\"og:description\" content=\"NETTALI.COM - Le nomm\u00e9 Adama Ciss\u00e9 a \u00e9t\u00e9 jug\u00e9 le jeudi 18 avril par la chambre criminelle de Dakar, pour meurtre. L&#039;accus\u00e9 a tu\u00e9 son ami footballeur Cheikh Tidiane Sadio en l&#039;\u00e9tranglant avant l&#039;abandonner sur la route. Le parquet a requis une peine de 10 ans de r\u00e9clusion criminelle contre lui. En prison depuis, septembre [&hellip;]\" \/>\n<meta property=\"og:url\" content=\"https:\/\/www.nettali.com\/2024\/04\/19\/meurtre-laccuse-etrangle-a-mort-son-ami-et-labandonne-dans-la-rue\/\" \/>\n<meta property=\"og:site_name\" content=\"Nettali.com\" \/>\n<meta property=\"article:publisher\" content=\"https:\/\/www.facebook.com\/nettalicom\" \/>\n<meta property=\"article:published_time\" content=\"2024-04-19T06:55:31+00:00\" \/>\n<meta property=\"article:modified_time\" content=\"2024-04-19T06:55:56+00:00\" \/>\n<meta property=\"og:image\" content=\"https:\/\/www.nettali.com\/wp-content\/uploads\/2020\/05\/meurtre-france.jpg\" \/>\n\t<meta property=\"og:image:width\" content=\"809\" \/>\n\t<meta property=\"og:image:height\" content=\"518\" \/>\n<meta name=\"twitter:card\" content=\"summary_large_image\" \/>\n<meta name=\"twitter:label1\" content=\"\u00c9crit par\" \/>\n\t<meta name=\"twitter:data1\" content=\"Fatou\" \/>\n\t<meta name=\"twitter:label2\" content=\"Dur\u00e9e de lecture estim\u00e9e\" \/>\n\t<meta name=\"twitter:data2\" content=\"3 minutes\" \/>\n<script type=\"application\/ld+json\" class=\"yoast-schema-graph\">{\"@context\":\"https:\/\/schema.org\",\"@graph\":[{\"@type\":\"WebSite\",\"@id\":\"https:\/\/www.nettali.com\/#website\",\"url\":\"https:\/\/www.nettali.com\/\",\"name\":\"Nettali.com\",\"description\":\"Le rendez-vous critique du Net\",\"potentialAction\":[{\"@type\":\"SearchAction\",\"target\":{\"@type\":\"EntryPoint\",\"urlTemplate\":\"https:\/\/www.nettali.com\/?s={search_term_string}\"},\"query-input\":\"required name=search_term_string\"}],\"inLanguage\":\"fr-FR\"},{\"@type\":\"ImageObject\",\"@id\":\"https:\/\/www.nettali.com\/2024\/04\/19\/meurtre-laccuse-etrangle-a-mort-son-ami-et-labandonne-dans-la-rue\/#primaryimage\",\"inLanguage\":\"fr-FR\",\"url\":\"https:\/\/www.nettali.com\/wp-content\/uploads\/2020\/05\/meurtre-france.jpg\",\"contentUrl\":\"https:\/\/www.nettali.com\/wp-content\/uploads\/2020\/05\/meurtre-france.jpg\",\"width\":809,\"height\":518},{\"@type\":\"WebPage\",\"@id\":\"https:\/\/www.nettali.com\/2024\/04\/19\/meurtre-laccuse-etrangle-a-mort-son-ami-et-labandonne-dans-la-rue\/#webpage\",\"url\":\"https:\/\/www.nettali.com\/2024\/04\/19\/meurtre-laccuse-etrangle-a-mort-son-ami-et-labandonne-dans-la-rue\/\",\"name\":\"MEURTRE - L'accus\\u00e9 \\u00e9trangle \\u00e0 mort son ami et l\\u2019abandonne dans la rue | Nettali.com\",\"isPartOf\":{\"@id\":\"https:\/\/www.nettali.com\/#website\"},\"primaryImageOfPage\":{\"@id\":\"https:\/\/www.nettali.com\/2024\/04\/19\/meurtre-laccuse-etrangle-a-mort-son-ami-et-labandonne-dans-la-rue\/#primaryimage\"},\"datePublished\":\"2024-04-19T06:55:31+00:00\",\"dateModified\":\"2024-04-19T06:55:56+00:00\",\"author\":{\"@id\":\"https:\/\/www.nettali.com\/#\/schema\/person\/418274a86bdf87caff7a3ef476bd0bbf\"},\"breadcrumb\":{\"@id\":\"https:\/\/www.nettali.com\/2024\/04\/19\/meurtre-laccuse-etrangle-a-mort-son-ami-et-labandonne-dans-la-rue\/#breadcrumb\"},\"inLanguage\":\"fr-FR\",\"potentialAction\":[{\"@type\":\"ReadAction\",\"target\":[\"https:\/\/www.nettali.com\/2024\/04\/19\/meurtre-laccuse-etrangle-a-mort-son-ami-et-labandonne-dans-la-rue\/\"]}]},{\"@type\":\"BreadcrumbList\",\"@id\":\"https:\/\/www.nettali.com\/2024\/04\/19\/meurtre-laccuse-etrangle-a-mort-son-ami-et-labandonne-dans-la-rue\/#breadcrumb\",\"itemListElement\":[{\"@type\":\"ListItem\",\"position\":1,\"name\":\"Accueil\",\"item\":\"https:\/\/www.nettali.com\/\"},{\"@type\":\"ListItem\",\"position\":2,\"name\":\"MEURTRE - L'accus\\u00e9 \\u00e9trangle \\u00e0 mort son ami et l\\u2019abandonne dans la rue\"}]},{\"@type\":\"Person\",\"@id\":\"https:\/\/www.nettali.com\/#\/schema\/person\/418274a86bdf87caff7a3ef476bd0bbf\",\"name\":\"Fatou\",\"image\":{\"@type\":\"ImageObject\",\"@id\":\"https:\/\/www.nettali.com\/#personlogo\",\"inLanguage\":\"fr-FR\",\"url\":\"https:\/\/secure.gravatar.com\/avatar\/5a9442a2bee7b4dcf167cab035858e9a?s=96&d=mm&r=g\",\"contentUrl\":\"https:\/\/secure.gravatar.com\/avatar\/5a9442a2bee7b4dcf167cab035858e9a?s=96&d=mm&r=g\",\"caption\":\"Fatou\"},\"sameAs\":[\"https:\/\/www.nettali.com\"]}]}<\/script>\n<!-- \/ Yoast SEO Premium plugin. -->","yoast_head_json":{"title":"MEURTRE - L'accus\u00e9 \u00e9trangle \u00e0 mort son ami et l\u2019abandonne dans la rue | Nettali.com","robots":{"index":"index","follow":"follow","max-snippet":"max-snippet:-1","max-image-preview":"max-image-preview:large","max-video-preview":"max-video-preview:-1"},"canonical":"https:\/\/www.nettali.com\/2024\/04\/19\/meurtre-laccuse-etrangle-a-mort-son-ami-et-labandonne-dans-la-rue\/","og_locale":"fr_FR","og_type":"article","og_title":"MEURTRE - L'accus\u00e9 \u00e9trangle \u00e0 mort son ami et l\u2019abandonne dans la rue","og_description":"NETTALI.COM - Le nomm\u00e9 Adama Ciss\u00e9 a \u00e9t\u00e9 jug\u00e9 le jeudi 18 avril par la chambre criminelle de Dakar, pour meurtre. L'accus\u00e9 a tu\u00e9 son ami footballeur Cheikh Tidiane Sadio en l'\u00e9tranglant avant l'abandonner sur la route. Le parquet a requis une peine de 10 ans de r\u00e9clusion criminelle contre lui. En prison depuis, septembre [&hellip;]","og_url":"https:\/\/www.nettali.com\/2024\/04\/19\/meurtre-laccuse-etrangle-a-mort-son-ami-et-labandonne-dans-la-rue\/","og_site_name":"Nettali.com","article_publisher":"https:\/\/www.facebook.com\/nettalicom","article_published_time":"2024-04-19T06:55:31+00:00","article_modified_time":"2024-04-19T06:55:56+00:00","og_image":[{"width":809,"height":518,"url":"https:\/\/www.nettali.com\/wp-content\/uploads\/2020\/05\/meurtre-france.jpg","type":"image\/jpeg"}],"twitter_card":"summary_large_image","twitter_misc":{"\u00c9crit par":"Fatou","Dur\u00e9e de lecture estim\u00e9e":"3 minutes"},"schema":{"@context":"https:\/\/schema.org","@graph":[{"@type":"WebSite","@id":"https:\/\/www.nettali.com\/#website","url":"https:\/\/www.nettali.com\/","name":"Nettali.com","description":"Le rendez-vous critique du Net","potentialAction":[{"@type":"SearchAction","target":{"@type":"EntryPoint","urlTemplate":"https:\/\/www.nettali.com\/?s={search_term_string}"},"query-input":"required name=search_term_string"}],"inLanguage":"fr-FR"},{"@type":"ImageObject","@id":"https:\/\/www.nettali.com\/2024\/04\/19\/meurtre-laccuse-etrangle-a-mort-son-ami-et-labandonne-dans-la-rue\/#primaryimage","inLanguage":"fr-FR","url":"https:\/\/www.nettali.com\/wp-content\/uploads\/2020\/05\/meurtre-france.jpg","contentUrl":"https:\/\/www.nettali.com\/wp-content\/uploads\/2020\/05\/meurtre-france.jpg","width":809,"height":518},{"@type":"WebPage","@id":"https:\/\/www.nettali.com\/2024\/04\/19\/meurtre-laccuse-etrangle-a-mort-son-ami-et-labandonne-dans-la-rue\/#webpage","url":"https:\/\/www.nettali.com\/2024\/04\/19\/meurtre-laccuse-etrangle-a-mort-son-ami-et-labandonne-dans-la-rue\/","name":"MEURTRE - L'accus\u00e9 \u00e9trangle \u00e0 mort son ami et l\u2019abandonne dans la rue | Nettali.com","isPartOf":{"@id":"https:\/\/www.nettali.com\/#website"},"primaryImageOfPage":{"@id":"https:\/\/www.nettali.com\/2024\/04\/19\/meurtre-laccuse-etrangle-a-mort-son-ami-et-labandonne-dans-la-rue\/#primaryimage"},"datePublished":"2024-04-19T06:55:31+00:00","dateModified":"2024-04-19T06:55:56+00:00","author":{"@id":"https:\/\/www.nettali.com\/#\/schema\/person\/418274a86bdf87caff7a3ef476bd0bbf"},"breadcrumb":{"@id":"https:\/\/www.nettali.com\/2024\/04\/19\/meurtre-laccuse-etrangle-a-mort-son-ami-et-labandonne-dans-la-rue\/#breadcrumb"},"inLanguage":"fr-FR","potentialAction":[{"@type":"ReadAction","target":["https:\/\/www.nettali.com\/2024\/04\/19\/meurtre-laccuse-etrangle-a-mort-son-ami-et-labandonne-dans-la-rue\/"]}]},{"@type":"BreadcrumbList","@id":"https:\/\/www.nettali.com\/2024\/04\/19\/meurtre-laccuse-etrangle-a-mort-son-ami-et-labandonne-dans-la-rue\/#breadcrumb","itemListElement":[{"@type":"ListItem","position":1,"name":"Accueil","item":"https:\/\/www.nettali.com\/"},{"@type":"ListItem","position":2,"name":"MEURTRE - L'accus\u00e9 \u00e9trangle \u00e0 mort son ami et l\u2019abandonne dans la rue"}]},{"@type":"Person","@id":"https:\/\/www.nettali.com\/#\/schema\/person\/418274a86bdf87caff7a3ef476bd0bbf","name":"Fatou","image":{"@type":"ImageObject","@id":"https:\/\/www.nettali.com\/#personlogo","inLanguage":"fr-FR","url":"https:\/\/secure.gravatar.com\/avatar\/5a9442a2bee7b4dcf167cab035858e9a?s=96&d=mm&r=g","contentUrl":"https:\/\/secure.gravatar.com\/avatar\/5a9442a2bee7b4dcf167cab035858e9a?s=96&d=mm&r=g","caption":"Fatou"},"sameAs":["https:\/\/www.nettali.com"]}]}},"_links":{"self":[{"href":"https:\/\/www.nettali.com\/rest\/wp\/v2\/posts\/131929"}],"collection":[{"href":"https:\/\/www.nettali.com\/rest\/wp\/v2\/posts"}],"about":[{"href":"https:\/\/www.nettali.com\/rest\/wp\/v2\/types\/post"}],"author":[{"embeddable":true,"href":"https:\/\/www.nettali.com\/rest\/wp\/v2\/users\/6"}],"replies":[{"embeddable":true,"href":"https:\/\/www.nettali.com\/rest\/wp\/v2\/comments?post=131929"}],"version-history":[{"count":4,"href":"https:\/\/www.nettali.com\/rest\/wp\/v2\/posts\/131929\/revisions"}],"predecessor-version":[{"id":131935,"href":"https:\/\/www.nettali.com\/rest\/wp\/v2\/posts\/131929\/revisions\/131935"}],"wp:featuredmedia":[{"embeddable":true,"href":"https:\/\/www.nettali.com\/rest\/wp\/v2\/media\/36804"}],"wp:attachment":[{"href":"https:\/\/www.nettali.com\/rest\/wp\/v2\/media?parent=131929"}],"wp:term":[{"taxonomy":"category","embeddable":true,"href":"https:\/\/www.nettali.com\/rest\/wp\/v2\/categories?post=131929"},{"taxonomy":"post_tag","embeddable":true,"href":"https:\/\/www.nettali.com\/rest\/wp\/v2\/tags?post=131929"}],"curies":[{"name":"wp","href":"https:\/\/api.w.org\/{rel}","templated":true}]}}