{"id":131838,"date":"2024-04-17T08:02:27","date_gmt":"2024-04-17T08:02:27","guid":{"rendered":"https:\/\/www.nettali.com\/?p=131838"},"modified":"2024-04-17T08:02:27","modified_gmt":"2024-04-17T08:02:27","slug":"bambey-un-enfant-meurt-calcine-dans-un-incendie","status":"publish","type":"post","link":"https:\/\/www.nettali.com\/2024\/04\/17\/bambey-un-enfant-meurt-calcine-dans-un-incendie\/","title":{"rendered":"BAMBEY - Un enfant meurt calcin\u00e9 dans un incendie"},"content":{"rendered":"<p><strong>NETTALI.COM - Le quartier L\u00e9ona Sud de la commune de Bambey a \u00e9t\u00e9 le th\u00e9\u00e2tre d'une sc\u00e8ne macabre. Un gar\u00e7on \u00e2g\u00e9 de 3 ans a perdu la vie dans un incendie survenu dans une maison, le mardi 16 avril.<\/strong><\/p>\n<p>C'est en effet autour de 13 h 45 mn que le commissariat urbain a \u00e9t\u00e9 inform\u00e9 du drame. Le transport effectu\u00e9 sur place a permis aux policiers de constater que N. Ndiaye, n\u00e9 en 2021, est mort calcin\u00e9 dans le sinistre.<\/p>\n<p>Le corps sans vie a \u00e9t\u00e9 d\u00e9pos\u00e9 \u00e0 la morgue de l'h\u00f4pital r\u00e9gional Heinrich L\u00fcckbe de Diourbel par les pompiers qui n'auront r\u00e9ussi \u00e0 ma\u00eetriser le feu qu'avec l'appui des riverains. Les causes de l'incendie ne sont pas encore d\u00e9termin\u00e9es, mais une enqu\u00eate a \u00e9t\u00e9 ouverte par la police.<\/p>\n<div class='share-to-whatsapp-wrapper'><div class='share-on-whsp'>PARTAGER SUR : <\/div><a data-text='BAMBEY - Un enfant meurt calcin\u00e9 dans un incendie' data-link='https:\/\/www.nettali.com\/2024\/04\/17\/bambey-un-enfant-meurt-calcine-dans-un-incendie\/' class='whatsapp-button whatsapp-share'>WhatsApp<\/a><div class='clear '><\/div><\/div>","protected":false},"excerpt":{"rendered":"<p>NETTALI.COM - Le quartier L\u00e9ona Sud de la commune de Bambey a \u00e9t\u00e9 le th\u00e9\u00e2tre d'une sc\u00e8ne macabre. Un gar\u00e7on \u00e2g\u00e9 de 3 ans a perdu la vie dans un incendie survenu dans une maison, le mardi 16 avril. C'est en effet autour de 13 h 45 mn que le commissariat urbain a \u00e9t\u00e9 inform\u00e9 [&hellip;]<\/p>\n","protected":false},"author":5,"featured_media":6278,"comment_status":"open","ping_status":"open","sticky":false,"template":"","format":"standard","meta":{"_et_pb_use_builder":"","_et_pb_old_content":""},"categories":[3],"tags":[],"yoast_head":"<!-- This site is optimized with the Yoast SEO Premium plugin v17.8 (Yoast SEO v17.8) - https:\/\/yoast.com\/wordpress\/plugins\/seo\/ -->\n<title>BAMBEY - Un enfant meurt calcin\u00e9 dans un incendie | Nettali.com<\/title>\n<meta name=\"robots\" content=\"index, follow, max-snippet:-1, max-image-preview:large, max-video-preview:-1\" \/>\n<link rel=\"canonical\" href=\"https:\/\/www.nettali.com\/2024\/04\/17\/bambey-un-enfant-meurt-calcine-dans-un-incendie\/\" \/>\n<meta property=\"og:locale\" content=\"fr_FR\" \/>\n<meta property=\"og:type\" content=\"article\" \/>\n<meta property=\"og:title\" content=\"BAMBEY - Un enfant meurt calcin\u00e9 dans un incendie\" \/>\n<meta property=\"og:description\" content=\"NETTALI.COM - Le quartier L\u00e9ona Sud de la commune de Bambey a \u00e9t\u00e9 le th\u00e9\u00e2tre d&#039;une sc\u00e8ne macabre. Un gar\u00e7on \u00e2g\u00e9 de 3 ans a perdu la vie dans un incendie survenu dans une maison, le mardi 16 avril. C&#039;est en effet autour de 13 h 45 mn que le commissariat urbain a \u00e9t\u00e9 inform\u00e9 [&hellip;]\" \/>\n<meta property=\"og:url\" content=\"https:\/\/www.nettali.com\/2024\/04\/17\/bambey-un-enfant-meurt-calcine-dans-un-incendie\/\" \/>\n<meta property=\"og:site_name\" content=\"Nettali.com\" \/>\n<meta property=\"article:publisher\" content=\"https:\/\/www.facebook.com\/nettalicom\" \/>\n<meta property=\"article:published_time\" content=\"2024-04-17T08:02:27+00:00\" \/>\n<meta property=\"og:image\" content=\"https:\/\/www.nettali.com\/wp-content\/uploads\/2019\/04\/incendie-2-696x392.jpg\" \/>\n\t<meta property=\"og:image:width\" content=\"696\" \/>\n\t<meta property=\"og:image:height\" content=\"392\" \/>\n<meta name=\"twitter:card\" content=\"summary_large_image\" \/>\n<meta name=\"twitter:label1\" content=\"\u00c9crit par\" \/>\n\t<meta name=\"twitter:data1\" content=\"Ibrahima\" \/>\n\t<meta name=\"twitter:label2\" content=\"Dur\u00e9e de lecture estim\u00e9e\" \/>\n\t<meta name=\"twitter:data2\" content=\"1 minute\" \/>\n<script type=\"application\/ld+json\" class=\"yoast-schema-graph\">{\"@context\":\"https:\/\/schema.org\",\"@graph\":[{\"@type\":\"WebSite\",\"@id\":\"https:\/\/www.nettali.com\/#website\",\"url\":\"https:\/\/www.nettali.com\/\",\"name\":\"Nettali.com\",\"description\":\"Le rendez-vous critique du Net\",\"potentialAction\":[{\"@type\":\"SearchAction\",\"target\":{\"@type\":\"EntryPoint\",\"urlTemplate\":\"https:\/\/www.nettali.com\/?s={search_term_string}\"},\"query-input\":\"required name=search_term_string\"}],\"inLanguage\":\"fr-FR\"},{\"@type\":\"ImageObject\",\"@id\":\"https:\/\/www.nettali.com\/2024\/04\/17\/bambey-un-enfant-meurt-calcine-dans-un-incendie\/#primaryimage\",\"inLanguage\":\"fr-FR\",\"url\":\"https:\/\/www.nettali.com\/wp-content\/uploads\/2019\/04\/incendie-2-696x392.jpg\",\"contentUrl\":\"https:\/\/www.nettali.com\/wp-content\/uploads\/2019\/04\/incendie-2-696x392.jpg\",\"width\":696,\"height\":392},{\"@type\":\"WebPage\",\"@id\":\"https:\/\/www.nettali.com\/2024\/04\/17\/bambey-un-enfant-meurt-calcine-dans-un-incendie\/#webpage\",\"url\":\"https:\/\/www.nettali.com\/2024\/04\/17\/bambey-un-enfant-meurt-calcine-dans-un-incendie\/\",\"name\":\"BAMBEY - Un enfant meurt calcin\\u00e9 dans un incendie | Nettali.com\",\"isPartOf\":{\"@id\":\"https:\/\/www.nettali.com\/#website\"},\"primaryImageOfPage\":{\"@id\":\"https:\/\/www.nettali.com\/2024\/04\/17\/bambey-un-enfant-meurt-calcine-dans-un-incendie\/#primaryimage\"},\"datePublished\":\"2024-04-17T08:02:27+00:00\",\"dateModified\":\"2024-04-17T08:02:27+00:00\",\"author\":{\"@id\":\"https:\/\/www.nettali.com\/#\/schema\/person\/bb147657c2986240405a608162b9bb23\"},\"breadcrumb\":{\"@id\":\"https:\/\/www.nettali.com\/2024\/04\/17\/bambey-un-enfant-meurt-calcine-dans-un-incendie\/#breadcrumb\"},\"inLanguage\":\"fr-FR\",\"potentialAction\":[{\"@type\":\"ReadAction\",\"target\":[\"https:\/\/www.nettali.com\/2024\/04\/17\/bambey-un-enfant-meurt-calcine-dans-un-incendie\/\"]}]},{\"@type\":\"BreadcrumbList\",\"@id\":\"https:\/\/www.nettali.com\/2024\/04\/17\/bambey-un-enfant-meurt-calcine-dans-un-incendie\/#breadcrumb\",\"itemListElement\":[{\"@type\":\"ListItem\",\"position\":1,\"name\":\"Accueil\",\"item\":\"https:\/\/www.nettali.com\/\"},{\"@type\":\"ListItem\",\"position\":2,\"name\":\"BAMBEY - Un enfant meurt calcin\\u00e9 dans un incendie\"}]},{\"@type\":\"Person\",\"@id\":\"https:\/\/www.nettali.com\/#\/schema\/person\/bb147657c2986240405a608162b9bb23\",\"name\":\"Ibrahima\",\"image\":{\"@type\":\"ImageObject\",\"@id\":\"https:\/\/www.nettali.com\/#personlogo\",\"inLanguage\":\"fr-FR\",\"url\":\"https:\/\/secure.gravatar.com\/avatar\/26a8a81f09f0dd7624c9d5c36c9ba3a2?s=96&d=mm&r=g\",\"contentUrl\":\"https:\/\/secure.gravatar.com\/avatar\/26a8a81f09f0dd7624c9d5c36c9ba3a2?s=96&d=mm&r=g\",\"caption\":\"Ibrahima\"},\"sameAs\":[\"https:\/\/www.nettali.com\"]}]}<\/script>\n<!-- \/ Yoast SEO Premium plugin. -->","yoast_head_json":{"title":"BAMBEY - Un enfant meurt calcin\u00e9 dans un incendie | Nettali.com","robots":{"index":"index","follow":"follow","max-snippet":"max-snippet:-1","max-image-preview":"max-image-preview:large","max-video-preview":"max-video-preview:-1"},"canonical":"https:\/\/www.nettali.com\/2024\/04\/17\/bambey-un-enfant-meurt-calcine-dans-un-incendie\/","og_locale":"fr_FR","og_type":"article","og_title":"BAMBEY - Un enfant meurt calcin\u00e9 dans un incendie","og_description":"NETTALI.COM - Le quartier L\u00e9ona Sud de la commune de Bambey a \u00e9t\u00e9 le th\u00e9\u00e2tre d'une sc\u00e8ne macabre. Un gar\u00e7on \u00e2g\u00e9 de 3 ans a perdu la vie dans un incendie survenu dans une maison, le mardi 16 avril. C'est en effet autour de 13 h 45 mn que le commissariat urbain a \u00e9t\u00e9 inform\u00e9 [&hellip;]","og_url":"https:\/\/www.nettali.com\/2024\/04\/17\/bambey-un-enfant-meurt-calcine-dans-un-incendie\/","og_site_name":"Nettali.com","article_publisher":"https:\/\/www.facebook.com\/nettalicom","article_published_time":"2024-04-17T08:02:27+00:00","og_image":[{"width":696,"height":392,"url":"https:\/\/www.nettali.com\/wp-content\/uploads\/2019\/04\/incendie-2-696x392.jpg","type":"image\/jpeg"}],"twitter_card":"summary_large_image","twitter_misc":{"\u00c9crit par":"Ibrahima","Dur\u00e9e de lecture estim\u00e9e":"1 minute"},"schema":{"@context":"https:\/\/schema.org","@graph":[{"@type":"WebSite","@id":"https:\/\/www.nettali.com\/#website","url":"https:\/\/www.nettali.com\/","name":"Nettali.com","description":"Le rendez-vous critique du Net","potentialAction":[{"@type":"SearchAction","target":{"@type":"EntryPoint","urlTemplate":"https:\/\/www.nettali.com\/?s={search_term_string}"},"query-input":"required name=search_term_string"}],"inLanguage":"fr-FR"},{"@type":"ImageObject","@id":"https:\/\/www.nettali.com\/2024\/04\/17\/bambey-un-enfant-meurt-calcine-dans-un-incendie\/#primaryimage","inLanguage":"fr-FR","url":"https:\/\/www.nettali.com\/wp-content\/uploads\/2019\/04\/incendie-2-696x392.jpg","contentUrl":"https:\/\/www.nettali.com\/wp-content\/uploads\/2019\/04\/incendie-2-696x392.jpg","width":696,"height":392},{"@type":"WebPage","@id":"https:\/\/www.nettali.com\/2024\/04\/17\/bambey-un-enfant-meurt-calcine-dans-un-incendie\/#webpage","url":"https:\/\/www.nettali.com\/2024\/04\/17\/bambey-un-enfant-meurt-calcine-dans-un-incendie\/","name":"BAMBEY - Un enfant meurt calcin\u00e9 dans un incendie | Nettali.com","isPartOf":{"@id":"https:\/\/www.nettali.com\/#website"},"primaryImageOfPage":{"@id":"https:\/\/www.nettali.com\/2024\/04\/17\/bambey-un-enfant-meurt-calcine-dans-un-incendie\/#primaryimage"},"datePublished":"2024-04-17T08:02:27+00:00","dateModified":"2024-04-17T08:02:27+00:00","author":{"@id":"https:\/\/www.nettali.com\/#\/schema\/person\/bb147657c2986240405a608162b9bb23"},"breadcrumb":{"@id":"https:\/\/www.nettali.com\/2024\/04\/17\/bambey-un-enfant-meurt-calcine-dans-un-incendie\/#breadcrumb"},"inLanguage":"fr-FR","potentialAction":[{"@type":"ReadAction","target":["https:\/\/www.nettali.com\/2024\/04\/17\/bambey-un-enfant-meurt-calcine-dans-un-incendie\/"]}]},{"@type":"BreadcrumbList","@id":"https:\/\/www.nettali.com\/2024\/04\/17\/bambey-un-enfant-meurt-calcine-dans-un-incendie\/#breadcrumb","itemListElement":[{"@type":"ListItem","position":1,"name":"Accueil","item":"https:\/\/www.nettali.com\/"},{"@type":"ListItem","position":2,"name":"BAMBEY - Un enfant meurt calcin\u00e9 dans un incendie"}]},{"@type":"Person","@id":"https:\/\/www.nettali.com\/#\/schema\/person\/bb147657c2986240405a608162b9bb23","name":"Ibrahima","image":{"@type":"ImageObject","@id":"https:\/\/www.nettali.com\/#personlogo","inLanguage":"fr-FR","url":"https:\/\/secure.gravatar.com\/avatar\/26a8a81f09f0dd7624c9d5c36c9ba3a2?s=96&d=mm&r=g","contentUrl":"https:\/\/secure.gravatar.com\/avatar\/26a8a81f09f0dd7624c9d5c36c9ba3a2?s=96&d=mm&r=g","caption":"Ibrahima"},"sameAs":["https:\/\/www.nettali.com"]}]}},"_links":{"self":[{"href":"https:\/\/www.nettali.com\/rest\/wp\/v2\/posts\/131838"}],"collection":[{"href":"https:\/\/www.nettali.com\/rest\/wp\/v2\/posts"}],"about":[{"href":"https:\/\/www.nettali.com\/rest\/wp\/v2\/types\/post"}],"author":[{"embeddable":true,"href":"https:\/\/www.nettali.com\/rest\/wp\/v2\/users\/5"}],"replies":[{"embeddable":true,"href":"https:\/\/www.nettali.com\/rest\/wp\/v2\/comments?post=131838"}],"version-history":[{"count":3,"href":"https:\/\/www.nettali.com\/rest\/wp\/v2\/posts\/131838\/revisions"}],"predecessor-version":[{"id":131844,"href":"https:\/\/www.nettali.com\/rest\/wp\/v2\/posts\/131838\/revisions\/131844"}],"wp:featuredmedia":[{"embeddable":true,"href":"https:\/\/www.nettali.com\/rest\/wp\/v2\/media\/6278"}],"wp:attachment":[{"href":"https:\/\/www.nettali.com\/rest\/wp\/v2\/media?parent=131838"}],"wp:term":[{"taxonomy":"category","embeddable":true,"href":"https:\/\/www.nettali.com\/rest\/wp\/v2\/categories?post=131838"},{"taxonomy":"post_tag","embeddable":true,"href":"https:\/\/www.nettali.com\/rest\/wp\/v2\/tags?post=131838"}],"curies":[{"name":"wp","href":"https:\/\/api.w.org\/{rel}","templated":true}]}}