{"id":131835,"date":"2024-04-17T07:55:26","date_gmt":"2024-04-17T07:55:26","guid":{"rendered":"https:\/\/www.nettali.com\/?p=131835"},"modified":"2024-04-17T07:55:26","modified_gmt":"2024-04-17T07:55:26","slug":"affaire-djbril-agi-sylla-le-bloggueur-guineen-fixe-sur-son-sort-le-mardi-26","status":"publish","type":"post","link":"https:\/\/www.nettali.com\/2024\/04\/17\/affaire-djbril-agi-sylla-le-bloggueur-guineen-fixe-sur-son-sort-le-mardi-26\/","title":{"rendered":"AFFAIRE DJBRIL AGI SYLLA - Le bloggueur guin\u00e9en, fix\u00e9 sur son sort le mardi 26"},"content":{"rendered":"<p><strong>NETTALI.COM - En prison depuis le jeudi 11 avril 2024, le bloggeur guin\u00e9en Djibril Agi Sylla a comparu \u00e0 la barre du tribunal le tribunal des flagrants d\u00e9lits de Dakar, le mardi 16 avril. Arr\u00eat\u00e9 \u00e0 la suite d\u2019une plainte de l\u2019homme d\u2019affaires KPC pour diffamation et injures publiques, le mis en cause est jug\u00e9 pour s\u00e9jour irr\u00e9gulier au S\u00e9n\u00e9gal. Le d\u00e9lib\u00e9r\u00e9 est fix\u00e9 pour mardi prochain.<\/strong><\/p>\n<p>Djibril Agi Sylla, est le bloggeur guin\u00e9en qui a \u00e9t\u00e9 arr\u00eat\u00e9 \u00e0 la suite d\u2019une plainte de l\u2019homme d\u2019affaires KPC pour diffamation et injures publiques. Toutefois,\u00a0 apr\u00e8s son audition, il a \u00e9t\u00e9 inculp\u00e9 pour s\u00e9jour irr\u00e9gulier au S\u00e9n\u00e9gal. Le parquet lui reproche d'\u00eatre venu au S\u00e9n\u00e9gal ill\u00e9galement puisqu'il ne dispose pas de titre de s\u00e9jour<\/p>\n<p>Celui qu\u2019on surnomme \u00ab Agi le king 224 \u00bb a, face aux juges du tribunal des flagrants d\u00e9lits de Dakar, reconnu les faits. Toutefois, il a expliqu\u00e9 sa venue au S\u00e9n\u00e9gal pour des raisons de survie. \u00ab <em>Je suis arriv\u00e9 au S\u00e9n\u00e9gal par voie terrestre pour fuir la pers\u00e9cution en Guin\u00e9e. Je crains pour ma vie. J'ignorais que j'avais besoin d'un titre de s\u00e9jour. A mon arriv\u00e9e, je me suis rendu au si\u00e8ge d'Amnesty international pour l'obtention du statut d'asile politique. Cependant j'ai \u00e9t\u00e9 orient\u00e9 vers le Haut-commissariat des Nations unies pour les r\u00e9fugi\u00e9s. J'ai appos\u00e9 mes empreintes mais par n\u00e9gligence, je ne suis pas reparti recueillir le document y aff\u00e9rent<\/em> \u00bb, a-t-il confi\u00e9.<\/p>\n<p>Si le procureur a demand\u00e9 l'application de la loi, la d\u00e9fense elle, a soutenu que la loi de 1971 qui a \u00e9t\u00e9 vis\u00e9e, est obsol\u00e8te. Pour les avocats, \u00ab <em>c\u2019est une humiliation de viser le s\u00e9jour irr\u00e9gulier contre un citoyen membre de la CEDEAO qui garantit la libre circulation des personnes et des biens<\/em> \u00bb.<\/p>\n<p>\u00ab <em>Votre d\u00e9cision peut avoir des cons\u00e9quences sur la communaut\u00e9. Le condamner, c'est le remettre \u00e0 la merci d'un r\u00e9gime totalitaire qui veut se servir d'une d\u00e9cision judiciaire S\u00e9n\u00e9galaise. Rendez justice \u00e0 Sylla, c'est participer \u00e0 la construction de la communaut\u00e9<\/em> \u00bb, a implor\u00e9 Me Amadou Diallo.<\/p>\n<p>Selon Toujours la d\u00e9fense, Me Amadou Aly Kane fait noter que \u00ab <em>le bloggueur est victime d'une erreur judiciaire car il n'existe pas de texte de loi qui permet de le punir en tant que citoyen CEDEAO<\/em> \u00bb<\/p>\n<p>Le parquet a \u00e0 son tour r\u00e9torqu\u00e9 que le principe de libre circulation ne peut pas \u00eatre \u00e9voqu\u00e9 lorsqu'il s'agit d'une affaire de police ou de s\u00fbret\u00e9 publique.<\/p>\n<p>Pour finir, les avocats de la d\u00e9fense ont sollicit\u00e9 une demande de libert\u00e9 provisoire avec le renvoi du d\u00e9lib\u00e9r\u00e9, tout en maintenant leur argumentaire.<\/p>\n<p>Une demande que le ministre public a refus\u00e9, \u00e9voquant des risques de trouble \u00e0 l'ordre public.<\/p>\n<p>Le tribunal a finalement rejet\u00e9 la demande et fix\u00e9 le d\u00e9lib\u00e9r\u00e9 au mardi 26 avril 2024.<\/p>\n<div class='share-to-whatsapp-wrapper'><div class='share-on-whsp'>PARTAGER SUR : <\/div><a data-text='AFFAIRE DJBRIL AGI SYLLA - Le bloggueur guin\u00e9en, fix\u00e9 sur son sort le mardi 26' data-link='https:\/\/www.nettali.com\/2024\/04\/17\/affaire-djbril-agi-sylla-le-bloggueur-guineen-fixe-sur-son-sort-le-mardi-26\/' class='whatsapp-button whatsapp-share'>WhatsApp<\/a><div class='clear '><\/div><\/div>","protected":false},"excerpt":{"rendered":"<p>NETTALI.COM - En prison depuis le jeudi 11 avril 2024, le bloggeur guin\u00e9en Djibril Agi Sylla a comparu \u00e0 la barre du tribunal le tribunal des flagrants d\u00e9lits de Dakar, le mardi 16 avril. Arr\u00eat\u00e9 \u00e0 la suite d\u2019une plainte de l\u2019homme d\u2019affaires KPC pour diffamation et injures publiques, le mis en cause est jug\u00e9 [&hellip;]<\/p>\n","protected":false},"author":6,"featured_media":131836,"comment_status":"open","ping_status":"open","sticky":false,"template":"","format":"standard","meta":{"_et_pb_use_builder":"","_et_pb_old_content":""},"categories":[3],"tags":[],"yoast_head":"<!-- This site is optimized with the Yoast SEO Premium plugin v17.8 (Yoast SEO v17.8) - https:\/\/yoast.com\/wordpress\/plugins\/seo\/ -->\n<title>AFFAIRE DJBRIL AGI SYLLA - Le bloggueur guin\u00e9en, fix\u00e9 sur son sort le mardi 26 | Nettali.com<\/title>\n<meta name=\"robots\" content=\"index, follow, max-snippet:-1, max-image-preview:large, max-video-preview:-1\" \/>\n<link rel=\"canonical\" href=\"https:\/\/www.nettali.com\/2024\/04\/17\/affaire-djbril-agi-sylla-le-bloggueur-guineen-fixe-sur-son-sort-le-mardi-26\/\" \/>\n<meta property=\"og:locale\" content=\"fr_FR\" \/>\n<meta property=\"og:type\" content=\"article\" \/>\n<meta property=\"og:title\" content=\"AFFAIRE DJBRIL AGI SYLLA - Le bloggueur guin\u00e9en, fix\u00e9 sur son sort le mardi 26\" \/>\n<meta property=\"og:description\" content=\"NETTALI.COM - En prison depuis le jeudi 11 avril 2024, le bloggeur guin\u00e9en Djibril Agi Sylla a comparu \u00e0 la barre du tribunal le tribunal des flagrants d\u00e9lits de Dakar, le mardi 16 avril. Arr\u00eat\u00e9 \u00e0 la suite d\u2019une plainte de l\u2019homme d\u2019affaires KPC pour diffamation et injures publiques, le mis en cause est jug\u00e9 [&hellip;]\" \/>\n<meta property=\"og:url\" content=\"https:\/\/www.nettali.com\/2024\/04\/17\/affaire-djbril-agi-sylla-le-bloggueur-guineen-fixe-sur-son-sort-le-mardi-26\/\" \/>\n<meta property=\"og:site_name\" content=\"Nettali.com\" \/>\n<meta property=\"article:publisher\" content=\"https:\/\/www.facebook.com\/nettalicom\" \/>\n<meta property=\"article:published_time\" content=\"2024-04-17T07:55:26+00:00\" \/>\n<meta property=\"og:image\" content=\"https:\/\/www.nettali.com\/wp-content\/uploads\/2024\/04\/telechargement-1.jpeg\" \/>\n\t<meta property=\"og:image:width\" content=\"305\" \/>\n\t<meta property=\"og:image:height\" content=\"165\" \/>\n<meta name=\"twitter:card\" content=\"summary_large_image\" \/>\n<meta name=\"twitter:label1\" content=\"\u00c9crit par\" \/>\n\t<meta name=\"twitter:data1\" content=\"Fatou\" \/>\n\t<meta name=\"twitter:label2\" content=\"Dur\u00e9e de lecture estim\u00e9e\" \/>\n\t<meta name=\"twitter:data2\" content=\"3 minutes\" \/>\n<script type=\"application\/ld+json\" class=\"yoast-schema-graph\">{\"@context\":\"https:\/\/schema.org\",\"@graph\":[{\"@type\":\"WebSite\",\"@id\":\"https:\/\/www.nettali.com\/#website\",\"url\":\"https:\/\/www.nettali.com\/\",\"name\":\"Nettali.com\",\"description\":\"Le rendez-vous critique du Net\",\"potentialAction\":[{\"@type\":\"SearchAction\",\"target\":{\"@type\":\"EntryPoint\",\"urlTemplate\":\"https:\/\/www.nettali.com\/?s={search_term_string}\"},\"query-input\":\"required name=search_term_string\"}],\"inLanguage\":\"fr-FR\"},{\"@type\":\"ImageObject\",\"@id\":\"https:\/\/www.nettali.com\/2024\/04\/17\/affaire-djbril-agi-sylla-le-bloggueur-guineen-fixe-sur-son-sort-le-mardi-26\/#primaryimage\",\"inLanguage\":\"fr-FR\",\"url\":\"https:\/\/www.nettali.com\/wp-content\/uploads\/2024\/04\/telechargement-1.jpeg\",\"contentUrl\":\"https:\/\/www.nettali.com\/wp-content\/uploads\/2024\/04\/telechargement-1.jpeg\",\"width\":305,\"height\":165},{\"@type\":\"WebPage\",\"@id\":\"https:\/\/www.nettali.com\/2024\/04\/17\/affaire-djbril-agi-sylla-le-bloggueur-guineen-fixe-sur-son-sort-le-mardi-26\/#webpage\",\"url\":\"https:\/\/www.nettali.com\/2024\/04\/17\/affaire-djbril-agi-sylla-le-bloggueur-guineen-fixe-sur-son-sort-le-mardi-26\/\",\"name\":\"AFFAIRE DJBRIL AGI SYLLA - Le bloggueur guin\\u00e9en, fix\\u00e9 sur son sort le mardi 26 | Nettali.com\",\"isPartOf\":{\"@id\":\"https:\/\/www.nettali.com\/#website\"},\"primaryImageOfPage\":{\"@id\":\"https:\/\/www.nettali.com\/2024\/04\/17\/affaire-djbril-agi-sylla-le-bloggueur-guineen-fixe-sur-son-sort-le-mardi-26\/#primaryimage\"},\"datePublished\":\"2024-04-17T07:55:26+00:00\",\"dateModified\":\"2024-04-17T07:55:26+00:00\",\"author\":{\"@id\":\"https:\/\/www.nettali.com\/#\/schema\/person\/418274a86bdf87caff7a3ef476bd0bbf\"},\"breadcrumb\":{\"@id\":\"https:\/\/www.nettali.com\/2024\/04\/17\/affaire-djbril-agi-sylla-le-bloggueur-guineen-fixe-sur-son-sort-le-mardi-26\/#breadcrumb\"},\"inLanguage\":\"fr-FR\",\"potentialAction\":[{\"@type\":\"ReadAction\",\"target\":[\"https:\/\/www.nettali.com\/2024\/04\/17\/affaire-djbril-agi-sylla-le-bloggueur-guineen-fixe-sur-son-sort-le-mardi-26\/\"]}]},{\"@type\":\"BreadcrumbList\",\"@id\":\"https:\/\/www.nettali.com\/2024\/04\/17\/affaire-djbril-agi-sylla-le-bloggueur-guineen-fixe-sur-son-sort-le-mardi-26\/#breadcrumb\",\"itemListElement\":[{\"@type\":\"ListItem\",\"position\":1,\"name\":\"Accueil\",\"item\":\"https:\/\/www.nettali.com\/\"},{\"@type\":\"ListItem\",\"position\":2,\"name\":\"AFFAIRE DJBRIL AGI SYLLA - Le bloggueur guin\\u00e9en, fix\\u00e9 sur son sort le mardi 26\"}]},{\"@type\":\"Person\",\"@id\":\"https:\/\/www.nettali.com\/#\/schema\/person\/418274a86bdf87caff7a3ef476bd0bbf\",\"name\":\"Fatou\",\"image\":{\"@type\":\"ImageObject\",\"@id\":\"https:\/\/www.nettali.com\/#personlogo\",\"inLanguage\":\"fr-FR\",\"url\":\"https:\/\/secure.gravatar.com\/avatar\/5a9442a2bee7b4dcf167cab035858e9a?s=96&d=mm&r=g\",\"contentUrl\":\"https:\/\/secure.gravatar.com\/avatar\/5a9442a2bee7b4dcf167cab035858e9a?s=96&d=mm&r=g\",\"caption\":\"Fatou\"},\"sameAs\":[\"https:\/\/www.nettali.com\"]}]}<\/script>\n<!-- \/ Yoast SEO Premium plugin. -->","yoast_head_json":{"title":"AFFAIRE DJBRIL AGI SYLLA - Le bloggueur guin\u00e9en, fix\u00e9 sur son sort le mardi 26 | Nettali.com","robots":{"index":"index","follow":"follow","max-snippet":"max-snippet:-1","max-image-preview":"max-image-preview:large","max-video-preview":"max-video-preview:-1"},"canonical":"https:\/\/www.nettali.com\/2024\/04\/17\/affaire-djbril-agi-sylla-le-bloggueur-guineen-fixe-sur-son-sort-le-mardi-26\/","og_locale":"fr_FR","og_type":"article","og_title":"AFFAIRE DJBRIL AGI SYLLA - Le bloggueur guin\u00e9en, fix\u00e9 sur son sort le mardi 26","og_description":"NETTALI.COM - En prison depuis le jeudi 11 avril 2024, le bloggeur guin\u00e9en Djibril Agi Sylla a comparu \u00e0 la barre du tribunal le tribunal des flagrants d\u00e9lits de Dakar, le mardi 16 avril. Arr\u00eat\u00e9 \u00e0 la suite d\u2019une plainte de l\u2019homme d\u2019affaires KPC pour diffamation et injures publiques, le mis en cause est jug\u00e9 [&hellip;]","og_url":"https:\/\/www.nettali.com\/2024\/04\/17\/affaire-djbril-agi-sylla-le-bloggueur-guineen-fixe-sur-son-sort-le-mardi-26\/","og_site_name":"Nettali.com","article_publisher":"https:\/\/www.facebook.com\/nettalicom","article_published_time":"2024-04-17T07:55:26+00:00","og_image":[{"width":305,"height":165,"url":"https:\/\/www.nettali.com\/wp-content\/uploads\/2024\/04\/telechargement-1.jpeg","type":"image\/jpeg"}],"twitter_card":"summary_large_image","twitter_misc":{"\u00c9crit par":"Fatou","Dur\u00e9e de lecture estim\u00e9e":"3 minutes"},"schema":{"@context":"https:\/\/schema.org","@graph":[{"@type":"WebSite","@id":"https:\/\/www.nettali.com\/#website","url":"https:\/\/www.nettali.com\/","name":"Nettali.com","description":"Le rendez-vous critique du Net","potentialAction":[{"@type":"SearchAction","target":{"@type":"EntryPoint","urlTemplate":"https:\/\/www.nettali.com\/?s={search_term_string}"},"query-input":"required name=search_term_string"}],"inLanguage":"fr-FR"},{"@type":"ImageObject","@id":"https:\/\/www.nettali.com\/2024\/04\/17\/affaire-djbril-agi-sylla-le-bloggueur-guineen-fixe-sur-son-sort-le-mardi-26\/#primaryimage","inLanguage":"fr-FR","url":"https:\/\/www.nettali.com\/wp-content\/uploads\/2024\/04\/telechargement-1.jpeg","contentUrl":"https:\/\/www.nettali.com\/wp-content\/uploads\/2024\/04\/telechargement-1.jpeg","width":305,"height":165},{"@type":"WebPage","@id":"https:\/\/www.nettali.com\/2024\/04\/17\/affaire-djbril-agi-sylla-le-bloggueur-guineen-fixe-sur-son-sort-le-mardi-26\/#webpage","url":"https:\/\/www.nettali.com\/2024\/04\/17\/affaire-djbril-agi-sylla-le-bloggueur-guineen-fixe-sur-son-sort-le-mardi-26\/","name":"AFFAIRE DJBRIL AGI SYLLA - Le bloggueur guin\u00e9en, fix\u00e9 sur son sort le mardi 26 | Nettali.com","isPartOf":{"@id":"https:\/\/www.nettali.com\/#website"},"primaryImageOfPage":{"@id":"https:\/\/www.nettali.com\/2024\/04\/17\/affaire-djbril-agi-sylla-le-bloggueur-guineen-fixe-sur-son-sort-le-mardi-26\/#primaryimage"},"datePublished":"2024-04-17T07:55:26+00:00","dateModified":"2024-04-17T07:55:26+00:00","author":{"@id":"https:\/\/www.nettali.com\/#\/schema\/person\/418274a86bdf87caff7a3ef476bd0bbf"},"breadcrumb":{"@id":"https:\/\/www.nettali.com\/2024\/04\/17\/affaire-djbril-agi-sylla-le-bloggueur-guineen-fixe-sur-son-sort-le-mardi-26\/#breadcrumb"},"inLanguage":"fr-FR","potentialAction":[{"@type":"ReadAction","target":["https:\/\/www.nettali.com\/2024\/04\/17\/affaire-djbril-agi-sylla-le-bloggueur-guineen-fixe-sur-son-sort-le-mardi-26\/"]}]},{"@type":"BreadcrumbList","@id":"https:\/\/www.nettali.com\/2024\/04\/17\/affaire-djbril-agi-sylla-le-bloggueur-guineen-fixe-sur-son-sort-le-mardi-26\/#breadcrumb","itemListElement":[{"@type":"ListItem","position":1,"name":"Accueil","item":"https:\/\/www.nettali.com\/"},{"@type":"ListItem","position":2,"name":"AFFAIRE DJBRIL AGI SYLLA - Le bloggueur guin\u00e9en, fix\u00e9 sur son sort le mardi 26"}]},{"@type":"Person","@id":"https:\/\/www.nettali.com\/#\/schema\/person\/418274a86bdf87caff7a3ef476bd0bbf","name":"Fatou","image":{"@type":"ImageObject","@id":"https:\/\/www.nettali.com\/#personlogo","inLanguage":"fr-FR","url":"https:\/\/secure.gravatar.com\/avatar\/5a9442a2bee7b4dcf167cab035858e9a?s=96&d=mm&r=g","contentUrl":"https:\/\/secure.gravatar.com\/avatar\/5a9442a2bee7b4dcf167cab035858e9a?s=96&d=mm&r=g","caption":"Fatou"},"sameAs":["https:\/\/www.nettali.com"]}]}},"_links":{"self":[{"href":"https:\/\/www.nettali.com\/rest\/wp\/v2\/posts\/131835"}],"collection":[{"href":"https:\/\/www.nettali.com\/rest\/wp\/v2\/posts"}],"about":[{"href":"https:\/\/www.nettali.com\/rest\/wp\/v2\/types\/post"}],"author":[{"embeddable":true,"href":"https:\/\/www.nettali.com\/rest\/wp\/v2\/users\/6"}],"replies":[{"embeddable":true,"href":"https:\/\/www.nettali.com\/rest\/wp\/v2\/comments?post=131835"}],"version-history":[{"count":3,"href":"https:\/\/www.nettali.com\/rest\/wp\/v2\/posts\/131835\/revisions"}],"predecessor-version":[{"id":131841,"href":"https:\/\/www.nettali.com\/rest\/wp\/v2\/posts\/131835\/revisions\/131841"}],"wp:featuredmedia":[{"embeddable":true,"href":"https:\/\/www.nettali.com\/rest\/wp\/v2\/media\/131836"}],"wp:attachment":[{"href":"https:\/\/www.nettali.com\/rest\/wp\/v2\/media?parent=131835"}],"wp:term":[{"taxonomy":"category","embeddable":true,"href":"https:\/\/www.nettali.com\/rest\/wp\/v2\/categories?post=131835"},{"taxonomy":"post_tag","embeddable":true,"href":"https:\/\/www.nettali.com\/rest\/wp\/v2\/tags?post=131835"}],"curies":[{"name":"wp","href":"https:\/\/api.w.org\/{rel}","templated":true}]}}