{"id":131729,"date":"2024-04-15T10:33:47","date_gmt":"2024-04-15T10:33:47","guid":{"rendered":"https:\/\/www.nettali.com\/?p=131729"},"modified":"2024-04-15T10:33:47","modified_gmt":"2024-04-15T10:33:47","slug":"deces-de-mbaye-sidy-mbaye-le-ministre-de-la-communication-salue-la-memoire-dun-grand-professionnel","status":"publish","type":"post","link":"https:\/\/www.nettali.com\/2024\/04\/15\/deces-de-mbaye-sidy-mbaye-le-ministre-de-la-communication-salue-la-memoire-dun-grand-professionnel\/","title":{"rendered":"DECES DE MBAYE SIDY MBAYE - Le ministre de la Communication salue la m\u00e9moire d'un grand professionnel"},"content":{"rendered":"<p><strong>NETTALI.COM - Le ministre de la Communication, des T\u00e9l\u00e9communications et du Num\u00e9rique, Alioune Sall, a salu\u00e9, dimanche la m\u00e9moire du journaliste, Mbaye Sidy Mbaye, rappel\u00e9 \u00e0 Dieu le m\u00eame jour \u00e0 Dakar, estimant que le monde de la presse avait <em>\"perdu un professionnel admirable et respectable\u201d<\/em>.<\/strong><\/p>\n<p><em>\"C\u2019est avec tristesse que nous avons appris le rappel \u00e0 Dieu du journaliste et formateur \u00e9m\u00e9rite, Mbaye Sidy Mbaye. Le S\u00e9n\u00e9gal et le monde de la presse viennent de perdre un professionnel admirable et respectable de par son talent et son attachement aux principes fondamentaux du journalisme\u2019\u2019<\/em>, a-t-il indiqu\u00e9 dans une note.<\/p>\n<p>L\u2019ancien porte-parole du Conseil pour l\u2019observation des r\u00e8gles d\u2019\u00e9thique et de d\u00e9ontologie (CORED), est d\u00e9c\u00e9d\u00e9 dans la nuit de samedi \u00e0 dimanche.<\/p>\n<p><em>\"Mbaye Sidy Mbaye \u00e9tait un esprit \u00e9clair\u00e9, mais aussi une voix claire. Il s\u2019\u00e9tait impos\u00e9 dans le secteur des m\u00e9dias par la justesse, la maitrise et la pertinence des sujets qu\u2019il abordait\u2019\u2019<\/em>, a t\u00e9moign\u00e9 le ministre de la Communication.<\/p>\n<p>Il n\u2019a pas manqu\u00e9 de souligner que le d\u00e9funt avait laiss\u00e9 partout o\u00f9 il \u00e9tait pass\u00e9 l\u2019image d\u2019un professionnel rigoureux qui avait \u00e9rig\u00e9 en dogme l\u2019\u00e9thique et la d\u00e9ontologie.<\/p>\n<p>Mbaye Sidy Mbaye a travaill\u00e9 \u00e0 la radio nationale, la RTS, \u00e0 la radio Walf Fm (priv\u00e9e) avant de devenir formateur au Centre d\u2019\u00e9tude des sciences et techniques de l\u2019information (Cesti), l\u2019institut de journalisme de l\u2019Universit\u00e9 Cheikh Anta Diop de Dakar.<\/p>\n<p>Il a \u00e9t\u00e9 un temps pr\u00e9sident de la section s\u00e9n\u00e9galaise de l\u2019Union internationale de la presse francophone (UPF).<\/p>\n<div class='share-to-whatsapp-wrapper'><div class='share-on-whsp'>PARTAGER SUR : <\/div><a data-text='DECES DE MBAYE SIDY MBAYE - Le ministre de la Communication salue la m\u00e9moire d'un grand professionnel' data-link='https:\/\/www.nettali.com\/2024\/04\/15\/deces-de-mbaye-sidy-mbaye-le-ministre-de-la-communication-salue-la-memoire-dun-grand-professionnel\/' class='whatsapp-button whatsapp-share'>WhatsApp<\/a><div class='clear '><\/div><\/div>","protected":false},"excerpt":{"rendered":"<p>NETTALI.COM - Le ministre de la Communication, des T\u00e9l\u00e9communications et du Num\u00e9rique, Alioune Sall, a salu\u00e9, dimanche la m\u00e9moire du journaliste, Mbaye Sidy Mbaye, rappel\u00e9 \u00e0 Dieu le m\u00eame jour \u00e0 Dakar, estimant que le monde de la presse avait \"perdu un professionnel admirable et respectable\u201d. \"C\u2019est avec tristesse que nous avons appris le rappel [&hellip;]<\/p>\n","protected":false},"author":4,"featured_media":131730,"comment_status":"open","ping_status":"open","sticky":false,"template":"","format":"standard","meta":{"_et_pb_use_builder":"","_et_pb_old_content":""},"categories":[3],"tags":[],"yoast_head":"<!-- This site is optimized with the Yoast SEO Premium plugin v17.8 (Yoast SEO v17.8) - https:\/\/yoast.com\/wordpress\/plugins\/seo\/ -->\n<title>DECES DE MBAYE SIDY MBAYE - Le ministre de la Communication salue la m\u00e9moire d&#039;un grand professionnel | Nettali.com<\/title>\n<meta name=\"robots\" content=\"index, follow, max-snippet:-1, max-image-preview:large, max-video-preview:-1\" \/>\n<link rel=\"canonical\" href=\"https:\/\/www.nettali.com\/2024\/04\/15\/deces-de-mbaye-sidy-mbaye-le-ministre-de-la-communication-salue-la-memoire-dun-grand-professionnel\/\" \/>\n<meta property=\"og:locale\" content=\"fr_FR\" \/>\n<meta property=\"og:type\" content=\"article\" \/>\n<meta property=\"og:title\" content=\"DECES DE MBAYE SIDY MBAYE - Le ministre de la Communication salue la m\u00e9moire d&#039;un grand professionnel\" \/>\n<meta property=\"og:description\" content=\"NETTALI.COM - Le ministre de la Communication, des T\u00e9l\u00e9communications et du Num\u00e9rique, Alioune Sall, a salu\u00e9, dimanche la m\u00e9moire du journaliste, Mbaye Sidy Mbaye, rappel\u00e9 \u00e0 Dieu le m\u00eame jour \u00e0 Dakar, estimant que le monde de la presse avait &quot;perdu un professionnel admirable et respectable\u201d. &quot;C\u2019est avec tristesse que nous avons appris le rappel [&hellip;]\" \/>\n<meta property=\"og:url\" content=\"https:\/\/www.nettali.com\/2024\/04\/15\/deces-de-mbaye-sidy-mbaye-le-ministre-de-la-communication-salue-la-memoire-dun-grand-professionnel\/\" \/>\n<meta property=\"og:site_name\" content=\"Nettali.com\" \/>\n<meta property=\"article:publisher\" content=\"https:\/\/www.facebook.com\/nettalicom\" \/>\n<meta property=\"article:published_time\" content=\"2024-04-15T10:33:47+00:00\" \/>\n<meta property=\"og:image\" content=\"https:\/\/www.nettali.com\/wp-content\/uploads\/2024\/04\/Capture-de\u0301cran-2024-04-15-a\u0300-10.29.59.png\" \/>\n\t<meta property=\"og:image:width\" content=\"586\" \/>\n\t<meta property=\"og:image:height\" content=\"412\" \/>\n<meta name=\"twitter:card\" content=\"summary_large_image\" \/>\n<meta name=\"twitter:label1\" content=\"\u00c9crit par\" \/>\n\t<meta name=\"twitter:data1\" content=\"Daouda\" \/>\n\t<meta name=\"twitter:label2\" content=\"Dur\u00e9e de lecture estim\u00e9e\" \/>\n\t<meta name=\"twitter:data2\" content=\"2 minutes\" \/>\n<script type=\"application\/ld+json\" class=\"yoast-schema-graph\">{\"@context\":\"https:\/\/schema.org\",\"@graph\":[{\"@type\":\"WebSite\",\"@id\":\"https:\/\/www.nettali.com\/#website\",\"url\":\"https:\/\/www.nettali.com\/\",\"name\":\"Nettali.com\",\"description\":\"Le rendez-vous critique du Net\",\"potentialAction\":[{\"@type\":\"SearchAction\",\"target\":{\"@type\":\"EntryPoint\",\"urlTemplate\":\"https:\/\/www.nettali.com\/?s={search_term_string}\"},\"query-input\":\"required name=search_term_string\"}],\"inLanguage\":\"fr-FR\"},{\"@type\":\"ImageObject\",\"@id\":\"https:\/\/www.nettali.com\/2024\/04\/15\/deces-de-mbaye-sidy-mbaye-le-ministre-de-la-communication-salue-la-memoire-dun-grand-professionnel\/#primaryimage\",\"inLanguage\":\"fr-FR\",\"url\":\"https:\/\/www.nettali.com\/wp-content\/uploads\/2024\/04\/Capture-de\\u0301cran-2024-04-15-a\\u0300-10.29.59.png\",\"contentUrl\":\"https:\/\/www.nettali.com\/wp-content\/uploads\/2024\/04\/Capture-de\\u0301cran-2024-04-15-a\\u0300-10.29.59.png\",\"width\":586,\"height\":412},{\"@type\":\"WebPage\",\"@id\":\"https:\/\/www.nettali.com\/2024\/04\/15\/deces-de-mbaye-sidy-mbaye-le-ministre-de-la-communication-salue-la-memoire-dun-grand-professionnel\/#webpage\",\"url\":\"https:\/\/www.nettali.com\/2024\/04\/15\/deces-de-mbaye-sidy-mbaye-le-ministre-de-la-communication-salue-la-memoire-dun-grand-professionnel\/\",\"name\":\"DECES DE MBAYE SIDY MBAYE - Le ministre de la Communication salue la m\\u00e9moire d'un grand professionnel | Nettali.com\",\"isPartOf\":{\"@id\":\"https:\/\/www.nettali.com\/#website\"},\"primaryImageOfPage\":{\"@id\":\"https:\/\/www.nettali.com\/2024\/04\/15\/deces-de-mbaye-sidy-mbaye-le-ministre-de-la-communication-salue-la-memoire-dun-grand-professionnel\/#primaryimage\"},\"datePublished\":\"2024-04-15T10:33:47+00:00\",\"dateModified\":\"2024-04-15T10:33:47+00:00\",\"author\":{\"@id\":\"https:\/\/www.nettali.com\/#\/schema\/person\/3317e0bb3aa1da309fbf7b2780901bf4\"},\"breadcrumb\":{\"@id\":\"https:\/\/www.nettali.com\/2024\/04\/15\/deces-de-mbaye-sidy-mbaye-le-ministre-de-la-communication-salue-la-memoire-dun-grand-professionnel\/#breadcrumb\"},\"inLanguage\":\"fr-FR\",\"potentialAction\":[{\"@type\":\"ReadAction\",\"target\":[\"https:\/\/www.nettali.com\/2024\/04\/15\/deces-de-mbaye-sidy-mbaye-le-ministre-de-la-communication-salue-la-memoire-dun-grand-professionnel\/\"]}]},{\"@type\":\"BreadcrumbList\",\"@id\":\"https:\/\/www.nettali.com\/2024\/04\/15\/deces-de-mbaye-sidy-mbaye-le-ministre-de-la-communication-salue-la-memoire-dun-grand-professionnel\/#breadcrumb\",\"itemListElement\":[{\"@type\":\"ListItem\",\"position\":1,\"name\":\"Accueil\",\"item\":\"https:\/\/www.nettali.com\/\"},{\"@type\":\"ListItem\",\"position\":2,\"name\":\"DECES DE MBAYE SIDY MBAYE - Le ministre de la Communication salue la m\\u00e9moire d'un grand professionnel\"}]},{\"@type\":\"Person\",\"@id\":\"https:\/\/www.nettali.com\/#\/schema\/person\/3317e0bb3aa1da309fbf7b2780901bf4\",\"name\":\"Daouda\",\"image\":{\"@type\":\"ImageObject\",\"@id\":\"https:\/\/www.nettali.com\/#personlogo\",\"inLanguage\":\"fr-FR\",\"url\":\"https:\/\/secure.gravatar.com\/avatar\/8d143b5a49345098ddcfee1c49c2f47c?s=96&d=mm&r=g\",\"contentUrl\":\"https:\/\/secure.gravatar.com\/avatar\/8d143b5a49345098ddcfee1c49c2f47c?s=96&d=mm&r=g\",\"caption\":\"Daouda\"},\"sameAs\":[\"https:\/\/www.nettali.com\"]}]}<\/script>\n<!-- \/ Yoast SEO Premium plugin. -->","yoast_head_json":{"title":"DECES DE MBAYE SIDY MBAYE - Le ministre de la Communication salue la m\u00e9moire d'un grand professionnel | Nettali.com","robots":{"index":"index","follow":"follow","max-snippet":"max-snippet:-1","max-image-preview":"max-image-preview:large","max-video-preview":"max-video-preview:-1"},"canonical":"https:\/\/www.nettali.com\/2024\/04\/15\/deces-de-mbaye-sidy-mbaye-le-ministre-de-la-communication-salue-la-memoire-dun-grand-professionnel\/","og_locale":"fr_FR","og_type":"article","og_title":"DECES DE MBAYE SIDY MBAYE - Le ministre de la Communication salue la m\u00e9moire d'un grand professionnel","og_description":"NETTALI.COM - Le ministre de la Communication, des T\u00e9l\u00e9communications et du Num\u00e9rique, Alioune Sall, a salu\u00e9, dimanche la m\u00e9moire du journaliste, Mbaye Sidy Mbaye, rappel\u00e9 \u00e0 Dieu le m\u00eame jour \u00e0 Dakar, estimant que le monde de la presse avait \"perdu un professionnel admirable et respectable\u201d. \"C\u2019est avec tristesse que nous avons appris le rappel [&hellip;]","og_url":"https:\/\/www.nettali.com\/2024\/04\/15\/deces-de-mbaye-sidy-mbaye-le-ministre-de-la-communication-salue-la-memoire-dun-grand-professionnel\/","og_site_name":"Nettali.com","article_publisher":"https:\/\/www.facebook.com\/nettalicom","article_published_time":"2024-04-15T10:33:47+00:00","og_image":[{"width":586,"height":412,"url":"https:\/\/www.nettali.com\/wp-content\/uploads\/2024\/04\/Capture-de\u0301cran-2024-04-15-a\u0300-10.29.59.png","type":"image\/png"}],"twitter_card":"summary_large_image","twitter_misc":{"\u00c9crit par":"Daouda","Dur\u00e9e de lecture estim\u00e9e":"2 minutes"},"schema":{"@context":"https:\/\/schema.org","@graph":[{"@type":"WebSite","@id":"https:\/\/www.nettali.com\/#website","url":"https:\/\/www.nettali.com\/","name":"Nettali.com","description":"Le rendez-vous critique du Net","potentialAction":[{"@type":"SearchAction","target":{"@type":"EntryPoint","urlTemplate":"https:\/\/www.nettali.com\/?s={search_term_string}"},"query-input":"required name=search_term_string"}],"inLanguage":"fr-FR"},{"@type":"ImageObject","@id":"https:\/\/www.nettali.com\/2024\/04\/15\/deces-de-mbaye-sidy-mbaye-le-ministre-de-la-communication-salue-la-memoire-dun-grand-professionnel\/#primaryimage","inLanguage":"fr-FR","url":"https:\/\/www.nettali.com\/wp-content\/uploads\/2024\/04\/Capture-de\u0301cran-2024-04-15-a\u0300-10.29.59.png","contentUrl":"https:\/\/www.nettali.com\/wp-content\/uploads\/2024\/04\/Capture-de\u0301cran-2024-04-15-a\u0300-10.29.59.png","width":586,"height":412},{"@type":"WebPage","@id":"https:\/\/www.nettali.com\/2024\/04\/15\/deces-de-mbaye-sidy-mbaye-le-ministre-de-la-communication-salue-la-memoire-dun-grand-professionnel\/#webpage","url":"https:\/\/www.nettali.com\/2024\/04\/15\/deces-de-mbaye-sidy-mbaye-le-ministre-de-la-communication-salue-la-memoire-dun-grand-professionnel\/","name":"DECES DE MBAYE SIDY MBAYE - Le ministre de la Communication salue la m\u00e9moire d'un grand professionnel | Nettali.com","isPartOf":{"@id":"https:\/\/www.nettali.com\/#website"},"primaryImageOfPage":{"@id":"https:\/\/www.nettali.com\/2024\/04\/15\/deces-de-mbaye-sidy-mbaye-le-ministre-de-la-communication-salue-la-memoire-dun-grand-professionnel\/#primaryimage"},"datePublished":"2024-04-15T10:33:47+00:00","dateModified":"2024-04-15T10:33:47+00:00","author":{"@id":"https:\/\/www.nettali.com\/#\/schema\/person\/3317e0bb3aa1da309fbf7b2780901bf4"},"breadcrumb":{"@id":"https:\/\/www.nettali.com\/2024\/04\/15\/deces-de-mbaye-sidy-mbaye-le-ministre-de-la-communication-salue-la-memoire-dun-grand-professionnel\/#breadcrumb"},"inLanguage":"fr-FR","potentialAction":[{"@type":"ReadAction","target":["https:\/\/www.nettali.com\/2024\/04\/15\/deces-de-mbaye-sidy-mbaye-le-ministre-de-la-communication-salue-la-memoire-dun-grand-professionnel\/"]}]},{"@type":"BreadcrumbList","@id":"https:\/\/www.nettali.com\/2024\/04\/15\/deces-de-mbaye-sidy-mbaye-le-ministre-de-la-communication-salue-la-memoire-dun-grand-professionnel\/#breadcrumb","itemListElement":[{"@type":"ListItem","position":1,"name":"Accueil","item":"https:\/\/www.nettali.com\/"},{"@type":"ListItem","position":2,"name":"DECES DE MBAYE SIDY MBAYE - Le ministre de la Communication salue la m\u00e9moire d'un grand professionnel"}]},{"@type":"Person","@id":"https:\/\/www.nettali.com\/#\/schema\/person\/3317e0bb3aa1da309fbf7b2780901bf4","name":"Daouda","image":{"@type":"ImageObject","@id":"https:\/\/www.nettali.com\/#personlogo","inLanguage":"fr-FR","url":"https:\/\/secure.gravatar.com\/avatar\/8d143b5a49345098ddcfee1c49c2f47c?s=96&d=mm&r=g","contentUrl":"https:\/\/secure.gravatar.com\/avatar\/8d143b5a49345098ddcfee1c49c2f47c?s=96&d=mm&r=g","caption":"Daouda"},"sameAs":["https:\/\/www.nettali.com"]}]}},"_links":{"self":[{"href":"https:\/\/www.nettali.com\/rest\/wp\/v2\/posts\/131729"}],"collection":[{"href":"https:\/\/www.nettali.com\/rest\/wp\/v2\/posts"}],"about":[{"href":"https:\/\/www.nettali.com\/rest\/wp\/v2\/types\/post"}],"author":[{"embeddable":true,"href":"https:\/\/www.nettali.com\/rest\/wp\/v2\/users\/4"}],"replies":[{"embeddable":true,"href":"https:\/\/www.nettali.com\/rest\/wp\/v2\/comments?post=131729"}],"version-history":[{"count":1,"href":"https:\/\/www.nettali.com\/rest\/wp\/v2\/posts\/131729\/revisions"}],"predecessor-version":[{"id":131731,"href":"https:\/\/www.nettali.com\/rest\/wp\/v2\/posts\/131729\/revisions\/131731"}],"wp:featuredmedia":[{"embeddable":true,"href":"https:\/\/www.nettali.com\/rest\/wp\/v2\/media\/131730"}],"wp:attachment":[{"href":"https:\/\/www.nettali.com\/rest\/wp\/v2\/media?parent=131729"}],"wp:term":[{"taxonomy":"category","embeddable":true,"href":"https:\/\/www.nettali.com\/rest\/wp\/v2\/categories?post=131729"},{"taxonomy":"post_tag","embeddable":true,"href":"https:\/\/www.nettali.com\/rest\/wp\/v2\/tags?post=131729"}],"curies":[{"name":"wp","href":"https:\/\/api.w.org\/{rel}","templated":true}]}}