{"id":131433,"date":"2024-04-08T22:41:39","date_gmt":"2024-04-08T22:41:39","guid":{"rendered":"https:\/\/www.nettali.com\/?p=131433"},"modified":"2024-04-08T22:41:39","modified_gmt":"2024-04-08T22:41:39","slug":"sandiara-le-ministre-serigne-gueye-diop-demissionne-de-son-poste-de-maire","status":"publish","type":"post","link":"https:\/\/www.nettali.com\/2024\/04\/08\/sandiara-le-ministre-serigne-gueye-diop-demissionne-de-son-poste-de-maire\/","title":{"rendered":"SANDIARA - Le ministre S\u00e9rigne Gu\u00e8ye Diop d\u00e9missionne de son poste de maire"},"content":{"rendered":"<p><strong>NETTALI.COM - Le tout nouveau ministre de l'industrie et du commerce, S\u00e9rigne Gu\u00e8ye Diop, vient de d\u00e9missionner de son poste de maire de Sandiara. Le ministre de l'industrie et du commerce, Dr S\u00e9rigne Gu\u00e8ye Diop \u00e9tait \u00e9lu maire de Sandiara, sa commune, lors des \u00e9lections locales de 2022.<\/strong><\/p>\n<p>En renon\u00e7ant \u00e0 son poste de maire, le maire de Sandiara se veut conforme \u00e0 la rupture, comme l'a rappel\u00e9 le Premier ministre Ousmane Sonko. Ce dernier avait exprim\u00e9 son souhait de voir tous les ministres ayants d'autres postes de rendre leur d\u00e9mission au plus tard ce lundi.<\/p>\n<p>Serigne Gu\u00e8ye Diop sera-t-il imit\u00e9 par ses pairs? Wait and see.<\/p>\n<div class='share-to-whatsapp-wrapper'><div class='share-on-whsp'>PARTAGER SUR : <\/div><a data-text='SANDIARA - Le ministre S\u00e9rigne Gu\u00e8ye Diop d\u00e9missionne de son poste de maire' data-link='https:\/\/www.nettali.com\/2024\/04\/08\/sandiara-le-ministre-serigne-gueye-diop-demissionne-de-son-poste-de-maire\/' class='whatsapp-button whatsapp-share'>WhatsApp<\/a><div class='clear '><\/div><\/div>","protected":false},"excerpt":{"rendered":"<p>NETTALI.COM - Le tout nouveau ministre de l'industrie et du commerce, S\u00e9rigne Gu\u00e8ye Diop, vient de d\u00e9missionner de son poste de maire de Sandiara. Le ministre de l'industrie et du commerce, Dr S\u00e9rigne Gu\u00e8ye Diop \u00e9tait \u00e9lu maire de Sandiara, sa commune, lors des \u00e9lections locales de 2022. En renon\u00e7ant \u00e0 son poste de maire, [&hellip;]<\/p>\n","protected":false},"author":5,"featured_media":131435,"comment_status":"open","ping_status":"open","sticky":false,"template":"","format":"standard","meta":{"_et_pb_use_builder":"","_et_pb_old_content":""},"categories":[3],"tags":[],"yoast_head":"<!-- This site is optimized with the Yoast SEO Premium plugin v17.8 (Yoast SEO v17.8) - https:\/\/yoast.com\/wordpress\/plugins\/seo\/ -->\n<title>SANDIARA - Le ministre S\u00e9rigne Gu\u00e8ye Diop d\u00e9missionne de son poste de maire | Nettali.com<\/title>\n<meta name=\"robots\" content=\"index, follow, max-snippet:-1, max-image-preview:large, max-video-preview:-1\" \/>\n<link rel=\"canonical\" href=\"https:\/\/www.nettali.com\/2024\/04\/08\/sandiara-le-ministre-serigne-gueye-diop-demissionne-de-son-poste-de-maire\/\" \/>\n<meta property=\"og:locale\" content=\"fr_FR\" \/>\n<meta property=\"og:type\" content=\"article\" \/>\n<meta property=\"og:title\" content=\"SANDIARA - Le ministre S\u00e9rigne Gu\u00e8ye Diop d\u00e9missionne de son poste de maire\" \/>\n<meta property=\"og:description\" content=\"NETTALI.COM - Le tout nouveau ministre de l&#039;industrie et du commerce, S\u00e9rigne Gu\u00e8ye Diop, vient de d\u00e9missionner de son poste de maire de Sandiara. Le ministre de l&#039;industrie et du commerce, Dr S\u00e9rigne Gu\u00e8ye Diop \u00e9tait \u00e9lu maire de Sandiara, sa commune, lors des \u00e9lections locales de 2022. En renon\u00e7ant \u00e0 son poste de maire, [&hellip;]\" \/>\n<meta property=\"og:url\" content=\"https:\/\/www.nettali.com\/2024\/04\/08\/sandiara-le-ministre-serigne-gueye-diop-demissionne-de-son-poste-de-maire\/\" \/>\n<meta property=\"og:site_name\" content=\"Nettali.com\" \/>\n<meta property=\"article:publisher\" content=\"https:\/\/www.facebook.com\/nettalicom\" \/>\n<meta property=\"article:published_time\" content=\"2024-04-08T22:41:39+00:00\" \/>\n<meta property=\"og:image\" content=\"https:\/\/www.nettali.com\/wp-content\/uploads\/2024\/04\/8872.png\" \/>\n\t<meta property=\"og:image:width\" content=\"1100\" \/>\n\t<meta property=\"og:image:height\" content=\"716\" \/>\n<meta name=\"twitter:card\" content=\"summary_large_image\" \/>\n<meta name=\"twitter:label1\" content=\"\u00c9crit par\" \/>\n\t<meta name=\"twitter:data1\" content=\"Ibrahima\" \/>\n\t<meta name=\"twitter:label2\" content=\"Dur\u00e9e de lecture estim\u00e9e\" \/>\n\t<meta name=\"twitter:data2\" content=\"1 minute\" \/>\n<script type=\"application\/ld+json\" class=\"yoast-schema-graph\">{\"@context\":\"https:\/\/schema.org\",\"@graph\":[{\"@type\":\"WebSite\",\"@id\":\"https:\/\/www.nettali.com\/#website\",\"url\":\"https:\/\/www.nettali.com\/\",\"name\":\"Nettali.com\",\"description\":\"Le rendez-vous critique du Net\",\"potentialAction\":[{\"@type\":\"SearchAction\",\"target\":{\"@type\":\"EntryPoint\",\"urlTemplate\":\"https:\/\/www.nettali.com\/?s={search_term_string}\"},\"query-input\":\"required name=search_term_string\"}],\"inLanguage\":\"fr-FR\"},{\"@type\":\"ImageObject\",\"@id\":\"https:\/\/www.nettali.com\/2024\/04\/08\/sandiara-le-ministre-serigne-gueye-diop-demissionne-de-son-poste-de-maire\/#primaryimage\",\"inLanguage\":\"fr-FR\",\"url\":\"https:\/\/www.nettali.com\/wp-content\/uploads\/2024\/04\/8872.png\",\"contentUrl\":\"https:\/\/www.nettali.com\/wp-content\/uploads\/2024\/04\/8872.png\",\"width\":1100,\"height\":716},{\"@type\":\"WebPage\",\"@id\":\"https:\/\/www.nettali.com\/2024\/04\/08\/sandiara-le-ministre-serigne-gueye-diop-demissionne-de-son-poste-de-maire\/#webpage\",\"url\":\"https:\/\/www.nettali.com\/2024\/04\/08\/sandiara-le-ministre-serigne-gueye-diop-demissionne-de-son-poste-de-maire\/\",\"name\":\"SANDIARA - Le ministre S\\u00e9rigne Gu\\u00e8ye Diop d\\u00e9missionne de son poste de maire | Nettali.com\",\"isPartOf\":{\"@id\":\"https:\/\/www.nettali.com\/#website\"},\"primaryImageOfPage\":{\"@id\":\"https:\/\/www.nettali.com\/2024\/04\/08\/sandiara-le-ministre-serigne-gueye-diop-demissionne-de-son-poste-de-maire\/#primaryimage\"},\"datePublished\":\"2024-04-08T22:41:39+00:00\",\"dateModified\":\"2024-04-08T22:41:39+00:00\",\"author\":{\"@id\":\"https:\/\/www.nettali.com\/#\/schema\/person\/bb147657c2986240405a608162b9bb23\"},\"breadcrumb\":{\"@id\":\"https:\/\/www.nettali.com\/2024\/04\/08\/sandiara-le-ministre-serigne-gueye-diop-demissionne-de-son-poste-de-maire\/#breadcrumb\"},\"inLanguage\":\"fr-FR\",\"potentialAction\":[{\"@type\":\"ReadAction\",\"target\":[\"https:\/\/www.nettali.com\/2024\/04\/08\/sandiara-le-ministre-serigne-gueye-diop-demissionne-de-son-poste-de-maire\/\"]}]},{\"@type\":\"BreadcrumbList\",\"@id\":\"https:\/\/www.nettali.com\/2024\/04\/08\/sandiara-le-ministre-serigne-gueye-diop-demissionne-de-son-poste-de-maire\/#breadcrumb\",\"itemListElement\":[{\"@type\":\"ListItem\",\"position\":1,\"name\":\"Accueil\",\"item\":\"https:\/\/www.nettali.com\/\"},{\"@type\":\"ListItem\",\"position\":2,\"name\":\"SANDIARA - Le ministre S\\u00e9rigne Gu\\u00e8ye Diop d\\u00e9missionne de son poste de maire\"}]},{\"@type\":\"Person\",\"@id\":\"https:\/\/www.nettali.com\/#\/schema\/person\/bb147657c2986240405a608162b9bb23\",\"name\":\"Ibrahima\",\"image\":{\"@type\":\"ImageObject\",\"@id\":\"https:\/\/www.nettali.com\/#personlogo\",\"inLanguage\":\"fr-FR\",\"url\":\"https:\/\/secure.gravatar.com\/avatar\/26a8a81f09f0dd7624c9d5c36c9ba3a2?s=96&d=mm&r=g\",\"contentUrl\":\"https:\/\/secure.gravatar.com\/avatar\/26a8a81f09f0dd7624c9d5c36c9ba3a2?s=96&d=mm&r=g\",\"caption\":\"Ibrahima\"},\"sameAs\":[\"https:\/\/www.nettali.com\"]}]}<\/script>\n<!-- \/ Yoast SEO Premium plugin. -->","yoast_head_json":{"title":"SANDIARA - Le ministre S\u00e9rigne Gu\u00e8ye Diop d\u00e9missionne de son poste de maire | Nettali.com","robots":{"index":"index","follow":"follow","max-snippet":"max-snippet:-1","max-image-preview":"max-image-preview:large","max-video-preview":"max-video-preview:-1"},"canonical":"https:\/\/www.nettali.com\/2024\/04\/08\/sandiara-le-ministre-serigne-gueye-diop-demissionne-de-son-poste-de-maire\/","og_locale":"fr_FR","og_type":"article","og_title":"SANDIARA - Le ministre S\u00e9rigne Gu\u00e8ye Diop d\u00e9missionne de son poste de maire","og_description":"NETTALI.COM - Le tout nouveau ministre de l'industrie et du commerce, S\u00e9rigne Gu\u00e8ye Diop, vient de d\u00e9missionner de son poste de maire de Sandiara. Le ministre de l'industrie et du commerce, Dr S\u00e9rigne Gu\u00e8ye Diop \u00e9tait \u00e9lu maire de Sandiara, sa commune, lors des \u00e9lections locales de 2022. En renon\u00e7ant \u00e0 son poste de maire, [&hellip;]","og_url":"https:\/\/www.nettali.com\/2024\/04\/08\/sandiara-le-ministre-serigne-gueye-diop-demissionne-de-son-poste-de-maire\/","og_site_name":"Nettali.com","article_publisher":"https:\/\/www.facebook.com\/nettalicom","article_published_time":"2024-04-08T22:41:39+00:00","og_image":[{"width":1100,"height":716,"url":"https:\/\/www.nettali.com\/wp-content\/uploads\/2024\/04\/8872.png","type":"image\/png"}],"twitter_card":"summary_large_image","twitter_misc":{"\u00c9crit par":"Ibrahima","Dur\u00e9e de lecture estim\u00e9e":"1 minute"},"schema":{"@context":"https:\/\/schema.org","@graph":[{"@type":"WebSite","@id":"https:\/\/www.nettali.com\/#website","url":"https:\/\/www.nettali.com\/","name":"Nettali.com","description":"Le rendez-vous critique du Net","potentialAction":[{"@type":"SearchAction","target":{"@type":"EntryPoint","urlTemplate":"https:\/\/www.nettali.com\/?s={search_term_string}"},"query-input":"required name=search_term_string"}],"inLanguage":"fr-FR"},{"@type":"ImageObject","@id":"https:\/\/www.nettali.com\/2024\/04\/08\/sandiara-le-ministre-serigne-gueye-diop-demissionne-de-son-poste-de-maire\/#primaryimage","inLanguage":"fr-FR","url":"https:\/\/www.nettali.com\/wp-content\/uploads\/2024\/04\/8872.png","contentUrl":"https:\/\/www.nettali.com\/wp-content\/uploads\/2024\/04\/8872.png","width":1100,"height":716},{"@type":"WebPage","@id":"https:\/\/www.nettali.com\/2024\/04\/08\/sandiara-le-ministre-serigne-gueye-diop-demissionne-de-son-poste-de-maire\/#webpage","url":"https:\/\/www.nettali.com\/2024\/04\/08\/sandiara-le-ministre-serigne-gueye-diop-demissionne-de-son-poste-de-maire\/","name":"SANDIARA - Le ministre S\u00e9rigne Gu\u00e8ye Diop d\u00e9missionne de son poste de maire | Nettali.com","isPartOf":{"@id":"https:\/\/www.nettali.com\/#website"},"primaryImageOfPage":{"@id":"https:\/\/www.nettali.com\/2024\/04\/08\/sandiara-le-ministre-serigne-gueye-diop-demissionne-de-son-poste-de-maire\/#primaryimage"},"datePublished":"2024-04-08T22:41:39+00:00","dateModified":"2024-04-08T22:41:39+00:00","author":{"@id":"https:\/\/www.nettali.com\/#\/schema\/person\/bb147657c2986240405a608162b9bb23"},"breadcrumb":{"@id":"https:\/\/www.nettali.com\/2024\/04\/08\/sandiara-le-ministre-serigne-gueye-diop-demissionne-de-son-poste-de-maire\/#breadcrumb"},"inLanguage":"fr-FR","potentialAction":[{"@type":"ReadAction","target":["https:\/\/www.nettali.com\/2024\/04\/08\/sandiara-le-ministre-serigne-gueye-diop-demissionne-de-son-poste-de-maire\/"]}]},{"@type":"BreadcrumbList","@id":"https:\/\/www.nettali.com\/2024\/04\/08\/sandiara-le-ministre-serigne-gueye-diop-demissionne-de-son-poste-de-maire\/#breadcrumb","itemListElement":[{"@type":"ListItem","position":1,"name":"Accueil","item":"https:\/\/www.nettali.com\/"},{"@type":"ListItem","position":2,"name":"SANDIARA - Le ministre S\u00e9rigne Gu\u00e8ye Diop d\u00e9missionne de son poste de maire"}]},{"@type":"Person","@id":"https:\/\/www.nettali.com\/#\/schema\/person\/bb147657c2986240405a608162b9bb23","name":"Ibrahima","image":{"@type":"ImageObject","@id":"https:\/\/www.nettali.com\/#personlogo","inLanguage":"fr-FR","url":"https:\/\/secure.gravatar.com\/avatar\/26a8a81f09f0dd7624c9d5c36c9ba3a2?s=96&d=mm&r=g","contentUrl":"https:\/\/secure.gravatar.com\/avatar\/26a8a81f09f0dd7624c9d5c36c9ba3a2?s=96&d=mm&r=g","caption":"Ibrahima"},"sameAs":["https:\/\/www.nettali.com"]}]}},"_links":{"self":[{"href":"https:\/\/www.nettali.com\/rest\/wp\/v2\/posts\/131433"}],"collection":[{"href":"https:\/\/www.nettali.com\/rest\/wp\/v2\/posts"}],"about":[{"href":"https:\/\/www.nettali.com\/rest\/wp\/v2\/types\/post"}],"author":[{"embeddable":true,"href":"https:\/\/www.nettali.com\/rest\/wp\/v2\/users\/5"}],"replies":[{"embeddable":true,"href":"https:\/\/www.nettali.com\/rest\/wp\/v2\/comments?post=131433"}],"version-history":[{"count":2,"href":"https:\/\/www.nettali.com\/rest\/wp\/v2\/posts\/131433\/revisions"}],"predecessor-version":[{"id":131438,"href":"https:\/\/www.nettali.com\/rest\/wp\/v2\/posts\/131433\/revisions\/131438"}],"wp:featuredmedia":[{"embeddable":true,"href":"https:\/\/www.nettali.com\/rest\/wp\/v2\/media\/131435"}],"wp:attachment":[{"href":"https:\/\/www.nettali.com\/rest\/wp\/v2\/media?parent=131433"}],"wp:term":[{"taxonomy":"category","embeddable":true,"href":"https:\/\/www.nettali.com\/rest\/wp\/v2\/categories?post=131433"},{"taxonomy":"post_tag","embeddable":true,"href":"https:\/\/www.nettali.com\/rest\/wp\/v2\/tags?post=131433"}],"curies":[{"name":"wp","href":"https:\/\/api.w.org\/{rel}","templated":true}]}}