{"id":131381,"date":"2024-04-07T23:09:51","date_gmt":"2024-04-07T23:09:51","guid":{"rendered":"https:\/\/www.nettali.com\/?p=131381"},"modified":"2024-04-09T00:48:40","modified_gmt":"2024-04-09T00:48:40","slug":"annulation-des-dernieres-mesures-de-macky-sall-lapr-denonce-une-violation-flagrantedu-statut-des-magistrats","status":"publish","type":"post","link":"https:\/\/www.nettali.com\/2024\/04\/07\/annulation-des-dernieres-mesures-de-macky-sall-lapr-denonce-une-violation-flagrantedu-statut-des-magistrats\/","title":{"rendered":"ANNULATION DES DERNIERES MESURES DE MACKY SALL - L'APR d\u00e9nonce une \"violation flagrante\"du statut des magistrats"},"content":{"rendered":"<p><strong>NETTALI.COM - Premi\u00e8re r\u00e9union du Secr\u00e9tariat ex\u00e9cutif national (SEN) de l'Alliance pour la r\u00e9publique (APR) depuis la chute de Macky Sall et l'installation du Pr\u00e9sident Bassirou Diomaye Faye. Occasion saisie pour d\u00e9noncer l'annulation des mesures prises par le Conseil sup\u00e9rieur de la magistrature avant le d\u00e9put\u00e9 de l'ancien chef de l'Etat.<\/strong><\/p>\n<p>L'Alliance pour la r\u00e9publique (APR) entre officiellement dans ses habits de parti d'opposition. La formation politique dirig\u00e9e par Macky Sall a r\u00e9uni son Secr\u00e9tariat ex\u00e9cutif national (SEN) pour se prononcer sur les questions d'actualit\u00e9 de la semaine. Ainsi, analysant la situation nationale, l'instance dirigeante de l'ancien parti au pouvoir a d'abord f\u00e9licit\u00e9 \"<em>le pr\u00e9sident de la R\u00e9publique Bassirou Diomaye Faye de sa brillante victoire au premier tour des \u00e9lections pr\u00e9sidentielles et lui souhait\u00e9 une pleine r\u00e9ussite pour la satisfaction exclusive de la demande sociale du peuple S\u00e9n\u00e9galais<\/em>\". Avant de prendre acte de la mise en place du gouvernement dirig\u00e9 par le Premier Ministre Ousmane Sonko. \"<em>L\u2019APR souhaite beaucoup de r\u00e9ussite aux nouvelles \u00e9quipes dans l\u2019int\u00e9r\u00eat sup\u00e9rieur de la Nation. Le SEN rappelle toutefois que les promesses doivent \u00eatre suivies d\u2019effet afin que les attentes des populations soient satisfaites. Le pouvoir d\u2019achat, l\u2019emploi des jeunes et l\u2019appel \u00e0 candidature pour les Directions g\u00e9n\u00e9rales dans des conditions transparentes, en particulier, requi\u00e8rent des mesures imm\u00e9diates<\/em>\", souligne le communiqu\u00e9 sanctionnant la r\u00e9union de l'instance dirigeante de l'APR.<\/p>\n<p>Et c'est pour ensuite rappeler au Pr\u00e9sident Bassirou Diomaye Faye \"<em>qu\u2019il ne peut inaugurer son magist\u00e8re par une violation flagrante du statut des magistrats suite au d\u00e9cret voulant rapporter la nomination du premier pr\u00e9sident de la Cour supr\u00eame dans les r\u00e8gles de droit en Conseil sup\u00e9rieur de la magistrature<\/em>\". Et l'APR d'exiger \"<em>le respect du principe de la continuit\u00e9 de l\u2019Etat et de celui de l\u2019inamovibilit\u00e9 des magistrats surtout en ce qui concerne le pr\u00e9sident de la communaut\u00e9 judiciaire qu\u2019est le premier pr\u00e9sident de la Cour supr\u00eame<\/em>\".<\/p>\n<p>Enfin, le Secr\u00e9tariat ex\u00e9cutif national de l\u2019APR exhorte les S\u00e9n\u00e9galais \u00e0 \"<em>\u00eatre vigilants\u00a0pour prot\u00e9ger les acquis engrang\u00e9s depuis 2012 dans tous les domaines, sp\u00e9cialement dans le deuxi\u00e8me pilier du Plan S\u00e9n\u00e9gal \u00e9mergeant, \u00e0 savoir le capital humain<\/em>\".<\/p>\n<div class='share-to-whatsapp-wrapper'><div class='share-on-whsp'>PARTAGER SUR : <\/div><a data-text='ANNULATION DES DERNIERES MESURES DE MACKY SALL - L'APR d\u00e9nonce une \"violation flagrante\"du statut des magistrats' data-link='https:\/\/www.nettali.com\/2024\/04\/07\/annulation-des-dernieres-mesures-de-macky-sall-lapr-denonce-une-violation-flagrantedu-statut-des-magistrats\/' class='whatsapp-button whatsapp-share'>WhatsApp<\/a><div class='clear '><\/div><\/div>","protected":false},"excerpt":{"rendered":"<p>NETTALI.COM - Premi\u00e8re r\u00e9union du Secr\u00e9tariat ex\u00e9cutif national (SEN) de l'Alliance pour la r\u00e9publique (APR) depuis la chute de Macky Sall et l'installation du Pr\u00e9sident Bassirou Diomaye Faye. Occasion saisie pour d\u00e9noncer l'annulation des mesures prises par le Conseil sup\u00e9rieur de la magistrature avant le d\u00e9put\u00e9 de l'ancien chef de l'Etat. L'Alliance pour la r\u00e9publique [&hellip;]<\/p>\n","protected":false},"author":3,"featured_media":130940,"comment_status":"open","ping_status":"open","sticky":false,"template":"","format":"standard","meta":{"_et_pb_use_builder":"","_et_pb_old_content":""},"categories":[2],"tags":[],"yoast_head":"<!-- This site is optimized with the Yoast SEO Premium plugin v17.8 (Yoast SEO v17.8) - https:\/\/yoast.com\/wordpress\/plugins\/seo\/ -->\n<title>ANNULATION DES DERNIERES MESURES DE MACKY SALL - L&#039;APR d\u00e9nonce une &quot;violation flagrante&quot;du statut des magistrats | Nettali.com<\/title>\n<meta name=\"robots\" content=\"index, follow, max-snippet:-1, max-image-preview:large, max-video-preview:-1\" \/>\n<link rel=\"canonical\" href=\"https:\/\/www.nettali.com\/2024\/04\/07\/annulation-des-dernieres-mesures-de-macky-sall-lapr-denonce-une-violation-flagrantedu-statut-des-magistrats\/\" \/>\n<meta property=\"og:locale\" content=\"fr_FR\" \/>\n<meta property=\"og:type\" content=\"article\" \/>\n<meta property=\"og:title\" content=\"ANNULATION DES DERNIERES MESURES DE MACKY SALL - L&#039;APR d\u00e9nonce une &quot;violation flagrante&quot;du statut des magistrats\" \/>\n<meta property=\"og:description\" content=\"NETTALI.COM - Premi\u00e8re r\u00e9union du Secr\u00e9tariat ex\u00e9cutif national (SEN) de l&#039;Alliance pour la r\u00e9publique (APR) depuis la chute de Macky Sall et l&#039;installation du Pr\u00e9sident Bassirou Diomaye Faye. Occasion saisie pour d\u00e9noncer l&#039;annulation des mesures prises par le Conseil sup\u00e9rieur de la magistrature avant le d\u00e9put\u00e9 de l&#039;ancien chef de l&#039;Etat. L&#039;Alliance pour la r\u00e9publique [&hellip;]\" \/>\n<meta property=\"og:url\" content=\"https:\/\/www.nettali.com\/2024\/04\/07\/annulation-des-dernieres-mesures-de-macky-sall-lapr-denonce-une-violation-flagrantedu-statut-des-magistrats\/\" \/>\n<meta property=\"og:site_name\" content=\"Nettali.com\" \/>\n<meta property=\"article:publisher\" content=\"https:\/\/www.facebook.com\/nettalicom\" \/>\n<meta property=\"article:published_time\" content=\"2024-04-07T23:09:51+00:00\" \/>\n<meta property=\"article:modified_time\" content=\"2024-04-09T00:48:40+00:00\" \/>\n<meta property=\"og:image\" content=\"https:\/\/www.nettali.com\/wp-content\/uploads\/2024\/04\/68725359-48282880.jpg\" \/>\n\t<meta property=\"og:image:width\" content=\"1080\" \/>\n\t<meta property=\"og:image:height\" content=\"810\" \/>\n<meta name=\"twitter:card\" content=\"summary_large_image\" \/>\n<meta name=\"twitter:label1\" content=\"\u00c9crit par\" \/>\n\t<meta name=\"twitter:data1\" content=\"Moustapha\" \/>\n\t<meta name=\"twitter:label2\" content=\"Dur\u00e9e de lecture estim\u00e9e\" \/>\n\t<meta name=\"twitter:data2\" content=\"2 minutes\" \/>\n<script type=\"application\/ld+json\" class=\"yoast-schema-graph\">{\"@context\":\"https:\/\/schema.org\",\"@graph\":[{\"@type\":\"WebSite\",\"@id\":\"https:\/\/www.nettali.com\/#website\",\"url\":\"https:\/\/www.nettali.com\/\",\"name\":\"Nettali.com\",\"description\":\"Le rendez-vous critique du Net\",\"potentialAction\":[{\"@type\":\"SearchAction\",\"target\":{\"@type\":\"EntryPoint\",\"urlTemplate\":\"https:\/\/www.nettali.com\/?s={search_term_string}\"},\"query-input\":\"required name=search_term_string\"}],\"inLanguage\":\"fr-FR\"},{\"@type\":\"ImageObject\",\"@id\":\"https:\/\/www.nettali.com\/2024\/04\/07\/annulation-des-dernieres-mesures-de-macky-sall-lapr-denonce-une-violation-flagrantedu-statut-des-magistrats\/#primaryimage\",\"inLanguage\":\"fr-FR\",\"url\":\"https:\/\/www.nettali.com\/wp-content\/uploads\/2024\/04\/68725359-48282880.jpg\",\"contentUrl\":\"https:\/\/www.nettali.com\/wp-content\/uploads\/2024\/04\/68725359-48282880.jpg\",\"width\":1080,\"height\":810},{\"@type\":\"WebPage\",\"@id\":\"https:\/\/www.nettali.com\/2024\/04\/07\/annulation-des-dernieres-mesures-de-macky-sall-lapr-denonce-une-violation-flagrantedu-statut-des-magistrats\/#webpage\",\"url\":\"https:\/\/www.nettali.com\/2024\/04\/07\/annulation-des-dernieres-mesures-de-macky-sall-lapr-denonce-une-violation-flagrantedu-statut-des-magistrats\/\",\"name\":\"ANNULATION DES DERNIERES MESURES DE MACKY SALL - L'APR d\\u00e9nonce une \\\"violation flagrante\\\"du statut des magistrats | Nettali.com\",\"isPartOf\":{\"@id\":\"https:\/\/www.nettali.com\/#website\"},\"primaryImageOfPage\":{\"@id\":\"https:\/\/www.nettali.com\/2024\/04\/07\/annulation-des-dernieres-mesures-de-macky-sall-lapr-denonce-une-violation-flagrantedu-statut-des-magistrats\/#primaryimage\"},\"datePublished\":\"2024-04-07T23:09:51+00:00\",\"dateModified\":\"2024-04-09T00:48:40+00:00\",\"author\":{\"@id\":\"https:\/\/www.nettali.com\/#\/schema\/person\/7962a12a6e0267f88f0ffa544c36469a\"},\"breadcrumb\":{\"@id\":\"https:\/\/www.nettali.com\/2024\/04\/07\/annulation-des-dernieres-mesures-de-macky-sall-lapr-denonce-une-violation-flagrantedu-statut-des-magistrats\/#breadcrumb\"},\"inLanguage\":\"fr-FR\",\"potentialAction\":[{\"@type\":\"ReadAction\",\"target\":[\"https:\/\/www.nettali.com\/2024\/04\/07\/annulation-des-dernieres-mesures-de-macky-sall-lapr-denonce-une-violation-flagrantedu-statut-des-magistrats\/\"]}]},{\"@type\":\"BreadcrumbList\",\"@id\":\"https:\/\/www.nettali.com\/2024\/04\/07\/annulation-des-dernieres-mesures-de-macky-sall-lapr-denonce-une-violation-flagrantedu-statut-des-magistrats\/#breadcrumb\",\"itemListElement\":[{\"@type\":\"ListItem\",\"position\":1,\"name\":\"Accueil\",\"item\":\"https:\/\/www.nettali.com\/\"},{\"@type\":\"ListItem\",\"position\":2,\"name\":\"ANNULATION DES DERNIERES MESURES DE MACKY SALL - L'APR d\\u00e9nonce une \\\"violation flagrante\\\"du statut des magistrats\"}]},{\"@type\":\"Person\",\"@id\":\"https:\/\/www.nettali.com\/#\/schema\/person\/7962a12a6e0267f88f0ffa544c36469a\",\"name\":\"Moustapha\",\"image\":{\"@type\":\"ImageObject\",\"@id\":\"https:\/\/www.nettali.com\/#personlogo\",\"inLanguage\":\"fr-FR\",\"url\":\"https:\/\/secure.gravatar.com\/avatar\/10fdf6a071cccdcf374e3dbe45159590?s=96&d=mm&r=g\",\"contentUrl\":\"https:\/\/secure.gravatar.com\/avatar\/10fdf6a071cccdcf374e3dbe45159590?s=96&d=mm&r=g\",\"caption\":\"Moustapha\"},\"sameAs\":[\"https:\/\/www.nettali.com\"]}]}<\/script>\n<!-- \/ Yoast SEO Premium plugin. -->","yoast_head_json":{"title":"ANNULATION DES DERNIERES MESURES DE MACKY SALL - L'APR d\u00e9nonce une \"violation flagrante\"du statut des magistrats | Nettali.com","robots":{"index":"index","follow":"follow","max-snippet":"max-snippet:-1","max-image-preview":"max-image-preview:large","max-video-preview":"max-video-preview:-1"},"canonical":"https:\/\/www.nettali.com\/2024\/04\/07\/annulation-des-dernieres-mesures-de-macky-sall-lapr-denonce-une-violation-flagrantedu-statut-des-magistrats\/","og_locale":"fr_FR","og_type":"article","og_title":"ANNULATION DES DERNIERES MESURES DE MACKY SALL - L'APR d\u00e9nonce une \"violation flagrante\"du statut des magistrats","og_description":"NETTALI.COM - Premi\u00e8re r\u00e9union du Secr\u00e9tariat ex\u00e9cutif national (SEN) de l'Alliance pour la r\u00e9publique (APR) depuis la chute de Macky Sall et l'installation du Pr\u00e9sident Bassirou Diomaye Faye. Occasion saisie pour d\u00e9noncer l'annulation des mesures prises par le Conseil sup\u00e9rieur de la magistrature avant le d\u00e9put\u00e9 de l'ancien chef de l'Etat. L'Alliance pour la r\u00e9publique [&hellip;]","og_url":"https:\/\/www.nettali.com\/2024\/04\/07\/annulation-des-dernieres-mesures-de-macky-sall-lapr-denonce-une-violation-flagrantedu-statut-des-magistrats\/","og_site_name":"Nettali.com","article_publisher":"https:\/\/www.facebook.com\/nettalicom","article_published_time":"2024-04-07T23:09:51+00:00","article_modified_time":"2024-04-09T00:48:40+00:00","og_image":[{"width":1080,"height":810,"url":"https:\/\/www.nettali.com\/wp-content\/uploads\/2024\/04\/68725359-48282880.jpg","type":"image\/jpeg"}],"twitter_card":"summary_large_image","twitter_misc":{"\u00c9crit par":"Moustapha","Dur\u00e9e de lecture estim\u00e9e":"2 minutes"},"schema":{"@context":"https:\/\/schema.org","@graph":[{"@type":"WebSite","@id":"https:\/\/www.nettali.com\/#website","url":"https:\/\/www.nettali.com\/","name":"Nettali.com","description":"Le rendez-vous critique du Net","potentialAction":[{"@type":"SearchAction","target":{"@type":"EntryPoint","urlTemplate":"https:\/\/www.nettali.com\/?s={search_term_string}"},"query-input":"required name=search_term_string"}],"inLanguage":"fr-FR"},{"@type":"ImageObject","@id":"https:\/\/www.nettali.com\/2024\/04\/07\/annulation-des-dernieres-mesures-de-macky-sall-lapr-denonce-une-violation-flagrantedu-statut-des-magistrats\/#primaryimage","inLanguage":"fr-FR","url":"https:\/\/www.nettali.com\/wp-content\/uploads\/2024\/04\/68725359-48282880.jpg","contentUrl":"https:\/\/www.nettali.com\/wp-content\/uploads\/2024\/04\/68725359-48282880.jpg","width":1080,"height":810},{"@type":"WebPage","@id":"https:\/\/www.nettali.com\/2024\/04\/07\/annulation-des-dernieres-mesures-de-macky-sall-lapr-denonce-une-violation-flagrantedu-statut-des-magistrats\/#webpage","url":"https:\/\/www.nettali.com\/2024\/04\/07\/annulation-des-dernieres-mesures-de-macky-sall-lapr-denonce-une-violation-flagrantedu-statut-des-magistrats\/","name":"ANNULATION DES DERNIERES MESURES DE MACKY SALL - L'APR d\u00e9nonce une \"violation flagrante\"du statut des magistrats | Nettali.com","isPartOf":{"@id":"https:\/\/www.nettali.com\/#website"},"primaryImageOfPage":{"@id":"https:\/\/www.nettali.com\/2024\/04\/07\/annulation-des-dernieres-mesures-de-macky-sall-lapr-denonce-une-violation-flagrantedu-statut-des-magistrats\/#primaryimage"},"datePublished":"2024-04-07T23:09:51+00:00","dateModified":"2024-04-09T00:48:40+00:00","author":{"@id":"https:\/\/www.nettali.com\/#\/schema\/person\/7962a12a6e0267f88f0ffa544c36469a"},"breadcrumb":{"@id":"https:\/\/www.nettali.com\/2024\/04\/07\/annulation-des-dernieres-mesures-de-macky-sall-lapr-denonce-une-violation-flagrantedu-statut-des-magistrats\/#breadcrumb"},"inLanguage":"fr-FR","potentialAction":[{"@type":"ReadAction","target":["https:\/\/www.nettali.com\/2024\/04\/07\/annulation-des-dernieres-mesures-de-macky-sall-lapr-denonce-une-violation-flagrantedu-statut-des-magistrats\/"]}]},{"@type":"BreadcrumbList","@id":"https:\/\/www.nettali.com\/2024\/04\/07\/annulation-des-dernieres-mesures-de-macky-sall-lapr-denonce-une-violation-flagrantedu-statut-des-magistrats\/#breadcrumb","itemListElement":[{"@type":"ListItem","position":1,"name":"Accueil","item":"https:\/\/www.nettali.com\/"},{"@type":"ListItem","position":2,"name":"ANNULATION DES DERNIERES MESURES DE MACKY SALL - L'APR d\u00e9nonce une \"violation flagrante\"du statut des magistrats"}]},{"@type":"Person","@id":"https:\/\/www.nettali.com\/#\/schema\/person\/7962a12a6e0267f88f0ffa544c36469a","name":"Moustapha","image":{"@type":"ImageObject","@id":"https:\/\/www.nettali.com\/#personlogo","inLanguage":"fr-FR","url":"https:\/\/secure.gravatar.com\/avatar\/10fdf6a071cccdcf374e3dbe45159590?s=96&d=mm&r=g","contentUrl":"https:\/\/secure.gravatar.com\/avatar\/10fdf6a071cccdcf374e3dbe45159590?s=96&d=mm&r=g","caption":"Moustapha"},"sameAs":["https:\/\/www.nettali.com"]}]}},"_links":{"self":[{"href":"https:\/\/www.nettali.com\/rest\/wp\/v2\/posts\/131381"}],"collection":[{"href":"https:\/\/www.nettali.com\/rest\/wp\/v2\/posts"}],"about":[{"href":"https:\/\/www.nettali.com\/rest\/wp\/v2\/types\/post"}],"author":[{"embeddable":true,"href":"https:\/\/www.nettali.com\/rest\/wp\/v2\/users\/3"}],"replies":[{"embeddable":true,"href":"https:\/\/www.nettali.com\/rest\/wp\/v2\/comments?post=131381"}],"version-history":[{"count":2,"href":"https:\/\/www.nettali.com\/rest\/wp\/v2\/posts\/131381\/revisions"}],"predecessor-version":[{"id":131383,"href":"https:\/\/www.nettali.com\/rest\/wp\/v2\/posts\/131381\/revisions\/131383"}],"wp:featuredmedia":[{"embeddable":true,"href":"https:\/\/www.nettali.com\/rest\/wp\/v2\/media\/130940"}],"wp:attachment":[{"href":"https:\/\/www.nettali.com\/rest\/wp\/v2\/media?parent=131381"}],"wp:term":[{"taxonomy":"category","embeddable":true,"href":"https:\/\/www.nettali.com\/rest\/wp\/v2\/categories?post=131381"},{"taxonomy":"post_tag","embeddable":true,"href":"https:\/\/www.nettali.com\/rest\/wp\/v2\/tags?post=131381"}],"curies":[{"name":"wp","href":"https:\/\/api.w.org\/{rel}","templated":true}]}}