{"id":131337,"date":"2024-04-07T12:44:19","date_gmt":"2024-04-07T12:44:19","guid":{"rendered":"https:\/\/www.nettali.com\/?p=131337"},"modified":"2024-04-07T12:44:19","modified_gmt":"2024-04-07T12:44:19","slug":"profil-general-birame-diop-un-ancien-cemga-a-la-tete-du-ministere-des-forces-armees","status":"publish","type":"post","link":"https:\/\/www.nettali.com\/2024\/04\/07\/profil-general-birame-diop-un-ancien-cemga-a-la-tete-du-ministere-des-forces-armees\/","title":{"rendered":"PROFIL - G\u00e9n\u00e9ral Birame Diop, un ancien CEMGA \u00e0 la t\u00eate du minist\u00e8re des Forces arm\u00e9es"},"content":{"rendered":"<p><strong>NETTALI.COM - Birame Diop, le nouveau ministre des Forces arm\u00e9es, est un g\u00e9n\u00e9ral de corps a\u00e9rien, ancien chef d\u2019\u00e9tat-major g\u00e9n\u00e9ral des arm\u00e9es s\u00e9n\u00e9galaises (2020-2021).<\/strong><\/p>\n<p>Il a \u00e9galement occup\u00e9 le poste de conseiller militaire au d\u00e9partement des Op\u00e9rations de la paix de l\u2019Onu.<\/p>\n<p>N\u00e9 le 29 mars 1961 \u00e0 Thi\u00e8s (ouest), le g\u00e9n\u00e9ral Birame Diop a int\u00e9gr\u00e9 le Prytan\u00e9e militaire de Saint-Louis, apr\u00e8s une brillante scolarit\u00e9 dans le cycle primaire qu\u2019il a effectu\u00e9 dans sa ville natale.<\/p>\n<p>Apr\u00e8s l\u2019obtention d\u2019un baccalaur\u00e9at scientifique, il est admis \u00e0 l\u2019Ecole royale de l\u2019air de Marrakech (Maroc), en 1981.<\/p>\n<p>Titulaire d\u2019un dipl\u00f4me d\u2019ing\u00e9nieur en a\u00e9ronautique et de pilote de transport \u00e0 sa sortie d\u2019\u00e9cole en 1985, il passe, avec succ\u00e8s, le dipl\u00f4me de pilote commercial, qualification IFR, \u00e0 Montr\u00e9al, en 1988, puis celui d\u2019officier de s\u00e9curit\u00e9 des vols en Californie, en 1992.<\/p>\n<p>A partir de 1994, il obtient la qualification de pilote commandant de bord et celle d\u2019instructeur en France.<\/p>\n<p>Le g\u00e9n\u00e9ral Diop est aussi dipl\u00f4m\u00e9 de l\u2019Ecole d\u2019\u00e9tat-major de l\u2019universit\u00e9 d\u2019Alabama (Etats-Unis) et brevet\u00e9 du Coll\u00e8ge interarm\u00e9es de d\u00e9fense de Paris.<\/p>\n<p>Il a occup\u00e9 toutes les fonctions d\u00e9volues \u00e0 un officier de l\u2019arm\u00e9e de l\u2019air : de chef de bureau en 1989 \u00e0 celle de chef d\u2019\u00e9tat-major de l\u2019arm\u00e9e de l\u2019air en 2015.<\/p>\n<p>De d\u00e9cembre 2017 \u00e0 janvier 2019, il a servi comme chef d\u2019\u00e9tat-major particulier du pr\u00e9sident de la R\u00e9publique.<\/p>\n<div class='share-to-whatsapp-wrapper'><div class='share-on-whsp'>PARTAGER SUR : <\/div><a data-text='PROFIL - G\u00e9n\u00e9ral Birame Diop, un ancien CEMGA \u00e0 la t\u00eate du minist\u00e8re des Forces arm\u00e9es' data-link='https:\/\/www.nettali.com\/2024\/04\/07\/profil-general-birame-diop-un-ancien-cemga-a-la-tete-du-ministere-des-forces-armees\/' class='whatsapp-button whatsapp-share'>WhatsApp<\/a><div class='clear '><\/div><\/div>","protected":false},"excerpt":{"rendered":"<p>NETTALI.COM - Birame Diop, le nouveau ministre des Forces arm\u00e9es, est un g\u00e9n\u00e9ral de corps a\u00e9rien, ancien chef d\u2019\u00e9tat-major g\u00e9n\u00e9ral des arm\u00e9es s\u00e9n\u00e9galaises (2020-2021). Il a \u00e9galement occup\u00e9 le poste de conseiller militaire au d\u00e9partement des Op\u00e9rations de la paix de l\u2019Onu. N\u00e9 le 29 mars 1961 \u00e0 Thi\u00e8s (ouest), le g\u00e9n\u00e9ral Birame Diop a [&hellip;]<\/p>\n","protected":false},"author":4,"featured_media":18060,"comment_status":"open","ping_status":"open","sticky":false,"template":"","format":"standard","meta":{"_et_pb_use_builder":"","_et_pb_old_content":""},"categories":[2],"tags":[],"yoast_head":"<!-- This site is optimized with the Yoast SEO Premium plugin v17.8 (Yoast SEO v17.8) - https:\/\/yoast.com\/wordpress\/plugins\/seo\/ -->\n<title>PROFIL - G\u00e9n\u00e9ral Birame Diop, un ancien CEMGA \u00e0 la t\u00eate du minist\u00e8re des Forces arm\u00e9es | Nettali.com<\/title>\n<meta name=\"robots\" content=\"index, follow, max-snippet:-1, max-image-preview:large, max-video-preview:-1\" \/>\n<link rel=\"canonical\" href=\"https:\/\/www.nettali.com\/2024\/04\/07\/profil-general-birame-diop-un-ancien-cemga-a-la-tete-du-ministere-des-forces-armees\/\" \/>\n<meta property=\"og:locale\" content=\"fr_FR\" \/>\n<meta property=\"og:type\" content=\"article\" \/>\n<meta property=\"og:title\" content=\"PROFIL - G\u00e9n\u00e9ral Birame Diop, un ancien CEMGA \u00e0 la t\u00eate du minist\u00e8re des Forces arm\u00e9es\" \/>\n<meta property=\"og:description\" content=\"NETTALI.COM - Birame Diop, le nouveau ministre des Forces arm\u00e9es, est un g\u00e9n\u00e9ral de corps a\u00e9rien, ancien chef d\u2019\u00e9tat-major g\u00e9n\u00e9ral des arm\u00e9es s\u00e9n\u00e9galaises (2020-2021). Il a \u00e9galement occup\u00e9 le poste de conseiller militaire au d\u00e9partement des Op\u00e9rations de la paix de l\u2019Onu. N\u00e9 le 29 mars 1961 \u00e0 Thi\u00e8s (ouest), le g\u00e9n\u00e9ral Birame Diop a [&hellip;]\" \/>\n<meta property=\"og:url\" content=\"https:\/\/www.nettali.com\/2024\/04\/07\/profil-general-birame-diop-un-ancien-cemga-a-la-tete-du-ministere-des-forces-armees\/\" \/>\n<meta property=\"og:site_name\" content=\"Nettali.com\" \/>\n<meta property=\"article:publisher\" content=\"https:\/\/www.facebook.com\/nettalicom\" \/>\n<meta property=\"article:published_time\" content=\"2024-04-07T12:44:19+00:00\" \/>\n<meta property=\"og:image\" content=\"https:\/\/www.nettali.com\/wp-content\/uploads\/2019\/09\/Birame-Diop.jpg\" \/>\n\t<meta property=\"og:image:width\" content=\"408\" \/>\n\t<meta property=\"og:image:height\" content=\"447\" \/>\n<meta name=\"twitter:card\" content=\"summary_large_image\" \/>\n<meta name=\"twitter:label1\" content=\"\u00c9crit par\" \/>\n\t<meta name=\"twitter:data1\" content=\"Daouda\" \/>\n\t<meta name=\"twitter:label2\" content=\"Dur\u00e9e de lecture estim\u00e9e\" \/>\n\t<meta name=\"twitter:data2\" content=\"2 minutes\" \/>\n<script type=\"application\/ld+json\" class=\"yoast-schema-graph\">{\"@context\":\"https:\/\/schema.org\",\"@graph\":[{\"@type\":\"WebSite\",\"@id\":\"https:\/\/www.nettali.com\/#website\",\"url\":\"https:\/\/www.nettali.com\/\",\"name\":\"Nettali.com\",\"description\":\"Le rendez-vous critique du Net\",\"potentialAction\":[{\"@type\":\"SearchAction\",\"target\":{\"@type\":\"EntryPoint\",\"urlTemplate\":\"https:\/\/www.nettali.com\/?s={search_term_string}\"},\"query-input\":\"required name=search_term_string\"}],\"inLanguage\":\"fr-FR\"},{\"@type\":\"ImageObject\",\"@id\":\"https:\/\/www.nettali.com\/2024\/04\/07\/profil-general-birame-diop-un-ancien-cemga-a-la-tete-du-ministere-des-forces-armees\/#primaryimage\",\"inLanguage\":\"fr-FR\",\"url\":\"https:\/\/www.nettali.com\/wp-content\/uploads\/2019\/09\/Birame-Diop.jpg\",\"contentUrl\":\"https:\/\/www.nettali.com\/wp-content\/uploads\/2019\/09\/Birame-Diop.jpg\",\"width\":408,\"height\":447},{\"@type\":\"WebPage\",\"@id\":\"https:\/\/www.nettali.com\/2024\/04\/07\/profil-general-birame-diop-un-ancien-cemga-a-la-tete-du-ministere-des-forces-armees\/#webpage\",\"url\":\"https:\/\/www.nettali.com\/2024\/04\/07\/profil-general-birame-diop-un-ancien-cemga-a-la-tete-du-ministere-des-forces-armees\/\",\"name\":\"PROFIL - G\\u00e9n\\u00e9ral Birame Diop, un ancien CEMGA \\u00e0 la t\\u00eate du minist\\u00e8re des Forces arm\\u00e9es | Nettali.com\",\"isPartOf\":{\"@id\":\"https:\/\/www.nettali.com\/#website\"},\"primaryImageOfPage\":{\"@id\":\"https:\/\/www.nettali.com\/2024\/04\/07\/profil-general-birame-diop-un-ancien-cemga-a-la-tete-du-ministere-des-forces-armees\/#primaryimage\"},\"datePublished\":\"2024-04-07T12:44:19+00:00\",\"dateModified\":\"2024-04-07T12:44:19+00:00\",\"author\":{\"@id\":\"https:\/\/www.nettali.com\/#\/schema\/person\/3317e0bb3aa1da309fbf7b2780901bf4\"},\"breadcrumb\":{\"@id\":\"https:\/\/www.nettali.com\/2024\/04\/07\/profil-general-birame-diop-un-ancien-cemga-a-la-tete-du-ministere-des-forces-armees\/#breadcrumb\"},\"inLanguage\":\"fr-FR\",\"potentialAction\":[{\"@type\":\"ReadAction\",\"target\":[\"https:\/\/www.nettali.com\/2024\/04\/07\/profil-general-birame-diop-un-ancien-cemga-a-la-tete-du-ministere-des-forces-armees\/\"]}]},{\"@type\":\"BreadcrumbList\",\"@id\":\"https:\/\/www.nettali.com\/2024\/04\/07\/profil-general-birame-diop-un-ancien-cemga-a-la-tete-du-ministere-des-forces-armees\/#breadcrumb\",\"itemListElement\":[{\"@type\":\"ListItem\",\"position\":1,\"name\":\"Accueil\",\"item\":\"https:\/\/www.nettali.com\/\"},{\"@type\":\"ListItem\",\"position\":2,\"name\":\"PROFIL - G\\u00e9n\\u00e9ral Birame Diop, un ancien CEMGA \\u00e0 la t\\u00eate du minist\\u00e8re des Forces arm\\u00e9es\"}]},{\"@type\":\"Person\",\"@id\":\"https:\/\/www.nettali.com\/#\/schema\/person\/3317e0bb3aa1da309fbf7b2780901bf4\",\"name\":\"Daouda\",\"image\":{\"@type\":\"ImageObject\",\"@id\":\"https:\/\/www.nettali.com\/#personlogo\",\"inLanguage\":\"fr-FR\",\"url\":\"https:\/\/secure.gravatar.com\/avatar\/8d143b5a49345098ddcfee1c49c2f47c?s=96&d=mm&r=g\",\"contentUrl\":\"https:\/\/secure.gravatar.com\/avatar\/8d143b5a49345098ddcfee1c49c2f47c?s=96&d=mm&r=g\",\"caption\":\"Daouda\"},\"sameAs\":[\"https:\/\/www.nettali.com\"]}]}<\/script>\n<!-- \/ Yoast SEO Premium plugin. -->","yoast_head_json":{"title":"PROFIL - G\u00e9n\u00e9ral Birame Diop, un ancien CEMGA \u00e0 la t\u00eate du minist\u00e8re des Forces arm\u00e9es | Nettali.com","robots":{"index":"index","follow":"follow","max-snippet":"max-snippet:-1","max-image-preview":"max-image-preview:large","max-video-preview":"max-video-preview:-1"},"canonical":"https:\/\/www.nettali.com\/2024\/04\/07\/profil-general-birame-diop-un-ancien-cemga-a-la-tete-du-ministere-des-forces-armees\/","og_locale":"fr_FR","og_type":"article","og_title":"PROFIL - G\u00e9n\u00e9ral Birame Diop, un ancien CEMGA \u00e0 la t\u00eate du minist\u00e8re des Forces arm\u00e9es","og_description":"NETTALI.COM - Birame Diop, le nouveau ministre des Forces arm\u00e9es, est un g\u00e9n\u00e9ral de corps a\u00e9rien, ancien chef d\u2019\u00e9tat-major g\u00e9n\u00e9ral des arm\u00e9es s\u00e9n\u00e9galaises (2020-2021). Il a \u00e9galement occup\u00e9 le poste de conseiller militaire au d\u00e9partement des Op\u00e9rations de la paix de l\u2019Onu. N\u00e9 le 29 mars 1961 \u00e0 Thi\u00e8s (ouest), le g\u00e9n\u00e9ral Birame Diop a [&hellip;]","og_url":"https:\/\/www.nettali.com\/2024\/04\/07\/profil-general-birame-diop-un-ancien-cemga-a-la-tete-du-ministere-des-forces-armees\/","og_site_name":"Nettali.com","article_publisher":"https:\/\/www.facebook.com\/nettalicom","article_published_time":"2024-04-07T12:44:19+00:00","og_image":[{"width":408,"height":447,"url":"https:\/\/www.nettali.com\/wp-content\/uploads\/2019\/09\/Birame-Diop.jpg","type":"image\/jpeg"}],"twitter_card":"summary_large_image","twitter_misc":{"\u00c9crit par":"Daouda","Dur\u00e9e de lecture estim\u00e9e":"2 minutes"},"schema":{"@context":"https:\/\/schema.org","@graph":[{"@type":"WebSite","@id":"https:\/\/www.nettali.com\/#website","url":"https:\/\/www.nettali.com\/","name":"Nettali.com","description":"Le rendez-vous critique du Net","potentialAction":[{"@type":"SearchAction","target":{"@type":"EntryPoint","urlTemplate":"https:\/\/www.nettali.com\/?s={search_term_string}"},"query-input":"required name=search_term_string"}],"inLanguage":"fr-FR"},{"@type":"ImageObject","@id":"https:\/\/www.nettali.com\/2024\/04\/07\/profil-general-birame-diop-un-ancien-cemga-a-la-tete-du-ministere-des-forces-armees\/#primaryimage","inLanguage":"fr-FR","url":"https:\/\/www.nettali.com\/wp-content\/uploads\/2019\/09\/Birame-Diop.jpg","contentUrl":"https:\/\/www.nettali.com\/wp-content\/uploads\/2019\/09\/Birame-Diop.jpg","width":408,"height":447},{"@type":"WebPage","@id":"https:\/\/www.nettali.com\/2024\/04\/07\/profil-general-birame-diop-un-ancien-cemga-a-la-tete-du-ministere-des-forces-armees\/#webpage","url":"https:\/\/www.nettali.com\/2024\/04\/07\/profil-general-birame-diop-un-ancien-cemga-a-la-tete-du-ministere-des-forces-armees\/","name":"PROFIL - G\u00e9n\u00e9ral Birame Diop, un ancien CEMGA \u00e0 la t\u00eate du minist\u00e8re des Forces arm\u00e9es | Nettali.com","isPartOf":{"@id":"https:\/\/www.nettali.com\/#website"},"primaryImageOfPage":{"@id":"https:\/\/www.nettali.com\/2024\/04\/07\/profil-general-birame-diop-un-ancien-cemga-a-la-tete-du-ministere-des-forces-armees\/#primaryimage"},"datePublished":"2024-04-07T12:44:19+00:00","dateModified":"2024-04-07T12:44:19+00:00","author":{"@id":"https:\/\/www.nettali.com\/#\/schema\/person\/3317e0bb3aa1da309fbf7b2780901bf4"},"breadcrumb":{"@id":"https:\/\/www.nettali.com\/2024\/04\/07\/profil-general-birame-diop-un-ancien-cemga-a-la-tete-du-ministere-des-forces-armees\/#breadcrumb"},"inLanguage":"fr-FR","potentialAction":[{"@type":"ReadAction","target":["https:\/\/www.nettali.com\/2024\/04\/07\/profil-general-birame-diop-un-ancien-cemga-a-la-tete-du-ministere-des-forces-armees\/"]}]},{"@type":"BreadcrumbList","@id":"https:\/\/www.nettali.com\/2024\/04\/07\/profil-general-birame-diop-un-ancien-cemga-a-la-tete-du-ministere-des-forces-armees\/#breadcrumb","itemListElement":[{"@type":"ListItem","position":1,"name":"Accueil","item":"https:\/\/www.nettali.com\/"},{"@type":"ListItem","position":2,"name":"PROFIL - G\u00e9n\u00e9ral Birame Diop, un ancien CEMGA \u00e0 la t\u00eate du minist\u00e8re des Forces arm\u00e9es"}]},{"@type":"Person","@id":"https:\/\/www.nettali.com\/#\/schema\/person\/3317e0bb3aa1da309fbf7b2780901bf4","name":"Daouda","image":{"@type":"ImageObject","@id":"https:\/\/www.nettali.com\/#personlogo","inLanguage":"fr-FR","url":"https:\/\/secure.gravatar.com\/avatar\/8d143b5a49345098ddcfee1c49c2f47c?s=96&d=mm&r=g","contentUrl":"https:\/\/secure.gravatar.com\/avatar\/8d143b5a49345098ddcfee1c49c2f47c?s=96&d=mm&r=g","caption":"Daouda"},"sameAs":["https:\/\/www.nettali.com"]}]}},"_links":{"self":[{"href":"https:\/\/www.nettali.com\/rest\/wp\/v2\/posts\/131337"}],"collection":[{"href":"https:\/\/www.nettali.com\/rest\/wp\/v2\/posts"}],"about":[{"href":"https:\/\/www.nettali.com\/rest\/wp\/v2\/types\/post"}],"author":[{"embeddable":true,"href":"https:\/\/www.nettali.com\/rest\/wp\/v2\/users\/4"}],"replies":[{"embeddable":true,"href":"https:\/\/www.nettali.com\/rest\/wp\/v2\/comments?post=131337"}],"version-history":[{"count":1,"href":"https:\/\/www.nettali.com\/rest\/wp\/v2\/posts\/131337\/revisions"}],"predecessor-version":[{"id":131338,"href":"https:\/\/www.nettali.com\/rest\/wp\/v2\/posts\/131337\/revisions\/131338"}],"wp:featuredmedia":[{"embeddable":true,"href":"https:\/\/www.nettali.com\/rest\/wp\/v2\/media\/18060"}],"wp:attachment":[{"href":"https:\/\/www.nettali.com\/rest\/wp\/v2\/media?parent=131337"}],"wp:term":[{"taxonomy":"category","embeddable":true,"href":"https:\/\/www.nettali.com\/rest\/wp\/v2\/categories?post=131337"},{"taxonomy":"post_tag","embeddable":true,"href":"https:\/\/www.nettali.com\/rest\/wp\/v2\/tags?post=131337"}],"curies":[{"name":"wp","href":"https:\/\/api.w.org\/{rel}","templated":true}]}}