{"id":131321,"date":"2024-04-06T23:32:12","date_gmt":"2024-04-06T23:32:12","guid":{"rendered":"https:\/\/www.nettali.com\/?p=131321"},"modified":"2024-04-06T23:32:12","modified_gmt":"2024-04-06T23:32:12","slug":"abdourahmane-diouf-je-mengage-a-innover-avec-audace","status":"publish","type":"post","link":"https:\/\/www.nettali.com\/2024\/04\/06\/abdourahmane-diouf-je-mengage-a-innover-avec-audace\/","title":{"rendered":"ABDOURAHMANE DIOUF : \"Je m\u2019engage \u00e0 innover avec audace\""},"content":{"rendered":"<p><strong>NETTALI.COM - Nomm\u00e9 \u00e0 la t\u00eate du minist\u00e8re de l\u2019Enseignement sup\u00e9rieur, de la Recherche et de l\u2019Innovation, Abdourahmane Diouf s\u2019est engag\u00e9 \u00e0 \u00e9tablir des connexions intellectuelles.<\/strong><\/p>\n<p>Le Premier ministre Ousmane Sonko a r\u00e9v\u00e9l\u00e9, vendredi soir, la composition officielle de son gouvernement. Une \u00e9quipe de 25 ministres et 5 secr\u00e9taires d\u2019\u00c9tat. Membre de la coalition \"Diomaye pr\u00e9sident\",\u00a0Abdourahmane Diouf a \u00e9t\u00e9 nomm\u00e9 ministre de l\u2019Enseignement sup\u00e9rieur, de la Recherche et de l\u2019Innovation. Une confiance du pr\u00e9sident de la R\u00e9publique et de son Premier ministre qui a suscit\u00e9 une r\u00e9action de la part du pr\u00e9sident du parti Awal\u00e9.<\/p>\n<p>\"<em>Je re\u00e7ois humblement et avec un sens aigu de la responsabilit\u00e9 ma nomination au minist\u00e8re de l\u2019Enseignement sup\u00e9rieur, de la Recherche et de l\u2019Innovation (MESRI)<\/em>\", a d\u00e9clar\u00e9 Abdourahmane Diouf sur X (ex-Twitter).<\/p>\n<p>Poursuivant, il ajoute :\u00a0\"<em>Je tiens \u00e0 exprimer toute ma gratitude au pr\u00e9sident de la R\u00e9publique, Monsieur Bassirou Diomaye Diakhar Faye, ainsi qu\u2019\u00e0 son Premier ministre Ousmane Sonko. Conscient des d\u00e9fis \u00e0 relever dans le domaine de l\u2019Enseignement sup\u00e9rieur, je m\u2019engage \u00e0 favoriser le partage du savoir, \u00e0 innover avec audace et \u00e0 servir avec d\u00e9vouement pour l\u2019avancement de notre nation<\/em>.\"<\/p>\n<p>Notons qu\u2019Abdourahmane Diouf est dipl\u00f4m\u00e9 de la premi\u00e8re promotion de l'Universit\u00e9 Gaston Berger, souvent appel\u00e9e Sanar I. Apr\u00e8s avoir obtenu une ma\u00eetrise en Droit Public, il a poursuivi ses \u00e9tudes \u00e0 Gen\u00e8ve, o\u00f9 il a obtenu un DES en Droit International et un DEA en Sciences de la Communication et des M\u00e9dias.<\/p>\n<div class='share-to-whatsapp-wrapper'><div class='share-on-whsp'>PARTAGER SUR : <\/div><a data-text='ABDOURAHMANE DIOUF : \"Je m\u2019engage \u00e0 innover avec audace\"' data-link='https:\/\/www.nettali.com\/2024\/04\/06\/abdourahmane-diouf-je-mengage-a-innover-avec-audace\/' class='whatsapp-button whatsapp-share'>WhatsApp<\/a><div class='clear '><\/div><\/div>","protected":false},"excerpt":{"rendered":"<p>NETTALI.COM - Nomm\u00e9 \u00e0 la t\u00eate du minist\u00e8re de l\u2019Enseignement sup\u00e9rieur, de la Recherche et de l\u2019Innovation, Abdourahmane Diouf s\u2019est engag\u00e9 \u00e0 \u00e9tablir des connexions intellectuelles. Le Premier ministre Ousmane Sonko a r\u00e9v\u00e9l\u00e9, vendredi soir, la composition officielle de son gouvernement. Une \u00e9quipe de 25 ministres et 5 secr\u00e9taires d\u2019\u00c9tat. Membre de la coalition \"Diomaye [&hellip;]<\/p>\n","protected":false},"author":5,"featured_media":131249,"comment_status":"open","ping_status":"open","sticky":false,"template":"","format":"standard","meta":{"_et_pb_use_builder":"","_et_pb_old_content":""},"categories":[2],"tags":[],"yoast_head":"<!-- This site is optimized with the Yoast SEO Premium plugin v17.8 (Yoast SEO v17.8) - https:\/\/yoast.com\/wordpress\/plugins\/seo\/ -->\n<title>ABDOURAHMANE DIOUF : &quot;Je m\u2019engage \u00e0 innover avec audace&quot; | Nettali.com<\/title>\n<meta name=\"robots\" content=\"index, follow, max-snippet:-1, max-image-preview:large, max-video-preview:-1\" \/>\n<link rel=\"canonical\" href=\"https:\/\/www.nettali.com\/2024\/04\/06\/abdourahmane-diouf-je-mengage-a-innover-avec-audace\/\" \/>\n<meta property=\"og:locale\" content=\"fr_FR\" \/>\n<meta property=\"og:type\" content=\"article\" \/>\n<meta property=\"og:title\" content=\"ABDOURAHMANE DIOUF : &quot;Je m\u2019engage \u00e0 innover avec audace&quot;\" \/>\n<meta property=\"og:description\" content=\"NETTALI.COM - Nomm\u00e9 \u00e0 la t\u00eate du minist\u00e8re de l\u2019Enseignement sup\u00e9rieur, de la Recherche et de l\u2019Innovation, Abdourahmane Diouf s\u2019est engag\u00e9 \u00e0 \u00e9tablir des connexions intellectuelles. Le Premier ministre Ousmane Sonko a r\u00e9v\u00e9l\u00e9, vendredi soir, la composition officielle de son gouvernement. Une \u00e9quipe de 25 ministres et 5 secr\u00e9taires d\u2019\u00c9tat. Membre de la coalition &quot;Diomaye [&hellip;]\" \/>\n<meta property=\"og:url\" content=\"https:\/\/www.nettali.com\/2024\/04\/06\/abdourahmane-diouf-je-mengage-a-innover-avec-audace\/\" \/>\n<meta property=\"og:site_name\" content=\"Nettali.com\" \/>\n<meta property=\"article:publisher\" content=\"https:\/\/www.facebook.com\/nettalicom\" \/>\n<meta property=\"article:published_time\" content=\"2024-04-06T23:32:12+00:00\" \/>\n<meta property=\"og:image\" content=\"https:\/\/www.nettali.com\/wp-content\/uploads\/2024\/04\/Dr-Abdourahmane-Diouf-1.jpg\" \/>\n\t<meta property=\"og:image:width\" content=\"600\" \/>\n\t<meta property=\"og:image:height\" content=\"398\" \/>\n<meta name=\"twitter:card\" content=\"summary_large_image\" \/>\n<meta name=\"twitter:label1\" content=\"\u00c9crit par\" \/>\n\t<meta name=\"twitter:data1\" content=\"Ibrahima\" \/>\n\t<meta name=\"twitter:label2\" content=\"Dur\u00e9e de lecture estim\u00e9e\" \/>\n\t<meta name=\"twitter:data2\" content=\"2 minutes\" \/>\n<script type=\"application\/ld+json\" class=\"yoast-schema-graph\">{\"@context\":\"https:\/\/schema.org\",\"@graph\":[{\"@type\":\"WebSite\",\"@id\":\"https:\/\/www.nettali.com\/#website\",\"url\":\"https:\/\/www.nettali.com\/\",\"name\":\"Nettali.com\",\"description\":\"Le rendez-vous critique du Net\",\"potentialAction\":[{\"@type\":\"SearchAction\",\"target\":{\"@type\":\"EntryPoint\",\"urlTemplate\":\"https:\/\/www.nettali.com\/?s={search_term_string}\"},\"query-input\":\"required name=search_term_string\"}],\"inLanguage\":\"fr-FR\"},{\"@type\":\"ImageObject\",\"@id\":\"https:\/\/www.nettali.com\/2024\/04\/06\/abdourahmane-diouf-je-mengage-a-innover-avec-audace\/#primaryimage\",\"inLanguage\":\"fr-FR\",\"url\":\"https:\/\/www.nettali.com\/wp-content\/uploads\/2024\/04\/Dr-Abdourahmane-Diouf-1.jpg\",\"contentUrl\":\"https:\/\/www.nettali.com\/wp-content\/uploads\/2024\/04\/Dr-Abdourahmane-Diouf-1.jpg\",\"width\":600,\"height\":398},{\"@type\":\"WebPage\",\"@id\":\"https:\/\/www.nettali.com\/2024\/04\/06\/abdourahmane-diouf-je-mengage-a-innover-avec-audace\/#webpage\",\"url\":\"https:\/\/www.nettali.com\/2024\/04\/06\/abdourahmane-diouf-je-mengage-a-innover-avec-audace\/\",\"name\":\"ABDOURAHMANE DIOUF : \\\"Je m\\u2019engage \\u00e0 innover avec audace\\\" | Nettali.com\",\"isPartOf\":{\"@id\":\"https:\/\/www.nettali.com\/#website\"},\"primaryImageOfPage\":{\"@id\":\"https:\/\/www.nettali.com\/2024\/04\/06\/abdourahmane-diouf-je-mengage-a-innover-avec-audace\/#primaryimage\"},\"datePublished\":\"2024-04-06T23:32:12+00:00\",\"dateModified\":\"2024-04-06T23:32:12+00:00\",\"author\":{\"@id\":\"https:\/\/www.nettali.com\/#\/schema\/person\/bb147657c2986240405a608162b9bb23\"},\"breadcrumb\":{\"@id\":\"https:\/\/www.nettali.com\/2024\/04\/06\/abdourahmane-diouf-je-mengage-a-innover-avec-audace\/#breadcrumb\"},\"inLanguage\":\"fr-FR\",\"potentialAction\":[{\"@type\":\"ReadAction\",\"target\":[\"https:\/\/www.nettali.com\/2024\/04\/06\/abdourahmane-diouf-je-mengage-a-innover-avec-audace\/\"]}]},{\"@type\":\"BreadcrumbList\",\"@id\":\"https:\/\/www.nettali.com\/2024\/04\/06\/abdourahmane-diouf-je-mengage-a-innover-avec-audace\/#breadcrumb\",\"itemListElement\":[{\"@type\":\"ListItem\",\"position\":1,\"name\":\"Accueil\",\"item\":\"https:\/\/www.nettali.com\/\"},{\"@type\":\"ListItem\",\"position\":2,\"name\":\"ABDOURAHMANE DIOUF : \\\"Je m\\u2019engage \\u00e0 innover avec audace\\\"\"}]},{\"@type\":\"Person\",\"@id\":\"https:\/\/www.nettali.com\/#\/schema\/person\/bb147657c2986240405a608162b9bb23\",\"name\":\"Ibrahima\",\"image\":{\"@type\":\"ImageObject\",\"@id\":\"https:\/\/www.nettali.com\/#personlogo\",\"inLanguage\":\"fr-FR\",\"url\":\"https:\/\/secure.gravatar.com\/avatar\/26a8a81f09f0dd7624c9d5c36c9ba3a2?s=96&d=mm&r=g\",\"contentUrl\":\"https:\/\/secure.gravatar.com\/avatar\/26a8a81f09f0dd7624c9d5c36c9ba3a2?s=96&d=mm&r=g\",\"caption\":\"Ibrahima\"},\"sameAs\":[\"https:\/\/www.nettali.com\"]}]}<\/script>\n<!-- \/ Yoast SEO Premium plugin. -->","yoast_head_json":{"title":"ABDOURAHMANE DIOUF : \"Je m\u2019engage \u00e0 innover avec audace\" | Nettali.com","robots":{"index":"index","follow":"follow","max-snippet":"max-snippet:-1","max-image-preview":"max-image-preview:large","max-video-preview":"max-video-preview:-1"},"canonical":"https:\/\/www.nettali.com\/2024\/04\/06\/abdourahmane-diouf-je-mengage-a-innover-avec-audace\/","og_locale":"fr_FR","og_type":"article","og_title":"ABDOURAHMANE DIOUF : \"Je m\u2019engage \u00e0 innover avec audace\"","og_description":"NETTALI.COM - Nomm\u00e9 \u00e0 la t\u00eate du minist\u00e8re de l\u2019Enseignement sup\u00e9rieur, de la Recherche et de l\u2019Innovation, Abdourahmane Diouf s\u2019est engag\u00e9 \u00e0 \u00e9tablir des connexions intellectuelles. Le Premier ministre Ousmane Sonko a r\u00e9v\u00e9l\u00e9, vendredi soir, la composition officielle de son gouvernement. Une \u00e9quipe de 25 ministres et 5 secr\u00e9taires d\u2019\u00c9tat. Membre de la coalition \"Diomaye [&hellip;]","og_url":"https:\/\/www.nettali.com\/2024\/04\/06\/abdourahmane-diouf-je-mengage-a-innover-avec-audace\/","og_site_name":"Nettali.com","article_publisher":"https:\/\/www.facebook.com\/nettalicom","article_published_time":"2024-04-06T23:32:12+00:00","og_image":[{"width":600,"height":398,"url":"https:\/\/www.nettali.com\/wp-content\/uploads\/2024\/04\/Dr-Abdourahmane-Diouf-1.jpg","type":"image\/jpeg"}],"twitter_card":"summary_large_image","twitter_misc":{"\u00c9crit par":"Ibrahima","Dur\u00e9e de lecture estim\u00e9e":"2 minutes"},"schema":{"@context":"https:\/\/schema.org","@graph":[{"@type":"WebSite","@id":"https:\/\/www.nettali.com\/#website","url":"https:\/\/www.nettali.com\/","name":"Nettali.com","description":"Le rendez-vous critique du Net","potentialAction":[{"@type":"SearchAction","target":{"@type":"EntryPoint","urlTemplate":"https:\/\/www.nettali.com\/?s={search_term_string}"},"query-input":"required name=search_term_string"}],"inLanguage":"fr-FR"},{"@type":"ImageObject","@id":"https:\/\/www.nettali.com\/2024\/04\/06\/abdourahmane-diouf-je-mengage-a-innover-avec-audace\/#primaryimage","inLanguage":"fr-FR","url":"https:\/\/www.nettali.com\/wp-content\/uploads\/2024\/04\/Dr-Abdourahmane-Diouf-1.jpg","contentUrl":"https:\/\/www.nettali.com\/wp-content\/uploads\/2024\/04\/Dr-Abdourahmane-Diouf-1.jpg","width":600,"height":398},{"@type":"WebPage","@id":"https:\/\/www.nettali.com\/2024\/04\/06\/abdourahmane-diouf-je-mengage-a-innover-avec-audace\/#webpage","url":"https:\/\/www.nettali.com\/2024\/04\/06\/abdourahmane-diouf-je-mengage-a-innover-avec-audace\/","name":"ABDOURAHMANE DIOUF : \"Je m\u2019engage \u00e0 innover avec audace\" | Nettali.com","isPartOf":{"@id":"https:\/\/www.nettali.com\/#website"},"primaryImageOfPage":{"@id":"https:\/\/www.nettali.com\/2024\/04\/06\/abdourahmane-diouf-je-mengage-a-innover-avec-audace\/#primaryimage"},"datePublished":"2024-04-06T23:32:12+00:00","dateModified":"2024-04-06T23:32:12+00:00","author":{"@id":"https:\/\/www.nettali.com\/#\/schema\/person\/bb147657c2986240405a608162b9bb23"},"breadcrumb":{"@id":"https:\/\/www.nettali.com\/2024\/04\/06\/abdourahmane-diouf-je-mengage-a-innover-avec-audace\/#breadcrumb"},"inLanguage":"fr-FR","potentialAction":[{"@type":"ReadAction","target":["https:\/\/www.nettali.com\/2024\/04\/06\/abdourahmane-diouf-je-mengage-a-innover-avec-audace\/"]}]},{"@type":"BreadcrumbList","@id":"https:\/\/www.nettali.com\/2024\/04\/06\/abdourahmane-diouf-je-mengage-a-innover-avec-audace\/#breadcrumb","itemListElement":[{"@type":"ListItem","position":1,"name":"Accueil","item":"https:\/\/www.nettali.com\/"},{"@type":"ListItem","position":2,"name":"ABDOURAHMANE DIOUF : \"Je m\u2019engage \u00e0 innover avec audace\""}]},{"@type":"Person","@id":"https:\/\/www.nettali.com\/#\/schema\/person\/bb147657c2986240405a608162b9bb23","name":"Ibrahima","image":{"@type":"ImageObject","@id":"https:\/\/www.nettali.com\/#personlogo","inLanguage":"fr-FR","url":"https:\/\/secure.gravatar.com\/avatar\/26a8a81f09f0dd7624c9d5c36c9ba3a2?s=96&d=mm&r=g","contentUrl":"https:\/\/secure.gravatar.com\/avatar\/26a8a81f09f0dd7624c9d5c36c9ba3a2?s=96&d=mm&r=g","caption":"Ibrahima"},"sameAs":["https:\/\/www.nettali.com"]}]}},"_links":{"self":[{"href":"https:\/\/www.nettali.com\/rest\/wp\/v2\/posts\/131321"}],"collection":[{"href":"https:\/\/www.nettali.com\/rest\/wp\/v2\/posts"}],"about":[{"href":"https:\/\/www.nettali.com\/rest\/wp\/v2\/types\/post"}],"author":[{"embeddable":true,"href":"https:\/\/www.nettali.com\/rest\/wp\/v2\/users\/5"}],"replies":[{"embeddable":true,"href":"https:\/\/www.nettali.com\/rest\/wp\/v2\/comments?post=131321"}],"version-history":[{"count":3,"href":"https:\/\/www.nettali.com\/rest\/wp\/v2\/posts\/131321\/revisions"}],"predecessor-version":[{"id":131326,"href":"https:\/\/www.nettali.com\/rest\/wp\/v2\/posts\/131321\/revisions\/131326"}],"wp:featuredmedia":[{"embeddable":true,"href":"https:\/\/www.nettali.com\/rest\/wp\/v2\/media\/131249"}],"wp:attachment":[{"href":"https:\/\/www.nettali.com\/rest\/wp\/v2\/media?parent=131321"}],"wp:term":[{"taxonomy":"category","embeddable":true,"href":"https:\/\/www.nettali.com\/rest\/wp\/v2\/categories?post=131321"},{"taxonomy":"post_tag","embeddable":true,"href":"https:\/\/www.nettali.com\/rest\/wp\/v2\/tags?post=131321"}],"curies":[{"name":"wp","href":"https:\/\/api.w.org\/{rel}","templated":true}]}}