{"id":131306,"date":"2024-04-06T16:46:41","date_gmt":"2024-04-06T16:46:41","guid":{"rendered":"https:\/\/www.nettali.com\/?p=131306"},"modified":"2024-04-08T23:19:46","modified_gmt":"2024-04-08T23:19:46","slug":"ousmane-sonko-ce-que-jai-appris-de-la-fin-de-regne-de-macky-sall","status":"publish","type":"post","link":"https:\/\/www.nettali.com\/2024\/04\/06\/ousmane-sonko-ce-que-jai-appris-de-la-fin-de-regne-de-macky-sall\/","title":{"rendered":"OUSMANE SONKO : \"Ce que j'ai appris de la fin de r\u00e8gne de Macky Sall\""},"content":{"rendered":"<p><strong>NETTALI.COM - C'est ce samedi que Bassirou Diomaye Faye a rencontr\u00e9 les leaders de la coalition \"Diomaye pr\u00e9sident\" pour la premi\u00e8re fois depuis sa prestation de serment. Occasion saisie par Ousmane Sonko pour mettre en garde contre la solitude du pouvoir.\u00a0<\/strong><\/p>\n<p>C'est au King Fahd Palace que les leaders de la coalition \"<em>Diomaye pr\u00e9sident<\/em>\" ont rencontr\u00e9 ce samedi 6 avril, le pr\u00e9sident de la R\u00e9publique nouvellement \u00e9lu. Une premi\u00e8re depuis la prestation de serment, le 2 avril dernier. La rencontre de ce samedi a aussi vu la pr\u00e9sence du Premier ministre Ousmane Sonko.\u00a0 Ce dernier a rappel\u00e9 les actes pos\u00e9s par le nouveau r\u00e9gime depuis son installation. Il s'agit notamment de la prestation de serment de Bassirou Diomaye Faye, mais aussi de la nomination d'un Premier ministre et la formation du nouveau gouvernement. \"<em>Les S\u00e9n\u00e9galais fondent beaucoup d'espoirs sur nous. Et nous ne devons jamais oublier que des gens sont morts pour d\u00e9fendre le projet que nous portons aujourd'hui<\/em>\", a dit Ousmane Sonko. Selon lui, le S\u00e9n\u00e9gal est un peuple brave qui a juste besoin d'un leadership incarn\u00e9 par des hommes et femmes qui gouvernent par l'exemple. \"<em>Il faut toujours mettre en avant l'int\u00e9r\u00eat du peuple s\u00e9n\u00e9galais qui nous a tout donn\u00e9s<\/em>\", a laiss\u00e9 entendre le Premier ministre. Qui ajoute : \"<em>Nous t\u00e2cherons de faire les meilleurs choix possibles pour l'int\u00e9r\u00eat du pays. Il peut y avoir des erreurs, mais pas de fautes<\/em>.\"<\/p>\n<p>Ousmane Sonko appelle les leaders et membres de \"<em>Diomaye pr\u00e9sident<\/em>\" d'accompagner le nouveau pr\u00e9sident dans sa mission. \"<em>Nous avons l'obligation d'accompagner le Pr\u00e9sident Bassirou Diomaye Faye<\/em>\", dit-il. Avant de pr\u00e9ciser : \"<em>Pas dans le souci de le contr\u00f4ler. Nous le connaissons assez bien pour savoir qu'il a les aptitudes et les capacit\u00e9s pour mener cette mission<\/em>.\" <em>\"Mais,<\/em> poursuit-il, <em>j'ai eu la chance d'avoir v\u00e9cu indirectement les derniers moments de r\u00e8gne du pr\u00e9sident sortant. Cela m'a appris qu'il a r\u00e9gn\u00e9 dans la solitude. Et cela ne se voyait pas tant qu'il avait des privil\u00e8ges \u00e0 distribuer<\/em>.\" \"<em>C\u2019\u00e9tait un pr\u00e9sident tr\u00e8s seul<\/em>\", souligne Ousmane Sonko. Selon lui, c'est ce qu'il faut \u00e9viter au Pr\u00e9sident Bassirou Diomaye Faye. Parlant de ce dernier, le Premier ministre ajoute : \"<em>Il est au-dessus de tout. Il a des pouvoirs immenses. Mais nous devons l'accompagner dans la solidarit\u00e9 et lui servir de bouclier<\/em>.\"<\/p>\n<p>Et pour cause, Ousmane Sonko est convaincu que leurs adversaires n'ont pas d\u00e9pos\u00e9 les armes. \"<em>Vous avez vu les fake-news de ces derniers temps. Et ils guettent le moindre faux pas pour nous attaquer<\/em>\", pr\u00e9vient le chef du gouvernement.<\/p>\n<div class='share-to-whatsapp-wrapper'><div class='share-on-whsp'>PARTAGER SUR : <\/div><a data-text='OUSMANE SONKO : \"Ce que j'ai appris de la fin de r\u00e8gne de Macky Sall\"' data-link='https:\/\/www.nettali.com\/2024\/04\/06\/ousmane-sonko-ce-que-jai-appris-de-la-fin-de-regne-de-macky-sall\/' class='whatsapp-button whatsapp-share'>WhatsApp<\/a><div class='clear '><\/div><\/div>","protected":false},"excerpt":{"rendered":"<p>NETTALI.COM - C'est ce samedi que Bassirou Diomaye Faye a rencontr\u00e9 les leaders de la coalition \"Diomaye pr\u00e9sident\" pour la premi\u00e8re fois depuis sa prestation de serment. Occasion saisie par Ousmane Sonko pour mettre en garde contre la solitude du pouvoir.\u00a0 C'est au King Fahd Palace que les leaders de la coalition \"Diomaye pr\u00e9sident\" ont [&hellip;]<\/p>\n","protected":false},"author":3,"featured_media":131307,"comment_status":"open","ping_status":"open","sticky":false,"template":"","format":"standard","meta":{"_et_pb_use_builder":"","_et_pb_old_content":""},"categories":[2],"tags":[],"yoast_head":"<!-- This site is optimized with the Yoast SEO Premium plugin v17.8 (Yoast SEO v17.8) - https:\/\/yoast.com\/wordpress\/plugins\/seo\/ -->\n<title>OUSMANE SONKO : &quot;Ce que j&#039;ai appris de la fin de r\u00e8gne de Macky Sall&quot; | Nettali.com<\/title>\n<meta name=\"robots\" content=\"index, follow, max-snippet:-1, max-image-preview:large, max-video-preview:-1\" \/>\n<link rel=\"canonical\" href=\"https:\/\/www.nettali.com\/2024\/04\/06\/ousmane-sonko-ce-que-jai-appris-de-la-fin-de-regne-de-macky-sall\/\" \/>\n<meta property=\"og:locale\" content=\"fr_FR\" \/>\n<meta property=\"og:type\" content=\"article\" \/>\n<meta property=\"og:title\" content=\"OUSMANE SONKO : &quot;Ce que j&#039;ai appris de la fin de r\u00e8gne de Macky Sall&quot;\" \/>\n<meta property=\"og:description\" content=\"NETTALI.COM - C&#039;est ce samedi que Bassirou Diomaye Faye a rencontr\u00e9 les leaders de la coalition &quot;Diomaye pr\u00e9sident&quot; pour la premi\u00e8re fois depuis sa prestation de serment. Occasion saisie par Ousmane Sonko pour mettre en garde contre la solitude du pouvoir.\u00a0 C&#039;est au King Fahd Palace que les leaders de la coalition &quot;Diomaye pr\u00e9sident&quot; ont [&hellip;]\" \/>\n<meta property=\"og:url\" content=\"https:\/\/www.nettali.com\/2024\/04\/06\/ousmane-sonko-ce-que-jai-appris-de-la-fin-de-regne-de-macky-sall\/\" \/>\n<meta property=\"og:site_name\" content=\"Nettali.com\" \/>\n<meta property=\"article:publisher\" content=\"https:\/\/www.facebook.com\/nettalicom\" \/>\n<meta property=\"article:published_time\" content=\"2024-04-06T16:46:41+00:00\" \/>\n<meta property=\"article:modified_time\" content=\"2024-04-08T23:19:46+00:00\" \/>\n<meta property=\"og:image\" content=\"https:\/\/www.nettali.com\/wp-content\/uploads\/2024\/04\/MjAyNDA0MjZlYzViYTMzNWY2MjljMmU3MGNiZjJiMGM4MjhlMDc.jpeg\" \/>\n\t<meta property=\"og:image:width\" content=\"1260\" \/>\n\t<meta property=\"og:image:height\" content=\"708\" \/>\n<meta name=\"twitter:card\" content=\"summary_large_image\" \/>\n<meta name=\"twitter:label1\" content=\"\u00c9crit par\" \/>\n\t<meta name=\"twitter:data1\" content=\"Moustapha\" \/>\n\t<meta name=\"twitter:label2\" content=\"Dur\u00e9e de lecture estim\u00e9e\" \/>\n\t<meta name=\"twitter:data2\" content=\"3 minutes\" \/>\n<script type=\"application\/ld+json\" class=\"yoast-schema-graph\">{\"@context\":\"https:\/\/schema.org\",\"@graph\":[{\"@type\":\"WebSite\",\"@id\":\"https:\/\/www.nettali.com\/#website\",\"url\":\"https:\/\/www.nettali.com\/\",\"name\":\"Nettali.com\",\"description\":\"Le rendez-vous critique du Net\",\"potentialAction\":[{\"@type\":\"SearchAction\",\"target\":{\"@type\":\"EntryPoint\",\"urlTemplate\":\"https:\/\/www.nettali.com\/?s={search_term_string}\"},\"query-input\":\"required name=search_term_string\"}],\"inLanguage\":\"fr-FR\"},{\"@type\":\"ImageObject\",\"@id\":\"https:\/\/www.nettali.com\/2024\/04\/06\/ousmane-sonko-ce-que-jai-appris-de-la-fin-de-regne-de-macky-sall\/#primaryimage\",\"inLanguage\":\"fr-FR\",\"url\":\"https:\/\/www.nettali.com\/wp-content\/uploads\/2024\/04\/MjAyNDA0MjZlYzViYTMzNWY2MjljMmU3MGNiZjJiMGM4MjhlMDc.jpeg\",\"contentUrl\":\"https:\/\/www.nettali.com\/wp-content\/uploads\/2024\/04\/MjAyNDA0MjZlYzViYTMzNWY2MjljMmU3MGNiZjJiMGM4MjhlMDc.jpeg\",\"width\":1260,\"height\":708},{\"@type\":\"WebPage\",\"@id\":\"https:\/\/www.nettali.com\/2024\/04\/06\/ousmane-sonko-ce-que-jai-appris-de-la-fin-de-regne-de-macky-sall\/#webpage\",\"url\":\"https:\/\/www.nettali.com\/2024\/04\/06\/ousmane-sonko-ce-que-jai-appris-de-la-fin-de-regne-de-macky-sall\/\",\"name\":\"OUSMANE SONKO : \\\"Ce que j'ai appris de la fin de r\\u00e8gne de Macky Sall\\\" | Nettali.com\",\"isPartOf\":{\"@id\":\"https:\/\/www.nettali.com\/#website\"},\"primaryImageOfPage\":{\"@id\":\"https:\/\/www.nettali.com\/2024\/04\/06\/ousmane-sonko-ce-que-jai-appris-de-la-fin-de-regne-de-macky-sall\/#primaryimage\"},\"datePublished\":\"2024-04-06T16:46:41+00:00\",\"dateModified\":\"2024-04-08T23:19:46+00:00\",\"author\":{\"@id\":\"https:\/\/www.nettali.com\/#\/schema\/person\/7962a12a6e0267f88f0ffa544c36469a\"},\"breadcrumb\":{\"@id\":\"https:\/\/www.nettali.com\/2024\/04\/06\/ousmane-sonko-ce-que-jai-appris-de-la-fin-de-regne-de-macky-sall\/#breadcrumb\"},\"inLanguage\":\"fr-FR\",\"potentialAction\":[{\"@type\":\"ReadAction\",\"target\":[\"https:\/\/www.nettali.com\/2024\/04\/06\/ousmane-sonko-ce-que-jai-appris-de-la-fin-de-regne-de-macky-sall\/\"]}]},{\"@type\":\"BreadcrumbList\",\"@id\":\"https:\/\/www.nettali.com\/2024\/04\/06\/ousmane-sonko-ce-que-jai-appris-de-la-fin-de-regne-de-macky-sall\/#breadcrumb\",\"itemListElement\":[{\"@type\":\"ListItem\",\"position\":1,\"name\":\"Accueil\",\"item\":\"https:\/\/www.nettali.com\/\"},{\"@type\":\"ListItem\",\"position\":2,\"name\":\"OUSMANE SONKO : \\\"Ce que j'ai appris de la fin de r\\u00e8gne de Macky Sall\\\"\"}]},{\"@type\":\"Person\",\"@id\":\"https:\/\/www.nettali.com\/#\/schema\/person\/7962a12a6e0267f88f0ffa544c36469a\",\"name\":\"Moustapha\",\"image\":{\"@type\":\"ImageObject\",\"@id\":\"https:\/\/www.nettali.com\/#personlogo\",\"inLanguage\":\"fr-FR\",\"url\":\"https:\/\/secure.gravatar.com\/avatar\/10fdf6a071cccdcf374e3dbe45159590?s=96&d=mm&r=g\",\"contentUrl\":\"https:\/\/secure.gravatar.com\/avatar\/10fdf6a071cccdcf374e3dbe45159590?s=96&d=mm&r=g\",\"caption\":\"Moustapha\"},\"sameAs\":[\"https:\/\/www.nettali.com\"]}]}<\/script>\n<!-- \/ Yoast SEO Premium plugin. -->","yoast_head_json":{"title":"OUSMANE SONKO : \"Ce que j'ai appris de la fin de r\u00e8gne de Macky Sall\" | Nettali.com","robots":{"index":"index","follow":"follow","max-snippet":"max-snippet:-1","max-image-preview":"max-image-preview:large","max-video-preview":"max-video-preview:-1"},"canonical":"https:\/\/www.nettali.com\/2024\/04\/06\/ousmane-sonko-ce-que-jai-appris-de-la-fin-de-regne-de-macky-sall\/","og_locale":"fr_FR","og_type":"article","og_title":"OUSMANE SONKO : \"Ce que j'ai appris de la fin de r\u00e8gne de Macky Sall\"","og_description":"NETTALI.COM - C'est ce samedi que Bassirou Diomaye Faye a rencontr\u00e9 les leaders de la coalition \"Diomaye pr\u00e9sident\" pour la premi\u00e8re fois depuis sa prestation de serment. Occasion saisie par Ousmane Sonko pour mettre en garde contre la solitude du pouvoir.\u00a0 C'est au King Fahd Palace que les leaders de la coalition \"Diomaye pr\u00e9sident\" ont [&hellip;]","og_url":"https:\/\/www.nettali.com\/2024\/04\/06\/ousmane-sonko-ce-que-jai-appris-de-la-fin-de-regne-de-macky-sall\/","og_site_name":"Nettali.com","article_publisher":"https:\/\/www.facebook.com\/nettalicom","article_published_time":"2024-04-06T16:46:41+00:00","article_modified_time":"2024-04-08T23:19:46+00:00","og_image":[{"width":1260,"height":708,"url":"https:\/\/www.nettali.com\/wp-content\/uploads\/2024\/04\/MjAyNDA0MjZlYzViYTMzNWY2MjljMmU3MGNiZjJiMGM4MjhlMDc.jpeg","type":"image\/jpeg"}],"twitter_card":"summary_large_image","twitter_misc":{"\u00c9crit par":"Moustapha","Dur\u00e9e de lecture estim\u00e9e":"3 minutes"},"schema":{"@context":"https:\/\/schema.org","@graph":[{"@type":"WebSite","@id":"https:\/\/www.nettali.com\/#website","url":"https:\/\/www.nettali.com\/","name":"Nettali.com","description":"Le rendez-vous critique du Net","potentialAction":[{"@type":"SearchAction","target":{"@type":"EntryPoint","urlTemplate":"https:\/\/www.nettali.com\/?s={search_term_string}"},"query-input":"required name=search_term_string"}],"inLanguage":"fr-FR"},{"@type":"ImageObject","@id":"https:\/\/www.nettali.com\/2024\/04\/06\/ousmane-sonko-ce-que-jai-appris-de-la-fin-de-regne-de-macky-sall\/#primaryimage","inLanguage":"fr-FR","url":"https:\/\/www.nettali.com\/wp-content\/uploads\/2024\/04\/MjAyNDA0MjZlYzViYTMzNWY2MjljMmU3MGNiZjJiMGM4MjhlMDc.jpeg","contentUrl":"https:\/\/www.nettali.com\/wp-content\/uploads\/2024\/04\/MjAyNDA0MjZlYzViYTMzNWY2MjljMmU3MGNiZjJiMGM4MjhlMDc.jpeg","width":1260,"height":708},{"@type":"WebPage","@id":"https:\/\/www.nettali.com\/2024\/04\/06\/ousmane-sonko-ce-que-jai-appris-de-la-fin-de-regne-de-macky-sall\/#webpage","url":"https:\/\/www.nettali.com\/2024\/04\/06\/ousmane-sonko-ce-que-jai-appris-de-la-fin-de-regne-de-macky-sall\/","name":"OUSMANE SONKO : \"Ce que j'ai appris de la fin de r\u00e8gne de Macky Sall\" | Nettali.com","isPartOf":{"@id":"https:\/\/www.nettali.com\/#website"},"primaryImageOfPage":{"@id":"https:\/\/www.nettali.com\/2024\/04\/06\/ousmane-sonko-ce-que-jai-appris-de-la-fin-de-regne-de-macky-sall\/#primaryimage"},"datePublished":"2024-04-06T16:46:41+00:00","dateModified":"2024-04-08T23:19:46+00:00","author":{"@id":"https:\/\/www.nettali.com\/#\/schema\/person\/7962a12a6e0267f88f0ffa544c36469a"},"breadcrumb":{"@id":"https:\/\/www.nettali.com\/2024\/04\/06\/ousmane-sonko-ce-que-jai-appris-de-la-fin-de-regne-de-macky-sall\/#breadcrumb"},"inLanguage":"fr-FR","potentialAction":[{"@type":"ReadAction","target":["https:\/\/www.nettali.com\/2024\/04\/06\/ousmane-sonko-ce-que-jai-appris-de-la-fin-de-regne-de-macky-sall\/"]}]},{"@type":"BreadcrumbList","@id":"https:\/\/www.nettali.com\/2024\/04\/06\/ousmane-sonko-ce-que-jai-appris-de-la-fin-de-regne-de-macky-sall\/#breadcrumb","itemListElement":[{"@type":"ListItem","position":1,"name":"Accueil","item":"https:\/\/www.nettali.com\/"},{"@type":"ListItem","position":2,"name":"OUSMANE SONKO : \"Ce que j'ai appris de la fin de r\u00e8gne de Macky Sall\""}]},{"@type":"Person","@id":"https:\/\/www.nettali.com\/#\/schema\/person\/7962a12a6e0267f88f0ffa544c36469a","name":"Moustapha","image":{"@type":"ImageObject","@id":"https:\/\/www.nettali.com\/#personlogo","inLanguage":"fr-FR","url":"https:\/\/secure.gravatar.com\/avatar\/10fdf6a071cccdcf374e3dbe45159590?s=96&d=mm&r=g","contentUrl":"https:\/\/secure.gravatar.com\/avatar\/10fdf6a071cccdcf374e3dbe45159590?s=96&d=mm&r=g","caption":"Moustapha"},"sameAs":["https:\/\/www.nettali.com"]}]}},"_links":{"self":[{"href":"https:\/\/www.nettali.com\/rest\/wp\/v2\/posts\/131306"}],"collection":[{"href":"https:\/\/www.nettali.com\/rest\/wp\/v2\/posts"}],"about":[{"href":"https:\/\/www.nettali.com\/rest\/wp\/v2\/types\/post"}],"author":[{"embeddable":true,"href":"https:\/\/www.nettali.com\/rest\/wp\/v2\/users\/3"}],"replies":[{"embeddable":true,"href":"https:\/\/www.nettali.com\/rest\/wp\/v2\/comments?post=131306"}],"version-history":[{"count":5,"href":"https:\/\/www.nettali.com\/rest\/wp\/v2\/posts\/131306\/revisions"}],"predecessor-version":[{"id":131342,"href":"https:\/\/www.nettali.com\/rest\/wp\/v2\/posts\/131306\/revisions\/131342"}],"wp:featuredmedia":[{"embeddable":true,"href":"https:\/\/www.nettali.com\/rest\/wp\/v2\/media\/131307"}],"wp:attachment":[{"href":"https:\/\/www.nettali.com\/rest\/wp\/v2\/media?parent=131306"}],"wp:term":[{"taxonomy":"category","embeddable":true,"href":"https:\/\/www.nettali.com\/rest\/wp\/v2\/categories?post=131306"},{"taxonomy":"post_tag","embeddable":true,"href":"https:\/\/www.nettali.com\/rest\/wp\/v2\/tags?post=131306"}],"curies":[{"name":"wp","href":"https:\/\/api.w.org\/{rel}","templated":true}]}}