{"id":131291,"date":"2024-04-06T06:49:04","date_gmt":"2024-04-06T06:49:04","guid":{"rendered":"https:\/\/www.nettali.com\/?p=131291"},"modified":"2024-04-06T06:49:04","modified_gmt":"2024-04-06T06:49:04","slug":"gouvernement-de-sonko-1-ces-douze-ministres-qui-ne-sont-pas-issus-de-pastef","status":"publish","type":"post","link":"https:\/\/www.nettali.com\/2024\/04\/06\/gouvernement-de-sonko-1-ces-douze-ministres-qui-ne-sont-pas-issus-de-pastef\/","title":{"rendered":"GOUVERNEMENT DE SONKO 1  - Ces douze ministres qui ne sont pas issus de Pastef"},"content":{"rendered":"<div class=\"page\" title=\"Page 4\">\n<div class=\"layoutArea\">\n<div class=\"column\">\n<div class=\"page\" title=\"Page 4\">\n<div class=\"layoutArea\">\n<div class=\"column\">\n<p><strong>NETTALI.COM - Le premier gouvernement du pre\u0301sident Diomaye Faye propose\u0301 par le Premier ministre Ousmane Sonko sera compose\u0301 de 25 ministres et de cinq secre\u0301taires d\u2019E\u0301tat. Parmi les ministres, 12 ne sont pas issus de Pastef. Pre\u0301sentation.<\/strong><\/p>\n<\/div>\n<\/div>\n<\/div>\n<p>A pre\u0300s une attente de plusieurs jours, le Premier ministre Ousmane Sonko a publie\u0301, le vendredi 5 avril, la liste des hommes et femmes qui vont l\u2019accompagner dans la mission que lui a confie\u0301e le chef de l\u2019E\u0301tat Bassirou Diomaye Faye.<br \/>\nAu total, 25 ministres vont se charger de mettre en \u0153uvre le \u2018\u2019projet\u2019\u2019. Et comme annonce\u0301, le PM est alle\u0301 piocher un peu partout les profils qu\u2019il espe\u0300re e\u0302tre en mesure de mener a\u0300 bien leur programme de gouvernance. Sur les 25 ministres, 12 ne sont pas issus de Pastef.<\/p>\n<p><strong>DR MABOUBA DIAGNE (MINISTRE DE L\u2019AGRICULTURE, DE LA SOUVERAINETE\u0301 ALIMENTAIRE ET DE L\u2019E\u0301LEVAGE)<\/strong><\/p>\n<p><strong>Un financier a\u0300 l\u2019Agriculture<\/strong><\/p>\n<p>Le deuxie\u0300me producteur de poulets au Se\u0301ne\u0301gal apre\u0300s le groupe Sedima est ne\u0301 en 1962. Il e\u0301tait le vice-pre\u0301sident charge\u0301 des finances et des services institutionnels au niveau de la Banque d\u2019investissement et de de\u0301veloppement de la CEDEAO (BIDC). Avant sa nomination a\u0300 la BIDC, il e\u0301tait le directeur re\u0301gional de Trade &amp; Development Bank au Kenya, ou\u0300 il e\u0301tait charge\u0301 de la couve ture et de la structuration des transactions a\u0300 l\u2019ile Maurice, aux Comores, aux Seychelles, en Re\u0301publique de\u0301mocratique du Congo, a\u0300 Madagascar, au Soudan du Sud, en Mozambique et en Angola.<\/p>\n<p>Il est titulaire d\u2019un doctorat en gestion financie\u0300re et en optimisation de portefeuille de l\u2019universite\u0301 de Kaiserslautern en Allemagne, d\u2019une Mai\u0302trise en mathe\u0301matiques financie\u0300res de la me\u0302me universite\u0301, d\u2019une Mai\u0302trise en mathe\u0301matiques applique\u0301es et en informatique de l\u2019universite\u0301 Gaston Berger de Saint-Louis du Se\u0301ne\u0301gal. Il est e\u0301galement titulaire d\u2019un diplo\u0302me de troisie\u0300me cycle du Centre international de physique the\u0301orique Professeur Abdou Salam des Nations Unies, a\u0300 Trieste, en Italie, etc.<\/p>\n<p>Avant d\u2019e\u0302tre nomme\u0301 directeur re\u0301gional et directeur exe\u0301cutif principal charge\u0301 de la couverture et de la structuration des transactions a\u0300 Trade &amp; Development Bank au Kenya, M. Diagne a occupe\u0301 le poste de directeur du Contro\u0302le de l\u2019e\u0301valuation du cre\u0301dit a\u0300 la Dresdner Bank London et au Cre\u0301dit Suisse London, celui de directeur ge\u0301ne\u0301ral re\u0301gional et responsable du groupe Corporate and Investment Banking a\u0300 Atlas Mara, Banc ABC a\u0300 Johannesburg (Afrique du Sud), tout en couvrant Zambie, le Botswana, Mozambique, la Tanzanie et Rwanda.<\/p>\n<\/div>\n<\/div>\n<div class=\"layoutArea\">\n<div class=\"column\">\n<p>Il parle couramment l\u2019anglais, franc\u0327ais, l\u2019allemand, l\u2019italien et wolof. Il est originaire de Diourbel.<\/p>\n<p><strong>GE\u0301NE\u0301RAL DE BRIGADE BIRAME DIOP (MINISTRE DES FORCES ARME\u0301ES)<\/strong><\/p>\n<p><strong>Un ancien Cemga aux manettes<\/strong><\/p>\n<\/div>\n<div class=\"column\">\u00a0Le ge\u0301ne\u0301ral de brigade Birame Diop a e\u0301te\u0301 chef d\u2019E\u0301tat-major ge\u0301ne\u0301ral des arme\u0301es (Cemga), de janvier 2020 a\u0300 mars 2021, lorsqu\u2019il a e\u0301te\u0301 admis a\u0300 faire valoir ses droits a\u0300 la retraite. Il a aussi e\u0301te\u0301 conseiller militaire du De\u0301partement des ope\u0301rations de paix (DPO). Il a une expe\u0301rience militaire riche de plus de 30 ans. Cet ancien Enfant de Troupe du Prytan\u00e9e militaire de Saint-Louis a e\u0301te\u0301 conseiller pour la se\u0301curite\u0301 nationale du pre\u0301sident du Se\u0301ne\u0301gal et chef d\u2019E\u0301tat-major de l\u2019arme\u0301e de l\u2019air. Il a aussi e\u0301te\u0301 chef adjoint puis chef des ope\u0301rations ae\u0301riennes de la Mission des Nations Unies pour la stabilisa- tion en Re\u0301publique de\u0301mocratique du Congo (Monuc), entre 2002 et 2003, et a e\u0301te\u0301 de\u0301ploye\u0301 aupre\u0300s de l\u2019ONG Partners for Democratic change, de 2009 a\u0300 2013.<\/div>\n<\/div>\n<div class=\"layoutArea\">\n<div class=\"column\">\n<div class=\"page\" title=\"Page 4\">\n<div class=\"layoutArea\">\n<div class=\"column\">\n<div class=\"page\" title=\"Page 4\">\n<div class=\"layoutArea\">\n<div class=\"column\">\n<p>Le ge\u0301ne\u0301ral Diop est diplo\u0302me\u0301 de l\u2019E\u0301cole royale de l\u2019air du Maroc, de l\u2019universite\u0301 de l\u2019air des E\u0301tats-Unis et de l\u2019E\u0301cole de guerre de la France. Il parle couramment l\u2019anglais et le franc\u0327ais.<\/p>\n<p>Il faut aussi souligner que cette nomination est bien accueillie au sein des troupes, d\u2019apre\u0300s les retours obtenus.<\/p>\n<p>En effet, l\u2019ancien Cemga avait entame\u0301 de grands chantiers au sein de la \u2018\u2019Grande muette\u2019\u2019 qui lui valent, aujourd\u2019hui, une tre\u0300s bonne presse. Il va pouvoir piloter la poursuite de la monte\u0301e en puissance de l\u2019arme\u0301e.<\/p>\n<p><strong>DR FATOU DIOUF FALL, (MINISTRE DES PE\u0302CHES, DES INFRASTRUCTURES MARITIMES ET PORTUAIRES)<\/strong><\/p>\n<p><strong>La nouvelle policie\u0300re des oce\u0301ans<\/strong><\/p>\n<p>Elle est une juriste des affaires maritimes, passionne\u0301e des transports maritimes et des activite\u0301s de la pe\u0302che. Elle enseigne, depuis 2004, a\u0300 la faculte\u0301 des Sciences juridiques et politiques de l\u2019universite\u0301 Cheikh Anta Diop de Dakar. Elle a exerce\u0301 successivement a\u0300 la Direction de la marine marchande (actuelle Anam) et a\u0300 la Direction de la protection et de la surveillance des pe\u0302ches.<\/p>\n<div class=\"page\" title=\"Page 4\">\n<div class=\"layoutArea\">\n<div class=\"column\">\n<p>Cumulativement a\u0300 ses fonctions d\u2019enseignante, elle a e\u0301te\u0301, de 2005 a\u0300 2012, conseille\u0300re technique charge\u0301e des Affaires juridiques au ministe\u0300re de l\u2019E\u0301conomie puis au ministe\u0300re de l\u2019Environnement et de la Protection de la nature. Elle est l\u2019auteure du livre \u2018\u2019Les aspects juridiques de la lutte contre la pe\u0302che illicite, non de\u0301clare\u0301e et non re\u0301glemente\u0301e au Se\u0301ne\u0301gal\u2019\u2019. Elle a aussi travaille\u0301 dans d\u2019autres secteurs et a forme\u0301 plusieurs promotions d\u2019e\u0301tudiants en Master 2 en droit de la mer et en droit des pe\u0302ches maritimes a\u0300 l\u2019Ucad comme dans d\u2019autres instituts prive\u0301s.<\/p>\n<p>Cette enseignante-chercheuse en droit de la mer est une spe\u0301cialiste de la pe\u0302che illicite dans nos co\u0302tes. La nouvelle ministre des Pe\u0302ches, des Infrastructures maritimes et portuaires dans le premier gouverne- ment du Premier ministre Ousmane Sonko doit rene\u0301gocier les licences de pe\u0302che qui, depuis des anne\u0301es, sont largement de\u0301nonce\u0301es par les pe\u0302cheurs se\u0301ne\u0301galais qui accusent les chalutiers occidentaux de faire tarir la ressource halieutique dans notre pays.<\/p>\n<p><strong>CHEIKH DIBA (MINISTRE DES FINANCES ET DU BUDGET)<\/strong><\/p>\n<p><strong>Le PSE n\u2019a pas de secret pour lui<\/strong><\/p>\n<p>Cheikh Diba est inspecteur des impo\u0302ts et des domaines. Il e\u0301tait jusque-la\u0300 le patron de la Direction de la Programmation budge\u0301taire au ministe\u0300re de l\u2019E\u0301conomie, des Finances et du Budget. Il est titulaire d\u2019un Bac scientifique. Admis a\u0300 l\u2019universite\u0301 Cheikh Anta Diop de Dakar (Ucad) et a\u0300 l\u2019E\u0301cole nationale d\u2019e\u0301conomie applique\u0301e (Enea), il y a obtenu simultane\u0301ment une Mai\u0302trise en sciences e\u0301conomiques et un diplo\u0302me d\u2019inge\u0301nieur en planification e\u0301conomique et gestion des organisations.<\/p>\n<div class=\"page\" title=\"Page 4\">\n<div class=\"layoutArea\">\n<div class=\"column\">\n<p>Monsieur Diba a, par la suite, inte\u0301gre\u0301 le programme de DEA en gestion politique e\u0301conomique de l\u2019Institut africain de de\u0301veloppement e\u0301conomique et de planification de la Commission e\u0301conomique pour l\u2019Afrique (Idep-Dakar). Son cursus acade\u0301mique a e\u0301te\u0301 comple\u0301te\u0301 a\u0300 l\u2019universite\u0301 Paris 1 Panthe\u0301on Sorbonne ou\u0300 il a se\u0301journe\u0301 pendant trois ans, a\u0300 l\u2019E\u0301cole d\u2019e\u0301conomie de la Sorbonne, dans le cadre du parcours \u2018\u2019Mode\u0301lisation statistique e\u0301conomique et financie\u0300re (MoSEF)\u2019\u2019, pro- gramme qui accorde une place tre\u0300s importante a\u0300 l\u2019apprentissage de la programmation, de la mode\u0301lisation statistique, des finances, de la data engineering, etc.<\/p>\n<p>Au plan professionnel, il vient de boucler 16 anne\u0301es d\u2019expe\u0301rience dans l\u2019environnement des finances publiques se\u0301ne\u0301galaises.<\/p>\n<p>En effet, cet inspecteur des impo\u0302ts et des domaines a travaille\u0301 comme ve\u0301rificateur au sein des unite\u0301s ope\u0301rationnelles de l\u2019Administration fiscale, puis comme re\u0301dacteur de la Direction du recouvrement ou\u0300 il assurait la centralisation des recettes et repre\u0301sentait la Direction ge\u0301ne\u0301rale au Comite\u0301 hebdomadaire de suivi des recettes.<\/p>\n<p>Il a assure\u0301 ensuite les fonctions de conseiller technique du directeur ge\u0301ne\u0301ral du Budget. A\u0300 ce titre, il a participe\u0301 activement a\u0300 l\u2019imple\u0301mentation des re\u0301formes budge\u0301taires et financie\u0300res, depuis la transposition des directives de 2009 de l\u2019UEMOA jusqu\u2019a\u0300 leur mise en \u0153uvre effective, en passant par les travaux de re\u0301organisation des services du ministe\u0300re des Finances et du Budget (MFB) pour les adapter aux nouvelles exigences du nouveau cadre harmonise\u0301 des finances publiques.<\/p>\n<p>Il a enfin e\u0301te\u0301 conseiller technique du MFB charge\u0301 du suivi de la mise en \u0153uvre des grands projets du Plan Se\u0301ne\u0301gal e\u0301mergent (PSE) et coordonnateur du Programme e\u0301conomique et financier conclu avec le Fonds mone\u0301taire international (FMI), au titre de l\u2019Instrument de coordination de la politique e\u0301conomique (ICPE).<\/p>\n<p><strong>YACINE FALL (MINISTRE DE L\u2019INTE\u0301GRATION AFRICAINE ET DES AFFAIRES E\u0301TRANGE\u0300RES)<\/strong><\/p>\n<p>Elle est la pre\u0301sidente de Def Lila Wa\u0300r, mouvement pour l\u2019inde\u0301pendance e\u0301conomique, la justice sociale et l\u2019e\u0301thique. Elle est allie\u0301e de Pastef depuis longtemps. Elle est titulaire d\u2019un Masters Degree en e\u0301conomie de Howard University et des se\u0301minaires de Ph.D (doctorat) en e\u0301conomie a\u0300 l\u2019universite\u0301 du Texas.<\/p>\n<div class=\"page\" title=\"Page 4\">\n<div class=\"layoutArea\">\n<div class=\"column\">\n<p><strong>OUSMANE DIAGNE (MINISTRE DE LA JUSTICE, GARDE DES SCEAUX)<\/strong><\/p>\n<p><strong>L\u2019orthodoxie cheville\u0301e au corps<\/strong><\/p>\n<p>Le nouveau garde des Sceaux est un te\u0301moin privile\u0301gie\u0301 des tribulations politico-judiciaires qui ont jalonne\u0301 les re\u0301gimes d\u2019Abdoulaye Wade et de Macky Sall. Il e\u0301tait jusqu\u2019ici en fonction a\u0300 la Cour supre\u0302me. Ousmane Diagne est connu comme e\u0301tant une personne inde\u0301pendante qui n\u2019a jamais he\u0301site\u0301 a\u0300 dire non a\u0300 ses supe\u0301rieurs, quand il n\u2019e\u0301tait pas convaincu. Cette intransigeance lui a valu bien des affectations.<\/p>\n<p>D\u2019ailleurs, lors d\u2019une passation de service, il re\u0301ve\u0301lait qu\u2019on lui a demande\u0301 de faire beaucoup de choses, mais qu\u2019il a toujours refuse\u0301. Soutenant qu\u2019il n\u2019a jamais e\u0301te\u0301 autre chose qu\u2019un parquetier.<\/p>\n<p>Re\u0301pute\u0301 inte\u0300gre, il a une grande expe\u0301rience des grands dossiers judiciaires. Puisqu\u2019il a longtemps e\u0301te\u0301 procureur de la Re\u0301publique avant d\u2019e\u0302tre remplace\u0301 par Serigne Bassirou Gue\u0300ye. La justice est l\u2019un des chantiers prioritaires du nouveau re\u0301gime et constitue une demande sociale pre\u0301gnante. Le nouveau garde des Sceaux a du pain sur la planche.<\/p>\n<p><strong>GE\u0301NE\u0301RAL JEAN-BAPTISTE TINE (MINISTRE DE L\u2019INTE\u0301RIEUR ET DE LA SE\u0301CURITE\u0301 PUBLIQUE)<\/strong><\/p>\n<p><strong>L\u2019expe\u0301rience au service de la Nation<\/strong><\/p>\n<p>Le ge\u0301ne\u0301ral Jean-Baptiste Tine pensait su\u0302rement terminer sa longue et riche carrie\u0300re comme ambassadeur du Se\u0301ne\u0301gal. Le Ge\u0301ne\u0301ral de corps d'arme\u0301e (2e section) e\u0301tait jusqu\u2019a\u0300 sa nomination a\u0300 la te\u0302te du ministe\u0300re de l\u2019Inte\u0301rieur, en poste en Russie. Un pays engage\u0301 dans un conflit arme\u0301 avec son voisin l\u2019Ukraine. Rompu aux me\u0301tiers des armes et ayant dirige\u0301 la gendarmerie nationale pendant deux anne\u0301es, il n\u2019est pas en terrain inconnu. Lui qui a e\u0301te\u0301 le premier ge\u0301ne\u0301ral nomme\u0301 dans la gendarmerie par le pre\u0301sident de la Re\u0301publique Macky Sall, quelques mois seule- ment apre\u0300s son accession a\u0300 la magistrature supre\u0302me. C\u2019e\u0301tait le 1er janvier 2013.<\/p>\n<p>Entre\u0301 en service le 1er septembre 1981, le ge\u0301ne\u0301ral a gravi tous les e\u0301chelons avant de tro\u0302ner a\u0300 la te\u0302te de la gendarmerie. Sous-lieutenant, de\u0300s le 1er octobre 1984, lieutenant en 1986, capitaine en 1991, chef d\u2019escadron a\u0300 partir de 1997, il a e\u0301te\u0301 nomme\u0301 lieutenant-colonel en 2003, puis colonel en 2006.<\/p>\n<p>Sa carrie\u0300re militaire durant, il s\u2019est distingue\u0301 par sa rigueur et sa haute de\u0301finition de l\u2019e\u0301thique et de l\u2019exemplarite\u0301 qu\u2019il n\u2019a eu de cesse de partager avec ses troupes. \u2018\u2019La discipline, aimait-il dire a\u0300 ses hommes, est la force principale des arme\u0301es\u2019\u2019.<\/p>\n<div class=\"page\" title=\"Page 5\">\n<div class=\"layoutArea\">\n<div class=\"column\">\n<p><strong>DR ABDOURAHMANE SARR (MINISTRE DE L\u2019E\u0301CONOMIE, DU PLAN ET DE LA COOPE\u0301RATION)<\/strong><\/p>\n<p>Il est ne\u0301 le 26 mars 1961. Il est e\u0301conomiste et a\u0300 la te\u0302te du Mouvement pour la renaissance, la liberte\u0301 et le de\u0301veloppement (MRLD)\/Moom sa Bopp, Me\u0308ne\u0308l sa Bopp, un mouvement citoyen se\u0301ne\u0301galais cre\u0301e\u0301 en 2012. Le Dr Abdourahmane Sarr dirige aussi le Centre d'e\u0301tude pour le financement du de\u0301veloppement local (CEFDEL), un think tank fonde\u0301 en 2010.<\/p>\n<p><strong>DR CHEIKH TIDIANE DIEYE (MINISTRE DE L\u2018HYDRAULIQUE ET DE L\u2019ASSAINISSEMENT)<\/strong><\/p>\n<p>Ne\u0301 en 1972 a\u0300 Ziguinchor, il est titulaire d\u2019un Doctorat en e\u0301tudes du de\u0301veloppement obtenu a\u0300 l\u2019Institut des hautes e\u0301tudes internationales et du de\u0301veloppement (IHEID) de Gene\u0300ve. Enseignant et chercheur, il dirige le Centre africain pour le commerce, l\u2019inte\u0301gration et le de\u0301veloppement. Il a e\u0301te\u0301 aussi candidat a\u0300 la dernie\u0300re Pre\u0301sidentielle sous la bannie\u0300re de la plateforme politique \"Avenir Se\u0301ne\u0301gal Bi Nu Begg\". Il est engage\u0301 politiquement depuis une vingtaine d\u2019anne\u0301es. Il a notamment fonde\u0301 et coordonne\u0301 plusieurs mouvements citoyens et plateformes politiques inde\u0301pendantes.<\/p>\n<\/div>\n<div class=\"column\">\n<p><strong>DR EL ABDOURAHMANE DIOUF (MINISTRE DE L\u2019ENSEIGNEMENT SUPE\u0301RIEUR, DE LA RECHERCHE ET DE L\u2019INNOVATION)<\/strong><\/p>\n<p>Candidat e\u0301carte\u0301 de la dernie\u0300re Pre\u0301sidentielle a\u0300 cause du parrainage, Dr El Abdourahmane Diouf est le patron du parti Awale\u0301. Ancien pre\u0301sident du Club des investisseurs du Se\u0301ne\u0301gal, il a e\u0301te\u0301, dans les anne\u0301es 2012, le directeur ge\u0301ne\u0301ral de Socie\u0301te\u0301 nationale des eaux du Se\u0301ne\u0301gal. Il a e\u0301te\u0301 aussi membre et porte-parole de Rewmi. Il est titulaire d\u2019un Doctorat en droit international e\u0301conomique de l\u2019universite\u0301 de Berne, en Suisse. Il s\u2019est distingue\u0301 dans de nombreux pays d\u2019Afrique de l\u2019Ouest et du Centre.<\/p>\n<\/div>\n<div class=\"column\">\n<p><strong>SERIGNE GUEYE DIOP (MINISTRE DE L\u2019INDUSTRIE ET DU COMMERCE)<\/strong><\/p>\n<p><strong>Le re\u0301formateur<\/strong><\/p>\n<\/div>\n<div class=\"column\">\n<p>Il est le maire de Sandiara, dans le de\u0301partement de Mbour. Ne\u0301 en 1959, on lui colle le sobriquet de \u2018\u2019meilleur maire du Se\u0301ne\u0301gal\u2019\u2019 a\u0300 cause de la transformation qu\u2019il a faite de sa commune et aussi des transformations socioe\u0301conomiques qui lui ont valu diverses distinctions. Il est inge\u0301nieur agronome et chercheur de formation. Il est docteur e\u0300s qualite\u0301s en biochimie et sciences et technologies alimentaires, et auteur de brevets d\u2019invention dans le domaine de l\u2019agroalimentaire de\u0301pose\u0301s dans une cinquantaine de pays dans le monde.<\/p>\n<p>Il a e\u0301te\u0301 le directeur ge\u0301ne\u0301ral du Centre de recherche et de de\u0301veloppe- ment Afrique et Moyen-Orient de Nestle\u0301. Il a e\u0301te\u0301 aussi candidat mal- heureux a\u0300 la dernie\u0300re Pre\u0301sidentielle, puisqu\u2019il n\u2019a pas franchi l\u2019e\u0301tape des parrainages.<\/p>\n<p><strong>MOUSTAPHA M. GUIRASSY, (MINISTRE DE L\u2019E\u0301DUCATION NATIONALE)<\/strong><\/p>\n<p><strong>L\u2019ombre de Diomaye<\/strong><\/p>\n<p>Lui, il n\u2019est pas en terrain inconnu, car ayant ministre sous Wade et fondateur de l\u2019Institut africain de management (IAM). Directeur de campagne de la coalition DiomayePre\u0301sident, lors de la dernie\u0300re Pre\u0301sidentielle, Moustapha Guirassy a e\u0301te\u0301 la cheville ouvrie\u0300re de la rocambolesque campagne e\u0301lectorale du candidat victorieux.<\/p>\n<div class=\"page\" title=\"Page 5\">\n<div class=\"layoutArea\">\n<div class=\"column\">\n<p>Ne\u0301 a\u0300 Dakar le 12 fe\u0301vrier 1965, Guirassy traine une longue carrie\u0300re politique, pour avoir e\u0301te\u0301 ministre, de\u0301pute\u0301 et maire de Ke\u0301dougou.<\/p>\n<p>Dans le gouvernement forme\u0301 par Souleymane Nde\u0301ne\u0301 Ndiaye, le 1er fe\u0301vrier 2009, il avait e\u0301te\u0301 nomme\u0301 ministre de la Communication, des Te\u0301le\u0301communications et des Tic, et porte-parole du gouvernement.<\/p>\n<p>E\u0301galement, entre 2009 et 2014, il a e\u0301te\u0301 maire de Ke\u0301dougou.<\/p>\n<p>Aujourd\u2019hui, il he\u0301rite d\u2019un portefeuille d\u2019envergure. Dans un secteur de l\u2019e\u0301ducation ou\u0300 tout reste a\u0300 repenser, il aura besoin de toute son expe\u0301rience pour mener les re\u0301formes attendues.<\/p>\n<\/div>\n<\/div>\n<\/div>\n<\/div>\n<\/div>\n<\/div>\n<\/div>\n<\/div>\n<\/div>\n<\/div>\n<\/div>\n<\/div>\n<\/div>\n<\/div>\n<\/div>\n<\/div>\n<\/div>\n<\/div>\n<\/div>\n<\/div>\n<\/div>\n<\/div>\n<\/div>\n<\/div>\n<div class='share-to-whatsapp-wrapper'><div class='share-on-whsp'>PARTAGER SUR : <\/div><a data-text='GOUVERNEMENT DE SONKO 1  - Ces douze ministres qui ne sont pas issus de Pastef' data-link='https:\/\/www.nettali.com\/2024\/04\/06\/gouvernement-de-sonko-1-ces-douze-ministres-qui-ne-sont-pas-issus-de-pastef\/' class='whatsapp-button whatsapp-share'>WhatsApp<\/a><div class='clear '><\/div><\/div>","protected":false},"excerpt":{"rendered":"<p>NETTALI.COM - Le premier gouvernement du pre\u0301sident Diomaye Faye propose\u0301 par le Premier ministre Ousmane Sonko sera compose\u0301 de 25 ministres et de cinq secre\u0301taires d\u2019E\u0301tat. Parmi les ministres, 12 ne sont pas issus de Pastef. Pre\u0301sentation. A pre\u0300s une attente de plusieurs jours, le Premier ministre Ousmane Sonko a publie\u0301, le vendredi 5 avril, [&hellip;]<\/p>\n","protected":false},"author":2,"featured_media":131260,"comment_status":"open","ping_status":"open","sticky":false,"template":"","format":"standard","meta":{"_et_pb_use_builder":"","_et_pb_old_content":""},"categories":[2],"tags":[],"yoast_head":"<!-- This site is optimized with the Yoast SEO Premium plugin v17.8 (Yoast SEO v17.8) - https:\/\/yoast.com\/wordpress\/plugins\/seo\/ -->\n<title>GOUVERNEMENT DE SONKO 1 - Ces douze ministres qui ne sont pas issus de Pastef | Nettali.com<\/title>\n<meta name=\"robots\" content=\"index, follow, max-snippet:-1, max-image-preview:large, max-video-preview:-1\" \/>\n<link rel=\"canonical\" href=\"https:\/\/www.nettali.com\/2024\/04\/06\/gouvernement-de-sonko-1-ces-douze-ministres-qui-ne-sont-pas-issus-de-pastef\/\" \/>\n<meta property=\"og:locale\" content=\"fr_FR\" \/>\n<meta property=\"og:type\" content=\"article\" \/>\n<meta property=\"og:title\" content=\"GOUVERNEMENT DE SONKO 1 - Ces douze ministres qui ne sont pas issus de Pastef\" \/>\n<meta property=\"og:description\" content=\"NETTALI.COM - Le premier gouvernement du pre\u0301sident Diomaye Faye propose\u0301 par le Premier ministre Ousmane Sonko sera compose\u0301 de 25 ministres et de cinq secre\u0301taires d\u2019E\u0301tat. Parmi les ministres, 12 ne sont pas issus de Pastef. Pre\u0301sentation. A pre\u0300s une attente de plusieurs jours, le Premier ministre Ousmane Sonko a publie\u0301, le vendredi 5 avril, [&hellip;]\" \/>\n<meta property=\"og:url\" content=\"https:\/\/www.nettali.com\/2024\/04\/06\/gouvernement-de-sonko-1-ces-douze-ministres-qui-ne-sont-pas-issus-de-pastef\/\" \/>\n<meta property=\"og:site_name\" content=\"Nettali.com\" \/>\n<meta property=\"article:publisher\" content=\"https:\/\/www.facebook.com\/nettalicom\" \/>\n<meta property=\"article:published_time\" content=\"2024-04-06T06:49:04+00:00\" \/>\n<meta property=\"og:image\" content=\"https:\/\/www.nettali.com\/wp-content\/uploads\/2024\/04\/Sonko.jpeg\" \/>\n\t<meta property=\"og:image:width\" content=\"720\" \/>\n\t<meta property=\"og:image:height\" content=\"540\" \/>\n<meta name=\"twitter:card\" content=\"summary_large_image\" \/>\n<meta name=\"twitter:label1\" content=\"\u00c9crit par\" \/>\n\t<meta name=\"twitter:data1\" content=\"CK\" \/>\n\t<meta name=\"twitter:label2\" content=\"Dur\u00e9e de lecture estim\u00e9e\" \/>\n\t<meta name=\"twitter:data2\" content=\"12 minutes\" \/>\n<script type=\"application\/ld+json\" class=\"yoast-schema-graph\">{\"@context\":\"https:\/\/schema.org\",\"@graph\":[{\"@type\":\"WebSite\",\"@id\":\"https:\/\/www.nettali.com\/#website\",\"url\":\"https:\/\/www.nettali.com\/\",\"name\":\"Nettali.com\",\"description\":\"Le rendez-vous critique du Net\",\"potentialAction\":[{\"@type\":\"SearchAction\",\"target\":{\"@type\":\"EntryPoint\",\"urlTemplate\":\"https:\/\/www.nettali.com\/?s={search_term_string}\"},\"query-input\":\"required name=search_term_string\"}],\"inLanguage\":\"fr-FR\"},{\"@type\":\"ImageObject\",\"@id\":\"https:\/\/www.nettali.com\/2024\/04\/06\/gouvernement-de-sonko-1-ces-douze-ministres-qui-ne-sont-pas-issus-de-pastef\/#primaryimage\",\"inLanguage\":\"fr-FR\",\"url\":\"https:\/\/www.nettali.com\/wp-content\/uploads\/2024\/04\/Sonko.jpeg\",\"contentUrl\":\"https:\/\/www.nettali.com\/wp-content\/uploads\/2024\/04\/Sonko.jpeg\",\"width\":720,\"height\":540},{\"@type\":\"WebPage\",\"@id\":\"https:\/\/www.nettali.com\/2024\/04\/06\/gouvernement-de-sonko-1-ces-douze-ministres-qui-ne-sont-pas-issus-de-pastef\/#webpage\",\"url\":\"https:\/\/www.nettali.com\/2024\/04\/06\/gouvernement-de-sonko-1-ces-douze-ministres-qui-ne-sont-pas-issus-de-pastef\/\",\"name\":\"GOUVERNEMENT DE SONKO 1 - Ces douze ministres qui ne sont pas issus de Pastef | Nettali.com\",\"isPartOf\":{\"@id\":\"https:\/\/www.nettali.com\/#website\"},\"primaryImageOfPage\":{\"@id\":\"https:\/\/www.nettali.com\/2024\/04\/06\/gouvernement-de-sonko-1-ces-douze-ministres-qui-ne-sont-pas-issus-de-pastef\/#primaryimage\"},\"datePublished\":\"2024-04-06T06:49:04+00:00\",\"dateModified\":\"2024-04-06T06:49:04+00:00\",\"author\":{\"@id\":\"https:\/\/www.nettali.com\/#\/schema\/person\/d8ac7b7e27ddad43f1c0d2ef090d7f71\"},\"breadcrumb\":{\"@id\":\"https:\/\/www.nettali.com\/2024\/04\/06\/gouvernement-de-sonko-1-ces-douze-ministres-qui-ne-sont-pas-issus-de-pastef\/#breadcrumb\"},\"inLanguage\":\"fr-FR\",\"potentialAction\":[{\"@type\":\"ReadAction\",\"target\":[\"https:\/\/www.nettali.com\/2024\/04\/06\/gouvernement-de-sonko-1-ces-douze-ministres-qui-ne-sont-pas-issus-de-pastef\/\"]}]},{\"@type\":\"BreadcrumbList\",\"@id\":\"https:\/\/www.nettali.com\/2024\/04\/06\/gouvernement-de-sonko-1-ces-douze-ministres-qui-ne-sont-pas-issus-de-pastef\/#breadcrumb\",\"itemListElement\":[{\"@type\":\"ListItem\",\"position\":1,\"name\":\"Accueil\",\"item\":\"https:\/\/www.nettali.com\/\"},{\"@type\":\"ListItem\",\"position\":2,\"name\":\"GOUVERNEMENT DE SONKO 1 - Ces douze ministres qui ne sont pas issus de Pastef\"}]},{\"@type\":\"Person\",\"@id\":\"https:\/\/www.nettali.com\/#\/schema\/person\/d8ac7b7e27ddad43f1c0d2ef090d7f71\",\"name\":\"CK\",\"image\":{\"@type\":\"ImageObject\",\"@id\":\"https:\/\/www.nettali.com\/#personlogo\",\"inLanguage\":\"fr-FR\",\"url\":\"https:\/\/secure.gravatar.com\/avatar\/1d8d5118b9327d94da7cd4ce7f17fec2?s=96&d=mm&r=g\",\"contentUrl\":\"https:\/\/secure.gravatar.com\/avatar\/1d8d5118b9327d94da7cd4ce7f17fec2?s=96&d=mm&r=g\",\"caption\":\"CK\"},\"sameAs\":[\"https:\/\/www.nettali.com\"]}]}<\/script>\n<!-- \/ Yoast SEO Premium plugin. -->","yoast_head_json":{"title":"GOUVERNEMENT DE SONKO 1 - Ces douze ministres qui ne sont pas issus de Pastef | Nettali.com","robots":{"index":"index","follow":"follow","max-snippet":"max-snippet:-1","max-image-preview":"max-image-preview:large","max-video-preview":"max-video-preview:-1"},"canonical":"https:\/\/www.nettali.com\/2024\/04\/06\/gouvernement-de-sonko-1-ces-douze-ministres-qui-ne-sont-pas-issus-de-pastef\/","og_locale":"fr_FR","og_type":"article","og_title":"GOUVERNEMENT DE SONKO 1 - Ces douze ministres qui ne sont pas issus de Pastef","og_description":"NETTALI.COM - Le premier gouvernement du pre\u0301sident Diomaye Faye propose\u0301 par le Premier ministre Ousmane Sonko sera compose\u0301 de 25 ministres et de cinq secre\u0301taires d\u2019E\u0301tat. Parmi les ministres, 12 ne sont pas issus de Pastef. Pre\u0301sentation. A pre\u0300s une attente de plusieurs jours, le Premier ministre Ousmane Sonko a publie\u0301, le vendredi 5 avril, [&hellip;]","og_url":"https:\/\/www.nettali.com\/2024\/04\/06\/gouvernement-de-sonko-1-ces-douze-ministres-qui-ne-sont-pas-issus-de-pastef\/","og_site_name":"Nettali.com","article_publisher":"https:\/\/www.facebook.com\/nettalicom","article_published_time":"2024-04-06T06:49:04+00:00","og_image":[{"width":720,"height":540,"url":"https:\/\/www.nettali.com\/wp-content\/uploads\/2024\/04\/Sonko.jpeg","type":"image\/jpeg"}],"twitter_card":"summary_large_image","twitter_misc":{"\u00c9crit par":"CK","Dur\u00e9e de lecture estim\u00e9e":"12 minutes"},"schema":{"@context":"https:\/\/schema.org","@graph":[{"@type":"WebSite","@id":"https:\/\/www.nettali.com\/#website","url":"https:\/\/www.nettali.com\/","name":"Nettali.com","description":"Le rendez-vous critique du Net","potentialAction":[{"@type":"SearchAction","target":{"@type":"EntryPoint","urlTemplate":"https:\/\/www.nettali.com\/?s={search_term_string}"},"query-input":"required name=search_term_string"}],"inLanguage":"fr-FR"},{"@type":"ImageObject","@id":"https:\/\/www.nettali.com\/2024\/04\/06\/gouvernement-de-sonko-1-ces-douze-ministres-qui-ne-sont-pas-issus-de-pastef\/#primaryimage","inLanguage":"fr-FR","url":"https:\/\/www.nettali.com\/wp-content\/uploads\/2024\/04\/Sonko.jpeg","contentUrl":"https:\/\/www.nettali.com\/wp-content\/uploads\/2024\/04\/Sonko.jpeg","width":720,"height":540},{"@type":"WebPage","@id":"https:\/\/www.nettali.com\/2024\/04\/06\/gouvernement-de-sonko-1-ces-douze-ministres-qui-ne-sont-pas-issus-de-pastef\/#webpage","url":"https:\/\/www.nettali.com\/2024\/04\/06\/gouvernement-de-sonko-1-ces-douze-ministres-qui-ne-sont-pas-issus-de-pastef\/","name":"GOUVERNEMENT DE SONKO 1 - Ces douze ministres qui ne sont pas issus de Pastef | Nettali.com","isPartOf":{"@id":"https:\/\/www.nettali.com\/#website"},"primaryImageOfPage":{"@id":"https:\/\/www.nettali.com\/2024\/04\/06\/gouvernement-de-sonko-1-ces-douze-ministres-qui-ne-sont-pas-issus-de-pastef\/#primaryimage"},"datePublished":"2024-04-06T06:49:04+00:00","dateModified":"2024-04-06T06:49:04+00:00","author":{"@id":"https:\/\/www.nettali.com\/#\/schema\/person\/d8ac7b7e27ddad43f1c0d2ef090d7f71"},"breadcrumb":{"@id":"https:\/\/www.nettali.com\/2024\/04\/06\/gouvernement-de-sonko-1-ces-douze-ministres-qui-ne-sont-pas-issus-de-pastef\/#breadcrumb"},"inLanguage":"fr-FR","potentialAction":[{"@type":"ReadAction","target":["https:\/\/www.nettali.com\/2024\/04\/06\/gouvernement-de-sonko-1-ces-douze-ministres-qui-ne-sont-pas-issus-de-pastef\/"]}]},{"@type":"BreadcrumbList","@id":"https:\/\/www.nettali.com\/2024\/04\/06\/gouvernement-de-sonko-1-ces-douze-ministres-qui-ne-sont-pas-issus-de-pastef\/#breadcrumb","itemListElement":[{"@type":"ListItem","position":1,"name":"Accueil","item":"https:\/\/www.nettali.com\/"},{"@type":"ListItem","position":2,"name":"GOUVERNEMENT DE SONKO 1 - Ces douze ministres qui ne sont pas issus de Pastef"}]},{"@type":"Person","@id":"https:\/\/www.nettali.com\/#\/schema\/person\/d8ac7b7e27ddad43f1c0d2ef090d7f71","name":"CK","image":{"@type":"ImageObject","@id":"https:\/\/www.nettali.com\/#personlogo","inLanguage":"fr-FR","url":"https:\/\/secure.gravatar.com\/avatar\/1d8d5118b9327d94da7cd4ce7f17fec2?s=96&d=mm&r=g","contentUrl":"https:\/\/secure.gravatar.com\/avatar\/1d8d5118b9327d94da7cd4ce7f17fec2?s=96&d=mm&r=g","caption":"CK"},"sameAs":["https:\/\/www.nettali.com"]}]}},"_links":{"self":[{"href":"https:\/\/www.nettali.com\/rest\/wp\/v2\/posts\/131291"}],"collection":[{"href":"https:\/\/www.nettali.com\/rest\/wp\/v2\/posts"}],"about":[{"href":"https:\/\/www.nettali.com\/rest\/wp\/v2\/types\/post"}],"author":[{"embeddable":true,"href":"https:\/\/www.nettali.com\/rest\/wp\/v2\/users\/2"}],"replies":[{"embeddable":true,"href":"https:\/\/www.nettali.com\/rest\/wp\/v2\/comments?post=131291"}],"version-history":[{"count":1,"href":"https:\/\/www.nettali.com\/rest\/wp\/v2\/posts\/131291\/revisions"}],"predecessor-version":[{"id":131294,"href":"https:\/\/www.nettali.com\/rest\/wp\/v2\/posts\/131291\/revisions\/131294"}],"wp:featuredmedia":[{"embeddable":true,"href":"https:\/\/www.nettali.com\/rest\/wp\/v2\/media\/131260"}],"wp:attachment":[{"href":"https:\/\/www.nettali.com\/rest\/wp\/v2\/media?parent=131291"}],"wp:term":[{"taxonomy":"category","embeddable":true,"href":"https:\/\/www.nettali.com\/rest\/wp\/v2\/categories?post=131291"},{"taxonomy":"post_tag","embeddable":true,"href":"https:\/\/www.nettali.com\/rest\/wp\/v2\/tags?post=131291"}],"curies":[{"name":"wp","href":"https:\/\/api.w.org\/{rel}","templated":true}]}}