{"id":131102,"date":"2024-04-03T20:43:18","date_gmt":"2024-04-03T20:43:18","guid":{"rendered":"https:\/\/www.nettali.com\/?p=131102"},"modified":"2024-04-03T20:43:18","modified_gmt":"2024-04-03T20:43:18","slug":"discours-bassirou-diomaye-faye-sengage-a-preserver-le-vivre-ensemble-senegalais","status":"publish","type":"post","link":"https:\/\/www.nettali.com\/2024\/04\/03\/discours-bassirou-diomaye-faye-sengage-a-preserver-le-vivre-ensemble-senegalais\/","title":{"rendered":"DISCOURS - Bassirou Diomaye Faye s\u2019engage \u00e0 pr\u00e9server le vivre ensemble s\u00e9n\u00e9galais"},"content":{"rendered":"<p class=\"yiv4438889826ydp6636fa00MsoNormal\">NETTALI.COM - Le chef de l\u2019Etat a fait part mercredi soir de sa d\u00e9termination \u00e0 pr\u00e9server le vivre ensemble s\u00e9n\u00e9galais.<\/p>\n<p class=\"yiv4438889826ydp6636fa00MsoNormal\"><em>\u201dEn tant que chef supr\u00eame des arm\u00e9es, et garant de l\u2019unit\u00e9 nationale, je suis d\u00e9termin\u00e9 \u00e0 pr\u00e9server notre vivre ensemble h\u00e9rit\u00e9 de nos anc\u00eatres\u2019\u2019<\/em>, a-t-il d\u00e9clar\u00e9 lors de son adresse \u00e0 la nation \u00e0 la veille de la c\u00e9l\u00e9bration de la f\u00eate du 4 avril.<\/p>\n<p class=\"yiv4438889826ydp6636fa00MsoNormal\">\u201dNous n\u2019avons qu\u2019une seule patrie : le S\u00e9n\u00e9gal, notre abri commun, que nous aimons tous, qui ne commence pas par nous, et ne finit pas avec nous\u2019\u2019, a lanc\u00e9 le nouveau chef de l\u2019Etat.<\/p>\n<p class=\"yiv4438889826ydp6636fa00MsoNormal\">Il n\u2019a pas manqu\u00e9 d\u2019\u00e9voquer la m\u00e9moire des \u2018\u2019vaillants r\u00e9sistants, h\u00e9ros c\u00e9l\u00e8bres ou m\u00e9connus, qui, se donnant corps et \u00e2me, ont d\u00e9fi\u00e9 l\u2019odieux syst\u00e8me colonial et sa pr\u00e9tendue mission civilisatrice, pour d\u00e9fendre la libert\u00e9 de notre peuple et ses valeurs de culture et de civilisation\u2019\u2019.<\/p>\n<p class=\"yiv4438889826ydp6636fa00MsoNormal\">\u201dJe voudrais \u00e9galement saluer avec respect et affection nos anciens combattants, qui ont sacrifi\u00e9 leur jeunesse loin de leurs familles, au prix de leur vie et de leur libert\u00e9\u2019\u2019, a jout\u00e9 Bassirou Diomaye Faye.<\/p>\n<p class=\"yiv4438889826ydp6636fa00MsoNormal\">Le pr\u00e9sident Faye a \u00e9galement rendu un \u2018\u2019vibrant hommage\u2019\u2019 \u00e0 ses pr\u00e9d\u00e9cesseurs, les pr\u00e9sidents Senghor, Diouf, Wade et Sall, qui, chacun, a apport\u00e9 sa pierre \u00e0 l\u2019\u0153uvre de construction nationale.<\/p>\n<p class=\"yiv4438889826ydp6636fa00MsoNormal\">\u201dC\u2019est sur la base de ce legs que je veux poursuivre avec vous notre qu\u00eate collective du S\u00e9n\u00e9gal de nos r\u00eaves\u2019\u2019, a assur\u00e9 Bassirou Diomaye Faye entr\u00e9 en fonction, mardi.<\/p>\n<div class='share-to-whatsapp-wrapper'><div class='share-on-whsp'>PARTAGER SUR : <\/div><a data-text='DISCOURS - Bassirou Diomaye Faye s\u2019engage \u00e0 pr\u00e9server le vivre ensemble s\u00e9n\u00e9galais' data-link='https:\/\/www.nettali.com\/2024\/04\/03\/discours-bassirou-diomaye-faye-sengage-a-preserver-le-vivre-ensemble-senegalais\/' class='whatsapp-button whatsapp-share'>WhatsApp<\/a><div class='clear '><\/div><\/div>","protected":false},"excerpt":{"rendered":"<p>NETTALI.COM - Le chef de l\u2019Etat a fait part mercredi soir de sa d\u00e9termination \u00e0 pr\u00e9server le vivre ensemble s\u00e9n\u00e9galais. \u201dEn tant que chef supr\u00eame des arm\u00e9es, et garant de l\u2019unit\u00e9 nationale, je suis d\u00e9termin\u00e9 \u00e0 pr\u00e9server notre vivre ensemble h\u00e9rit\u00e9 de nos anc\u00eatres\u2019\u2019, a-t-il d\u00e9clar\u00e9 lors de son adresse \u00e0 la nation \u00e0 la [&hellip;]<\/p>\n","protected":false},"author":4,"featured_media":131103,"comment_status":"open","ping_status":"open","sticky":false,"template":"","format":"standard","meta":{"_et_pb_use_builder":"","_et_pb_old_content":""},"categories":[2],"tags":[],"yoast_head":"<!-- This site is optimized with the Yoast SEO Premium plugin v17.8 (Yoast SEO v17.8) - https:\/\/yoast.com\/wordpress\/plugins\/seo\/ -->\n<title>DISCOURS - Bassirou Diomaye Faye s\u2019engage \u00e0 pr\u00e9server le vivre ensemble s\u00e9n\u00e9galais | Nettali.com<\/title>\n<meta name=\"robots\" content=\"index, follow, max-snippet:-1, max-image-preview:large, max-video-preview:-1\" \/>\n<link rel=\"canonical\" href=\"https:\/\/www.nettali.com\/2024\/04\/03\/discours-bassirou-diomaye-faye-sengage-a-preserver-le-vivre-ensemble-senegalais\/\" \/>\n<meta property=\"og:locale\" content=\"fr_FR\" \/>\n<meta property=\"og:type\" content=\"article\" \/>\n<meta property=\"og:title\" content=\"DISCOURS - Bassirou Diomaye Faye s\u2019engage \u00e0 pr\u00e9server le vivre ensemble s\u00e9n\u00e9galais\" \/>\n<meta property=\"og:description\" content=\"NETTALI.COM - Le chef de l\u2019Etat a fait part mercredi soir de sa d\u00e9termination \u00e0 pr\u00e9server le vivre ensemble s\u00e9n\u00e9galais. \u201dEn tant que chef supr\u00eame des arm\u00e9es, et garant de l\u2019unit\u00e9 nationale, je suis d\u00e9termin\u00e9 \u00e0 pr\u00e9server notre vivre ensemble h\u00e9rit\u00e9 de nos anc\u00eatres\u2019\u2019, a-t-il d\u00e9clar\u00e9 lors de son adresse \u00e0 la nation \u00e0 la [&hellip;]\" \/>\n<meta property=\"og:url\" content=\"https:\/\/www.nettali.com\/2024\/04\/03\/discours-bassirou-diomaye-faye-sengage-a-preserver-le-vivre-ensemble-senegalais\/\" \/>\n<meta property=\"og:site_name\" content=\"Nettali.com\" \/>\n<meta property=\"article:publisher\" content=\"https:\/\/www.facebook.com\/nettalicom\" \/>\n<meta property=\"article:published_time\" content=\"2024-04-03T20:43:18+00:00\" \/>\n<meta property=\"og:image\" content=\"https:\/\/www.nettali.com\/wp-content\/uploads\/2024\/04\/Capture-de\u0301cran-2024-04-03-a\u0300-20.42.31.png\" \/>\n\t<meta property=\"og:image:width\" content=\"576\" \/>\n\t<meta property=\"og:image:height\" content=\"446\" \/>\n<meta name=\"twitter:card\" content=\"summary_large_image\" \/>\n<meta name=\"twitter:label1\" content=\"\u00c9crit par\" \/>\n\t<meta name=\"twitter:data1\" content=\"Daouda\" \/>\n\t<meta name=\"twitter:label2\" content=\"Dur\u00e9e de lecture estim\u00e9e\" \/>\n\t<meta name=\"twitter:data2\" content=\"2 minutes\" \/>\n<script type=\"application\/ld+json\" class=\"yoast-schema-graph\">{\"@context\":\"https:\/\/schema.org\",\"@graph\":[{\"@type\":\"WebSite\",\"@id\":\"https:\/\/www.nettali.com\/#website\",\"url\":\"https:\/\/www.nettali.com\/\",\"name\":\"Nettali.com\",\"description\":\"Le rendez-vous critique du Net\",\"potentialAction\":[{\"@type\":\"SearchAction\",\"target\":{\"@type\":\"EntryPoint\",\"urlTemplate\":\"https:\/\/www.nettali.com\/?s={search_term_string}\"},\"query-input\":\"required name=search_term_string\"}],\"inLanguage\":\"fr-FR\"},{\"@type\":\"ImageObject\",\"@id\":\"https:\/\/www.nettali.com\/2024\/04\/03\/discours-bassirou-diomaye-faye-sengage-a-preserver-le-vivre-ensemble-senegalais\/#primaryimage\",\"inLanguage\":\"fr-FR\",\"url\":\"https:\/\/www.nettali.com\/wp-content\/uploads\/2024\/04\/Capture-de\\u0301cran-2024-04-03-a\\u0300-20.42.31.png\",\"contentUrl\":\"https:\/\/www.nettali.com\/wp-content\/uploads\/2024\/04\/Capture-de\\u0301cran-2024-04-03-a\\u0300-20.42.31.png\",\"width\":576,\"height\":446},{\"@type\":\"WebPage\",\"@id\":\"https:\/\/www.nettali.com\/2024\/04\/03\/discours-bassirou-diomaye-faye-sengage-a-preserver-le-vivre-ensemble-senegalais\/#webpage\",\"url\":\"https:\/\/www.nettali.com\/2024\/04\/03\/discours-bassirou-diomaye-faye-sengage-a-preserver-le-vivre-ensemble-senegalais\/\",\"name\":\"DISCOURS - Bassirou Diomaye Faye s\\u2019engage \\u00e0 pr\\u00e9server le vivre ensemble s\\u00e9n\\u00e9galais | Nettali.com\",\"isPartOf\":{\"@id\":\"https:\/\/www.nettali.com\/#website\"},\"primaryImageOfPage\":{\"@id\":\"https:\/\/www.nettali.com\/2024\/04\/03\/discours-bassirou-diomaye-faye-sengage-a-preserver-le-vivre-ensemble-senegalais\/#primaryimage\"},\"datePublished\":\"2024-04-03T20:43:18+00:00\",\"dateModified\":\"2024-04-03T20:43:18+00:00\",\"author\":{\"@id\":\"https:\/\/www.nettali.com\/#\/schema\/person\/3317e0bb3aa1da309fbf7b2780901bf4\"},\"breadcrumb\":{\"@id\":\"https:\/\/www.nettali.com\/2024\/04\/03\/discours-bassirou-diomaye-faye-sengage-a-preserver-le-vivre-ensemble-senegalais\/#breadcrumb\"},\"inLanguage\":\"fr-FR\",\"potentialAction\":[{\"@type\":\"ReadAction\",\"target\":[\"https:\/\/www.nettali.com\/2024\/04\/03\/discours-bassirou-diomaye-faye-sengage-a-preserver-le-vivre-ensemble-senegalais\/\"]}]},{\"@type\":\"BreadcrumbList\",\"@id\":\"https:\/\/www.nettali.com\/2024\/04\/03\/discours-bassirou-diomaye-faye-sengage-a-preserver-le-vivre-ensemble-senegalais\/#breadcrumb\",\"itemListElement\":[{\"@type\":\"ListItem\",\"position\":1,\"name\":\"Accueil\",\"item\":\"https:\/\/www.nettali.com\/\"},{\"@type\":\"ListItem\",\"position\":2,\"name\":\"DISCOURS - Bassirou Diomaye Faye s\\u2019engage \\u00e0 pr\\u00e9server le vivre ensemble s\\u00e9n\\u00e9galais\"}]},{\"@type\":\"Person\",\"@id\":\"https:\/\/www.nettali.com\/#\/schema\/person\/3317e0bb3aa1da309fbf7b2780901bf4\",\"name\":\"Daouda\",\"image\":{\"@type\":\"ImageObject\",\"@id\":\"https:\/\/www.nettali.com\/#personlogo\",\"inLanguage\":\"fr-FR\",\"url\":\"https:\/\/secure.gravatar.com\/avatar\/8d143b5a49345098ddcfee1c49c2f47c?s=96&d=mm&r=g\",\"contentUrl\":\"https:\/\/secure.gravatar.com\/avatar\/8d143b5a49345098ddcfee1c49c2f47c?s=96&d=mm&r=g\",\"caption\":\"Daouda\"},\"sameAs\":[\"https:\/\/www.nettali.com\"]}]}<\/script>\n<!-- \/ Yoast SEO Premium plugin. -->","yoast_head_json":{"title":"DISCOURS - Bassirou Diomaye Faye s\u2019engage \u00e0 pr\u00e9server le vivre ensemble s\u00e9n\u00e9galais | Nettali.com","robots":{"index":"index","follow":"follow","max-snippet":"max-snippet:-1","max-image-preview":"max-image-preview:large","max-video-preview":"max-video-preview:-1"},"canonical":"https:\/\/www.nettali.com\/2024\/04\/03\/discours-bassirou-diomaye-faye-sengage-a-preserver-le-vivre-ensemble-senegalais\/","og_locale":"fr_FR","og_type":"article","og_title":"DISCOURS - Bassirou Diomaye Faye s\u2019engage \u00e0 pr\u00e9server le vivre ensemble s\u00e9n\u00e9galais","og_description":"NETTALI.COM - Le chef de l\u2019Etat a fait part mercredi soir de sa d\u00e9termination \u00e0 pr\u00e9server le vivre ensemble s\u00e9n\u00e9galais. \u201dEn tant que chef supr\u00eame des arm\u00e9es, et garant de l\u2019unit\u00e9 nationale, je suis d\u00e9termin\u00e9 \u00e0 pr\u00e9server notre vivre ensemble h\u00e9rit\u00e9 de nos anc\u00eatres\u2019\u2019, a-t-il d\u00e9clar\u00e9 lors de son adresse \u00e0 la nation \u00e0 la [&hellip;]","og_url":"https:\/\/www.nettali.com\/2024\/04\/03\/discours-bassirou-diomaye-faye-sengage-a-preserver-le-vivre-ensemble-senegalais\/","og_site_name":"Nettali.com","article_publisher":"https:\/\/www.facebook.com\/nettalicom","article_published_time":"2024-04-03T20:43:18+00:00","og_image":[{"width":576,"height":446,"url":"https:\/\/www.nettali.com\/wp-content\/uploads\/2024\/04\/Capture-de\u0301cran-2024-04-03-a\u0300-20.42.31.png","type":"image\/png"}],"twitter_card":"summary_large_image","twitter_misc":{"\u00c9crit par":"Daouda","Dur\u00e9e de lecture estim\u00e9e":"2 minutes"},"schema":{"@context":"https:\/\/schema.org","@graph":[{"@type":"WebSite","@id":"https:\/\/www.nettali.com\/#website","url":"https:\/\/www.nettali.com\/","name":"Nettali.com","description":"Le rendez-vous critique du Net","potentialAction":[{"@type":"SearchAction","target":{"@type":"EntryPoint","urlTemplate":"https:\/\/www.nettali.com\/?s={search_term_string}"},"query-input":"required name=search_term_string"}],"inLanguage":"fr-FR"},{"@type":"ImageObject","@id":"https:\/\/www.nettali.com\/2024\/04\/03\/discours-bassirou-diomaye-faye-sengage-a-preserver-le-vivre-ensemble-senegalais\/#primaryimage","inLanguage":"fr-FR","url":"https:\/\/www.nettali.com\/wp-content\/uploads\/2024\/04\/Capture-de\u0301cran-2024-04-03-a\u0300-20.42.31.png","contentUrl":"https:\/\/www.nettali.com\/wp-content\/uploads\/2024\/04\/Capture-de\u0301cran-2024-04-03-a\u0300-20.42.31.png","width":576,"height":446},{"@type":"WebPage","@id":"https:\/\/www.nettali.com\/2024\/04\/03\/discours-bassirou-diomaye-faye-sengage-a-preserver-le-vivre-ensemble-senegalais\/#webpage","url":"https:\/\/www.nettali.com\/2024\/04\/03\/discours-bassirou-diomaye-faye-sengage-a-preserver-le-vivre-ensemble-senegalais\/","name":"DISCOURS - Bassirou Diomaye Faye s\u2019engage \u00e0 pr\u00e9server le vivre ensemble s\u00e9n\u00e9galais | Nettali.com","isPartOf":{"@id":"https:\/\/www.nettali.com\/#website"},"primaryImageOfPage":{"@id":"https:\/\/www.nettali.com\/2024\/04\/03\/discours-bassirou-diomaye-faye-sengage-a-preserver-le-vivre-ensemble-senegalais\/#primaryimage"},"datePublished":"2024-04-03T20:43:18+00:00","dateModified":"2024-04-03T20:43:18+00:00","author":{"@id":"https:\/\/www.nettali.com\/#\/schema\/person\/3317e0bb3aa1da309fbf7b2780901bf4"},"breadcrumb":{"@id":"https:\/\/www.nettali.com\/2024\/04\/03\/discours-bassirou-diomaye-faye-sengage-a-preserver-le-vivre-ensemble-senegalais\/#breadcrumb"},"inLanguage":"fr-FR","potentialAction":[{"@type":"ReadAction","target":["https:\/\/www.nettali.com\/2024\/04\/03\/discours-bassirou-diomaye-faye-sengage-a-preserver-le-vivre-ensemble-senegalais\/"]}]},{"@type":"BreadcrumbList","@id":"https:\/\/www.nettali.com\/2024\/04\/03\/discours-bassirou-diomaye-faye-sengage-a-preserver-le-vivre-ensemble-senegalais\/#breadcrumb","itemListElement":[{"@type":"ListItem","position":1,"name":"Accueil","item":"https:\/\/www.nettali.com\/"},{"@type":"ListItem","position":2,"name":"DISCOURS - Bassirou Diomaye Faye s\u2019engage \u00e0 pr\u00e9server le vivre ensemble s\u00e9n\u00e9galais"}]},{"@type":"Person","@id":"https:\/\/www.nettali.com\/#\/schema\/person\/3317e0bb3aa1da309fbf7b2780901bf4","name":"Daouda","image":{"@type":"ImageObject","@id":"https:\/\/www.nettali.com\/#personlogo","inLanguage":"fr-FR","url":"https:\/\/secure.gravatar.com\/avatar\/8d143b5a49345098ddcfee1c49c2f47c?s=96&d=mm&r=g","contentUrl":"https:\/\/secure.gravatar.com\/avatar\/8d143b5a49345098ddcfee1c49c2f47c?s=96&d=mm&r=g","caption":"Daouda"},"sameAs":["https:\/\/www.nettali.com"]}]}},"_links":{"self":[{"href":"https:\/\/www.nettali.com\/rest\/wp\/v2\/posts\/131102"}],"collection":[{"href":"https:\/\/www.nettali.com\/rest\/wp\/v2\/posts"}],"about":[{"href":"https:\/\/www.nettali.com\/rest\/wp\/v2\/types\/post"}],"author":[{"embeddable":true,"href":"https:\/\/www.nettali.com\/rest\/wp\/v2\/users\/4"}],"replies":[{"embeddable":true,"href":"https:\/\/www.nettali.com\/rest\/wp\/v2\/comments?post=131102"}],"version-history":[{"count":1,"href":"https:\/\/www.nettali.com\/rest\/wp\/v2\/posts\/131102\/revisions"}],"predecessor-version":[{"id":131104,"href":"https:\/\/www.nettali.com\/rest\/wp\/v2\/posts\/131102\/revisions\/131104"}],"wp:featuredmedia":[{"embeddable":true,"href":"https:\/\/www.nettali.com\/rest\/wp\/v2\/media\/131103"}],"wp:attachment":[{"href":"https:\/\/www.nettali.com\/rest\/wp\/v2\/media?parent=131102"}],"wp:term":[{"taxonomy":"category","embeddable":true,"href":"https:\/\/www.nettali.com\/rest\/wp\/v2\/categories?post=131102"},{"taxonomy":"post_tag","embeddable":true,"href":"https:\/\/www.nettali.com\/rest\/wp\/v2\/tags?post=131102"}],"curies":[{"name":"wp","href":"https:\/\/api.w.org\/{rel}","templated":true}]}}