{"id":131089,"date":"2024-04-03T15:50:18","date_gmt":"2024-04-03T15:50:18","guid":{"rendered":"https:\/\/www.nettali.com\/?p=131089"},"modified":"2024-04-03T15:50:18","modified_gmt":"2024-04-03T15:50:18","slug":"ousmane-sonko-nomme-premier-ministre-un-choix-logique","status":"publish","type":"post","link":"https:\/\/www.nettali.com\/2024\/04\/03\/ousmane-sonko-nomme-premier-ministre-un-choix-logique\/","title":{"rendered":"OUSMANE SONKO NOMM\u00c9 PREMIER MINISTRE -\u00a0\u00abUn choix logique \u00bb"},"content":{"rendered":"<p><strong>NETTALI.COM - Le chef de l\u2019Etat n\u2019a pas perdu de temps. Apr\u00e8s sa c\u00e9r\u00e9monie d\u2019investiture et sa prestation de serment dans la matin\u00e9e du 02 avril, le Pr\u00e9sident Bassirou Diomaye Faye a effectu\u00e9 sa premi\u00e8re nomination. Ousmane Sonko est le nouveau Premier ministre du S\u00e9n\u00e9gal.<\/strong><\/p>\n<p><strong>\u00a0<\/strong>Sans surprise, Ousmane Sonko est nomm\u00e9 Premier ministre du S\u00e9n\u00e9gal. Le pr\u00e9sident de la R\u00e9publique nouvellement \u00e9lu, Bassirou Diomaye Faye, a port\u00e9 son choix sur son mentor et leader politique pour diriger sa premi\u00e8re \u00e9quipe gouvernementale. Son premier d\u00e9cret (n\u00b0 2024-921) a \u00e9t\u00e9 r\u00e9serv\u00e9 \u00e0 Ousmane Sonko, celui gr\u00e2ce \u00e0 qui il a \u00e9t\u00e9 \u00e9lu et pr\u00e9side d\u00e9sormais aux destin\u00e9es du S\u00e9n\u00e9gal. Le leader du parti Pastef est le nouveau chef du Gouvernement. Un retour d\u2019ascenseur, un choix coh\u00e9rent. Momar Diongue, journaliste et analyste politique\u00a0: <em>\u00abC\u2019est un choix tr\u00e8s logique et coh\u00e9rent. Ousmane Sonko est le p\u00e8re fondateur du parti Pastef, il a eu \u00e0 travailler pendant tr\u00e8s longtemps sur le \u2018\u2019Projet\u2019\u2019 sur la base duquel Bassirou Diomaye Faye a \u00e9t\u00e9 \u00e9lu pr\u00e9sident de la R\u00e9publique. C\u2019est un \u2018\u2019Projet\u2019\u2019 qu\u2019ils ont eu \u00e0 peaufiner, \u00e0 m\u00fbrir et \u00e0 affiner ensemble. De ce point de vue, je pense qu\u2019arriv\u00e9s \u00e0 ce moment pr\u00e9cis, il est tout \u00e0 fait normal que l\u2019un des principaux collaborateurs de Bassirou Diomaye Faye soit Ousmane Sonko.\u00bb<\/em> Momar Diongue souligne que dans sa premi\u00e8re d\u00e9claration post nomination, Sonko a repris les propos qu\u2019il avait tenus lors du meeting de cl\u00f4ture de leur campagne, \u00e0 savoir qu\u2019il travaillait pour faire \u00e9lire Diomaye, mais qu\u2019il \u00e9tait hors de question de le laisser seul, qu\u2019il faudra l\u2019accompagner. <em>\u00abEt je crois que cette nomination s\u2019inscrit dans cette logique, dans une parfaite coh\u00e9rence pour quelqu\u2019un qui a eu \u00e0 travailler autour de ce \u2018\u2019Projet\u2019\u2019 et qui doit travailler \u00e0 sa mise en \u0153uvre. C\u2019est une d\u00e9marche logique et coh\u00e9rente.\u00bb<\/em><\/p>\n<p><strong>\u00abBassirou Diomaye Faye est certes le patron de Sonko au niveau \u00e9tatique, mais Sonko, pr\u00e9sident du Pastef, demeure son patron politique\u00bb<\/strong><\/p>\n<p>Certains ont t\u00f4t fait de pr\u00e9dire et de craindre une dualit\u00e9 au sommet de l\u2019Etat, voire une certaine rivalit\u00e9 entre les deux hommes, au contact du pouvoir. Ce, en partant d\u2019exemples inscrits dans l\u2019histoire politique du S\u00e9n\u00e9gal. Momar Diongue\u00a0: <em>\u00abLes deux cas de figure o\u00f9 il y a eu un certain bic\u00e9phalisme faisant que le tandem au pouvoir a tourn\u00e9 court, c\u2019est d\u2019abord L\u00e9opold S\u00e9dar Senghor et Mamadou Dia. Senghor exer\u00e7ait un certain leadership et avait en-dessous de lui Mamadou Dia. Les deux entourages ont eu \u00e0 alimenter une volont\u00e9 de Mamadou Dia de faire un putsch \u00e0 Senghor. Le deuxi\u00e8me cas fut entre Abdoulaye Wade et Idrissa Seck. Me Wade \u00e9tait aux manettes, patron du Pds, et Idy \u00e9tait son num\u00e9ro 2. Il \u00e9tait facile d\u2019alimenter une certaine volont\u00e9 de Idy de lorgner le fauteuil pr\u00e9sidentiel. Mais nous ne sommes pas dans ces cas de figures. Bassirou Diomaye Faye, pr\u00e9sident de la R\u00e9publique, est certes le patron de Sonko au niveau \u00e9tatique, mais il n\u2019en demeure pas moins que sur le plan politique, Sonko, pr\u00e9sident du Pastef, demeure le patron politique de Diomaye Faye.\u00bb<\/em><\/p>\n<p>Pour l\u2019analyste politique, il n\u2019y a pas de raison de craindre une dualit\u00e9 au sommet. <em>\u00abJe crois qu\u2019il y a un \u00e9quilibre des pouvoirs qui va s\u2019op\u00e9rer de facto. Bassirou Diomaye Faye a \u00e9t\u00e9 \u00e9lu pr\u00e9sident de la R\u00e9publique sans \u00eatre le patron du parti Pastef, il \u00e9tait jusque-l\u00e0 Secr\u00e9taire g\u00e9n\u00e9ral, pendant que Sonko \u00e9tait le pr\u00e9sident du parti. Ceci participe donc d\u2019un facteur d\u2019\u00e9quilibre des pouvoirs. A partir du moment o\u00f9 Ousmane Sonko est charg\u00e9 de la mise en \u0153uvre du \u2018\u2019Projet\u2019\u2019, il ne devrait pas y avoir de probl\u00e8me, normalement. Ce qui aurait \u00e9t\u00e9 dangereux pour ce tandem, c\u2019est que Sonko soit en dehors du pouvoir. Plus il serait \u00e9loign\u00e9 du pouvoir, plus son influence, la complicit\u00e9 et la bonne intelligence qu\u2019il avait jusque-l\u00e0 avec Diomaye pourrait s\u2019effriter. Mais \u00e0 partir du moment o\u00f9 il est \u00e0 ses c\u00f4t\u00e9s, \u00e0 la t\u00eate du Gouvernement, je pense qu\u2019il n\u2019y a pas de raison de craindre une dualit\u00e9 au sommet de l\u2019Etat.\u00bb<\/em><\/p>\n<p>Chef du Gouvernement, Ousmane Sonko porte \u00e9galement la casquette de chef de parti. Occasion de faire la part belle aux membres de Pastef ? Momar Diongue n\u2019est pas de cet avis. <em>\u00abAutant Sonko a eu \u00e0 affirmer \u00e0 l\u2019intention des alli\u00e9s qu\u2019il ne sera pas question d\u2019un partage de g\u00e2teau, autant je ne le vois pas avoir une d\u00e9marche clanique qui consisterait \u00e0 favoriser les militants de Pastef. Les signaux qu\u2019il a envoy\u00e9s jusque-l\u00e0 sont aux antipodes de cette logique. Parce que m\u00eame s\u2019il a eu une ambition pr\u00e9sidentielle, il n\u2019a pas h\u00e9sit\u00e9 \u00e0 substituer la candidature de Bassirou Diomaye Faye \u00e0 la sienne, et il a travaill\u00e9 \u00e0 promouvoir cette candidature. Et aussi bien aux \u00e9lections Locales que L\u00e9gislatives, il a fait preuve de g\u00e9n\u00e9rosit\u00e9 en pr\u00eatant main forte \u00e0 tous les autres candidats de Yewwi Askan Wi. Donc, il a montr\u00e9 qu\u2019il n\u2019est pas dans une logique partisane ou clanique, et que dans sa fa\u00e7on de faire de la politique, il est anim\u00e9 d\u2019un certain altruisme.\u00bb<\/em><\/p>\n<p><strong>\u00abIl ne s\u2019agissait pas de venir et de faire table rase de tout le dispositif qui \u00e9tait en place\u00bb<\/strong><\/p>\n<p>Outre la nomination d\u2019Ousmane Sonko comme Premier ministre, le Pr\u00e9sident Bassirou Diomaye Faye a pos\u00e9 deux autres actes. Il a maintenu \u00e0 son poste de Secr\u00e9taire g\u00e9n\u00e9ral de la Pr\u00e9sidence, Oumar Samba Ba. Un geste salu\u00e9 par Momar Diongue. <em>\u00abJe pense que cela participe \u00e9galement d\u2019une logique, dans la mesure o\u00f9 il faut laisser \u00e0 c\u00f4t\u00e9 du nouveau Pr\u00e9sident, quelqu\u2019un qui conna\u00eet bien la maison, et qui a une pleine ma\u00eetrise des dossiers. Il ne s\u2019agissait pas de venir et de faire table rase de tout le dispositif qui \u00e9tait en place, et je pense que c\u2019est une d\u00e9marche intelligente.\u00bb<\/em> L\u2019autre acte fort pos\u00e9 est la nomination du Professeur Mary Teuw Niane au poste de Directeur de Cabinet du chef de l\u2019Etat. <em>\u00abCela me para\u00eet logique \u00e9galement, estime Momar Diongue, parce que non seulement c\u2019est un alli\u00e9 qui a jou\u00e9 les premiers r\u00f4les au sein de la coalition \u2018\u2019Diomaye Pr\u00e9sident\u2019\u2019, mais il a aussi une exp\u00e9rience gouvernementale. Il est r\u00e9put\u00e9 \u00eatre un homme qui a les mains propres et qui a fait montre de transparence lorsqu\u2019il \u00e9tait aux affaires. Ces premiers choix effectu\u00e9s me semblent assez rassurants et coh\u00e9rents.\u00bb<\/em><\/p>\n<div class='share-to-whatsapp-wrapper'><div class='share-on-whsp'>PARTAGER SUR : <\/div><a data-text='OUSMANE SONKO NOMM\u00c9 PREMIER MINISTRE -\u00a0\u00abUn choix logique \u00bb' data-link='https:\/\/www.nettali.com\/2024\/04\/03\/ousmane-sonko-nomme-premier-ministre-un-choix-logique\/' class='whatsapp-button whatsapp-share'>WhatsApp<\/a><div class='clear '><\/div><\/div>","protected":false},"excerpt":{"rendered":"<p>NETTALI.COM - Le chef de l\u2019Etat n\u2019a pas perdu de temps. Apr\u00e8s sa c\u00e9r\u00e9monie d\u2019investiture et sa prestation de serment dans la matin\u00e9e du 02 avril, le Pr\u00e9sident Bassirou Diomaye Faye a effectu\u00e9 sa premi\u00e8re nomination. Ousmane Sonko est le nouveau Premier ministre du S\u00e9n\u00e9gal. \u00a0Sans surprise, Ousmane Sonko est nomm\u00e9 Premier ministre du S\u00e9n\u00e9gal. [&hellip;]<\/p>\n","protected":false},"author":4,"featured_media":130739,"comment_status":"open","ping_status":"open","sticky":false,"template":"","format":"standard","meta":{"_et_pb_use_builder":"","_et_pb_old_content":""},"categories":[2],"tags":[],"yoast_head":"<!-- This site is optimized with the Yoast SEO Premium plugin v17.8 (Yoast SEO v17.8) - https:\/\/yoast.com\/wordpress\/plugins\/seo\/ -->\n<title>OUSMANE SONKO NOMM\u00c9 PREMIER MINISTRE -\u00a0\u00abUn choix logique \u00bb | Nettali.com<\/title>\n<meta name=\"robots\" content=\"index, follow, max-snippet:-1, max-image-preview:large, max-video-preview:-1\" \/>\n<link rel=\"canonical\" href=\"https:\/\/www.nettali.com\/2024\/04\/03\/ousmane-sonko-nomme-premier-ministre-un-choix-logique\/\" \/>\n<meta property=\"og:locale\" content=\"fr_FR\" \/>\n<meta property=\"og:type\" content=\"article\" \/>\n<meta property=\"og:title\" content=\"OUSMANE SONKO NOMM\u00c9 PREMIER MINISTRE -\u00a0\u00abUn choix logique \u00bb\" \/>\n<meta property=\"og:description\" content=\"NETTALI.COM - Le chef de l\u2019Etat n\u2019a pas perdu de temps. Apr\u00e8s sa c\u00e9r\u00e9monie d\u2019investiture et sa prestation de serment dans la matin\u00e9e du 02 avril, le Pr\u00e9sident Bassirou Diomaye Faye a effectu\u00e9 sa premi\u00e8re nomination. Ousmane Sonko est le nouveau Premier ministre du S\u00e9n\u00e9gal. \u00a0Sans surprise, Ousmane Sonko est nomm\u00e9 Premier ministre du S\u00e9n\u00e9gal. [&hellip;]\" \/>\n<meta property=\"og:url\" content=\"https:\/\/www.nettali.com\/2024\/04\/03\/ousmane-sonko-nomme-premier-ministre-un-choix-logique\/\" \/>\n<meta property=\"og:site_name\" content=\"Nettali.com\" \/>\n<meta property=\"article:publisher\" content=\"https:\/\/www.facebook.com\/nettalicom\" \/>\n<meta property=\"article:published_time\" content=\"2024-04-03T15:50:18+00:00\" \/>\n<meta property=\"og:image\" content=\"https:\/\/www.nettali.com\/wp-content\/uploads\/2024\/03\/Sonko-Diomaye.jpeg\" \/>\n\t<meta property=\"og:image:width\" content=\"1079\" \/>\n\t<meta property=\"og:image:height\" content=\"720\" \/>\n<meta name=\"twitter:card\" content=\"summary_large_image\" \/>\n<meta name=\"twitter:label1\" content=\"\u00c9crit par\" \/>\n\t<meta name=\"twitter:data1\" content=\"Daouda\" \/>\n\t<meta name=\"twitter:label2\" content=\"Dur\u00e9e de lecture estim\u00e9e\" \/>\n\t<meta name=\"twitter:data2\" content=\"6 minutes\" \/>\n<script type=\"application\/ld+json\" class=\"yoast-schema-graph\">{\"@context\":\"https:\/\/schema.org\",\"@graph\":[{\"@type\":\"WebSite\",\"@id\":\"https:\/\/www.nettali.com\/#website\",\"url\":\"https:\/\/www.nettali.com\/\",\"name\":\"Nettali.com\",\"description\":\"Le rendez-vous critique du Net\",\"potentialAction\":[{\"@type\":\"SearchAction\",\"target\":{\"@type\":\"EntryPoint\",\"urlTemplate\":\"https:\/\/www.nettali.com\/?s={search_term_string}\"},\"query-input\":\"required name=search_term_string\"}],\"inLanguage\":\"fr-FR\"},{\"@type\":\"ImageObject\",\"@id\":\"https:\/\/www.nettali.com\/2024\/04\/03\/ousmane-sonko-nomme-premier-ministre-un-choix-logique\/#primaryimage\",\"inLanguage\":\"fr-FR\",\"url\":\"https:\/\/www.nettali.com\/wp-content\/uploads\/2024\/03\/Sonko-Diomaye.jpeg\",\"contentUrl\":\"https:\/\/www.nettali.com\/wp-content\/uploads\/2024\/03\/Sonko-Diomaye.jpeg\",\"width\":1079,\"height\":720},{\"@type\":\"WebPage\",\"@id\":\"https:\/\/www.nettali.com\/2024\/04\/03\/ousmane-sonko-nomme-premier-ministre-un-choix-logique\/#webpage\",\"url\":\"https:\/\/www.nettali.com\/2024\/04\/03\/ousmane-sonko-nomme-premier-ministre-un-choix-logique\/\",\"name\":\"OUSMANE SONKO NOMM\\u00c9 PREMIER MINISTRE -\\u00a0\\u00abUn choix logique \\u00bb | Nettali.com\",\"isPartOf\":{\"@id\":\"https:\/\/www.nettali.com\/#website\"},\"primaryImageOfPage\":{\"@id\":\"https:\/\/www.nettali.com\/2024\/04\/03\/ousmane-sonko-nomme-premier-ministre-un-choix-logique\/#primaryimage\"},\"datePublished\":\"2024-04-03T15:50:18+00:00\",\"dateModified\":\"2024-04-03T15:50:18+00:00\",\"author\":{\"@id\":\"https:\/\/www.nettali.com\/#\/schema\/person\/3317e0bb3aa1da309fbf7b2780901bf4\"},\"breadcrumb\":{\"@id\":\"https:\/\/www.nettali.com\/2024\/04\/03\/ousmane-sonko-nomme-premier-ministre-un-choix-logique\/#breadcrumb\"},\"inLanguage\":\"fr-FR\",\"potentialAction\":[{\"@type\":\"ReadAction\",\"target\":[\"https:\/\/www.nettali.com\/2024\/04\/03\/ousmane-sonko-nomme-premier-ministre-un-choix-logique\/\"]}]},{\"@type\":\"BreadcrumbList\",\"@id\":\"https:\/\/www.nettali.com\/2024\/04\/03\/ousmane-sonko-nomme-premier-ministre-un-choix-logique\/#breadcrumb\",\"itemListElement\":[{\"@type\":\"ListItem\",\"position\":1,\"name\":\"Accueil\",\"item\":\"https:\/\/www.nettali.com\/\"},{\"@type\":\"ListItem\",\"position\":2,\"name\":\"OUSMANE SONKO NOMM\\u00c9 PREMIER MINISTRE -\\u00a0\\u00abUn choix logique \\u00bb\"}]},{\"@type\":\"Person\",\"@id\":\"https:\/\/www.nettali.com\/#\/schema\/person\/3317e0bb3aa1da309fbf7b2780901bf4\",\"name\":\"Daouda\",\"image\":{\"@type\":\"ImageObject\",\"@id\":\"https:\/\/www.nettali.com\/#personlogo\",\"inLanguage\":\"fr-FR\",\"url\":\"https:\/\/secure.gravatar.com\/avatar\/8d143b5a49345098ddcfee1c49c2f47c?s=96&d=mm&r=g\",\"contentUrl\":\"https:\/\/secure.gravatar.com\/avatar\/8d143b5a49345098ddcfee1c49c2f47c?s=96&d=mm&r=g\",\"caption\":\"Daouda\"},\"sameAs\":[\"https:\/\/www.nettali.com\"]}]}<\/script>\n<!-- \/ Yoast SEO Premium plugin. -->","yoast_head_json":{"title":"OUSMANE SONKO NOMM\u00c9 PREMIER MINISTRE -\u00a0\u00abUn choix logique \u00bb | Nettali.com","robots":{"index":"index","follow":"follow","max-snippet":"max-snippet:-1","max-image-preview":"max-image-preview:large","max-video-preview":"max-video-preview:-1"},"canonical":"https:\/\/www.nettali.com\/2024\/04\/03\/ousmane-sonko-nomme-premier-ministre-un-choix-logique\/","og_locale":"fr_FR","og_type":"article","og_title":"OUSMANE SONKO NOMM\u00c9 PREMIER MINISTRE -\u00a0\u00abUn choix logique \u00bb","og_description":"NETTALI.COM - Le chef de l\u2019Etat n\u2019a pas perdu de temps. Apr\u00e8s sa c\u00e9r\u00e9monie d\u2019investiture et sa prestation de serment dans la matin\u00e9e du 02 avril, le Pr\u00e9sident Bassirou Diomaye Faye a effectu\u00e9 sa premi\u00e8re nomination. Ousmane Sonko est le nouveau Premier ministre du S\u00e9n\u00e9gal. \u00a0Sans surprise, Ousmane Sonko est nomm\u00e9 Premier ministre du S\u00e9n\u00e9gal. [&hellip;]","og_url":"https:\/\/www.nettali.com\/2024\/04\/03\/ousmane-sonko-nomme-premier-ministre-un-choix-logique\/","og_site_name":"Nettali.com","article_publisher":"https:\/\/www.facebook.com\/nettalicom","article_published_time":"2024-04-03T15:50:18+00:00","og_image":[{"width":1079,"height":720,"url":"https:\/\/www.nettali.com\/wp-content\/uploads\/2024\/03\/Sonko-Diomaye.jpeg","type":"image\/jpeg"}],"twitter_card":"summary_large_image","twitter_misc":{"\u00c9crit par":"Daouda","Dur\u00e9e de lecture estim\u00e9e":"6 minutes"},"schema":{"@context":"https:\/\/schema.org","@graph":[{"@type":"WebSite","@id":"https:\/\/www.nettali.com\/#website","url":"https:\/\/www.nettali.com\/","name":"Nettali.com","description":"Le rendez-vous critique du Net","potentialAction":[{"@type":"SearchAction","target":{"@type":"EntryPoint","urlTemplate":"https:\/\/www.nettali.com\/?s={search_term_string}"},"query-input":"required name=search_term_string"}],"inLanguage":"fr-FR"},{"@type":"ImageObject","@id":"https:\/\/www.nettali.com\/2024\/04\/03\/ousmane-sonko-nomme-premier-ministre-un-choix-logique\/#primaryimage","inLanguage":"fr-FR","url":"https:\/\/www.nettali.com\/wp-content\/uploads\/2024\/03\/Sonko-Diomaye.jpeg","contentUrl":"https:\/\/www.nettali.com\/wp-content\/uploads\/2024\/03\/Sonko-Diomaye.jpeg","width":1079,"height":720},{"@type":"WebPage","@id":"https:\/\/www.nettali.com\/2024\/04\/03\/ousmane-sonko-nomme-premier-ministre-un-choix-logique\/#webpage","url":"https:\/\/www.nettali.com\/2024\/04\/03\/ousmane-sonko-nomme-premier-ministre-un-choix-logique\/","name":"OUSMANE SONKO NOMM\u00c9 PREMIER MINISTRE -\u00a0\u00abUn choix logique \u00bb | Nettali.com","isPartOf":{"@id":"https:\/\/www.nettali.com\/#website"},"primaryImageOfPage":{"@id":"https:\/\/www.nettali.com\/2024\/04\/03\/ousmane-sonko-nomme-premier-ministre-un-choix-logique\/#primaryimage"},"datePublished":"2024-04-03T15:50:18+00:00","dateModified":"2024-04-03T15:50:18+00:00","author":{"@id":"https:\/\/www.nettali.com\/#\/schema\/person\/3317e0bb3aa1da309fbf7b2780901bf4"},"breadcrumb":{"@id":"https:\/\/www.nettali.com\/2024\/04\/03\/ousmane-sonko-nomme-premier-ministre-un-choix-logique\/#breadcrumb"},"inLanguage":"fr-FR","potentialAction":[{"@type":"ReadAction","target":["https:\/\/www.nettali.com\/2024\/04\/03\/ousmane-sonko-nomme-premier-ministre-un-choix-logique\/"]}]},{"@type":"BreadcrumbList","@id":"https:\/\/www.nettali.com\/2024\/04\/03\/ousmane-sonko-nomme-premier-ministre-un-choix-logique\/#breadcrumb","itemListElement":[{"@type":"ListItem","position":1,"name":"Accueil","item":"https:\/\/www.nettali.com\/"},{"@type":"ListItem","position":2,"name":"OUSMANE SONKO NOMM\u00c9 PREMIER MINISTRE -\u00a0\u00abUn choix logique \u00bb"}]},{"@type":"Person","@id":"https:\/\/www.nettali.com\/#\/schema\/person\/3317e0bb3aa1da309fbf7b2780901bf4","name":"Daouda","image":{"@type":"ImageObject","@id":"https:\/\/www.nettali.com\/#personlogo","inLanguage":"fr-FR","url":"https:\/\/secure.gravatar.com\/avatar\/8d143b5a49345098ddcfee1c49c2f47c?s=96&d=mm&r=g","contentUrl":"https:\/\/secure.gravatar.com\/avatar\/8d143b5a49345098ddcfee1c49c2f47c?s=96&d=mm&r=g","caption":"Daouda"},"sameAs":["https:\/\/www.nettali.com"]}]}},"_links":{"self":[{"href":"https:\/\/www.nettali.com\/rest\/wp\/v2\/posts\/131089"}],"collection":[{"href":"https:\/\/www.nettali.com\/rest\/wp\/v2\/posts"}],"about":[{"href":"https:\/\/www.nettali.com\/rest\/wp\/v2\/types\/post"}],"author":[{"embeddable":true,"href":"https:\/\/www.nettali.com\/rest\/wp\/v2\/users\/4"}],"replies":[{"embeddable":true,"href":"https:\/\/www.nettali.com\/rest\/wp\/v2\/comments?post=131089"}],"version-history":[{"count":1,"href":"https:\/\/www.nettali.com\/rest\/wp\/v2\/posts\/131089\/revisions"}],"predecessor-version":[{"id":131090,"href":"https:\/\/www.nettali.com\/rest\/wp\/v2\/posts\/131089\/revisions\/131090"}],"wp:featuredmedia":[{"embeddable":true,"href":"https:\/\/www.nettali.com\/rest\/wp\/v2\/media\/130739"}],"wp:attachment":[{"href":"https:\/\/www.nettali.com\/rest\/wp\/v2\/media?parent=131089"}],"wp:term":[{"taxonomy":"category","embeddable":true,"href":"https:\/\/www.nettali.com\/rest\/wp\/v2\/categories?post=131089"},{"taxonomy":"post_tag","embeddable":true,"href":"https:\/\/www.nettali.com\/rest\/wp\/v2\/tags?post=131089"}],"curies":[{"name":"wp","href":"https:\/\/api.w.org\/{rel}","templated":true}]}}