{"id":131029,"date":"2024-04-02T20:05:31","date_gmt":"2024-04-02T20:05:31","guid":{"rendered":"https:\/\/www.nettali.com\/?p=131029"},"modified":"2024-04-02T20:05:31","modified_gmt":"2024-04-02T20:05:31","slug":"ceremonie-dinvestiture-le-president-diomaye-faye-rend-hommage-aux-victimes-des-manifestations","status":"publish","type":"post","link":"https:\/\/www.nettali.com\/2024\/04\/02\/ceremonie-dinvestiture-le-president-diomaye-faye-rend-hommage-aux-victimes-des-manifestations\/","title":{"rendered":"C\u00c9R\u00c9MONIE D'INVESTITURE - Le Pr\u00e9sident Diomaye Faye rend hommage aux victimes des manifestations"},"content":{"rendered":"<p><strong>NETTALI.COM - Dans une c\u00e9r\u00e9monie solennelle marqu\u00e9e par l'\u00e9motion, Bassirou Diomaye Faye a \u00e9t\u00e9 investi, ce mardi 2 avril, en tant que nouveau chef de l'\u00c9tat. Dans son discours d'investiture, le Pr\u00e9sident Faye a choisi de d\u00e9buter son mandat en rendant hommage aux victimes des r\u00e9centes manifestations qui ont secou\u00e9 la nation s\u00e9n\u00e9galaise.<\/strong><\/p>\n<p>\"<em>En m'adressant \u00e0 vous en ce jour, il me revient des douloureux souvenirs des martyrs de la d\u00e9mocratie s\u00e9n\u00e9galaise, des amput\u00e9s des bless\u00e9es et des anciens prisonniers. Je garderais toujours \u00e0 l'esprit les lourds sacrifices consentis afin de ne jamais vous d\u00e9cevoir<\/em>\", s'est t-il promis.<\/p>\n<p>Hommage doit aussi \u00eatre rendu, pour le Pr\u00e9sident Faye \"<em>\u00e0 nos a\u00een\u00e9s qui se sont battus pour l'av\u00e8nement de la d\u00e9mocratie s\u00e9n\u00e9galaise<\/em>\".<\/p>\n<p>Aux yeux du Pr\u00e9sident nouvellement \u00e9lu : \"<em>Ils ont pos\u00e9s les solides fondements d'une nation ind\u00e9pendante et d'un \u00c9tat de droit secou\u00e9 par moment mais toujours debout. Nous leur sommes redevables pour les valeurs de libert\u00e9, de justice et de progr\u00e8s qu'ils nous ont donn\u00e9 en h\u00e9ritage. C'est pourquoi il est essentiel que nous connaissions les succ\u00e8s et \u00e9checs de nos devanciers<\/em>.\"<\/p>\n<div class='share-to-whatsapp-wrapper'><div class='share-on-whsp'>PARTAGER SUR : <\/div><a data-text='C\u00c9R\u00c9MONIE D'INVESTITURE - Le Pr\u00e9sident Diomaye Faye rend hommage aux victimes des manifestations' data-link='https:\/\/www.nettali.com\/2024\/04\/02\/ceremonie-dinvestiture-le-president-diomaye-faye-rend-hommage-aux-victimes-des-manifestations\/' class='whatsapp-button whatsapp-share'>WhatsApp<\/a><div class='clear '><\/div><\/div>","protected":false},"excerpt":{"rendered":"<p>NETTALI.COM - Dans une c\u00e9r\u00e9monie solennelle marqu\u00e9e par l'\u00e9motion, Bassirou Diomaye Faye a \u00e9t\u00e9 investi, ce mardi 2 avril, en tant que nouveau chef de l'\u00c9tat. Dans son discours d'investiture, le Pr\u00e9sident Faye a choisi de d\u00e9buter son mandat en rendant hommage aux victimes des r\u00e9centes manifestations qui ont secou\u00e9 la nation s\u00e9n\u00e9galaise. \"En m'adressant [&hellip;]<\/p>\n","protected":false},"author":5,"featured_media":131030,"comment_status":"open","ping_status":"open","sticky":false,"template":"","format":"standard","meta":{"_et_pb_use_builder":"","_et_pb_old_content":""},"categories":[2],"tags":[],"yoast_head":"<!-- This site is optimized with the Yoast SEO Premium plugin v17.8 (Yoast SEO v17.8) - https:\/\/yoast.com\/wordpress\/plugins\/seo\/ -->\n<title>C\u00c9R\u00c9MONIE D&#039;INVESTITURE - Le Pr\u00e9sident Diomaye Faye rend hommage aux victimes des manifestations | Nettali.com<\/title>\n<meta name=\"robots\" content=\"index, follow, max-snippet:-1, max-image-preview:large, max-video-preview:-1\" \/>\n<link rel=\"canonical\" href=\"https:\/\/www.nettali.com\/2024\/04\/02\/ceremonie-dinvestiture-le-president-diomaye-faye-rend-hommage-aux-victimes-des-manifestations\/\" \/>\n<meta property=\"og:locale\" content=\"fr_FR\" \/>\n<meta property=\"og:type\" content=\"article\" \/>\n<meta property=\"og:title\" content=\"C\u00c9R\u00c9MONIE D&#039;INVESTITURE - Le Pr\u00e9sident Diomaye Faye rend hommage aux victimes des manifestations\" \/>\n<meta property=\"og:description\" content=\"NETTALI.COM - Dans une c\u00e9r\u00e9monie solennelle marqu\u00e9e par l&#039;\u00e9motion, Bassirou Diomaye Faye a \u00e9t\u00e9 investi, ce mardi 2 avril, en tant que nouveau chef de l&#039;\u00c9tat. Dans son discours d&#039;investiture, le Pr\u00e9sident Faye a choisi de d\u00e9buter son mandat en rendant hommage aux victimes des r\u00e9centes manifestations qui ont secou\u00e9 la nation s\u00e9n\u00e9galaise. &quot;En m&#039;adressant [&hellip;]\" \/>\n<meta property=\"og:url\" content=\"https:\/\/www.nettali.com\/2024\/04\/02\/ceremonie-dinvestiture-le-president-diomaye-faye-rend-hommage-aux-victimes-des-manifestations\/\" \/>\n<meta property=\"og:site_name\" content=\"Nettali.com\" \/>\n<meta property=\"article:publisher\" content=\"https:\/\/www.facebook.com\/nettalicom\" \/>\n<meta property=\"article:published_time\" content=\"2024-04-02T20:05:31+00:00\" \/>\n<meta property=\"og:image\" content=\"https:\/\/www.nettali.com\/wp-content\/uploads\/2024\/04\/IMG-20240402-WA0048.jpg\" \/>\n\t<meta property=\"og:image:width\" content=\"980\" \/>\n\t<meta property=\"og:image:height\" content=\"551\" \/>\n<meta name=\"twitter:card\" content=\"summary_large_image\" \/>\n<meta name=\"twitter:label1\" content=\"\u00c9crit par\" \/>\n\t<meta name=\"twitter:data1\" content=\"Ibrahima\" \/>\n\t<meta name=\"twitter:label2\" content=\"Dur\u00e9e de lecture estim\u00e9e\" \/>\n\t<meta name=\"twitter:data2\" content=\"1 minute\" \/>\n<script type=\"application\/ld+json\" class=\"yoast-schema-graph\">{\"@context\":\"https:\/\/schema.org\",\"@graph\":[{\"@type\":\"WebSite\",\"@id\":\"https:\/\/www.nettali.com\/#website\",\"url\":\"https:\/\/www.nettali.com\/\",\"name\":\"Nettali.com\",\"description\":\"Le rendez-vous critique du Net\",\"potentialAction\":[{\"@type\":\"SearchAction\",\"target\":{\"@type\":\"EntryPoint\",\"urlTemplate\":\"https:\/\/www.nettali.com\/?s={search_term_string}\"},\"query-input\":\"required name=search_term_string\"}],\"inLanguage\":\"fr-FR\"},{\"@type\":\"ImageObject\",\"@id\":\"https:\/\/www.nettali.com\/2024\/04\/02\/ceremonie-dinvestiture-le-president-diomaye-faye-rend-hommage-aux-victimes-des-manifestations\/#primaryimage\",\"inLanguage\":\"fr-FR\",\"url\":\"https:\/\/www.nettali.com\/wp-content\/uploads\/2024\/04\/IMG-20240402-WA0048.jpg\",\"contentUrl\":\"https:\/\/www.nettali.com\/wp-content\/uploads\/2024\/04\/IMG-20240402-WA0048.jpg\",\"width\":980,\"height\":551},{\"@type\":\"WebPage\",\"@id\":\"https:\/\/www.nettali.com\/2024\/04\/02\/ceremonie-dinvestiture-le-president-diomaye-faye-rend-hommage-aux-victimes-des-manifestations\/#webpage\",\"url\":\"https:\/\/www.nettali.com\/2024\/04\/02\/ceremonie-dinvestiture-le-president-diomaye-faye-rend-hommage-aux-victimes-des-manifestations\/\",\"name\":\"C\\u00c9R\\u00c9MONIE D'INVESTITURE - Le Pr\\u00e9sident Diomaye Faye rend hommage aux victimes des manifestations | Nettali.com\",\"isPartOf\":{\"@id\":\"https:\/\/www.nettali.com\/#website\"},\"primaryImageOfPage\":{\"@id\":\"https:\/\/www.nettali.com\/2024\/04\/02\/ceremonie-dinvestiture-le-president-diomaye-faye-rend-hommage-aux-victimes-des-manifestations\/#primaryimage\"},\"datePublished\":\"2024-04-02T20:05:31+00:00\",\"dateModified\":\"2024-04-02T20:05:31+00:00\",\"author\":{\"@id\":\"https:\/\/www.nettali.com\/#\/schema\/person\/bb147657c2986240405a608162b9bb23\"},\"breadcrumb\":{\"@id\":\"https:\/\/www.nettali.com\/2024\/04\/02\/ceremonie-dinvestiture-le-president-diomaye-faye-rend-hommage-aux-victimes-des-manifestations\/#breadcrumb\"},\"inLanguage\":\"fr-FR\",\"potentialAction\":[{\"@type\":\"ReadAction\",\"target\":[\"https:\/\/www.nettali.com\/2024\/04\/02\/ceremonie-dinvestiture-le-president-diomaye-faye-rend-hommage-aux-victimes-des-manifestations\/\"]}]},{\"@type\":\"BreadcrumbList\",\"@id\":\"https:\/\/www.nettali.com\/2024\/04\/02\/ceremonie-dinvestiture-le-president-diomaye-faye-rend-hommage-aux-victimes-des-manifestations\/#breadcrumb\",\"itemListElement\":[{\"@type\":\"ListItem\",\"position\":1,\"name\":\"Accueil\",\"item\":\"https:\/\/www.nettali.com\/\"},{\"@type\":\"ListItem\",\"position\":2,\"name\":\"C\\u00c9R\\u00c9MONIE D'INVESTITURE - Le Pr\\u00e9sident Diomaye Faye rend hommage aux victimes des manifestations\"}]},{\"@type\":\"Person\",\"@id\":\"https:\/\/www.nettali.com\/#\/schema\/person\/bb147657c2986240405a608162b9bb23\",\"name\":\"Ibrahima\",\"image\":{\"@type\":\"ImageObject\",\"@id\":\"https:\/\/www.nettali.com\/#personlogo\",\"inLanguage\":\"fr-FR\",\"url\":\"https:\/\/secure.gravatar.com\/avatar\/26a8a81f09f0dd7624c9d5c36c9ba3a2?s=96&d=mm&r=g\",\"contentUrl\":\"https:\/\/secure.gravatar.com\/avatar\/26a8a81f09f0dd7624c9d5c36c9ba3a2?s=96&d=mm&r=g\",\"caption\":\"Ibrahima\"},\"sameAs\":[\"https:\/\/www.nettali.com\"]}]}<\/script>\n<!-- \/ Yoast SEO Premium plugin. -->","yoast_head_json":{"title":"C\u00c9R\u00c9MONIE D'INVESTITURE - Le Pr\u00e9sident Diomaye Faye rend hommage aux victimes des manifestations | Nettali.com","robots":{"index":"index","follow":"follow","max-snippet":"max-snippet:-1","max-image-preview":"max-image-preview:large","max-video-preview":"max-video-preview:-1"},"canonical":"https:\/\/www.nettali.com\/2024\/04\/02\/ceremonie-dinvestiture-le-president-diomaye-faye-rend-hommage-aux-victimes-des-manifestations\/","og_locale":"fr_FR","og_type":"article","og_title":"C\u00c9R\u00c9MONIE D'INVESTITURE - Le Pr\u00e9sident Diomaye Faye rend hommage aux victimes des manifestations","og_description":"NETTALI.COM - Dans une c\u00e9r\u00e9monie solennelle marqu\u00e9e par l'\u00e9motion, Bassirou Diomaye Faye a \u00e9t\u00e9 investi, ce mardi 2 avril, en tant que nouveau chef de l'\u00c9tat. Dans son discours d'investiture, le Pr\u00e9sident Faye a choisi de d\u00e9buter son mandat en rendant hommage aux victimes des r\u00e9centes manifestations qui ont secou\u00e9 la nation s\u00e9n\u00e9galaise. \"En m'adressant [&hellip;]","og_url":"https:\/\/www.nettali.com\/2024\/04\/02\/ceremonie-dinvestiture-le-president-diomaye-faye-rend-hommage-aux-victimes-des-manifestations\/","og_site_name":"Nettali.com","article_publisher":"https:\/\/www.facebook.com\/nettalicom","article_published_time":"2024-04-02T20:05:31+00:00","og_image":[{"width":980,"height":551,"url":"https:\/\/www.nettali.com\/wp-content\/uploads\/2024\/04\/IMG-20240402-WA0048.jpg","type":"image\/jpeg"}],"twitter_card":"summary_large_image","twitter_misc":{"\u00c9crit par":"Ibrahima","Dur\u00e9e de lecture estim\u00e9e":"1 minute"},"schema":{"@context":"https:\/\/schema.org","@graph":[{"@type":"WebSite","@id":"https:\/\/www.nettali.com\/#website","url":"https:\/\/www.nettali.com\/","name":"Nettali.com","description":"Le rendez-vous critique du Net","potentialAction":[{"@type":"SearchAction","target":{"@type":"EntryPoint","urlTemplate":"https:\/\/www.nettali.com\/?s={search_term_string}"},"query-input":"required name=search_term_string"}],"inLanguage":"fr-FR"},{"@type":"ImageObject","@id":"https:\/\/www.nettali.com\/2024\/04\/02\/ceremonie-dinvestiture-le-president-diomaye-faye-rend-hommage-aux-victimes-des-manifestations\/#primaryimage","inLanguage":"fr-FR","url":"https:\/\/www.nettali.com\/wp-content\/uploads\/2024\/04\/IMG-20240402-WA0048.jpg","contentUrl":"https:\/\/www.nettali.com\/wp-content\/uploads\/2024\/04\/IMG-20240402-WA0048.jpg","width":980,"height":551},{"@type":"WebPage","@id":"https:\/\/www.nettali.com\/2024\/04\/02\/ceremonie-dinvestiture-le-president-diomaye-faye-rend-hommage-aux-victimes-des-manifestations\/#webpage","url":"https:\/\/www.nettali.com\/2024\/04\/02\/ceremonie-dinvestiture-le-president-diomaye-faye-rend-hommage-aux-victimes-des-manifestations\/","name":"C\u00c9R\u00c9MONIE D'INVESTITURE - Le Pr\u00e9sident Diomaye Faye rend hommage aux victimes des manifestations | Nettali.com","isPartOf":{"@id":"https:\/\/www.nettali.com\/#website"},"primaryImageOfPage":{"@id":"https:\/\/www.nettali.com\/2024\/04\/02\/ceremonie-dinvestiture-le-president-diomaye-faye-rend-hommage-aux-victimes-des-manifestations\/#primaryimage"},"datePublished":"2024-04-02T20:05:31+00:00","dateModified":"2024-04-02T20:05:31+00:00","author":{"@id":"https:\/\/www.nettali.com\/#\/schema\/person\/bb147657c2986240405a608162b9bb23"},"breadcrumb":{"@id":"https:\/\/www.nettali.com\/2024\/04\/02\/ceremonie-dinvestiture-le-president-diomaye-faye-rend-hommage-aux-victimes-des-manifestations\/#breadcrumb"},"inLanguage":"fr-FR","potentialAction":[{"@type":"ReadAction","target":["https:\/\/www.nettali.com\/2024\/04\/02\/ceremonie-dinvestiture-le-president-diomaye-faye-rend-hommage-aux-victimes-des-manifestations\/"]}]},{"@type":"BreadcrumbList","@id":"https:\/\/www.nettali.com\/2024\/04\/02\/ceremonie-dinvestiture-le-president-diomaye-faye-rend-hommage-aux-victimes-des-manifestations\/#breadcrumb","itemListElement":[{"@type":"ListItem","position":1,"name":"Accueil","item":"https:\/\/www.nettali.com\/"},{"@type":"ListItem","position":2,"name":"C\u00c9R\u00c9MONIE D'INVESTITURE - Le Pr\u00e9sident Diomaye Faye rend hommage aux victimes des manifestations"}]},{"@type":"Person","@id":"https:\/\/www.nettali.com\/#\/schema\/person\/bb147657c2986240405a608162b9bb23","name":"Ibrahima","image":{"@type":"ImageObject","@id":"https:\/\/www.nettali.com\/#personlogo","inLanguage":"fr-FR","url":"https:\/\/secure.gravatar.com\/avatar\/26a8a81f09f0dd7624c9d5c36c9ba3a2?s=96&d=mm&r=g","contentUrl":"https:\/\/secure.gravatar.com\/avatar\/26a8a81f09f0dd7624c9d5c36c9ba3a2?s=96&d=mm&r=g","caption":"Ibrahima"},"sameAs":["https:\/\/www.nettali.com"]}]}},"_links":{"self":[{"href":"https:\/\/www.nettali.com\/rest\/wp\/v2\/posts\/131029"}],"collection":[{"href":"https:\/\/www.nettali.com\/rest\/wp\/v2\/posts"}],"about":[{"href":"https:\/\/www.nettali.com\/rest\/wp\/v2\/types\/post"}],"author":[{"embeddable":true,"href":"https:\/\/www.nettali.com\/rest\/wp\/v2\/users\/5"}],"replies":[{"embeddable":true,"href":"https:\/\/www.nettali.com\/rest\/wp\/v2\/comments?post=131029"}],"version-history":[{"count":2,"href":"https:\/\/www.nettali.com\/rest\/wp\/v2\/posts\/131029\/revisions"}],"predecessor-version":[{"id":131038,"href":"https:\/\/www.nettali.com\/rest\/wp\/v2\/posts\/131029\/revisions\/131038"}],"wp:featuredmedia":[{"embeddable":true,"href":"https:\/\/www.nettali.com\/rest\/wp\/v2\/media\/131030"}],"wp:attachment":[{"href":"https:\/\/www.nettali.com\/rest\/wp\/v2\/media?parent=131029"}],"wp:term":[{"taxonomy":"category","embeddable":true,"href":"https:\/\/www.nettali.com\/rest\/wp\/v2\/categories?post=131029"},{"taxonomy":"post_tag","embeddable":true,"href":"https:\/\/www.nettali.com\/rest\/wp\/v2\/tags?post=131029"}],"curies":[{"name":"wp","href":"https:\/\/api.w.org\/{rel}","templated":true}]}}