{"id":131025,"date":"2024-04-02T20:03:41","date_gmt":"2024-04-02T20:03:41","guid":{"rendered":"https:\/\/www.nettali.com\/?p=131025"},"modified":"2024-04-02T20:04:04","modified_gmt":"2024-04-02T20:04:04","slug":"mamadou-badio-camara-ladministration-et-les-organes-de-controle-du-processus-electoral-ont-fait-preuve-de-professionnalisme","status":"publish","type":"post","link":"https:\/\/www.nettali.com\/2024\/04\/02\/mamadou-badio-camara-ladministration-et-les-organes-de-controle-du-processus-electoral-ont-fait-preuve-de-professionnalisme\/","title":{"rendered":"MAMADOU BADIO CAMARA - \"L\u2019administration et les organes de contr\u00f4le, ont fait preuve de professionnalisme...\""},"content":{"rendered":"<p><strong>NETTALI.COM - Le Conseil Constitutionnel a donn\u00e9 acte au 5\u00e8me Pr\u00e9sident de la R\u00e9publique du S\u00e9n\u00e9gal apr\u00e8s sa prestation de serment, ce mardi 2 avril au centre international de conf\u00e9rences Abdou Diouf de Diamniadio.<\/strong> <strong>Le Pr\u00e9sident du Conseil constitutionnel Mamadou Badio Camara est revenu entres autres sur les circonstances du d\u00e9roulement du scrutin, non sans tenter de battre en br\u00e8che les accusations de corruption porter contre des membres du conseil.<\/strong><\/p>\n<p>Le Conseil constitutionnel a re\u00e7u le serment du cinqui\u00e8me pr\u00e9sident de la R\u00e9publique du S\u00e9n\u00e9gal, Bassirou Diomaye Diakhar Faye. Une occasion saisie par Mamadou Badio Camara pour r\u00e9pondre \u00e0 ses d\u00e9tracteurs. \u00ab <em>Les circonstances particuli\u00e8res qui ont entour\u00e9 la tenue de l\u2019\u00e9lection pr\u00e9sidentielle, ont d\u00e9montr\u00e9 une r\u00e9silience particuli\u00e8rement frappante du peuple s\u00e9n\u00e9galais dans sa majorit\u00e9. Ce peuple, en d\u00e9pit de perturbations ponctuelles, est r\u00e9solument adoss\u00e9 \u00e0 sa tradition de dialogue et de t\u00e9ranga. A ce titre, il m\u00e9rite la stabilit\u00e9 institutionnelle que procure une gestion du processus \u00e9lectoral marqu\u00e9e par la transparence la sinc\u00e9rit\u00e9. L\u2019\u00e9lection pr\u00e9sidentielle, qu\u2019on croyait d\u00e9finitivement compromise, a pu se tenir, m\u00eame dans les conditions de la R\u00e9publique, sans un d\u00e9lai r\u00e9duit, sans qu\u2019aucune irr\u00e9gularit\u00e9 de nature \u00e0 alt\u00e9rer la cr\u00e9dibilit\u00e9, n\u2019ait \u00e9t\u00e9 not\u00e9e. Le vainqueur a \u00e9t\u00e9 clairement identifi\u00e9 dans les heures qui ont suivi la fermeture des bureaux de vote et les f\u00e9licitations des autres candidats qui ont \u00e9t\u00e9 \u00e9limin\u00e9s<\/em> \u00bb, a d\u2019embl\u00e9e dit le pr\u00e9sident du Conseil constitutionnel.<\/p>\n<p>Poursuivant, Mamadou Badio Camara, de r\u00e9pondre aux d\u00e9tracteurs de l'institution qu'il dirige. \u00ab<em> Les \u00e9lus de la R\u00e9publique ont suivi dans la foul\u00e9e. Cela tient presque du miracle, sauf \u00e0 relever que nos institutions, loin d\u2019\u00eatre en crise, tiennent debout dans le cadre de la Constitution, expression la plus achev\u00e9e de la volont\u00e9 populaire. Pour sa part, le Conseil des ministres et le Conseil constitutionnel ont fait face \u00e0 ceux qui ont tent\u00e9 de le d\u00e9stabiliser par des moyens non conventionnels \u00e0, au nom du peuple, dit le droit, sans haine ni crainte. Le pr\u00e9sident de la R\u00e9publique et son gouvernement, tout comme l\u2019Assembl\u00e9e nationale, ont toujours accept\u00e9 de se soumettre \u00e0 nos d\u00e9cisions. C\u2019est-\u00e0-dire qu\u2019il n\u2019y a pas une crise institutionnelle, mais une volont\u00e9 commune de ne jamais sortir du cadre d\u00e9limit\u00e9 par la Constitution<\/em> \u00bb, a martel\u00e9 le patron des 7 Sages.<\/p>\n<p><strong>Le secret est dans le bulletin de vote<\/strong><\/p>\n<p>Justifiant sa pens\u00e9e, il renseigne : \u00ab <em>des amis en Afrique nous disent souvent que chaque fois que le pire est pr\u00e9dit au S\u00e9n\u00e9gal, en raison de fortes tensions et d\u2019animosit\u00e9 exacerb\u00e9es, les S\u00e9n\u00e9galais arrivent toujours \u00e0 retomber sur leurs pieds comme si de rien n\u2019\u00e9tait. Fort de ce constat, M. le pr\u00e9sident de la R\u00e9publique, il nous demande \u00ab Mais quel est donc votre secret ?<\/em> \u00bb.<\/p>\n<p>Il poursuit : \u00ab <em>plus pr\u00e9cis\u00e9ment, dans l\u2019intimit\u00e9 de la claire conscience des citoyens \u00e9lecteurs que leur bulletin de vote peut d\u00e9cisivement changer le cours de leur destin. D\u00e8s lors que l\u2019administration et les organes de contr\u00f4le du processus \u00e9lectoral ont fait la preuve de leur professionnalisme sous le contr\u00f4le d\u2019une justice impartiale. C\u2019est en effet en dix jours chrono que les S\u00e9n\u00e9galais ont \u00e9lu au premier tour avec 54,28% des voix, le pr\u00e9sident de la R\u00e9publique, Bassirou Diomaye Diakhar Faye, le 24 mars dernier. Et en ce jour, le 2 avril, qui marque aussi la fin du mandat de son pr\u00e9d\u00e9cesseur, le Conseil constitutionnel re\u00e7oit son serment<\/em> \u00bb.<\/p>\n<p>Pour lui, il s\u2019agit d\u2019un v\u00e9ritable coup de ma\u00eetre. \u00ab <em>Le dispositif \u00e9lectoral dans toutes ses composantes a d\u00e9montr\u00e9 une fois encore sa fiabilit\u00e9. Nous le devons \u00e0 l\u2019exp\u00e9rience, l\u2019expertise, et la neutralit\u00e9 de l\u2019administration \u00e9lectorale et des diff\u00e9rents organes de contr\u00f4le de la r\u00e9gularit\u00e9 des \u00e9lections, ainsi qu\u2019\u00e0 la transparence et la c\u00e9l\u00e9rit\u00e9 not\u00e9es \u00e0 toutes les \u00e9tapes du recensement des votes vu qu\u2019aucune contestation n\u2019a \u00e9t\u00e9 formul\u00e9e. Nous le devons aussi, il faut le dire, \u00e0 l\u2019engagement du pr\u00e9sident Macky Sall qui, avec la d\u00e9termination qu\u2019on lui conna\u00eet, et dans un d\u00e9lai record, a repris en main le processus \u00e9lectoral avec comme seul objectif un scrutin apais\u00e9 et transparent quel qu\u2019en soit le vainqueur<\/em> \u00bb.<\/p>\n<div class='share-to-whatsapp-wrapper'><div class='share-on-whsp'>PARTAGER SUR : <\/div><a data-text='MAMADOU BADIO CAMARA - \"L\u2019administration et les organes de contr\u00f4le, ont fait preuve de professionnalisme...\"' data-link='https:\/\/www.nettali.com\/2024\/04\/02\/mamadou-badio-camara-ladministration-et-les-organes-de-controle-du-processus-electoral-ont-fait-preuve-de-professionnalisme\/' class='whatsapp-button whatsapp-share'>WhatsApp<\/a><div class='clear '><\/div><\/div>","protected":false},"excerpt":{"rendered":"<p>NETTALI.COM - Le Conseil Constitutionnel a donn\u00e9 acte au 5\u00e8me Pr\u00e9sident de la R\u00e9publique du S\u00e9n\u00e9gal apr\u00e8s sa prestation de serment, ce mardi 2 avril au centre international de conf\u00e9rences Abdou Diouf de Diamniadio. Le Pr\u00e9sident du Conseil constitutionnel Mamadou Badio Camara est revenu entres autres sur les circonstances du d\u00e9roulement du scrutin, non sans [&hellip;]<\/p>\n","protected":false},"author":6,"featured_media":131018,"comment_status":"open","ping_status":"open","sticky":false,"template":"","format":"standard","meta":{"_et_pb_use_builder":"","_et_pb_old_content":""},"categories":[2],"tags":[],"yoast_head":"<!-- This site is optimized with the Yoast SEO Premium plugin v17.8 (Yoast SEO v17.8) - https:\/\/yoast.com\/wordpress\/plugins\/seo\/ -->\n<title>MAMADOU BADIO CAMARA - &quot;L\u2019administration et les organes de contr\u00f4le, ont fait preuve de professionnalisme...&quot; | Nettali.com<\/title>\n<meta name=\"robots\" content=\"index, follow, max-snippet:-1, max-image-preview:large, max-video-preview:-1\" \/>\n<link rel=\"canonical\" href=\"https:\/\/www.nettali.com\/2024\/04\/02\/mamadou-badio-camara-ladministration-et-les-organes-de-controle-du-processus-electoral-ont-fait-preuve-de-professionnalisme\/\" \/>\n<meta property=\"og:locale\" content=\"fr_FR\" \/>\n<meta property=\"og:type\" content=\"article\" \/>\n<meta property=\"og:title\" content=\"MAMADOU BADIO CAMARA - &quot;L\u2019administration et les organes de contr\u00f4le, ont fait preuve de professionnalisme...&quot;\" \/>\n<meta property=\"og:description\" content=\"NETTALI.COM - Le Conseil Constitutionnel a donn\u00e9 acte au 5\u00e8me Pr\u00e9sident de la R\u00e9publique du S\u00e9n\u00e9gal apr\u00e8s sa prestation de serment, ce mardi 2 avril au centre international de conf\u00e9rences Abdou Diouf de Diamniadio. Le Pr\u00e9sident du Conseil constitutionnel Mamadou Badio Camara est revenu entres autres sur les circonstances du d\u00e9roulement du scrutin, non sans [&hellip;]\" \/>\n<meta property=\"og:url\" content=\"https:\/\/www.nettali.com\/2024\/04\/02\/mamadou-badio-camara-ladministration-et-les-organes-de-controle-du-processus-electoral-ont-fait-preuve-de-professionnalisme\/\" \/>\n<meta property=\"og:site_name\" content=\"Nettali.com\" \/>\n<meta property=\"article:publisher\" content=\"https:\/\/www.facebook.com\/nettalicom\" \/>\n<meta property=\"article:published_time\" content=\"2024-04-02T20:03:41+00:00\" \/>\n<meta property=\"article:modified_time\" content=\"2024-04-02T20:04:04+00:00\" \/>\n<meta property=\"og:image\" content=\"https:\/\/www.nettali.com\/wp-content\/uploads\/2024\/04\/investiture-bdf-3.jpeg\" \/>\n\t<meta property=\"og:image:width\" content=\"1080\" \/>\n\t<meta property=\"og:image:height\" content=\"1440\" \/>\n<meta name=\"twitter:card\" content=\"summary_large_image\" \/>\n<meta name=\"twitter:label1\" content=\"\u00c9crit par\" \/>\n\t<meta name=\"twitter:data1\" content=\"Fatou\" \/>\n\t<meta name=\"twitter:label2\" content=\"Dur\u00e9e de lecture estim\u00e9e\" \/>\n\t<meta name=\"twitter:data2\" content=\"4 minutes\" \/>\n<script type=\"application\/ld+json\" class=\"yoast-schema-graph\">{\"@context\":\"https:\/\/schema.org\",\"@graph\":[{\"@type\":\"WebSite\",\"@id\":\"https:\/\/www.nettali.com\/#website\",\"url\":\"https:\/\/www.nettali.com\/\",\"name\":\"Nettali.com\",\"description\":\"Le rendez-vous critique du Net\",\"potentialAction\":[{\"@type\":\"SearchAction\",\"target\":{\"@type\":\"EntryPoint\",\"urlTemplate\":\"https:\/\/www.nettali.com\/?s={search_term_string}\"},\"query-input\":\"required name=search_term_string\"}],\"inLanguage\":\"fr-FR\"},{\"@type\":\"ImageObject\",\"@id\":\"https:\/\/www.nettali.com\/2024\/04\/02\/mamadou-badio-camara-ladministration-et-les-organes-de-controle-du-processus-electoral-ont-fait-preuve-de-professionnalisme\/#primaryimage\",\"inLanguage\":\"fr-FR\",\"url\":\"https:\/\/www.nettali.com\/wp-content\/uploads\/2024\/04\/investiture-bdf-3.jpeg\",\"contentUrl\":\"https:\/\/www.nettali.com\/wp-content\/uploads\/2024\/04\/investiture-bdf-3.jpeg\",\"width\":1080,\"height\":1440},{\"@type\":\"WebPage\",\"@id\":\"https:\/\/www.nettali.com\/2024\/04\/02\/mamadou-badio-camara-ladministration-et-les-organes-de-controle-du-processus-electoral-ont-fait-preuve-de-professionnalisme\/#webpage\",\"url\":\"https:\/\/www.nettali.com\/2024\/04\/02\/mamadou-badio-camara-ladministration-et-les-organes-de-controle-du-processus-electoral-ont-fait-preuve-de-professionnalisme\/\",\"name\":\"MAMADOU BADIO CAMARA - \\\"L\\u2019administration et les organes de contr\\u00f4le, ont fait preuve de professionnalisme...\\\" | Nettali.com\",\"isPartOf\":{\"@id\":\"https:\/\/www.nettali.com\/#website\"},\"primaryImageOfPage\":{\"@id\":\"https:\/\/www.nettali.com\/2024\/04\/02\/mamadou-badio-camara-ladministration-et-les-organes-de-controle-du-processus-electoral-ont-fait-preuve-de-professionnalisme\/#primaryimage\"},\"datePublished\":\"2024-04-02T20:03:41+00:00\",\"dateModified\":\"2024-04-02T20:04:04+00:00\",\"author\":{\"@id\":\"https:\/\/www.nettali.com\/#\/schema\/person\/418274a86bdf87caff7a3ef476bd0bbf\"},\"breadcrumb\":{\"@id\":\"https:\/\/www.nettali.com\/2024\/04\/02\/mamadou-badio-camara-ladministration-et-les-organes-de-controle-du-processus-electoral-ont-fait-preuve-de-professionnalisme\/#breadcrumb\"},\"inLanguage\":\"fr-FR\",\"potentialAction\":[{\"@type\":\"ReadAction\",\"target\":[\"https:\/\/www.nettali.com\/2024\/04\/02\/mamadou-badio-camara-ladministration-et-les-organes-de-controle-du-processus-electoral-ont-fait-preuve-de-professionnalisme\/\"]}]},{\"@type\":\"BreadcrumbList\",\"@id\":\"https:\/\/www.nettali.com\/2024\/04\/02\/mamadou-badio-camara-ladministration-et-les-organes-de-controle-du-processus-electoral-ont-fait-preuve-de-professionnalisme\/#breadcrumb\",\"itemListElement\":[{\"@type\":\"ListItem\",\"position\":1,\"name\":\"Accueil\",\"item\":\"https:\/\/www.nettali.com\/\"},{\"@type\":\"ListItem\",\"position\":2,\"name\":\"MAMADOU BADIO CAMARA - \\\"L\\u2019administration et les organes de contr\\u00f4le, ont fait preuve de professionnalisme...\\\"\"}]},{\"@type\":\"Person\",\"@id\":\"https:\/\/www.nettali.com\/#\/schema\/person\/418274a86bdf87caff7a3ef476bd0bbf\",\"name\":\"Fatou\",\"image\":{\"@type\":\"ImageObject\",\"@id\":\"https:\/\/www.nettali.com\/#personlogo\",\"inLanguage\":\"fr-FR\",\"url\":\"https:\/\/secure.gravatar.com\/avatar\/5a9442a2bee7b4dcf167cab035858e9a?s=96&d=mm&r=g\",\"contentUrl\":\"https:\/\/secure.gravatar.com\/avatar\/5a9442a2bee7b4dcf167cab035858e9a?s=96&d=mm&r=g\",\"caption\":\"Fatou\"},\"sameAs\":[\"https:\/\/www.nettali.com\"]}]}<\/script>\n<!-- \/ Yoast SEO Premium plugin. -->","yoast_head_json":{"title":"MAMADOU BADIO CAMARA - \"L\u2019administration et les organes de contr\u00f4le, ont fait preuve de professionnalisme...\" | Nettali.com","robots":{"index":"index","follow":"follow","max-snippet":"max-snippet:-1","max-image-preview":"max-image-preview:large","max-video-preview":"max-video-preview:-1"},"canonical":"https:\/\/www.nettali.com\/2024\/04\/02\/mamadou-badio-camara-ladministration-et-les-organes-de-controle-du-processus-electoral-ont-fait-preuve-de-professionnalisme\/","og_locale":"fr_FR","og_type":"article","og_title":"MAMADOU BADIO CAMARA - \"L\u2019administration et les organes de contr\u00f4le, ont fait preuve de professionnalisme...\"","og_description":"NETTALI.COM - Le Conseil Constitutionnel a donn\u00e9 acte au 5\u00e8me Pr\u00e9sident de la R\u00e9publique du S\u00e9n\u00e9gal apr\u00e8s sa prestation de serment, ce mardi 2 avril au centre international de conf\u00e9rences Abdou Diouf de Diamniadio. Le Pr\u00e9sident du Conseil constitutionnel Mamadou Badio Camara est revenu entres autres sur les circonstances du d\u00e9roulement du scrutin, non sans [&hellip;]","og_url":"https:\/\/www.nettali.com\/2024\/04\/02\/mamadou-badio-camara-ladministration-et-les-organes-de-controle-du-processus-electoral-ont-fait-preuve-de-professionnalisme\/","og_site_name":"Nettali.com","article_publisher":"https:\/\/www.facebook.com\/nettalicom","article_published_time":"2024-04-02T20:03:41+00:00","article_modified_time":"2024-04-02T20:04:04+00:00","og_image":[{"width":1080,"height":1440,"url":"https:\/\/www.nettali.com\/wp-content\/uploads\/2024\/04\/investiture-bdf-3.jpeg","type":"image\/jpeg"}],"twitter_card":"summary_large_image","twitter_misc":{"\u00c9crit par":"Fatou","Dur\u00e9e de lecture estim\u00e9e":"4 minutes"},"schema":{"@context":"https:\/\/schema.org","@graph":[{"@type":"WebSite","@id":"https:\/\/www.nettali.com\/#website","url":"https:\/\/www.nettali.com\/","name":"Nettali.com","description":"Le rendez-vous critique du Net","potentialAction":[{"@type":"SearchAction","target":{"@type":"EntryPoint","urlTemplate":"https:\/\/www.nettali.com\/?s={search_term_string}"},"query-input":"required name=search_term_string"}],"inLanguage":"fr-FR"},{"@type":"ImageObject","@id":"https:\/\/www.nettali.com\/2024\/04\/02\/mamadou-badio-camara-ladministration-et-les-organes-de-controle-du-processus-electoral-ont-fait-preuve-de-professionnalisme\/#primaryimage","inLanguage":"fr-FR","url":"https:\/\/www.nettali.com\/wp-content\/uploads\/2024\/04\/investiture-bdf-3.jpeg","contentUrl":"https:\/\/www.nettali.com\/wp-content\/uploads\/2024\/04\/investiture-bdf-3.jpeg","width":1080,"height":1440},{"@type":"WebPage","@id":"https:\/\/www.nettali.com\/2024\/04\/02\/mamadou-badio-camara-ladministration-et-les-organes-de-controle-du-processus-electoral-ont-fait-preuve-de-professionnalisme\/#webpage","url":"https:\/\/www.nettali.com\/2024\/04\/02\/mamadou-badio-camara-ladministration-et-les-organes-de-controle-du-processus-electoral-ont-fait-preuve-de-professionnalisme\/","name":"MAMADOU BADIO CAMARA - \"L\u2019administration et les organes de contr\u00f4le, ont fait preuve de professionnalisme...\" | Nettali.com","isPartOf":{"@id":"https:\/\/www.nettali.com\/#website"},"primaryImageOfPage":{"@id":"https:\/\/www.nettali.com\/2024\/04\/02\/mamadou-badio-camara-ladministration-et-les-organes-de-controle-du-processus-electoral-ont-fait-preuve-de-professionnalisme\/#primaryimage"},"datePublished":"2024-04-02T20:03:41+00:00","dateModified":"2024-04-02T20:04:04+00:00","author":{"@id":"https:\/\/www.nettali.com\/#\/schema\/person\/418274a86bdf87caff7a3ef476bd0bbf"},"breadcrumb":{"@id":"https:\/\/www.nettali.com\/2024\/04\/02\/mamadou-badio-camara-ladministration-et-les-organes-de-controle-du-processus-electoral-ont-fait-preuve-de-professionnalisme\/#breadcrumb"},"inLanguage":"fr-FR","potentialAction":[{"@type":"ReadAction","target":["https:\/\/www.nettali.com\/2024\/04\/02\/mamadou-badio-camara-ladministration-et-les-organes-de-controle-du-processus-electoral-ont-fait-preuve-de-professionnalisme\/"]}]},{"@type":"BreadcrumbList","@id":"https:\/\/www.nettali.com\/2024\/04\/02\/mamadou-badio-camara-ladministration-et-les-organes-de-controle-du-processus-electoral-ont-fait-preuve-de-professionnalisme\/#breadcrumb","itemListElement":[{"@type":"ListItem","position":1,"name":"Accueil","item":"https:\/\/www.nettali.com\/"},{"@type":"ListItem","position":2,"name":"MAMADOU BADIO CAMARA - \"L\u2019administration et les organes de contr\u00f4le, ont fait preuve de professionnalisme...\""}]},{"@type":"Person","@id":"https:\/\/www.nettali.com\/#\/schema\/person\/418274a86bdf87caff7a3ef476bd0bbf","name":"Fatou","image":{"@type":"ImageObject","@id":"https:\/\/www.nettali.com\/#personlogo","inLanguage":"fr-FR","url":"https:\/\/secure.gravatar.com\/avatar\/5a9442a2bee7b4dcf167cab035858e9a?s=96&d=mm&r=g","contentUrl":"https:\/\/secure.gravatar.com\/avatar\/5a9442a2bee7b4dcf167cab035858e9a?s=96&d=mm&r=g","caption":"Fatou"},"sameAs":["https:\/\/www.nettali.com"]}]}},"_links":{"self":[{"href":"https:\/\/www.nettali.com\/rest\/wp\/v2\/posts\/131025"}],"collection":[{"href":"https:\/\/www.nettali.com\/rest\/wp\/v2\/posts"}],"about":[{"href":"https:\/\/www.nettali.com\/rest\/wp\/v2\/types\/post"}],"author":[{"embeddable":true,"href":"https:\/\/www.nettali.com\/rest\/wp\/v2\/users\/6"}],"replies":[{"embeddable":true,"href":"https:\/\/www.nettali.com\/rest\/wp\/v2\/comments?post=131025"}],"version-history":[{"count":4,"href":"https:\/\/www.nettali.com\/rest\/wp\/v2\/posts\/131025\/revisions"}],"predecessor-version":[{"id":131037,"href":"https:\/\/www.nettali.com\/rest\/wp\/v2\/posts\/131025\/revisions\/131037"}],"wp:featuredmedia":[{"embeddable":true,"href":"https:\/\/www.nettali.com\/rest\/wp\/v2\/media\/131018"}],"wp:attachment":[{"href":"https:\/\/www.nettali.com\/rest\/wp\/v2\/media?parent=131025"}],"wp:term":[{"taxonomy":"category","embeddable":true,"href":"https:\/\/www.nettali.com\/rest\/wp\/v2\/categories?post=131025"},{"taxonomy":"post_tag","embeddable":true,"href":"https:\/\/www.nettali.com\/rest\/wp\/v2\/tags?post=131025"}],"curies":[{"name":"wp","href":"https:\/\/api.w.org\/{rel}","templated":true}]}}