{"id":130898,"date":"2024-04-01T11:53:12","date_gmt":"2024-04-01T11:53:12","guid":{"rendered":"https:\/\/www.nettali.com\/?p=130898"},"modified":"2024-04-01T11:53:12","modified_gmt":"2024-04-01T11:53:12","slug":"ismail-jakobs-pourquoi-jai-choisi-le-senegal","status":"publish","type":"post","link":"https:\/\/www.nettali.com\/2024\/04\/01\/ismail-jakobs-pourquoi-jai-choisi-le-senegal\/","title":{"rendered":"ISMA\u00cfL JAKOBS - \"Pourquoi j'ai choisi le S\u00e9n\u00e9gal\""},"content":{"rendered":"<p><strong>NETTALI.COM - Alors qu\u2019il avait le choix entre l\u2019Allemagne et le S\u00e9n\u00e9gal pour sa carri\u00e8re internationale, Ismail Jakobs (24 ans) a opt\u00e9 pour les Lions de la T\u00e9ranga. Le natif de Cologne, qui compte 16 s\u00e9lections avec le S\u00e9n\u00e9gal, a expliqu\u00e9 pourquoi il avait opt\u00e9 pour la nation africaine. Les supporters ont jou\u00e9 un r\u00f4le pr\u00e9pond\u00e9rant dans la d\u00e9cision du joueur de l\u2019AS Monaco.<\/strong><\/p>\n<p>\"<em>On se sent plus sp\u00e9cial lorsqu\u2019on repr\u00e9sente une nation africaine. Si un joueur repr\u00e9sente le S\u00e9n\u00e9gal, il aura l\u2019impression d\u2019\u00eatre soutenu par tout le pays, m\u00eame s\u2019il n\u2019est pas avec la s\u00e9lection \u00e0 cet instant. Quand tu rentres \u00e0 Monaco, ils te soutiennent encore. C\u2019est quelque chose que vous n\u2019avez pas en Europe<\/em>\", a-t-il notamment expliqu\u00e9 ce samedi 30 mars pour Canal + Sport Afrique.<\/p>\n<p>\u00c0 travers ces propos, Ismail Jakobs dont le p\u00e8re est s\u00e9n\u00e9galais et la m\u00e8re allemande, exprime clairement que pour lui, \u00e9voluer avec l\u2019\u00e9quipe nationale du S\u00e9n\u00e9gal, offre une exp\u00e9rience enrichissante et unique, bien diff\u00e9rente de ce qu\u2019il aurait pu conna\u00eetre en choisissant de jouer pour la Mannschaft.<\/p>\n<p>Participant \u00e0 la Coupe du Monde 2022, Ismail Jakobs entame d\u00e9j\u00e0 sa troisi\u00e8me saison sous les couleurs de l\u2019AS Monaco. Cette saison, il a pris part \u00e0 21 rencontres de Ligue 1 (inscrivant un but), portant ainsi \u00e0 81 le nombre total de ses apparitions dans l\u2019\u00e9lite du football fran\u00e7ais.<\/p>\n<p>Avant de faire valoir son talent \u00e0 l\u2019ASM, le vainqueur du championnat d\u2019Europe espoirs en 2021 avait pass\u00e9 deux saisons au FC Cologne, totalisant 45 apparitions (3 buts) en Bundesliga. Lat\u00e9ral gauche poss\u00e9dant une vitesse exceptionnelle et une propension \u00e0 prendre la profondeur, Ismail Jakobs, qui culmine \u00e0 1 m\u00e8tre 84, repr\u00e9sente \u00e9galement un atout pr\u00e9cieux pour l\u2019\u00e9quipe dirig\u00e9e par Aliou Ciss\u00e9.<\/p>\n<p>\u00c0 seulement 24 ans, il devrait continuer \u00e0 arpenter les couloirs gauches des Lions pendant de nombreuses saisons encore.<\/p>\n<div class='share-to-whatsapp-wrapper'><div class='share-on-whsp'>PARTAGER SUR : <\/div><a data-text='ISMA\u00cfL JAKOBS - \"Pourquoi j'ai choisi le S\u00e9n\u00e9gal\"' data-link='https:\/\/www.nettali.com\/2024\/04\/01\/ismail-jakobs-pourquoi-jai-choisi-le-senegal\/' class='whatsapp-button whatsapp-share'>WhatsApp<\/a><div class='clear '><\/div><\/div>","protected":false},"excerpt":{"rendered":"<p>NETTALI.COM - Alors qu\u2019il avait le choix entre l\u2019Allemagne et le S\u00e9n\u00e9gal pour sa carri\u00e8re internationale, Ismail Jakobs (24 ans) a opt\u00e9 pour les Lions de la T\u00e9ranga. Le natif de Cologne, qui compte 16 s\u00e9lections avec le S\u00e9n\u00e9gal, a expliqu\u00e9 pourquoi il avait opt\u00e9 pour la nation africaine. Les supporters ont jou\u00e9 un r\u00f4le [&hellip;]<\/p>\n","protected":false},"author":5,"featured_media":130899,"comment_status":"open","ping_status":"open","sticky":false,"template":"","format":"standard","meta":{"_et_pb_use_builder":"","_et_pb_old_content":""},"categories":[6],"tags":[],"yoast_head":"<!-- This site is optimized with the Yoast SEO Premium plugin v17.8 (Yoast SEO v17.8) - https:\/\/yoast.com\/wordpress\/plugins\/seo\/ -->\n<title>ISMA\u00cfL JAKOBS - &quot;Pourquoi j&#039;ai choisi le S\u00e9n\u00e9gal&quot; | Nettali.com<\/title>\n<meta name=\"robots\" content=\"index, follow, max-snippet:-1, max-image-preview:large, max-video-preview:-1\" \/>\n<link rel=\"canonical\" href=\"https:\/\/www.nettali.com\/2024\/04\/01\/ismail-jakobs-pourquoi-jai-choisi-le-senegal\/\" \/>\n<meta property=\"og:locale\" content=\"fr_FR\" \/>\n<meta property=\"og:type\" content=\"article\" \/>\n<meta property=\"og:title\" content=\"ISMA\u00cfL JAKOBS - &quot;Pourquoi j&#039;ai choisi le S\u00e9n\u00e9gal&quot;\" \/>\n<meta property=\"og:description\" content=\"NETTALI.COM - Alors qu\u2019il avait le choix entre l\u2019Allemagne et le S\u00e9n\u00e9gal pour sa carri\u00e8re internationale, Ismail Jakobs (24 ans) a opt\u00e9 pour les Lions de la T\u00e9ranga. Le natif de Cologne, qui compte 16 s\u00e9lections avec le S\u00e9n\u00e9gal, a expliqu\u00e9 pourquoi il avait opt\u00e9 pour la nation africaine. Les supporters ont jou\u00e9 un r\u00f4le [&hellip;]\" \/>\n<meta property=\"og:url\" content=\"https:\/\/www.nettali.com\/2024\/04\/01\/ismail-jakobs-pourquoi-jai-choisi-le-senegal\/\" \/>\n<meta property=\"og:site_name\" content=\"Nettali.com\" \/>\n<meta property=\"article:publisher\" content=\"https:\/\/www.facebook.com\/nettalicom\" \/>\n<meta property=\"article:published_time\" content=\"2024-04-01T11:53:12+00:00\" \/>\n<meta property=\"og:image\" content=\"https:\/\/www.nettali.com\/wp-content\/uploads\/2024\/04\/gettyimages-1727883249-2048x2048-1_1.jpg\" \/>\n\t<meta property=\"og:image:width\" content=\"1365\" \/>\n\t<meta property=\"og:image:height\" content=\"899\" \/>\n<meta name=\"twitter:card\" content=\"summary_large_image\" \/>\n<meta name=\"twitter:label1\" content=\"\u00c9crit par\" \/>\n\t<meta name=\"twitter:data1\" content=\"Ibrahima\" \/>\n\t<meta name=\"twitter:label2\" content=\"Dur\u00e9e de lecture estim\u00e9e\" \/>\n\t<meta name=\"twitter:data2\" content=\"2 minutes\" \/>\n<script type=\"application\/ld+json\" class=\"yoast-schema-graph\">{\"@context\":\"https:\/\/schema.org\",\"@graph\":[{\"@type\":\"WebSite\",\"@id\":\"https:\/\/www.nettali.com\/#website\",\"url\":\"https:\/\/www.nettali.com\/\",\"name\":\"Nettali.com\",\"description\":\"Le rendez-vous critique du Net\",\"potentialAction\":[{\"@type\":\"SearchAction\",\"target\":{\"@type\":\"EntryPoint\",\"urlTemplate\":\"https:\/\/www.nettali.com\/?s={search_term_string}\"},\"query-input\":\"required name=search_term_string\"}],\"inLanguage\":\"fr-FR\"},{\"@type\":\"ImageObject\",\"@id\":\"https:\/\/www.nettali.com\/2024\/04\/01\/ismail-jakobs-pourquoi-jai-choisi-le-senegal\/#primaryimage\",\"inLanguage\":\"fr-FR\",\"url\":\"https:\/\/www.nettali.com\/wp-content\/uploads\/2024\/04\/gettyimages-1727883249-2048x2048-1_1.jpg\",\"contentUrl\":\"https:\/\/www.nettali.com\/wp-content\/uploads\/2024\/04\/gettyimages-1727883249-2048x2048-1_1.jpg\",\"width\":1365,\"height\":899},{\"@type\":\"WebPage\",\"@id\":\"https:\/\/www.nettali.com\/2024\/04\/01\/ismail-jakobs-pourquoi-jai-choisi-le-senegal\/#webpage\",\"url\":\"https:\/\/www.nettali.com\/2024\/04\/01\/ismail-jakobs-pourquoi-jai-choisi-le-senegal\/\",\"name\":\"ISMA\\u00cfL JAKOBS - \\\"Pourquoi j'ai choisi le S\\u00e9n\\u00e9gal\\\" | Nettali.com\",\"isPartOf\":{\"@id\":\"https:\/\/www.nettali.com\/#website\"},\"primaryImageOfPage\":{\"@id\":\"https:\/\/www.nettali.com\/2024\/04\/01\/ismail-jakobs-pourquoi-jai-choisi-le-senegal\/#primaryimage\"},\"datePublished\":\"2024-04-01T11:53:12+00:00\",\"dateModified\":\"2024-04-01T11:53:12+00:00\",\"author\":{\"@id\":\"https:\/\/www.nettali.com\/#\/schema\/person\/bb147657c2986240405a608162b9bb23\"},\"breadcrumb\":{\"@id\":\"https:\/\/www.nettali.com\/2024\/04\/01\/ismail-jakobs-pourquoi-jai-choisi-le-senegal\/#breadcrumb\"},\"inLanguage\":\"fr-FR\",\"potentialAction\":[{\"@type\":\"ReadAction\",\"target\":[\"https:\/\/www.nettali.com\/2024\/04\/01\/ismail-jakobs-pourquoi-jai-choisi-le-senegal\/\"]}]},{\"@type\":\"BreadcrumbList\",\"@id\":\"https:\/\/www.nettali.com\/2024\/04\/01\/ismail-jakobs-pourquoi-jai-choisi-le-senegal\/#breadcrumb\",\"itemListElement\":[{\"@type\":\"ListItem\",\"position\":1,\"name\":\"Accueil\",\"item\":\"https:\/\/www.nettali.com\/\"},{\"@type\":\"ListItem\",\"position\":2,\"name\":\"ISMA\\u00cfL JAKOBS - \\\"Pourquoi j'ai choisi le S\\u00e9n\\u00e9gal\\\"\"}]},{\"@type\":\"Person\",\"@id\":\"https:\/\/www.nettali.com\/#\/schema\/person\/bb147657c2986240405a608162b9bb23\",\"name\":\"Ibrahima\",\"image\":{\"@type\":\"ImageObject\",\"@id\":\"https:\/\/www.nettali.com\/#personlogo\",\"inLanguage\":\"fr-FR\",\"url\":\"https:\/\/secure.gravatar.com\/avatar\/26a8a81f09f0dd7624c9d5c36c9ba3a2?s=96&d=mm&r=g\",\"contentUrl\":\"https:\/\/secure.gravatar.com\/avatar\/26a8a81f09f0dd7624c9d5c36c9ba3a2?s=96&d=mm&r=g\",\"caption\":\"Ibrahima\"},\"sameAs\":[\"https:\/\/www.nettali.com\"]}]}<\/script>\n<!-- \/ Yoast SEO Premium plugin. -->","yoast_head_json":{"title":"ISMA\u00cfL JAKOBS - \"Pourquoi j'ai choisi le S\u00e9n\u00e9gal\" | Nettali.com","robots":{"index":"index","follow":"follow","max-snippet":"max-snippet:-1","max-image-preview":"max-image-preview:large","max-video-preview":"max-video-preview:-1"},"canonical":"https:\/\/www.nettali.com\/2024\/04\/01\/ismail-jakobs-pourquoi-jai-choisi-le-senegal\/","og_locale":"fr_FR","og_type":"article","og_title":"ISMA\u00cfL JAKOBS - \"Pourquoi j'ai choisi le S\u00e9n\u00e9gal\"","og_description":"NETTALI.COM - Alors qu\u2019il avait le choix entre l\u2019Allemagne et le S\u00e9n\u00e9gal pour sa carri\u00e8re internationale, Ismail Jakobs (24 ans) a opt\u00e9 pour les Lions de la T\u00e9ranga. Le natif de Cologne, qui compte 16 s\u00e9lections avec le S\u00e9n\u00e9gal, a expliqu\u00e9 pourquoi il avait opt\u00e9 pour la nation africaine. Les supporters ont jou\u00e9 un r\u00f4le [&hellip;]","og_url":"https:\/\/www.nettali.com\/2024\/04\/01\/ismail-jakobs-pourquoi-jai-choisi-le-senegal\/","og_site_name":"Nettali.com","article_publisher":"https:\/\/www.facebook.com\/nettalicom","article_published_time":"2024-04-01T11:53:12+00:00","og_image":[{"width":1365,"height":899,"url":"https:\/\/www.nettali.com\/wp-content\/uploads\/2024\/04\/gettyimages-1727883249-2048x2048-1_1.jpg","type":"image\/jpeg"}],"twitter_card":"summary_large_image","twitter_misc":{"\u00c9crit par":"Ibrahima","Dur\u00e9e de lecture estim\u00e9e":"2 minutes"},"schema":{"@context":"https:\/\/schema.org","@graph":[{"@type":"WebSite","@id":"https:\/\/www.nettali.com\/#website","url":"https:\/\/www.nettali.com\/","name":"Nettali.com","description":"Le rendez-vous critique du Net","potentialAction":[{"@type":"SearchAction","target":{"@type":"EntryPoint","urlTemplate":"https:\/\/www.nettali.com\/?s={search_term_string}"},"query-input":"required name=search_term_string"}],"inLanguage":"fr-FR"},{"@type":"ImageObject","@id":"https:\/\/www.nettali.com\/2024\/04\/01\/ismail-jakobs-pourquoi-jai-choisi-le-senegal\/#primaryimage","inLanguage":"fr-FR","url":"https:\/\/www.nettali.com\/wp-content\/uploads\/2024\/04\/gettyimages-1727883249-2048x2048-1_1.jpg","contentUrl":"https:\/\/www.nettali.com\/wp-content\/uploads\/2024\/04\/gettyimages-1727883249-2048x2048-1_1.jpg","width":1365,"height":899},{"@type":"WebPage","@id":"https:\/\/www.nettali.com\/2024\/04\/01\/ismail-jakobs-pourquoi-jai-choisi-le-senegal\/#webpage","url":"https:\/\/www.nettali.com\/2024\/04\/01\/ismail-jakobs-pourquoi-jai-choisi-le-senegal\/","name":"ISMA\u00cfL JAKOBS - \"Pourquoi j'ai choisi le S\u00e9n\u00e9gal\" | Nettali.com","isPartOf":{"@id":"https:\/\/www.nettali.com\/#website"},"primaryImageOfPage":{"@id":"https:\/\/www.nettali.com\/2024\/04\/01\/ismail-jakobs-pourquoi-jai-choisi-le-senegal\/#primaryimage"},"datePublished":"2024-04-01T11:53:12+00:00","dateModified":"2024-04-01T11:53:12+00:00","author":{"@id":"https:\/\/www.nettali.com\/#\/schema\/person\/bb147657c2986240405a608162b9bb23"},"breadcrumb":{"@id":"https:\/\/www.nettali.com\/2024\/04\/01\/ismail-jakobs-pourquoi-jai-choisi-le-senegal\/#breadcrumb"},"inLanguage":"fr-FR","potentialAction":[{"@type":"ReadAction","target":["https:\/\/www.nettali.com\/2024\/04\/01\/ismail-jakobs-pourquoi-jai-choisi-le-senegal\/"]}]},{"@type":"BreadcrumbList","@id":"https:\/\/www.nettali.com\/2024\/04\/01\/ismail-jakobs-pourquoi-jai-choisi-le-senegal\/#breadcrumb","itemListElement":[{"@type":"ListItem","position":1,"name":"Accueil","item":"https:\/\/www.nettali.com\/"},{"@type":"ListItem","position":2,"name":"ISMA\u00cfL JAKOBS - \"Pourquoi j'ai choisi le S\u00e9n\u00e9gal\""}]},{"@type":"Person","@id":"https:\/\/www.nettali.com\/#\/schema\/person\/bb147657c2986240405a608162b9bb23","name":"Ibrahima","image":{"@type":"ImageObject","@id":"https:\/\/www.nettali.com\/#personlogo","inLanguage":"fr-FR","url":"https:\/\/secure.gravatar.com\/avatar\/26a8a81f09f0dd7624c9d5c36c9ba3a2?s=96&d=mm&r=g","contentUrl":"https:\/\/secure.gravatar.com\/avatar\/26a8a81f09f0dd7624c9d5c36c9ba3a2?s=96&d=mm&r=g","caption":"Ibrahima"},"sameAs":["https:\/\/www.nettali.com"]}]}},"_links":{"self":[{"href":"https:\/\/www.nettali.com\/rest\/wp\/v2\/posts\/130898"}],"collection":[{"href":"https:\/\/www.nettali.com\/rest\/wp\/v2\/posts"}],"about":[{"href":"https:\/\/www.nettali.com\/rest\/wp\/v2\/types\/post"}],"author":[{"embeddable":true,"href":"https:\/\/www.nettali.com\/rest\/wp\/v2\/users\/5"}],"replies":[{"embeddable":true,"href":"https:\/\/www.nettali.com\/rest\/wp\/v2\/comments?post=130898"}],"version-history":[{"count":4,"href":"https:\/\/www.nettali.com\/rest\/wp\/v2\/posts\/130898\/revisions"}],"predecessor-version":[{"id":130904,"href":"https:\/\/www.nettali.com\/rest\/wp\/v2\/posts\/130898\/revisions\/130904"}],"wp:featuredmedia":[{"embeddable":true,"href":"https:\/\/www.nettali.com\/rest\/wp\/v2\/media\/130899"}],"wp:attachment":[{"href":"https:\/\/www.nettali.com\/rest\/wp\/v2\/media?parent=130898"}],"wp:term":[{"taxonomy":"category","embeddable":true,"href":"https:\/\/www.nettali.com\/rest\/wp\/v2\/categories?post=130898"},{"taxonomy":"post_tag","embeddable":true,"href":"https:\/\/www.nettali.com\/rest\/wp\/v2\/tags?post=130898"}],"curies":[{"name":"wp","href":"https:\/\/api.w.org\/{rel}","templated":true}]}}