{"id":130847,"date":"2024-03-30T16:33:13","date_gmt":"2024-03-30T16:33:13","guid":{"rendered":"https:\/\/www.nettali.com\/?p=130847"},"modified":"2024-03-30T16:33:13","modified_gmt":"2024-03-30T16:33:13","slug":"drame-deux-freres-ages-de-1-et-4-ans-retrouves-morts-calcines-dans-la-carcasse-dune-voiture","status":"publish","type":"post","link":"https:\/\/www.nettali.com\/2024\/03\/30\/drame-deux-freres-ages-de-1-et-4-ans-retrouves-morts-calcines-dans-la-carcasse-dune-voiture\/","title":{"rendered":"DRAME - Deux fr\u00e8res \u00e2g\u00e9s de 1 et 4 ans retrouv\u00e9s morts calcin\u00e9s dans la carcasse d\u2019une voiture"},"content":{"rendered":"<p><strong>NETTALI.COM - Les habitants du quartier Ndiob\u00e8ne de Kolda sont, depuis vendredi, sous le choc. Ce, \u00e0 la suite de la d\u00e9couverte des corps sans vie de deux fr\u00e8res : A. Diallo (4 ans) et Y. Diallo (1 an). Port\u00e9s disparus jeudi matin, leurs d\u00e9pouilles seront d\u00e9couvertes en d\u00e9but de soir\u00e9e dans la carcasse d'une voiture.<\/strong><\/p>\n<p>Le drame a eu lieu au quartier Ndiob\u00e8ne (commune de Kolda). Les corps sans vie ont \u00e9t\u00e9 retrouv\u00e9s dans une voiture en panne, gar\u00e9e dans l'arri\u00e8re-cour de la maison, \u00e0 c\u00f4t\u00e9 d'une autre carcasse de taxi jeune- noire, rapporte L'observateur.<\/p>\n<p>Les deux fr\u00e8res \u00e9taient port\u00e9s disparus dans la matin\u00e9e de jeudi. Apr\u00e8s plusieurs heures de recherche, c'est finalement en d\u00e9but de soir\u00e9e, aux environs de 18 heures, que la triste nouvelle est tomb\u00e9e, ajoutent nos confr\u00e8res.<\/p>\n<p>\"<em>A. Diallo et son cadet Y. Diallo sont retrouv\u00e9s sans vie dans la carcasse d'une voiture en panne, immobilis\u00e9e depuis 5 ans dans l'arri\u00e8re-cour de leur maison familiale<\/em>\", d\u00e9taille le journal.<\/p>\n<p>Sous le choc de la mort tragique de leurs enfants, leur p\u00e8re I. Diallo, boutiquier de profession, et leur m\u00e8re ont \u00e9t\u00e9 \u00e9vacu\u00e9s des lieux en pleurs, devant le film de l'image d'une trag\u00e9die insoutenable.<\/p>\n<p>\u0410 la suite des constats d'usage de la police, les sapeurs-pompiers ont achemin\u00e9 les d\u00e9pouilles des deux gar\u00e7ons \u00e0 la morgue de l\u2019h\u00f4pital r\u00e9gional de Kolda.<br \/>\nUne enqu\u00eate a \u00e9t\u00e9 ouverte.<\/p>\n<div class='share-to-whatsapp-wrapper'><div class='share-on-whsp'>PARTAGER SUR : <\/div><a data-text='DRAME - Deux fr\u00e8res \u00e2g\u00e9s de 1 et 4 ans retrouv\u00e9s morts calcin\u00e9s dans la carcasse d\u2019une voiture' data-link='https:\/\/www.nettali.com\/2024\/03\/30\/drame-deux-freres-ages-de-1-et-4-ans-retrouves-morts-calcines-dans-la-carcasse-dune-voiture\/' class='whatsapp-button whatsapp-share'>WhatsApp<\/a><div class='clear '><\/div><\/div>","protected":false},"excerpt":{"rendered":"<p>NETTALI.COM - Les habitants du quartier Ndiob\u00e8ne de Kolda sont, depuis vendredi, sous le choc. Ce, \u00e0 la suite de la d\u00e9couverte des corps sans vie de deux fr\u00e8res : A. Diallo (4 ans) et Y. Diallo (1 an). Port\u00e9s disparus jeudi matin, leurs d\u00e9pouilles seront d\u00e9couvertes en d\u00e9but de soir\u00e9e dans la carcasse d'une [&hellip;]<\/p>\n","protected":false},"author":5,"featured_media":65276,"comment_status":"open","ping_status":"open","sticky":false,"template":"","format":"standard","meta":{"_et_pb_use_builder":"","_et_pb_old_content":""},"categories":[3],"tags":[],"yoast_head":"<!-- This site is optimized with the Yoast SEO Premium plugin v17.8 (Yoast SEO v17.8) - https:\/\/yoast.com\/wordpress\/plugins\/seo\/ -->\n<title>DRAME - Deux fr\u00e8res \u00e2g\u00e9s de 1 et 4 ans retrouv\u00e9s morts calcin\u00e9s dans la carcasse d\u2019une voiture | Nettali.com<\/title>\n<meta name=\"robots\" content=\"index, follow, max-snippet:-1, max-image-preview:large, max-video-preview:-1\" \/>\n<link rel=\"canonical\" href=\"https:\/\/www.nettali.com\/2024\/03\/30\/drame-deux-freres-ages-de-1-et-4-ans-retrouves-morts-calcines-dans-la-carcasse-dune-voiture\/\" \/>\n<meta property=\"og:locale\" content=\"fr_FR\" \/>\n<meta property=\"og:type\" content=\"article\" \/>\n<meta property=\"og:title\" content=\"DRAME - Deux fr\u00e8res \u00e2g\u00e9s de 1 et 4 ans retrouv\u00e9s morts calcin\u00e9s dans la carcasse d\u2019une voiture\" \/>\n<meta property=\"og:description\" content=\"NETTALI.COM - Les habitants du quartier Ndiob\u00e8ne de Kolda sont, depuis vendredi, sous le choc. Ce, \u00e0 la suite de la d\u00e9couverte des corps sans vie de deux fr\u00e8res : A. Diallo (4 ans) et Y. Diallo (1 an). Port\u00e9s disparus jeudi matin, leurs d\u00e9pouilles seront d\u00e9couvertes en d\u00e9but de soir\u00e9e dans la carcasse d&#039;une [&hellip;]\" \/>\n<meta property=\"og:url\" content=\"https:\/\/www.nettali.com\/2024\/03\/30\/drame-deux-freres-ages-de-1-et-4-ans-retrouves-morts-calcines-dans-la-carcasse-dune-voiture\/\" \/>\n<meta property=\"og:site_name\" content=\"Nettali.com\" \/>\n<meta property=\"article:publisher\" content=\"https:\/\/www.facebook.com\/nettalicom\" \/>\n<meta property=\"article:published_time\" content=\"2024-03-30T16:33:13+00:00\" \/>\n<meta property=\"og:image\" content=\"https:\/\/www.nettali.com\/wp-content\/uploads\/2021\/06\/ambulance-sapeurs-pompiers-mort-accident.jpg\" \/>\n\t<meta property=\"og:image:width\" content=\"1200\" \/>\n\t<meta property=\"og:image:height\" content=\"718\" \/>\n<meta name=\"twitter:card\" content=\"summary_large_image\" \/>\n<meta name=\"twitter:label1\" content=\"\u00c9crit par\" \/>\n\t<meta name=\"twitter:data1\" content=\"Ibrahima\" \/>\n\t<meta name=\"twitter:label2\" content=\"Dur\u00e9e de lecture estim\u00e9e\" \/>\n\t<meta name=\"twitter:data2\" content=\"2 minutes\" \/>\n<script type=\"application\/ld+json\" class=\"yoast-schema-graph\">{\"@context\":\"https:\/\/schema.org\",\"@graph\":[{\"@type\":\"WebSite\",\"@id\":\"https:\/\/www.nettali.com\/#website\",\"url\":\"https:\/\/www.nettali.com\/\",\"name\":\"Nettali.com\",\"description\":\"Le rendez-vous critique du Net\",\"potentialAction\":[{\"@type\":\"SearchAction\",\"target\":{\"@type\":\"EntryPoint\",\"urlTemplate\":\"https:\/\/www.nettali.com\/?s={search_term_string}\"},\"query-input\":\"required name=search_term_string\"}],\"inLanguage\":\"fr-FR\"},{\"@type\":\"ImageObject\",\"@id\":\"https:\/\/www.nettali.com\/2024\/03\/30\/drame-deux-freres-ages-de-1-et-4-ans-retrouves-morts-calcines-dans-la-carcasse-dune-voiture\/#primaryimage\",\"inLanguage\":\"fr-FR\",\"url\":\"https:\/\/www.nettali.com\/wp-content\/uploads\/2021\/06\/ambulance-sapeurs-pompiers-mort-accident.jpg\",\"contentUrl\":\"https:\/\/www.nettali.com\/wp-content\/uploads\/2021\/06\/ambulance-sapeurs-pompiers-mort-accident.jpg\",\"width\":1200,\"height\":718},{\"@type\":\"WebPage\",\"@id\":\"https:\/\/www.nettali.com\/2024\/03\/30\/drame-deux-freres-ages-de-1-et-4-ans-retrouves-morts-calcines-dans-la-carcasse-dune-voiture\/#webpage\",\"url\":\"https:\/\/www.nettali.com\/2024\/03\/30\/drame-deux-freres-ages-de-1-et-4-ans-retrouves-morts-calcines-dans-la-carcasse-dune-voiture\/\",\"name\":\"DRAME - Deux fr\\u00e8res \\u00e2g\\u00e9s de 1 et 4 ans retrouv\\u00e9s morts calcin\\u00e9s dans la carcasse d\\u2019une voiture | Nettali.com\",\"isPartOf\":{\"@id\":\"https:\/\/www.nettali.com\/#website\"},\"primaryImageOfPage\":{\"@id\":\"https:\/\/www.nettali.com\/2024\/03\/30\/drame-deux-freres-ages-de-1-et-4-ans-retrouves-morts-calcines-dans-la-carcasse-dune-voiture\/#primaryimage\"},\"datePublished\":\"2024-03-30T16:33:13+00:00\",\"dateModified\":\"2024-03-30T16:33:13+00:00\",\"author\":{\"@id\":\"https:\/\/www.nettali.com\/#\/schema\/person\/bb147657c2986240405a608162b9bb23\"},\"breadcrumb\":{\"@id\":\"https:\/\/www.nettali.com\/2024\/03\/30\/drame-deux-freres-ages-de-1-et-4-ans-retrouves-morts-calcines-dans-la-carcasse-dune-voiture\/#breadcrumb\"},\"inLanguage\":\"fr-FR\",\"potentialAction\":[{\"@type\":\"ReadAction\",\"target\":[\"https:\/\/www.nettali.com\/2024\/03\/30\/drame-deux-freres-ages-de-1-et-4-ans-retrouves-morts-calcines-dans-la-carcasse-dune-voiture\/\"]}]},{\"@type\":\"BreadcrumbList\",\"@id\":\"https:\/\/www.nettali.com\/2024\/03\/30\/drame-deux-freres-ages-de-1-et-4-ans-retrouves-morts-calcines-dans-la-carcasse-dune-voiture\/#breadcrumb\",\"itemListElement\":[{\"@type\":\"ListItem\",\"position\":1,\"name\":\"Accueil\",\"item\":\"https:\/\/www.nettali.com\/\"},{\"@type\":\"ListItem\",\"position\":2,\"name\":\"DRAME - Deux fr\\u00e8res \\u00e2g\\u00e9s de 1 et 4 ans retrouv\\u00e9s morts calcin\\u00e9s dans la carcasse d\\u2019une voiture\"}]},{\"@type\":\"Person\",\"@id\":\"https:\/\/www.nettali.com\/#\/schema\/person\/bb147657c2986240405a608162b9bb23\",\"name\":\"Ibrahima\",\"image\":{\"@type\":\"ImageObject\",\"@id\":\"https:\/\/www.nettali.com\/#personlogo\",\"inLanguage\":\"fr-FR\",\"url\":\"https:\/\/secure.gravatar.com\/avatar\/26a8a81f09f0dd7624c9d5c36c9ba3a2?s=96&d=mm&r=g\",\"contentUrl\":\"https:\/\/secure.gravatar.com\/avatar\/26a8a81f09f0dd7624c9d5c36c9ba3a2?s=96&d=mm&r=g\",\"caption\":\"Ibrahima\"},\"sameAs\":[\"https:\/\/www.nettali.com\"]}]}<\/script>\n<!-- \/ Yoast SEO Premium plugin. -->","yoast_head_json":{"title":"DRAME - Deux fr\u00e8res \u00e2g\u00e9s de 1 et 4 ans retrouv\u00e9s morts calcin\u00e9s dans la carcasse d\u2019une voiture | Nettali.com","robots":{"index":"index","follow":"follow","max-snippet":"max-snippet:-1","max-image-preview":"max-image-preview:large","max-video-preview":"max-video-preview:-1"},"canonical":"https:\/\/www.nettali.com\/2024\/03\/30\/drame-deux-freres-ages-de-1-et-4-ans-retrouves-morts-calcines-dans-la-carcasse-dune-voiture\/","og_locale":"fr_FR","og_type":"article","og_title":"DRAME - Deux fr\u00e8res \u00e2g\u00e9s de 1 et 4 ans retrouv\u00e9s morts calcin\u00e9s dans la carcasse d\u2019une voiture","og_description":"NETTALI.COM - Les habitants du quartier Ndiob\u00e8ne de Kolda sont, depuis vendredi, sous le choc. Ce, \u00e0 la suite de la d\u00e9couverte des corps sans vie de deux fr\u00e8res : A. Diallo (4 ans) et Y. Diallo (1 an). Port\u00e9s disparus jeudi matin, leurs d\u00e9pouilles seront d\u00e9couvertes en d\u00e9but de soir\u00e9e dans la carcasse d'une [&hellip;]","og_url":"https:\/\/www.nettali.com\/2024\/03\/30\/drame-deux-freres-ages-de-1-et-4-ans-retrouves-morts-calcines-dans-la-carcasse-dune-voiture\/","og_site_name":"Nettali.com","article_publisher":"https:\/\/www.facebook.com\/nettalicom","article_published_time":"2024-03-30T16:33:13+00:00","og_image":[{"width":1200,"height":718,"url":"https:\/\/www.nettali.com\/wp-content\/uploads\/2021\/06\/ambulance-sapeurs-pompiers-mort-accident.jpg","type":"image\/jpeg"}],"twitter_card":"summary_large_image","twitter_misc":{"\u00c9crit par":"Ibrahima","Dur\u00e9e de lecture estim\u00e9e":"2 minutes"},"schema":{"@context":"https:\/\/schema.org","@graph":[{"@type":"WebSite","@id":"https:\/\/www.nettali.com\/#website","url":"https:\/\/www.nettali.com\/","name":"Nettali.com","description":"Le rendez-vous critique du Net","potentialAction":[{"@type":"SearchAction","target":{"@type":"EntryPoint","urlTemplate":"https:\/\/www.nettali.com\/?s={search_term_string}"},"query-input":"required name=search_term_string"}],"inLanguage":"fr-FR"},{"@type":"ImageObject","@id":"https:\/\/www.nettali.com\/2024\/03\/30\/drame-deux-freres-ages-de-1-et-4-ans-retrouves-morts-calcines-dans-la-carcasse-dune-voiture\/#primaryimage","inLanguage":"fr-FR","url":"https:\/\/www.nettali.com\/wp-content\/uploads\/2021\/06\/ambulance-sapeurs-pompiers-mort-accident.jpg","contentUrl":"https:\/\/www.nettali.com\/wp-content\/uploads\/2021\/06\/ambulance-sapeurs-pompiers-mort-accident.jpg","width":1200,"height":718},{"@type":"WebPage","@id":"https:\/\/www.nettali.com\/2024\/03\/30\/drame-deux-freres-ages-de-1-et-4-ans-retrouves-morts-calcines-dans-la-carcasse-dune-voiture\/#webpage","url":"https:\/\/www.nettali.com\/2024\/03\/30\/drame-deux-freres-ages-de-1-et-4-ans-retrouves-morts-calcines-dans-la-carcasse-dune-voiture\/","name":"DRAME - Deux fr\u00e8res \u00e2g\u00e9s de 1 et 4 ans retrouv\u00e9s morts calcin\u00e9s dans la carcasse d\u2019une voiture | Nettali.com","isPartOf":{"@id":"https:\/\/www.nettali.com\/#website"},"primaryImageOfPage":{"@id":"https:\/\/www.nettali.com\/2024\/03\/30\/drame-deux-freres-ages-de-1-et-4-ans-retrouves-morts-calcines-dans-la-carcasse-dune-voiture\/#primaryimage"},"datePublished":"2024-03-30T16:33:13+00:00","dateModified":"2024-03-30T16:33:13+00:00","author":{"@id":"https:\/\/www.nettali.com\/#\/schema\/person\/bb147657c2986240405a608162b9bb23"},"breadcrumb":{"@id":"https:\/\/www.nettali.com\/2024\/03\/30\/drame-deux-freres-ages-de-1-et-4-ans-retrouves-morts-calcines-dans-la-carcasse-dune-voiture\/#breadcrumb"},"inLanguage":"fr-FR","potentialAction":[{"@type":"ReadAction","target":["https:\/\/www.nettali.com\/2024\/03\/30\/drame-deux-freres-ages-de-1-et-4-ans-retrouves-morts-calcines-dans-la-carcasse-dune-voiture\/"]}]},{"@type":"BreadcrumbList","@id":"https:\/\/www.nettali.com\/2024\/03\/30\/drame-deux-freres-ages-de-1-et-4-ans-retrouves-morts-calcines-dans-la-carcasse-dune-voiture\/#breadcrumb","itemListElement":[{"@type":"ListItem","position":1,"name":"Accueil","item":"https:\/\/www.nettali.com\/"},{"@type":"ListItem","position":2,"name":"DRAME - Deux fr\u00e8res \u00e2g\u00e9s de 1 et 4 ans retrouv\u00e9s morts calcin\u00e9s dans la carcasse d\u2019une voiture"}]},{"@type":"Person","@id":"https:\/\/www.nettali.com\/#\/schema\/person\/bb147657c2986240405a608162b9bb23","name":"Ibrahima","image":{"@type":"ImageObject","@id":"https:\/\/www.nettali.com\/#personlogo","inLanguage":"fr-FR","url":"https:\/\/secure.gravatar.com\/avatar\/26a8a81f09f0dd7624c9d5c36c9ba3a2?s=96&d=mm&r=g","contentUrl":"https:\/\/secure.gravatar.com\/avatar\/26a8a81f09f0dd7624c9d5c36c9ba3a2?s=96&d=mm&r=g","caption":"Ibrahima"},"sameAs":["https:\/\/www.nettali.com"]}]}},"_links":{"self":[{"href":"https:\/\/www.nettali.com\/rest\/wp\/v2\/posts\/130847"}],"collection":[{"href":"https:\/\/www.nettali.com\/rest\/wp\/v2\/posts"}],"about":[{"href":"https:\/\/www.nettali.com\/rest\/wp\/v2\/types\/post"}],"author":[{"embeddable":true,"href":"https:\/\/www.nettali.com\/rest\/wp\/v2\/users\/5"}],"replies":[{"embeddable":true,"href":"https:\/\/www.nettali.com\/rest\/wp\/v2\/comments?post=130847"}],"version-history":[{"count":1,"href":"https:\/\/www.nettali.com\/rest\/wp\/v2\/posts\/130847\/revisions"}],"predecessor-version":[{"id":130849,"href":"https:\/\/www.nettali.com\/rest\/wp\/v2\/posts\/130847\/revisions\/130849"}],"wp:featuredmedia":[{"embeddable":true,"href":"https:\/\/www.nettali.com\/rest\/wp\/v2\/media\/65276"}],"wp:attachment":[{"href":"https:\/\/www.nettali.com\/rest\/wp\/v2\/media?parent=130847"}],"wp:term":[{"taxonomy":"category","embeddable":true,"href":"https:\/\/www.nettali.com\/rest\/wp\/v2\/categories?post=130847"},{"taxonomy":"post_tag","embeddable":true,"href":"https:\/\/www.nettali.com\/rest\/wp\/v2\/tags?post=130847"}],"curies":[{"name":"wp","href":"https:\/\/api.w.org\/{rel}","templated":true}]}}