{"id":130808,"date":"2024-03-30T02:29:23","date_gmt":"2024-03-30T02:29:23","guid":{"rendered":"https:\/\/www.nettali.com\/?p=130808"},"modified":"2024-03-30T08:39:23","modified_gmt":"2024-03-30T08:39:23","slug":"cese-fou-malade-nomme-par-macky-sall","status":"publish","type":"post","link":"https:\/\/www.nettali.com\/2024\/03\/30\/cese-fou-malade-nomme-par-macky-sall\/","title":{"rendered":"CESE - \"Fou malade\" nomm\u00e9 par Macky Sall"},"content":{"rendered":"<p><strong>NETTALI.COM - Malal Talla alias \"Fou malade\" est d\u00e9sormais membre du Conseil \u00e9conomique, social et environnemental (Cese). Sauf que le rappeur et chroniqueur t\u00e9l\u00e9 dit tout ignorer de cette nomination d\u00e9cid\u00e9e par Macky Sall.\u00a0<\/strong><\/p>\n<p>Alors qu'il passe sa derni\u00e8re semaine en tant que pr\u00e9sident de la R\u00e9publique du S\u00e9n\u00e9gal, Macky Sall continue de nommer des S\u00e9n\u00e9galais dans certains postes ou institutions. L'on apprend ce vendredi que Malal Talla alias \"Fou malade\" est nomm\u00e9 membre du Conseil \u00e9conomique, social et environnemental (Cese). Une nomination publi\u00e9e dans le journal officiel<\/p>\n<div class=\"page\" title=\"Page 2\">\n<div class=\"layoutArea\">\n<div class=\"column\">\n<p>Le de\u0301cret, nume\u0301rote\u0301 2024-736 et date\u0301 du 18 mars 2024, formalise cette nomination, alors qu\u2019arrive le nouveau pre\u0301sident e\u0301lu, Bassirou Diomaye Faye. Ce qui donnera sans doute au rappeur chroniqueur de la TFM, une autre tribune pour de\u0301fendre la cause des artistes se\u0301ne\u0301galais, notamment ceux du hip-hop.<\/p>\n<\/div>\n<\/div>\n<\/div>\n<p>Pourtant, le principal concern\u00e9 dit ne rien savoir de cette nomination. Interpell\u00e9 dans l'\u00e9mission \"<em>Quartier g\u00e9n\u00e9ral<\/em>\" sur la Tfm, \"<em>Fou malade<\/em>\" en rigole presque. \"<em>Je l'ai appris en venant ici par beaucoup de mes connaissances m'ont appel\u00e9 pour me f\u00e9liciter. Mais je n'en sais pas plus<\/em>\", soutient Malal Talla, par ailleurs membre du mouvement \"Y'en \u00e0 marre\".<\/p>\n<p>Selon lui, cette nomination est comme une provocation. \"<em>Le Cese est dans le coma et il va mourir dans quatre jours. Donc j'ai un mandat de quatre jours<\/em>\", dit-il dans un \u00e9clat de rires. \"Fou malade\" dit en tout cas n'avoir rien demand\u00e9.<\/p>\n<p>Il faut pr\u00e9ciser que le Conseil \u00e9conomique, social et environnemental (Cese) fait partie des institutions qui pourraient dispara\u00eetre d\u00e8s l'installation du nouveau r\u00e9gime.<\/p>\n<div class='share-to-whatsapp-wrapper'><div class='share-on-whsp'>PARTAGER SUR : <\/div><a data-text='CESE - \"Fou malade\" nomm\u00e9 par Macky Sall' data-link='https:\/\/www.nettali.com\/2024\/03\/30\/cese-fou-malade-nomme-par-macky-sall\/' class='whatsapp-button whatsapp-share'>WhatsApp<\/a><div class='clear '><\/div><\/div>","protected":false},"excerpt":{"rendered":"<p>NETTALI.COM - Malal Talla alias \"Fou malade\" est d\u00e9sormais membre du Conseil \u00e9conomique, social et environnemental (Cese). Sauf que le rappeur et chroniqueur t\u00e9l\u00e9 dit tout ignorer de cette nomination d\u00e9cid\u00e9e par Macky Sall.\u00a0 Alors qu'il passe sa derni\u00e8re semaine en tant que pr\u00e9sident de la R\u00e9publique du S\u00e9n\u00e9gal, Macky Sall continue de nommer des [&hellip;]<\/p>\n","protected":false},"author":3,"featured_media":130809,"comment_status":"open","ping_status":"open","sticky":false,"template":"","format":"standard","meta":{"_et_pb_use_builder":"","_et_pb_old_content":""},"categories":[2],"tags":[],"yoast_head":"<!-- This site is optimized with the Yoast SEO Premium plugin v17.8 (Yoast SEO v17.8) - https:\/\/yoast.com\/wordpress\/plugins\/seo\/ -->\n<title>CESE - &quot;Fou malade&quot; nomm\u00e9 par Macky Sall | Nettali.com<\/title>\n<meta name=\"robots\" content=\"index, follow, max-snippet:-1, max-image-preview:large, max-video-preview:-1\" \/>\n<link rel=\"canonical\" href=\"https:\/\/www.nettali.com\/2024\/03\/30\/cese-fou-malade-nomme-par-macky-sall\/\" \/>\n<meta property=\"og:locale\" content=\"fr_FR\" \/>\n<meta property=\"og:type\" content=\"article\" \/>\n<meta property=\"og:title\" content=\"CESE - &quot;Fou malade&quot; nomm\u00e9 par Macky Sall\" \/>\n<meta property=\"og:description\" content=\"NETTALI.COM - Malal Talla alias &quot;Fou malade&quot; est d\u00e9sormais membre du Conseil \u00e9conomique, social et environnemental (Cese). Sauf que le rappeur et chroniqueur t\u00e9l\u00e9 dit tout ignorer de cette nomination d\u00e9cid\u00e9e par Macky Sall.\u00a0 Alors qu&#039;il passe sa derni\u00e8re semaine en tant que pr\u00e9sident de la R\u00e9publique du S\u00e9n\u00e9gal, Macky Sall continue de nommer des [&hellip;]\" \/>\n<meta property=\"og:url\" content=\"https:\/\/www.nettali.com\/2024\/03\/30\/cese-fou-malade-nomme-par-macky-sall\/\" \/>\n<meta property=\"og:site_name\" content=\"Nettali.com\" \/>\n<meta property=\"article:publisher\" content=\"https:\/\/www.facebook.com\/nettalicom\" \/>\n<meta property=\"article:published_time\" content=\"2024-03-30T02:29:23+00:00\" \/>\n<meta property=\"article:modified_time\" content=\"2024-03-30T08:39:23+00:00\" \/>\n<meta property=\"og:image\" content=\"https:\/\/www.nettali.com\/wp-content\/uploads\/2024\/03\/Fou_Malade.jpg\" \/>\n\t<meta property=\"og:image:width\" content=\"400\" \/>\n\t<meta property=\"og:image:height\" content=\"600\" \/>\n<meta name=\"twitter:card\" content=\"summary_large_image\" \/>\n<meta name=\"twitter:label1\" content=\"\u00c9crit par\" \/>\n\t<meta name=\"twitter:data1\" content=\"Moustapha\" \/>\n\t<meta name=\"twitter:label2\" content=\"Dur\u00e9e de lecture estim\u00e9e\" \/>\n\t<meta name=\"twitter:data2\" content=\"2 minutes\" \/>\n<script type=\"application\/ld+json\" class=\"yoast-schema-graph\">{\"@context\":\"https:\/\/schema.org\",\"@graph\":[{\"@type\":\"WebSite\",\"@id\":\"https:\/\/www.nettali.com\/#website\",\"url\":\"https:\/\/www.nettali.com\/\",\"name\":\"Nettali.com\",\"description\":\"Le rendez-vous critique du Net\",\"potentialAction\":[{\"@type\":\"SearchAction\",\"target\":{\"@type\":\"EntryPoint\",\"urlTemplate\":\"https:\/\/www.nettali.com\/?s={search_term_string}\"},\"query-input\":\"required name=search_term_string\"}],\"inLanguage\":\"fr-FR\"},{\"@type\":\"ImageObject\",\"@id\":\"https:\/\/www.nettali.com\/2024\/03\/30\/cese-fou-malade-nomme-par-macky-sall\/#primaryimage\",\"inLanguage\":\"fr-FR\",\"url\":\"https:\/\/www.nettali.com\/wp-content\/uploads\/2024\/03\/Fou_Malade.jpg\",\"contentUrl\":\"https:\/\/www.nettali.com\/wp-content\/uploads\/2024\/03\/Fou_Malade.jpg\",\"width\":400,\"height\":600},{\"@type\":\"WebPage\",\"@id\":\"https:\/\/www.nettali.com\/2024\/03\/30\/cese-fou-malade-nomme-par-macky-sall\/#webpage\",\"url\":\"https:\/\/www.nettali.com\/2024\/03\/30\/cese-fou-malade-nomme-par-macky-sall\/\",\"name\":\"CESE - \\\"Fou malade\\\" nomm\\u00e9 par Macky Sall | Nettali.com\",\"isPartOf\":{\"@id\":\"https:\/\/www.nettali.com\/#website\"},\"primaryImageOfPage\":{\"@id\":\"https:\/\/www.nettali.com\/2024\/03\/30\/cese-fou-malade-nomme-par-macky-sall\/#primaryimage\"},\"datePublished\":\"2024-03-30T02:29:23+00:00\",\"dateModified\":\"2024-03-30T08:39:23+00:00\",\"author\":{\"@id\":\"https:\/\/www.nettali.com\/#\/schema\/person\/7962a12a6e0267f88f0ffa544c36469a\"},\"breadcrumb\":{\"@id\":\"https:\/\/www.nettali.com\/2024\/03\/30\/cese-fou-malade-nomme-par-macky-sall\/#breadcrumb\"},\"inLanguage\":\"fr-FR\",\"potentialAction\":[{\"@type\":\"ReadAction\",\"target\":[\"https:\/\/www.nettali.com\/2024\/03\/30\/cese-fou-malade-nomme-par-macky-sall\/\"]}]},{\"@type\":\"BreadcrumbList\",\"@id\":\"https:\/\/www.nettali.com\/2024\/03\/30\/cese-fou-malade-nomme-par-macky-sall\/#breadcrumb\",\"itemListElement\":[{\"@type\":\"ListItem\",\"position\":1,\"name\":\"Accueil\",\"item\":\"https:\/\/www.nettali.com\/\"},{\"@type\":\"ListItem\",\"position\":2,\"name\":\"CESE - \\\"Fou malade\\\" nomm\\u00e9 par Macky Sall\"}]},{\"@type\":\"Person\",\"@id\":\"https:\/\/www.nettali.com\/#\/schema\/person\/7962a12a6e0267f88f0ffa544c36469a\",\"name\":\"Moustapha\",\"image\":{\"@type\":\"ImageObject\",\"@id\":\"https:\/\/www.nettali.com\/#personlogo\",\"inLanguage\":\"fr-FR\",\"url\":\"https:\/\/secure.gravatar.com\/avatar\/10fdf6a071cccdcf374e3dbe45159590?s=96&d=mm&r=g\",\"contentUrl\":\"https:\/\/secure.gravatar.com\/avatar\/10fdf6a071cccdcf374e3dbe45159590?s=96&d=mm&r=g\",\"caption\":\"Moustapha\"},\"sameAs\":[\"https:\/\/www.nettali.com\"]}]}<\/script>\n<!-- \/ Yoast SEO Premium plugin. -->","yoast_head_json":{"title":"CESE - \"Fou malade\" nomm\u00e9 par Macky Sall | Nettali.com","robots":{"index":"index","follow":"follow","max-snippet":"max-snippet:-1","max-image-preview":"max-image-preview:large","max-video-preview":"max-video-preview:-1"},"canonical":"https:\/\/www.nettali.com\/2024\/03\/30\/cese-fou-malade-nomme-par-macky-sall\/","og_locale":"fr_FR","og_type":"article","og_title":"CESE - \"Fou malade\" nomm\u00e9 par Macky Sall","og_description":"NETTALI.COM - Malal Talla alias \"Fou malade\" est d\u00e9sormais membre du Conseil \u00e9conomique, social et environnemental (Cese). Sauf que le rappeur et chroniqueur t\u00e9l\u00e9 dit tout ignorer de cette nomination d\u00e9cid\u00e9e par Macky Sall.\u00a0 Alors qu'il passe sa derni\u00e8re semaine en tant que pr\u00e9sident de la R\u00e9publique du S\u00e9n\u00e9gal, Macky Sall continue de nommer des [&hellip;]","og_url":"https:\/\/www.nettali.com\/2024\/03\/30\/cese-fou-malade-nomme-par-macky-sall\/","og_site_name":"Nettali.com","article_publisher":"https:\/\/www.facebook.com\/nettalicom","article_published_time":"2024-03-30T02:29:23+00:00","article_modified_time":"2024-03-30T08:39:23+00:00","og_image":[{"width":400,"height":600,"url":"https:\/\/www.nettali.com\/wp-content\/uploads\/2024\/03\/Fou_Malade.jpg","type":"image\/jpeg"}],"twitter_card":"summary_large_image","twitter_misc":{"\u00c9crit par":"Moustapha","Dur\u00e9e de lecture estim\u00e9e":"2 minutes"},"schema":{"@context":"https:\/\/schema.org","@graph":[{"@type":"WebSite","@id":"https:\/\/www.nettali.com\/#website","url":"https:\/\/www.nettali.com\/","name":"Nettali.com","description":"Le rendez-vous critique du Net","potentialAction":[{"@type":"SearchAction","target":{"@type":"EntryPoint","urlTemplate":"https:\/\/www.nettali.com\/?s={search_term_string}"},"query-input":"required name=search_term_string"}],"inLanguage":"fr-FR"},{"@type":"ImageObject","@id":"https:\/\/www.nettali.com\/2024\/03\/30\/cese-fou-malade-nomme-par-macky-sall\/#primaryimage","inLanguage":"fr-FR","url":"https:\/\/www.nettali.com\/wp-content\/uploads\/2024\/03\/Fou_Malade.jpg","contentUrl":"https:\/\/www.nettali.com\/wp-content\/uploads\/2024\/03\/Fou_Malade.jpg","width":400,"height":600},{"@type":"WebPage","@id":"https:\/\/www.nettali.com\/2024\/03\/30\/cese-fou-malade-nomme-par-macky-sall\/#webpage","url":"https:\/\/www.nettali.com\/2024\/03\/30\/cese-fou-malade-nomme-par-macky-sall\/","name":"CESE - \"Fou malade\" nomm\u00e9 par Macky Sall | Nettali.com","isPartOf":{"@id":"https:\/\/www.nettali.com\/#website"},"primaryImageOfPage":{"@id":"https:\/\/www.nettali.com\/2024\/03\/30\/cese-fou-malade-nomme-par-macky-sall\/#primaryimage"},"datePublished":"2024-03-30T02:29:23+00:00","dateModified":"2024-03-30T08:39:23+00:00","author":{"@id":"https:\/\/www.nettali.com\/#\/schema\/person\/7962a12a6e0267f88f0ffa544c36469a"},"breadcrumb":{"@id":"https:\/\/www.nettali.com\/2024\/03\/30\/cese-fou-malade-nomme-par-macky-sall\/#breadcrumb"},"inLanguage":"fr-FR","potentialAction":[{"@type":"ReadAction","target":["https:\/\/www.nettali.com\/2024\/03\/30\/cese-fou-malade-nomme-par-macky-sall\/"]}]},{"@type":"BreadcrumbList","@id":"https:\/\/www.nettali.com\/2024\/03\/30\/cese-fou-malade-nomme-par-macky-sall\/#breadcrumb","itemListElement":[{"@type":"ListItem","position":1,"name":"Accueil","item":"https:\/\/www.nettali.com\/"},{"@type":"ListItem","position":2,"name":"CESE - \"Fou malade\" nomm\u00e9 par Macky Sall"}]},{"@type":"Person","@id":"https:\/\/www.nettali.com\/#\/schema\/person\/7962a12a6e0267f88f0ffa544c36469a","name":"Moustapha","image":{"@type":"ImageObject","@id":"https:\/\/www.nettali.com\/#personlogo","inLanguage":"fr-FR","url":"https:\/\/secure.gravatar.com\/avatar\/10fdf6a071cccdcf374e3dbe45159590?s=96&d=mm&r=g","contentUrl":"https:\/\/secure.gravatar.com\/avatar\/10fdf6a071cccdcf374e3dbe45159590?s=96&d=mm&r=g","caption":"Moustapha"},"sameAs":["https:\/\/www.nettali.com"]}]}},"_links":{"self":[{"href":"https:\/\/www.nettali.com\/rest\/wp\/v2\/posts\/130808"}],"collection":[{"href":"https:\/\/www.nettali.com\/rest\/wp\/v2\/posts"}],"about":[{"href":"https:\/\/www.nettali.com\/rest\/wp\/v2\/types\/post"}],"author":[{"embeddable":true,"href":"https:\/\/www.nettali.com\/rest\/wp\/v2\/users\/3"}],"replies":[{"embeddable":true,"href":"https:\/\/www.nettali.com\/rest\/wp\/v2\/comments?post=130808"}],"version-history":[{"count":3,"href":"https:\/\/www.nettali.com\/rest\/wp\/v2\/posts\/130808\/revisions"}],"predecessor-version":[{"id":130821,"href":"https:\/\/www.nettali.com\/rest\/wp\/v2\/posts\/130808\/revisions\/130821"}],"wp:featuredmedia":[{"embeddable":true,"href":"https:\/\/www.nettali.com\/rest\/wp\/v2\/media\/130809"}],"wp:attachment":[{"href":"https:\/\/www.nettali.com\/rest\/wp\/v2\/media?parent=130808"}],"wp:term":[{"taxonomy":"category","embeddable":true,"href":"https:\/\/www.nettali.com\/rest\/wp\/v2\/categories?post=130808"},{"taxonomy":"post_tag","embeddable":true,"href":"https:\/\/www.nettali.com\/rest\/wp\/v2\/tags?post=130808"}],"curies":[{"name":"wp","href":"https:\/\/api.w.org\/{rel}","templated":true}]}}