{"id":130785,"date":"2024-03-29T17:45:58","date_gmt":"2024-03-29T17:45:58","guid":{"rendered":"https:\/\/www.nettali.com\/?p=130785"},"modified":"2024-03-29T16:49:15","modified_gmt":"2024-03-29T16:49:15","slug":"diffamation-et-atteinte-a-la-vie-privee-la-niarel-de-lhomme-daffaires-cheikh-amar-fait-arreter-delegue-amar","status":"publish","type":"post","link":"https:\/\/www.nettali.com\/2024\/03\/29\/diffamation-et-atteinte-a-la-vie-privee-la-niarel-de-lhomme-daffaires-cheikh-amar-fait-arreter-delegue-amar\/","title":{"rendered":"DIFFAMATION ET ATTEINTE A LA VIE PRIV\u00c9E -\u00a0 La \u00abNiarel\u00bb de l\u2019homme d\u2019affaires Cheikh Amar fait arr\u00eater D\u00e9l\u00e9gu\u00e9 Amar\u00a0"},"content":{"rendered":"<p><strong><span lang=\"FR\" style=\"font-size: 16pt; line-height: 24.5333px; font-family: Cambria, serif; color: #212529; background-image: initial; background-position: initial; background-size: initial; background-repeat: initial; background-attachment: initial; background-origin: initial; background-clip: initial;\"><span style=\"font-size: 16px;\">NETTALI.COM - Il ne s\u2019attendait pas \u00e0 son arrestation. Le Jet-Setteur Modou Amar dit D\u00e9l\u00e9gu\u00e9 Amar s\u2019est rendu, hier jeudi, aux locaux de la Division sp\u00e9ciale de la Cyber-s\u00e9curit\u00e9 (Dsc) \u00e0 bord de son v\u00e9hicule pour r\u00e9pondre \u00e0 une convocation. Il a fini par confier la voiture aux policiers-enqu\u00eateurs. Selon nos informations, D\u00e9l\u00e9gu\u00e9 Amar est arr\u00eat\u00e9 pour \u00abdiffamation et atteinte \u00e0 la vie priv\u00e9e\u00bb. <\/span><\/span><\/strong><\/p>\n<p><span lang=\"FR\" style=\"font-size: 16pt; line-height: 24.5333px; font-family: Cambria, serif; color: #212529; background-image: initial; background-position: initial; background-size: initial; background-repeat: initial; background-attachment: initial; background-origin: initial; background-clip: initial;\"><span style=\"font-size: 16px;\">Cela fait suite \u00e0 la plainte d\u2019Adama Sylla, deuxi\u00e8me \u00e9pouse de l\u2019homme d\u2019affaires Cheikh Amar. Elle avait saisi le procureur de la R\u00e9publique au courant du mois de f\u00e9vrier 2024. La plaignante reproche \u00e0 D\u00e9l\u00e9gu\u00e9 Amar d\u2019avoir attent\u00e9 \u00e0 sa vie. Dans sa note, elle a expliqu\u00e9 que depuis son mariage, le mis en cause ne cesse de le d\u00e9nigrer \u00e0 travers le Net.<\/span><\/span><\/p>\n<p><span lang=\"FR\" style=\"font-size: 16pt; line-height: 24.5333px; font-family: Cambria, serif; color: #212529; background-image: initial; background-position: initial; background-size: initial; background-repeat: initial; background-attachment: initial; background-origin: initial; background-clip: initial;\"><span style=\"font-size: 16px;\"> Adama Sylla a mis \u00e0 la disposition du parquet une cl\u00e9 Usb contenant des enregistrements audios. Le Ma\u00eetre des poursuites a instruit sa plainte, confiant l\u2019enqu\u00eate \u00e0 la Dsc. Hier, les enqu\u00eateurs ont convoqu\u00e9 le mis en cause. Entendu, il a \u00e9t\u00e9 confront\u00e9 avec les audios. D\u00e9l\u00e9gu\u00e9 Amar a reconnu \u00eatre l\u2019auteur des propos. Suffisant pour que la garde \u00e0 vue lui soit notifi\u00e9e. Ensuite, il a \u00e9t\u00e9 pr\u00e9sent\u00e9 au procureur de la R\u00e9publique. Selon des sources autoris\u00e9es, il a b\u00e9n\u00e9fici\u00e9 d\u2019un retour de parquet. Ce matin, il sera conduit, \u00e0 nouveau, \u00e0 la Cave du Palais de justice de Dakar, attendant son sort.<\/span><\/span><\/p>\n<div class='share-to-whatsapp-wrapper'><div class='share-on-whsp'>PARTAGER SUR : <\/div><a data-text='DIFFAMATION ET ATTEINTE A LA VIE PRIV\u00c9E -\u00a0 La \u00abNiarel\u00bb de l\u2019homme d\u2019affaires Cheikh Amar fait arr\u00eater D\u00e9l\u00e9gu\u00e9 Amar\u00a0' data-link='https:\/\/www.nettali.com\/2024\/03\/29\/diffamation-et-atteinte-a-la-vie-privee-la-niarel-de-lhomme-daffaires-cheikh-amar-fait-arreter-delegue-amar\/' class='whatsapp-button whatsapp-share'>WhatsApp<\/a><div class='clear '><\/div><\/div>","protected":false},"excerpt":{"rendered":"<p>NETTALI.COM - Il ne s\u2019attendait pas \u00e0 son arrestation. Le Jet-Setteur Modou Amar dit D\u00e9l\u00e9gu\u00e9 Amar s\u2019est rendu, hier jeudi, aux locaux de la Division sp\u00e9ciale de la Cyber-s\u00e9curit\u00e9 (Dsc) \u00e0 bord de son v\u00e9hicule pour r\u00e9pondre \u00e0 une convocation. Il a fini par confier la voiture aux policiers-enqu\u00eateurs. Selon nos informations, D\u00e9l\u00e9gu\u00e9 Amar est [&hellip;]<\/p>\n","protected":false},"author":4,"featured_media":87493,"comment_status":"open","ping_status":"open","sticky":false,"template":"","format":"standard","meta":{"_et_pb_use_builder":"","_et_pb_old_content":""},"categories":[3],"tags":[],"yoast_head":"<!-- This site is optimized with the Yoast SEO Premium plugin v17.8 (Yoast SEO v17.8) - https:\/\/yoast.com\/wordpress\/plugins\/seo\/ -->\n<title>DIFFAMATION ET ATTEINTE A LA VIE PRIV\u00c9E -\u00a0 La \u00abNiarel\u00bb de l\u2019homme d\u2019affaires Cheikh Amar fait arr\u00eater D\u00e9l\u00e9gu\u00e9 Amar\u00a0 | Nettali.com<\/title>\n<meta name=\"robots\" content=\"index, follow, max-snippet:-1, max-image-preview:large, max-video-preview:-1\" \/>\n<link rel=\"canonical\" href=\"https:\/\/www.nettali.com\/2024\/03\/29\/diffamation-et-atteinte-a-la-vie-privee-la-niarel-de-lhomme-daffaires-cheikh-amar-fait-arreter-delegue-amar\/\" \/>\n<meta property=\"og:locale\" content=\"fr_FR\" \/>\n<meta property=\"og:type\" content=\"article\" \/>\n<meta property=\"og:title\" content=\"DIFFAMATION ET ATTEINTE A LA VIE PRIV\u00c9E -\u00a0 La \u00abNiarel\u00bb de l\u2019homme d\u2019affaires Cheikh Amar fait arr\u00eater D\u00e9l\u00e9gu\u00e9 Amar\u00a0\" \/>\n<meta property=\"og:description\" content=\"NETTALI.COM - Il ne s\u2019attendait pas \u00e0 son arrestation. Le Jet-Setteur Modou Amar dit D\u00e9l\u00e9gu\u00e9 Amar s\u2019est rendu, hier jeudi, aux locaux de la Division sp\u00e9ciale de la Cyber-s\u00e9curit\u00e9 (Dsc) \u00e0 bord de son v\u00e9hicule pour r\u00e9pondre \u00e0 une convocation. Il a fini par confier la voiture aux policiers-enqu\u00eateurs. Selon nos informations, D\u00e9l\u00e9gu\u00e9 Amar est [&hellip;]\" \/>\n<meta property=\"og:url\" content=\"https:\/\/www.nettali.com\/2024\/03\/29\/diffamation-et-atteinte-a-la-vie-privee-la-niarel-de-lhomme-daffaires-cheikh-amar-fait-arreter-delegue-amar\/\" \/>\n<meta property=\"og:site_name\" content=\"Nettali.com\" \/>\n<meta property=\"article:publisher\" content=\"https:\/\/www.facebook.com\/nettalicom\" \/>\n<meta property=\"article:published_time\" content=\"2024-03-29T17:45:58+00:00\" \/>\n<meta property=\"article:modified_time\" content=\"2024-03-29T16:49:15+00:00\" \/>\n<meta property=\"og:image\" content=\"https:\/\/www.nettali.com\/wp-content\/uploads\/2022\/06\/Tribunal-Cour-dassises-Palais-de-justice-de-Dakar.jpeg\" \/>\n\t<meta property=\"og:image:width\" content=\"692\" \/>\n\t<meta property=\"og:image:height\" content=\"352\" \/>\n<meta name=\"twitter:card\" content=\"summary_large_image\" \/>\n<meta name=\"twitter:label1\" content=\"\u00c9crit par\" \/>\n\t<meta name=\"twitter:data1\" content=\"Daouda\" \/>\n\t<meta name=\"twitter:label2\" content=\"Dur\u00e9e de lecture estim\u00e9e\" \/>\n\t<meta name=\"twitter:data2\" content=\"2 minutes\" \/>\n<script type=\"application\/ld+json\" class=\"yoast-schema-graph\">{\"@context\":\"https:\/\/schema.org\",\"@graph\":[{\"@type\":\"WebSite\",\"@id\":\"https:\/\/www.nettali.com\/#website\",\"url\":\"https:\/\/www.nettali.com\/\",\"name\":\"Nettali.com\",\"description\":\"Le rendez-vous critique du Net\",\"potentialAction\":[{\"@type\":\"SearchAction\",\"target\":{\"@type\":\"EntryPoint\",\"urlTemplate\":\"https:\/\/www.nettali.com\/?s={search_term_string}\"},\"query-input\":\"required name=search_term_string\"}],\"inLanguage\":\"fr-FR\"},{\"@type\":\"ImageObject\",\"@id\":\"https:\/\/www.nettali.com\/2024\/03\/29\/diffamation-et-atteinte-a-la-vie-privee-la-niarel-de-lhomme-daffaires-cheikh-amar-fait-arreter-delegue-amar\/#primaryimage\",\"inLanguage\":\"fr-FR\",\"url\":\"https:\/\/www.nettali.com\/wp-content\/uploads\/2022\/06\/Tribunal-Cour-dassises-Palais-de-justice-de-Dakar.jpeg\",\"contentUrl\":\"https:\/\/www.nettali.com\/wp-content\/uploads\/2022\/06\/Tribunal-Cour-dassises-Palais-de-justice-de-Dakar.jpeg\",\"width\":692,\"height\":352},{\"@type\":\"WebPage\",\"@id\":\"https:\/\/www.nettali.com\/2024\/03\/29\/diffamation-et-atteinte-a-la-vie-privee-la-niarel-de-lhomme-daffaires-cheikh-amar-fait-arreter-delegue-amar\/#webpage\",\"url\":\"https:\/\/www.nettali.com\/2024\/03\/29\/diffamation-et-atteinte-a-la-vie-privee-la-niarel-de-lhomme-daffaires-cheikh-amar-fait-arreter-delegue-amar\/\",\"name\":\"DIFFAMATION ET ATTEINTE A LA VIE PRIV\\u00c9E -\\u00a0 La \\u00abNiarel\\u00bb de l\\u2019homme d\\u2019affaires Cheikh Amar fait arr\\u00eater D\\u00e9l\\u00e9gu\\u00e9 Amar\\u00a0 | Nettali.com\",\"isPartOf\":{\"@id\":\"https:\/\/www.nettali.com\/#website\"},\"primaryImageOfPage\":{\"@id\":\"https:\/\/www.nettali.com\/2024\/03\/29\/diffamation-et-atteinte-a-la-vie-privee-la-niarel-de-lhomme-daffaires-cheikh-amar-fait-arreter-delegue-amar\/#primaryimage\"},\"datePublished\":\"2024-03-29T17:45:58+00:00\",\"dateModified\":\"2024-03-29T16:49:15+00:00\",\"author\":{\"@id\":\"https:\/\/www.nettali.com\/#\/schema\/person\/3317e0bb3aa1da309fbf7b2780901bf4\"},\"breadcrumb\":{\"@id\":\"https:\/\/www.nettali.com\/2024\/03\/29\/diffamation-et-atteinte-a-la-vie-privee-la-niarel-de-lhomme-daffaires-cheikh-amar-fait-arreter-delegue-amar\/#breadcrumb\"},\"inLanguage\":\"fr-FR\",\"potentialAction\":[{\"@type\":\"ReadAction\",\"target\":[\"https:\/\/www.nettali.com\/2024\/03\/29\/diffamation-et-atteinte-a-la-vie-privee-la-niarel-de-lhomme-daffaires-cheikh-amar-fait-arreter-delegue-amar\/\"]}]},{\"@type\":\"BreadcrumbList\",\"@id\":\"https:\/\/www.nettali.com\/2024\/03\/29\/diffamation-et-atteinte-a-la-vie-privee-la-niarel-de-lhomme-daffaires-cheikh-amar-fait-arreter-delegue-amar\/#breadcrumb\",\"itemListElement\":[{\"@type\":\"ListItem\",\"position\":1,\"name\":\"Accueil\",\"item\":\"https:\/\/www.nettali.com\/\"},{\"@type\":\"ListItem\",\"position\":2,\"name\":\"DIFFAMATION ET ATTEINTE A LA VIE PRIV\\u00c9E -\\u00a0 La \\u00abNiarel\\u00bb de l\\u2019homme d\\u2019affaires Cheikh Amar fait arr\\u00eater D\\u00e9l\\u00e9gu\\u00e9 Amar\\u00a0\"}]},{\"@type\":\"Person\",\"@id\":\"https:\/\/www.nettali.com\/#\/schema\/person\/3317e0bb3aa1da309fbf7b2780901bf4\",\"name\":\"Daouda\",\"image\":{\"@type\":\"ImageObject\",\"@id\":\"https:\/\/www.nettali.com\/#personlogo\",\"inLanguage\":\"fr-FR\",\"url\":\"https:\/\/secure.gravatar.com\/avatar\/8d143b5a49345098ddcfee1c49c2f47c?s=96&d=mm&r=g\",\"contentUrl\":\"https:\/\/secure.gravatar.com\/avatar\/8d143b5a49345098ddcfee1c49c2f47c?s=96&d=mm&r=g\",\"caption\":\"Daouda\"},\"sameAs\":[\"https:\/\/www.nettali.com\"]}]}<\/script>\n<!-- \/ Yoast SEO Premium plugin. -->","yoast_head_json":{"title":"DIFFAMATION ET ATTEINTE A LA VIE PRIV\u00c9E -\u00a0 La \u00abNiarel\u00bb de l\u2019homme d\u2019affaires Cheikh Amar fait arr\u00eater D\u00e9l\u00e9gu\u00e9 Amar\u00a0 | Nettali.com","robots":{"index":"index","follow":"follow","max-snippet":"max-snippet:-1","max-image-preview":"max-image-preview:large","max-video-preview":"max-video-preview:-1"},"canonical":"https:\/\/www.nettali.com\/2024\/03\/29\/diffamation-et-atteinte-a-la-vie-privee-la-niarel-de-lhomme-daffaires-cheikh-amar-fait-arreter-delegue-amar\/","og_locale":"fr_FR","og_type":"article","og_title":"DIFFAMATION ET ATTEINTE A LA VIE PRIV\u00c9E -\u00a0 La \u00abNiarel\u00bb de l\u2019homme d\u2019affaires Cheikh Amar fait arr\u00eater D\u00e9l\u00e9gu\u00e9 Amar\u00a0","og_description":"NETTALI.COM - Il ne s\u2019attendait pas \u00e0 son arrestation. Le Jet-Setteur Modou Amar dit D\u00e9l\u00e9gu\u00e9 Amar s\u2019est rendu, hier jeudi, aux locaux de la Division sp\u00e9ciale de la Cyber-s\u00e9curit\u00e9 (Dsc) \u00e0 bord de son v\u00e9hicule pour r\u00e9pondre \u00e0 une convocation. Il a fini par confier la voiture aux policiers-enqu\u00eateurs. Selon nos informations, D\u00e9l\u00e9gu\u00e9 Amar est [&hellip;]","og_url":"https:\/\/www.nettali.com\/2024\/03\/29\/diffamation-et-atteinte-a-la-vie-privee-la-niarel-de-lhomme-daffaires-cheikh-amar-fait-arreter-delegue-amar\/","og_site_name":"Nettali.com","article_publisher":"https:\/\/www.facebook.com\/nettalicom","article_published_time":"2024-03-29T17:45:58+00:00","article_modified_time":"2024-03-29T16:49:15+00:00","og_image":[{"width":692,"height":352,"url":"https:\/\/www.nettali.com\/wp-content\/uploads\/2022\/06\/Tribunal-Cour-dassises-Palais-de-justice-de-Dakar.jpeg","type":"image\/jpeg"}],"twitter_card":"summary_large_image","twitter_misc":{"\u00c9crit par":"Daouda","Dur\u00e9e de lecture estim\u00e9e":"2 minutes"},"schema":{"@context":"https:\/\/schema.org","@graph":[{"@type":"WebSite","@id":"https:\/\/www.nettali.com\/#website","url":"https:\/\/www.nettali.com\/","name":"Nettali.com","description":"Le rendez-vous critique du Net","potentialAction":[{"@type":"SearchAction","target":{"@type":"EntryPoint","urlTemplate":"https:\/\/www.nettali.com\/?s={search_term_string}"},"query-input":"required name=search_term_string"}],"inLanguage":"fr-FR"},{"@type":"ImageObject","@id":"https:\/\/www.nettali.com\/2024\/03\/29\/diffamation-et-atteinte-a-la-vie-privee-la-niarel-de-lhomme-daffaires-cheikh-amar-fait-arreter-delegue-amar\/#primaryimage","inLanguage":"fr-FR","url":"https:\/\/www.nettali.com\/wp-content\/uploads\/2022\/06\/Tribunal-Cour-dassises-Palais-de-justice-de-Dakar.jpeg","contentUrl":"https:\/\/www.nettali.com\/wp-content\/uploads\/2022\/06\/Tribunal-Cour-dassises-Palais-de-justice-de-Dakar.jpeg","width":692,"height":352},{"@type":"WebPage","@id":"https:\/\/www.nettali.com\/2024\/03\/29\/diffamation-et-atteinte-a-la-vie-privee-la-niarel-de-lhomme-daffaires-cheikh-amar-fait-arreter-delegue-amar\/#webpage","url":"https:\/\/www.nettali.com\/2024\/03\/29\/diffamation-et-atteinte-a-la-vie-privee-la-niarel-de-lhomme-daffaires-cheikh-amar-fait-arreter-delegue-amar\/","name":"DIFFAMATION ET ATTEINTE A LA VIE PRIV\u00c9E -\u00a0 La \u00abNiarel\u00bb de l\u2019homme d\u2019affaires Cheikh Amar fait arr\u00eater D\u00e9l\u00e9gu\u00e9 Amar\u00a0 | Nettali.com","isPartOf":{"@id":"https:\/\/www.nettali.com\/#website"},"primaryImageOfPage":{"@id":"https:\/\/www.nettali.com\/2024\/03\/29\/diffamation-et-atteinte-a-la-vie-privee-la-niarel-de-lhomme-daffaires-cheikh-amar-fait-arreter-delegue-amar\/#primaryimage"},"datePublished":"2024-03-29T17:45:58+00:00","dateModified":"2024-03-29T16:49:15+00:00","author":{"@id":"https:\/\/www.nettali.com\/#\/schema\/person\/3317e0bb3aa1da309fbf7b2780901bf4"},"breadcrumb":{"@id":"https:\/\/www.nettali.com\/2024\/03\/29\/diffamation-et-atteinte-a-la-vie-privee-la-niarel-de-lhomme-daffaires-cheikh-amar-fait-arreter-delegue-amar\/#breadcrumb"},"inLanguage":"fr-FR","potentialAction":[{"@type":"ReadAction","target":["https:\/\/www.nettali.com\/2024\/03\/29\/diffamation-et-atteinte-a-la-vie-privee-la-niarel-de-lhomme-daffaires-cheikh-amar-fait-arreter-delegue-amar\/"]}]},{"@type":"BreadcrumbList","@id":"https:\/\/www.nettali.com\/2024\/03\/29\/diffamation-et-atteinte-a-la-vie-privee-la-niarel-de-lhomme-daffaires-cheikh-amar-fait-arreter-delegue-amar\/#breadcrumb","itemListElement":[{"@type":"ListItem","position":1,"name":"Accueil","item":"https:\/\/www.nettali.com\/"},{"@type":"ListItem","position":2,"name":"DIFFAMATION ET ATTEINTE A LA VIE PRIV\u00c9E -\u00a0 La \u00abNiarel\u00bb de l\u2019homme d\u2019affaires Cheikh Amar fait arr\u00eater D\u00e9l\u00e9gu\u00e9 Amar\u00a0"}]},{"@type":"Person","@id":"https:\/\/www.nettali.com\/#\/schema\/person\/3317e0bb3aa1da309fbf7b2780901bf4","name":"Daouda","image":{"@type":"ImageObject","@id":"https:\/\/www.nettali.com\/#personlogo","inLanguage":"fr-FR","url":"https:\/\/secure.gravatar.com\/avatar\/8d143b5a49345098ddcfee1c49c2f47c?s=96&d=mm&r=g","contentUrl":"https:\/\/secure.gravatar.com\/avatar\/8d143b5a49345098ddcfee1c49c2f47c?s=96&d=mm&r=g","caption":"Daouda"},"sameAs":["https:\/\/www.nettali.com"]}]}},"_links":{"self":[{"href":"https:\/\/www.nettali.com\/rest\/wp\/v2\/posts\/130785"}],"collection":[{"href":"https:\/\/www.nettali.com\/rest\/wp\/v2\/posts"}],"about":[{"href":"https:\/\/www.nettali.com\/rest\/wp\/v2\/types\/post"}],"author":[{"embeddable":true,"href":"https:\/\/www.nettali.com\/rest\/wp\/v2\/users\/4"}],"replies":[{"embeddable":true,"href":"https:\/\/www.nettali.com\/rest\/wp\/v2\/comments?post=130785"}],"version-history":[{"count":1,"href":"https:\/\/www.nettali.com\/rest\/wp\/v2\/posts\/130785\/revisions"}],"predecessor-version":[{"id":130786,"href":"https:\/\/www.nettali.com\/rest\/wp\/v2\/posts\/130785\/revisions\/130786"}],"wp:featuredmedia":[{"embeddable":true,"href":"https:\/\/www.nettali.com\/rest\/wp\/v2\/media\/87493"}],"wp:attachment":[{"href":"https:\/\/www.nettali.com\/rest\/wp\/v2\/media?parent=130785"}],"wp:term":[{"taxonomy":"category","embeddable":true,"href":"https:\/\/www.nettali.com\/rest\/wp\/v2\/categories?post=130785"},{"taxonomy":"post_tag","embeddable":true,"href":"https:\/\/www.nettali.com\/rest\/wp\/v2\/tags?post=130785"}],"curies":[{"name":"wp","href":"https:\/\/api.w.org\/{rel}","templated":true}]}}