{"id":130490,"date":"2024-03-25T20:07:10","date_gmt":"2024-03-25T20:07:10","guid":{"rendered":"https:\/\/www.nettali.com\/?p=130490"},"modified":"2024-03-27T18:55:12","modified_gmt":"2024-03-27T18:55:12","slug":"profil-bassirou-diomaye-diakhar-faye-5e-et-plus-jeune-president-du-senegal","status":"publish","type":"post","link":"https:\/\/www.nettali.com\/2024\/03\/25\/profil-bassirou-diomaye-diakhar-faye-5e-et-plus-jeune-president-du-senegal\/","title":{"rendered":"PROFIL - Bassirou Diomaye Diakhar Faye, 5e et plus jeune pr\u00e9sident du S\u00e9n\u00e9gal"},"content":{"rendered":"<p><strong>NETTALI.COM - Sorti largement en t\u00eate des suffrages \u00e0 l\u2019issue du scrutin pr\u00e9sidentiel de dimanche, Bassirou Diomaye Diakhar Faye va devenir \u00e0 44 ans le plus jeune pr\u00e9sident de la R\u00e9publique du S\u00e9n\u00e9gal, apr\u00e8s que son challenger, Amadou Ba, candidat du pouvoir sortant, a conc\u00e9d\u00e9 sa d\u00e9faite avant m\u00eame la publication des r\u00e9sultats officiels.<\/strong><\/p>\n<p>La victoire annonc\u00e9e de l\u2019inspecteur principal des imp\u00f4ts \u00e9tait sans doute loin d\u2019\u00eatre gagn\u00e9 tant les obstacles \u00e9taient nombreux.<\/p>\n<p>Elargi de prison six jours seulement apr\u00e8s le lancement officiel de la campagne \u00e9lectorale pour la pr\u00e9sidentielle de ce dimanche, Bassirou Diomaye Faye \u00e9tait aussit\u00f4t mont\u00e9 au front, \u00e0 l\u2019assaut des suffrages, dans les habits d\u2019un lieutenant devenu, par la force des choses, le leader de troupes engag\u00e9es dans une lutte sans merci pour faire triompher un projet politique dans lequel beaucoup voient un id\u00e9al de renouveau.<\/p>\n<p>La participation de l\u2019inspecteur principal des imp\u00f4ts \u00e0 l\u2019\u00e9lection pr\u00e9sidentielle du 24 mars est \u00e0 l\u2019image des p\u00e9rip\u00e9ties et nombreux obstacles auxquels sa formation politique a d\u00fb faire face depuis 2021, date \u00e0 laquelle des accusations de viols ont \u00e9t\u00e9 port\u00e9es contre Ousmane Sonko, le leader des Patriotes africains pour le travail, l\u2019\u00e9thique et la fraternit\u00e9 (Pastef), formation aujourd\u2019hui dissoute.<\/p>\n<p>La candidature du natif de Ndiaganiao, au coeur du pays s\u00e9r\u00e8re, est sans doute, l\u2019une des cons\u00e9quences de l\u2019\u00e2pre lutte men\u00e9e depuis plus de trois ans par ce parti, un \u2018\u2019mortal kombat\u2019\u2019 avec le pouvoir en place, une adversit\u00e9 quasiment in\u00e9dite qui a parfois pris des tournures tragiques et dramatiques : la prison, la mort et les blessures. Contrecoups de l\u2019opposition de deux logiques apparues inconciliables tant les antagonismes sont rest\u00e9s vivaces entre les deux camps.<\/p>\n<p><em>\"Les morts ne reviendront pas, les amput\u00e9s ne retrouveront ni leurs bras, ni leurs jambes, les \u00e9borgn\u00e9s ne retrouveront pas leurs yeux et on a toujours des malades qui ont \u00e9t\u00e9 \u00e9vacu\u00e9s \u00e0 l\u2019\u00e9tranger du fait de cette r\u00e9pression aveugle\u2019\u2019<\/em>, a regrett\u00e9 le candidat de la coalition \u2018\u2019Diomaye Pr\u00e9sident\u2019\u2019, lors d\u2019une conf\u00e9rence de presse organis\u00e9e au lendemain de sa lib\u00e9ration de prison.<\/p>\n<p>Un s\u00e9jour carc\u00e9ral de pr\u00e8s d\u2019un an qui a sans aucun doute contribu\u00e9 \u00e0 augmenter la cote du lieutenant d\u2019Ousmane Sonko au sein des alli\u00e9s et sympathisants de leur camp. Son engagement en est devenu plus raffermi, au m\u00eame titre que son d\u00e9sir de lutter jusqu\u2019au bout pour \u2018\u2019le projet\u2019\u2019, y compris par le sacrifice et le don de soi si n\u00e9cessaire, toutes choses qui donnent des accents mystiques \u00e0 une conviction, per\u00e7ue d\u00e8s le d\u00e9but\u00a0: le pays vaut tout, jusqu\u2019\u00e0 mourir m\u00eame pour lui.<\/p>\n<p>Tout se passe comme si la prison a eu un effet d\u2019acc\u00e9l\u00e9ration de la maturation politique de celui qui passait jusque-l\u00e0 comme un \u2018\u2019cerveau\u2019\u2019 dans l\u2019ombre d\u2019un mentor \u00e0 l\u2019exposition m\u00e9diatique sans pareil. La prison a cr\u00e9\u00e9 un leader tranquille, mais un leader quand m\u00eame.<\/p>\n<p>En atteste la posture adopt\u00e9e par Bassirou Diomaye Faye d\u00e8s sa sortie de la Prison du Cap Manuel, apr\u00e8s avoir b\u00e9n\u00e9fici\u00e9, comme son leader, d\u2019une remise en libert\u00e9 \u00e0 la faveur du vote d\u2019une loi d\u2019amnistie.<\/p>\n<p>Les militants et soutiens d\u2019Ousmane Sonko \u00e9taient sans doute loin de se douter que le v\u00e9hicule qui fendaient la foule hyst\u00e9rique ce 14 mars l\u00e0, n\u2019\u00e9tait pas celui qu\u2019ils croyaient. Jusqu\u2019\u00e0 ce que Bassirou Diomaye Faye, v\u00eatu d\u2019un boubou de couleur bleue, casquette viss\u00e9e sur la t\u00eate, en \u00e9merge et d\u00e9ploie ses bras sous les acclamations.<\/p>\n<p>Cette image, analys\u00e9e \u00e0 rebours du temps et du destin, sonne comme une intronisation populaire, d\u2019autant qu\u2019Ousmane Sonko, sorti de prison en m\u00eame temps que le candidat de son groupe politique, n\u2019a pas \u00e9t\u00e9 aper\u00e7u par la foule. Il se susurre que le mentor a pr\u00e9f\u00e9r\u00e9 s\u2019\u00e9clipser cette nuit-l\u00e0 pour que son fid\u00e8le lieutenant attire toute la lumi\u00e8re possible d\u2019un moment de v\u00e9rit\u00e9 que seule la politique autorise.<\/p>\n<p><em>\"Bassirou est plus honn\u00eate que moi. Bassirou est un homme extr\u00eamement brillant. Il est un homme d\u2019action qui fait partie du projet depuis le d\u00e9but. Je place le projet entre ses mains. Bassirou, c\u2019est moi\u2019<\/em>\u2019, t\u00e9moignait d\u2019ailleurs Ousmane Sonko dans une vid\u00e9o consacrant la d\u00e9signation du natif de Ndiaganiao comme candidat \u00e0 l\u2019\u00e9lection pr\u00e9sidentielle pour le compte de sa formation politique dissoute.<\/p>\n<p>Bassirou Diomaye Faye, pendant longtemps num\u00e9ro deux du PASTEF, \u00e0 travers ses fonctions de secr\u00e9taire g\u00e9n\u00e9ral ou pr\u00e9sident des cadres de ce parti dissous, devient de fait la surprise du chef. L\u2019h\u00e9ritier d\u00e9sign\u00e9, appel\u00e9 \u00e0 combattre, par une l\u00e9gitimation par substitution, un syst\u00e8me que son mentor ne r\u00eavait que de terrasser.<\/p>\n<p><strong>De l\u2019ambition \u00e0 revendre<\/strong><\/p>\n<p>Si au premier abord il para\u00eet de peu d\u2019\u00e9toffe pour un homme aspirant \u00e0 la magistrature supr\u00eame, il semble d\u00e9sormais \u00e9tabli que le pr\u00e9sident \u00e9lu a de l\u2019ambition \u00e0 revendre.<\/p>\n<p>Il est tout aussi av\u00e9r\u00e9 que, pour avoir de la vision pour son pays, il ne suffit pas seulement de savoir haranguer les foules, comme ces politiciens professionnels pass\u00e9s ma\u00eetres dans l\u2019art de faire le show.<\/p>\n<p>Bassirou Diomaye Faye peut compter sur plus que cela. Le germe qui cr\u00e9e l\u2019ambition s\u2019\u00e9tait manifest\u00e9 en lui depuis ses jeunes ann\u00e9es.<\/p>\n<p>En t\u00e9moigne son refus de regagner son village natal, Ndiaganiao, dans le d\u00e9partement de Mbour, apr\u00e8s la proclamation des r\u00e9sultats du Baccalaur\u00e9at pour lequel il pensait m\u00e9riter plus qu\u2019une mention passable. Car, bien souvent premier de sa classe, Bassirou a re\u00e7u l\u2019annonce des r\u00e9sultats du Bac par des larmes de d\u00e9ception. D\u00e9ception parce qu\u2019il ne cherchait pas seulement le Bac mais avec la mention !<\/p>\n<p>Ayant obtenu ce s\u00e9same d\u2019office mais sans mention, Bassirou a \u00e9t\u00e9 cueilli par son fr\u00e8re car il refusait de rentrer \u00e0 la maison, renseigne une note biographique qui lui est consacr\u00e9e. C\u2019\u00e9tait en 2000, \u00e0 Mbour.<\/p>\n<p>Bac en poche, il fut orient\u00e9 \u00e0 la Facult\u00e9 des sciences juridiques et politiques de l\u2019Universit\u00e9 Cheikh Anta Diop de Dakar, o\u00f9 il a obtenu sa ma\u00eetrise en droit.<\/p>\n<p>Ce s\u00e9same lui permettra de se pr\u00e9senter au concours d\u2019entr\u00e9e \u00e0 l\u2019Ecole nationale d\u2019administration et \u00e0 celle de la magistrature. Il opta finalement pour la branche des imp\u00f4ts et domaines, section fr\u00e9quent\u00e9e quelques ann\u00e9es plut\u00f4t par son leader Ousmane Sonko, tout comme certains autres cadres du PASTEF.<\/p>\n<p>Qu\u2019il soit arr\u00eat\u00e9 quelques ann\u00e9es plus tard, en avril 2023, avant d\u2019\u00eatre inculp\u00e9 de plusieurs chefs, notamment outrage \u00e0 magistrat, rel\u00e8ve d\u2019une v\u00e9ritable ironie du sort.<\/p>\n<p>A sa sortie de l\u2019ENA en 2007, son chemin croise celui d\u2019Ousmane Sonko avec lequel il partage le travail au quotidien \u00e0 la direction g\u00e9n\u00e9rale des imp\u00f4ts et domaines mais aussi la m\u00eame salle de sport.<\/p>\n<p>Une amiti\u00e9 est n\u00e9e. En 2014, lors d\u2019une des r\u00e9unions ayant conduit \u00e0 porter sur les fonts baptismaux le parti Patriotes africains du S\u00e9n\u00e9gal pour le travail, l\u2019\u00e9thique et la fraternit\u00e9 (Pastef), il n\u2019\u00e9tait que simple invit\u00e9, indique une note consacr\u00e9e \u00e0 sa biographie. La m\u00eame source renseigne que l\u2019intrus a fini par taper \u00e0 l\u2019\u0153il de ses h\u00f4tes, en se faisant remarquer, de par la pertinence de ses id\u00e9es, sa rigueur surtout et sa production intellectuelle lors des r\u00e9unions du bureau politique.<\/p>\n<p>Tr\u00e8s proche de Sonko, il sera vite coopt\u00e9 pour diriger les cadres de Pastef, poste qu\u2019il cumule avec celui de charg\u00e9 de la diaspora. Il est d\u00e9crit, \u00e0 ce titre, comme l\u2019artisan du maillage de PASTEF \u00e0 l\u2019\u00e9tranger, notamment en Europe, o\u00f9 il a multipli\u00e9 les tourn\u00e9es pour vendre le nouveau parti et partager ses valeurs et ses aspirations pour un S\u00e9n\u00e9gal renouvel\u00e9 et prosp\u00e8re.<\/p>\n<p><em>\"Bassirou est un esprit brillant, tr\u00e8s discret, froid dans l\u2019analyse, coh\u00e9rent dans les id\u00e9es et sait exactement dans chaque situation donn\u00e9e comment ma\u00eetriser ses sentiments\u2019\u2019<\/em>, peut-on lire dans sa biographie.<\/p>\n<p>Il est aussi d\u00e9peint comme une personne qui <em>\"s\u2019oppose farouchement lorsqu\u2019il n\u2019est pas d\u2019accord avec une id\u00e9e ou une approche, mais aussi qui se range avec fid\u00e9lit\u00e9 et loyaut\u00e9 lorsqu\u2019une d\u00e9cision est prise, f\u00fbt-elle en contradiction avec la sienne\u201d<\/em>.<\/p>\n<p>En fin de compte, cette victoire \u00e0 l\u2019issue de la pr\u00e9sidentielle consacre, aux yeux de certains inconditionnels, l\u2019accomplissement d\u2019une proph\u00e9tie\u00a0: c\u00e9l\u00e9brer son anniversaire dans les habits d\u2019un pr\u00e9sident \u00e9lu.<\/p>\n<div class='share-to-whatsapp-wrapper'><div class='share-on-whsp'>PARTAGER SUR : <\/div><a data-text='PROFIL - Bassirou Diomaye Diakhar Faye, 5e et plus jeune pr\u00e9sident du S\u00e9n\u00e9gal' data-link='https:\/\/www.nettali.com\/2024\/03\/25\/profil-bassirou-diomaye-diakhar-faye-5e-et-plus-jeune-president-du-senegal\/' class='whatsapp-button whatsapp-share'>WhatsApp<\/a><div class='clear '><\/div><\/div>","protected":false},"excerpt":{"rendered":"<p>NETTALI.COM - Sorti largement en t\u00eate des suffrages \u00e0 l\u2019issue du scrutin pr\u00e9sidentiel de dimanche, Bassirou Diomaye Diakhar Faye va devenir \u00e0 44 ans le plus jeune pr\u00e9sident de la R\u00e9publique du S\u00e9n\u00e9gal, apr\u00e8s que son challenger, Amadou Ba, candidat du pouvoir sortant, a conc\u00e9d\u00e9 sa d\u00e9faite avant m\u00eame la publication des r\u00e9sultats officiels. La [&hellip;]<\/p>\n","protected":false},"author":4,"featured_media":109817,"comment_status":"open","ping_status":"open","sticky":false,"template":"","format":"standard","meta":{"_et_pb_use_builder":"","_et_pb_old_content":""},"categories":[2],"tags":[],"yoast_head":"<!-- This site is optimized with the Yoast SEO Premium plugin v17.8 (Yoast SEO v17.8) - https:\/\/yoast.com\/wordpress\/plugins\/seo\/ -->\n<title>PROFIL - Bassirou Diomaye Diakhar Faye, 5e et plus jeune pr\u00e9sident du S\u00e9n\u00e9gal | Nettali.com<\/title>\n<meta name=\"robots\" content=\"index, follow, max-snippet:-1, max-image-preview:large, max-video-preview:-1\" \/>\n<link rel=\"canonical\" href=\"https:\/\/www.nettali.com\/2024\/03\/25\/profil-bassirou-diomaye-diakhar-faye-5e-et-plus-jeune-president-du-senegal\/\" \/>\n<meta property=\"og:locale\" content=\"fr_FR\" \/>\n<meta property=\"og:type\" content=\"article\" \/>\n<meta property=\"og:title\" content=\"PROFIL - Bassirou Diomaye Diakhar Faye, 5e et plus jeune pr\u00e9sident du S\u00e9n\u00e9gal\" \/>\n<meta property=\"og:description\" content=\"NETTALI.COM - Sorti largement en t\u00eate des suffrages \u00e0 l\u2019issue du scrutin pr\u00e9sidentiel de dimanche, Bassirou Diomaye Diakhar Faye va devenir \u00e0 44 ans le plus jeune pr\u00e9sident de la R\u00e9publique du S\u00e9n\u00e9gal, apr\u00e8s que son challenger, Amadou Ba, candidat du pouvoir sortant, a conc\u00e9d\u00e9 sa d\u00e9faite avant m\u00eame la publication des r\u00e9sultats officiels. La [&hellip;]\" \/>\n<meta property=\"og:url\" content=\"https:\/\/www.nettali.com\/2024\/03\/25\/profil-bassirou-diomaye-diakhar-faye-5e-et-plus-jeune-president-du-senegal\/\" \/>\n<meta property=\"og:site_name\" content=\"Nettali.com\" \/>\n<meta property=\"article:publisher\" content=\"https:\/\/www.facebook.com\/nettalicom\" \/>\n<meta property=\"article:published_time\" content=\"2024-03-25T20:07:10+00:00\" \/>\n<meta property=\"article:modified_time\" content=\"2024-03-27T18:55:12+00:00\" \/>\n<meta property=\"og:image\" content=\"https:\/\/www.nettali.com\/wp-content\/uploads\/2023\/05\/bassirou-diomaye-faye-1024x576-1.jpg\" \/>\n\t<meta property=\"og:image:width\" content=\"800\" \/>\n\t<meta property=\"og:image:height\" content=\"450\" \/>\n<meta name=\"twitter:card\" content=\"summary_large_image\" \/>\n<meta name=\"twitter:label1\" content=\"\u00c9crit par\" \/>\n\t<meta name=\"twitter:data1\" content=\"Daouda\" \/>\n\t<meta name=\"twitter:label2\" content=\"Dur\u00e9e de lecture estim\u00e9e\" \/>\n\t<meta name=\"twitter:data2\" content=\"7 minutes\" \/>\n<script type=\"application\/ld+json\" class=\"yoast-schema-graph\">{\"@context\":\"https:\/\/schema.org\",\"@graph\":[{\"@type\":\"WebSite\",\"@id\":\"https:\/\/www.nettali.com\/#website\",\"url\":\"https:\/\/www.nettali.com\/\",\"name\":\"Nettali.com\",\"description\":\"Le rendez-vous critique du Net\",\"potentialAction\":[{\"@type\":\"SearchAction\",\"target\":{\"@type\":\"EntryPoint\",\"urlTemplate\":\"https:\/\/www.nettali.com\/?s={search_term_string}\"},\"query-input\":\"required name=search_term_string\"}],\"inLanguage\":\"fr-FR\"},{\"@type\":\"ImageObject\",\"@id\":\"https:\/\/www.nettali.com\/2024\/03\/25\/profil-bassirou-diomaye-diakhar-faye-5e-et-plus-jeune-president-du-senegal\/#primaryimage\",\"inLanguage\":\"fr-FR\",\"url\":\"https:\/\/www.nettali.com\/wp-content\/uploads\/2023\/05\/bassirou-diomaye-faye-1024x576-1.jpg\",\"contentUrl\":\"https:\/\/www.nettali.com\/wp-content\/uploads\/2023\/05\/bassirou-diomaye-faye-1024x576-1.jpg\",\"width\":800,\"height\":450},{\"@type\":\"WebPage\",\"@id\":\"https:\/\/www.nettali.com\/2024\/03\/25\/profil-bassirou-diomaye-diakhar-faye-5e-et-plus-jeune-president-du-senegal\/#webpage\",\"url\":\"https:\/\/www.nettali.com\/2024\/03\/25\/profil-bassirou-diomaye-diakhar-faye-5e-et-plus-jeune-president-du-senegal\/\",\"name\":\"PROFIL - Bassirou Diomaye Diakhar Faye, 5e et plus jeune pr\\u00e9sident du S\\u00e9n\\u00e9gal | Nettali.com\",\"isPartOf\":{\"@id\":\"https:\/\/www.nettali.com\/#website\"},\"primaryImageOfPage\":{\"@id\":\"https:\/\/www.nettali.com\/2024\/03\/25\/profil-bassirou-diomaye-diakhar-faye-5e-et-plus-jeune-president-du-senegal\/#primaryimage\"},\"datePublished\":\"2024-03-25T20:07:10+00:00\",\"dateModified\":\"2024-03-27T18:55:12+00:00\",\"author\":{\"@id\":\"https:\/\/www.nettali.com\/#\/schema\/person\/3317e0bb3aa1da309fbf7b2780901bf4\"},\"breadcrumb\":{\"@id\":\"https:\/\/www.nettali.com\/2024\/03\/25\/profil-bassirou-diomaye-diakhar-faye-5e-et-plus-jeune-president-du-senegal\/#breadcrumb\"},\"inLanguage\":\"fr-FR\",\"potentialAction\":[{\"@type\":\"ReadAction\",\"target\":[\"https:\/\/www.nettali.com\/2024\/03\/25\/profil-bassirou-diomaye-diakhar-faye-5e-et-plus-jeune-president-du-senegal\/\"]}]},{\"@type\":\"BreadcrumbList\",\"@id\":\"https:\/\/www.nettali.com\/2024\/03\/25\/profil-bassirou-diomaye-diakhar-faye-5e-et-plus-jeune-president-du-senegal\/#breadcrumb\",\"itemListElement\":[{\"@type\":\"ListItem\",\"position\":1,\"name\":\"Accueil\",\"item\":\"https:\/\/www.nettali.com\/\"},{\"@type\":\"ListItem\",\"position\":2,\"name\":\"PROFIL - Bassirou Diomaye Diakhar Faye, 5e et plus jeune pr\\u00e9sident du S\\u00e9n\\u00e9gal\"}]},{\"@type\":\"Person\",\"@id\":\"https:\/\/www.nettali.com\/#\/schema\/person\/3317e0bb3aa1da309fbf7b2780901bf4\",\"name\":\"Daouda\",\"image\":{\"@type\":\"ImageObject\",\"@id\":\"https:\/\/www.nettali.com\/#personlogo\",\"inLanguage\":\"fr-FR\",\"url\":\"https:\/\/secure.gravatar.com\/avatar\/8d143b5a49345098ddcfee1c49c2f47c?s=96&d=mm&r=g\",\"contentUrl\":\"https:\/\/secure.gravatar.com\/avatar\/8d143b5a49345098ddcfee1c49c2f47c?s=96&d=mm&r=g\",\"caption\":\"Daouda\"},\"sameAs\":[\"https:\/\/www.nettali.com\"]}]}<\/script>\n<!-- \/ Yoast SEO Premium plugin. -->","yoast_head_json":{"title":"PROFIL - Bassirou Diomaye Diakhar Faye, 5e et plus jeune pr\u00e9sident du S\u00e9n\u00e9gal | Nettali.com","robots":{"index":"index","follow":"follow","max-snippet":"max-snippet:-1","max-image-preview":"max-image-preview:large","max-video-preview":"max-video-preview:-1"},"canonical":"https:\/\/www.nettali.com\/2024\/03\/25\/profil-bassirou-diomaye-diakhar-faye-5e-et-plus-jeune-president-du-senegal\/","og_locale":"fr_FR","og_type":"article","og_title":"PROFIL - Bassirou Diomaye Diakhar Faye, 5e et plus jeune pr\u00e9sident du S\u00e9n\u00e9gal","og_description":"NETTALI.COM - Sorti largement en t\u00eate des suffrages \u00e0 l\u2019issue du scrutin pr\u00e9sidentiel de dimanche, Bassirou Diomaye Diakhar Faye va devenir \u00e0 44 ans le plus jeune pr\u00e9sident de la R\u00e9publique du S\u00e9n\u00e9gal, apr\u00e8s que son challenger, Amadou Ba, candidat du pouvoir sortant, a conc\u00e9d\u00e9 sa d\u00e9faite avant m\u00eame la publication des r\u00e9sultats officiels. La [&hellip;]","og_url":"https:\/\/www.nettali.com\/2024\/03\/25\/profil-bassirou-diomaye-diakhar-faye-5e-et-plus-jeune-president-du-senegal\/","og_site_name":"Nettali.com","article_publisher":"https:\/\/www.facebook.com\/nettalicom","article_published_time":"2024-03-25T20:07:10+00:00","article_modified_time":"2024-03-27T18:55:12+00:00","og_image":[{"width":800,"height":450,"url":"https:\/\/www.nettali.com\/wp-content\/uploads\/2023\/05\/bassirou-diomaye-faye-1024x576-1.jpg","type":"image\/jpeg"}],"twitter_card":"summary_large_image","twitter_misc":{"\u00c9crit par":"Daouda","Dur\u00e9e de lecture estim\u00e9e":"7 minutes"},"schema":{"@context":"https:\/\/schema.org","@graph":[{"@type":"WebSite","@id":"https:\/\/www.nettali.com\/#website","url":"https:\/\/www.nettali.com\/","name":"Nettali.com","description":"Le rendez-vous critique du Net","potentialAction":[{"@type":"SearchAction","target":{"@type":"EntryPoint","urlTemplate":"https:\/\/www.nettali.com\/?s={search_term_string}"},"query-input":"required name=search_term_string"}],"inLanguage":"fr-FR"},{"@type":"ImageObject","@id":"https:\/\/www.nettali.com\/2024\/03\/25\/profil-bassirou-diomaye-diakhar-faye-5e-et-plus-jeune-president-du-senegal\/#primaryimage","inLanguage":"fr-FR","url":"https:\/\/www.nettali.com\/wp-content\/uploads\/2023\/05\/bassirou-diomaye-faye-1024x576-1.jpg","contentUrl":"https:\/\/www.nettali.com\/wp-content\/uploads\/2023\/05\/bassirou-diomaye-faye-1024x576-1.jpg","width":800,"height":450},{"@type":"WebPage","@id":"https:\/\/www.nettali.com\/2024\/03\/25\/profil-bassirou-diomaye-diakhar-faye-5e-et-plus-jeune-president-du-senegal\/#webpage","url":"https:\/\/www.nettali.com\/2024\/03\/25\/profil-bassirou-diomaye-diakhar-faye-5e-et-plus-jeune-president-du-senegal\/","name":"PROFIL - Bassirou Diomaye Diakhar Faye, 5e et plus jeune pr\u00e9sident du S\u00e9n\u00e9gal | Nettali.com","isPartOf":{"@id":"https:\/\/www.nettali.com\/#website"},"primaryImageOfPage":{"@id":"https:\/\/www.nettali.com\/2024\/03\/25\/profil-bassirou-diomaye-diakhar-faye-5e-et-plus-jeune-president-du-senegal\/#primaryimage"},"datePublished":"2024-03-25T20:07:10+00:00","dateModified":"2024-03-27T18:55:12+00:00","author":{"@id":"https:\/\/www.nettali.com\/#\/schema\/person\/3317e0bb3aa1da309fbf7b2780901bf4"},"breadcrumb":{"@id":"https:\/\/www.nettali.com\/2024\/03\/25\/profil-bassirou-diomaye-diakhar-faye-5e-et-plus-jeune-president-du-senegal\/#breadcrumb"},"inLanguage":"fr-FR","potentialAction":[{"@type":"ReadAction","target":["https:\/\/www.nettali.com\/2024\/03\/25\/profil-bassirou-diomaye-diakhar-faye-5e-et-plus-jeune-president-du-senegal\/"]}]},{"@type":"BreadcrumbList","@id":"https:\/\/www.nettali.com\/2024\/03\/25\/profil-bassirou-diomaye-diakhar-faye-5e-et-plus-jeune-president-du-senegal\/#breadcrumb","itemListElement":[{"@type":"ListItem","position":1,"name":"Accueil","item":"https:\/\/www.nettali.com\/"},{"@type":"ListItem","position":2,"name":"PROFIL - Bassirou Diomaye Diakhar Faye, 5e et plus jeune pr\u00e9sident du S\u00e9n\u00e9gal"}]},{"@type":"Person","@id":"https:\/\/www.nettali.com\/#\/schema\/person\/3317e0bb3aa1da309fbf7b2780901bf4","name":"Daouda","image":{"@type":"ImageObject","@id":"https:\/\/www.nettali.com\/#personlogo","inLanguage":"fr-FR","url":"https:\/\/secure.gravatar.com\/avatar\/8d143b5a49345098ddcfee1c49c2f47c?s=96&d=mm&r=g","contentUrl":"https:\/\/secure.gravatar.com\/avatar\/8d143b5a49345098ddcfee1c49c2f47c?s=96&d=mm&r=g","caption":"Daouda"},"sameAs":["https:\/\/www.nettali.com"]}]}},"_links":{"self":[{"href":"https:\/\/www.nettali.com\/rest\/wp\/v2\/posts\/130490"}],"collection":[{"href":"https:\/\/www.nettali.com\/rest\/wp\/v2\/posts"}],"about":[{"href":"https:\/\/www.nettali.com\/rest\/wp\/v2\/types\/post"}],"author":[{"embeddable":true,"href":"https:\/\/www.nettali.com\/rest\/wp\/v2\/users\/4"}],"replies":[{"embeddable":true,"href":"https:\/\/www.nettali.com\/rest\/wp\/v2\/comments?post=130490"}],"version-history":[{"count":3,"href":"https:\/\/www.nettali.com\/rest\/wp\/v2\/posts\/130490\/revisions"}],"predecessor-version":[{"id":130528,"href":"https:\/\/www.nettali.com\/rest\/wp\/v2\/posts\/130490\/revisions\/130528"}],"wp:featuredmedia":[{"embeddable":true,"href":"https:\/\/www.nettali.com\/rest\/wp\/v2\/media\/109817"}],"wp:attachment":[{"href":"https:\/\/www.nettali.com\/rest\/wp\/v2\/media?parent=130490"}],"wp:term":[{"taxonomy":"category","embeddable":true,"href":"https:\/\/www.nettali.com\/rest\/wp\/v2\/categories?post=130490"},{"taxonomy":"post_tag","embeddable":true,"href":"https:\/\/www.nettali.com\/rest\/wp\/v2\/tags?post=130490"}],"curies":[{"name":"wp","href":"https:\/\/api.w.org\/{rel}","templated":true}]}}