{"id":130416,"date":"2024-03-25T06:01:21","date_gmt":"2024-03-25T06:01:21","guid":{"rendered":"https:\/\/www.nettali.com\/?p=130416"},"modified":"2024-03-25T06:01:21","modified_gmt":"2024-03-25T06:01:21","slug":"dakar-plateau-medina-diomaye-faye-double-amadou-ba","status":"publish","type":"post","link":"https:\/\/www.nettali.com\/2024\/03\/25\/dakar-plateau-medina-diomaye-faye-double-amadou-ba\/","title":{"rendered":"DAKAR PLATEAU MEDINA - Diomaye Faye double Amadou Ba"},"content":{"rendered":"<div class=\"page\" title=\"Page 3\">\n<div class=\"section\">\n<div class=\"layoutArea\">\n<div class=\"column\">\n<p><strong>NETTALI.COM -<\/strong> Le duel entre Bassirou Diomaye Faye et Amadou Ba a eu lieu dans les communes de Me\u0301dina et de Dakar- Plateau. Les deux candidats respectivement de Diomaye- Pre\u0301sident et de Benno Bokk Yaakaar ont compose\u0301 le peloton de te\u0302te du scrutin pre\u0301sidentiel dans ces deux localite\u0301s. Mais a\u0300 l\u2019issue des de\u0301pouillements, c\u2019est Diomaye qui s\u2019est place\u0301 en te\u0302te de la course, si on en croit les re\u0301sultats sortis des centres te\u0301moins. Le candidat de l\u2019opposition a remporte\u0301 tous les 22 bureaux constituant le centre de vote de l\u2019Universite\u0301 catholique de l\u2019Afrique de l\u2019Ouest (UCAO). Le secre\u0301taire ge\u0301ne\u0301ral de l\u2019ex-Pastef a obtenu 4 132 voix contre 2 747, soit une diffe\u0301rence de 1 385 voix.<\/p>\n<\/div>\n<div class=\"column\">\n<p>Au centre Berthe Maubert, Diomaye Faye a remporte\u0301 1 022 des 1 852 suffrages valablement exprime\u0301s devant le candidat de la coalition au pouvoir, cre\u0301dite\u0301 de 623 voix. L\u2019e\u0301cart entre les deux camps est de 399 voix.<\/p>\n<p>C\u2019est e\u0301galement la me\u0302me configuration au centre de vote Mour Diop de la Me\u0301dina. Dans ce centre le plus important de la commune, le candidat de l\u2019opposition a large- ment remporte\u0301 le scrutin en s\u2019imposant dans tous les 27 bureaux de vote. Bassirou Diomaye Faye a obtenu 5 162 voix contre 2 613 pour son principal adversaire Amadou Ba, soit une diffe\u0301rence de 2 549 points.<\/p>\n<\/div>\n<\/div>\n<\/div>\n<\/div>\n<div class='share-to-whatsapp-wrapper'><div class='share-on-whsp'>PARTAGER SUR : <\/div><a data-text='DAKAR PLATEAU MEDINA - Diomaye Faye double Amadou Ba' data-link='https:\/\/www.nettali.com\/2024\/03\/25\/dakar-plateau-medina-diomaye-faye-double-amadou-ba\/' class='whatsapp-button whatsapp-share'>WhatsApp<\/a><div class='clear '><\/div><\/div>","protected":false},"excerpt":{"rendered":"<p>NETTALI.COM - Le duel entre Bassirou Diomaye Faye et Amadou Ba a eu lieu dans les communes de Me\u0301dina et de Dakar- Plateau. Les deux candidats respectivement de Diomaye- Pre\u0301sident et de Benno Bokk Yaakaar ont compose\u0301 le peloton de te\u0302te du scrutin pre\u0301sidentiel dans ces deux localite\u0301s. Mais a\u0300 l\u2019issue des de\u0301pouillements, c\u2019est Diomaye [&hellip;]<\/p>\n","protected":false},"author":2,"featured_media":130348,"comment_status":"open","ping_status":"open","sticky":false,"template":"","format":"standard","meta":{"_et_pb_use_builder":"","_et_pb_old_content":""},"categories":[2],"tags":[],"yoast_head":"<!-- This site is optimized with the Yoast SEO Premium plugin v17.8 (Yoast SEO v17.8) - https:\/\/yoast.com\/wordpress\/plugins\/seo\/ -->\n<title>DAKAR PLATEAU MEDINA - Diomaye Faye double Amadou Ba | Nettali.com<\/title>\n<meta name=\"robots\" content=\"index, follow, max-snippet:-1, max-image-preview:large, max-video-preview:-1\" \/>\n<link rel=\"canonical\" href=\"https:\/\/www.nettali.com\/2024\/03\/25\/dakar-plateau-medina-diomaye-faye-double-amadou-ba\/\" \/>\n<meta property=\"og:locale\" content=\"fr_FR\" \/>\n<meta property=\"og:type\" content=\"article\" \/>\n<meta property=\"og:title\" content=\"DAKAR PLATEAU MEDINA - Diomaye Faye double Amadou Ba\" \/>\n<meta property=\"og:description\" content=\"NETTALI.COM - Le duel entre Bassirou Diomaye Faye et Amadou Ba a eu lieu dans les communes de Me\u0301dina et de Dakar- Plateau. Les deux candidats respectivement de Diomaye- Pre\u0301sident et de Benno Bokk Yaakaar ont compose\u0301 le peloton de te\u0302te du scrutin pre\u0301sidentiel dans ces deux localite\u0301s. Mais a\u0300 l\u2019issue des de\u0301pouillements, c\u2019est Diomaye [&hellip;]\" \/>\n<meta property=\"og:url\" content=\"https:\/\/www.nettali.com\/2024\/03\/25\/dakar-plateau-medina-diomaye-faye-double-amadou-ba\/\" \/>\n<meta property=\"og:site_name\" content=\"Nettali.com\" \/>\n<meta property=\"article:publisher\" content=\"https:\/\/www.facebook.com\/nettalicom\" \/>\n<meta property=\"article:published_time\" content=\"2024-03-25T06:01:21+00:00\" \/>\n<meta property=\"og:image\" content=\"https:\/\/www.nettali.com\/wp-content\/uploads\/2024\/03\/IMG-20240324-WA0129.jpg\" \/>\n\t<meta property=\"og:image:width\" content=\"1280\" \/>\n\t<meta property=\"og:image:height\" content=\"960\" \/>\n<meta name=\"twitter:card\" content=\"summary_large_image\" \/>\n<meta name=\"twitter:label1\" content=\"\u00c9crit par\" \/>\n\t<meta name=\"twitter:data1\" content=\"CK\" \/>\n\t<meta name=\"twitter:label2\" content=\"Dur\u00e9e de lecture estim\u00e9e\" \/>\n\t<meta name=\"twitter:data2\" content=\"2 minutes\" \/>\n<script type=\"application\/ld+json\" class=\"yoast-schema-graph\">{\"@context\":\"https:\/\/schema.org\",\"@graph\":[{\"@type\":\"WebSite\",\"@id\":\"https:\/\/www.nettali.com\/#website\",\"url\":\"https:\/\/www.nettali.com\/\",\"name\":\"Nettali.com\",\"description\":\"Le rendez-vous critique du Net\",\"potentialAction\":[{\"@type\":\"SearchAction\",\"target\":{\"@type\":\"EntryPoint\",\"urlTemplate\":\"https:\/\/www.nettali.com\/?s={search_term_string}\"},\"query-input\":\"required name=search_term_string\"}],\"inLanguage\":\"fr-FR\"},{\"@type\":\"ImageObject\",\"@id\":\"https:\/\/www.nettali.com\/2024\/03\/25\/dakar-plateau-medina-diomaye-faye-double-amadou-ba\/#primaryimage\",\"inLanguage\":\"fr-FR\",\"url\":\"https:\/\/www.nettali.com\/wp-content\/uploads\/2024\/03\/IMG-20240324-WA0129.jpg\",\"contentUrl\":\"https:\/\/www.nettali.com\/wp-content\/uploads\/2024\/03\/IMG-20240324-WA0129.jpg\",\"width\":1280,\"height\":960},{\"@type\":\"WebPage\",\"@id\":\"https:\/\/www.nettali.com\/2024\/03\/25\/dakar-plateau-medina-diomaye-faye-double-amadou-ba\/#webpage\",\"url\":\"https:\/\/www.nettali.com\/2024\/03\/25\/dakar-plateau-medina-diomaye-faye-double-amadou-ba\/\",\"name\":\"DAKAR PLATEAU MEDINA - Diomaye Faye double Amadou Ba | Nettali.com\",\"isPartOf\":{\"@id\":\"https:\/\/www.nettali.com\/#website\"},\"primaryImageOfPage\":{\"@id\":\"https:\/\/www.nettali.com\/2024\/03\/25\/dakar-plateau-medina-diomaye-faye-double-amadou-ba\/#primaryimage\"},\"datePublished\":\"2024-03-25T06:01:21+00:00\",\"dateModified\":\"2024-03-25T06:01:21+00:00\",\"author\":{\"@id\":\"https:\/\/www.nettali.com\/#\/schema\/person\/d8ac7b7e27ddad43f1c0d2ef090d7f71\"},\"breadcrumb\":{\"@id\":\"https:\/\/www.nettali.com\/2024\/03\/25\/dakar-plateau-medina-diomaye-faye-double-amadou-ba\/#breadcrumb\"},\"inLanguage\":\"fr-FR\",\"potentialAction\":[{\"@type\":\"ReadAction\",\"target\":[\"https:\/\/www.nettali.com\/2024\/03\/25\/dakar-plateau-medina-diomaye-faye-double-amadou-ba\/\"]}]},{\"@type\":\"BreadcrumbList\",\"@id\":\"https:\/\/www.nettali.com\/2024\/03\/25\/dakar-plateau-medina-diomaye-faye-double-amadou-ba\/#breadcrumb\",\"itemListElement\":[{\"@type\":\"ListItem\",\"position\":1,\"name\":\"Accueil\",\"item\":\"https:\/\/www.nettali.com\/\"},{\"@type\":\"ListItem\",\"position\":2,\"name\":\"DAKAR PLATEAU MEDINA - Diomaye Faye double Amadou Ba\"}]},{\"@type\":\"Person\",\"@id\":\"https:\/\/www.nettali.com\/#\/schema\/person\/d8ac7b7e27ddad43f1c0d2ef090d7f71\",\"name\":\"CK\",\"image\":{\"@type\":\"ImageObject\",\"@id\":\"https:\/\/www.nettali.com\/#personlogo\",\"inLanguage\":\"fr-FR\",\"url\":\"https:\/\/secure.gravatar.com\/avatar\/1d8d5118b9327d94da7cd4ce7f17fec2?s=96&d=mm&r=g\",\"contentUrl\":\"https:\/\/secure.gravatar.com\/avatar\/1d8d5118b9327d94da7cd4ce7f17fec2?s=96&d=mm&r=g\",\"caption\":\"CK\"},\"sameAs\":[\"https:\/\/www.nettali.com\"]}]}<\/script>\n<!-- \/ Yoast SEO Premium plugin. -->","yoast_head_json":{"title":"DAKAR PLATEAU MEDINA - Diomaye Faye double Amadou Ba | Nettali.com","robots":{"index":"index","follow":"follow","max-snippet":"max-snippet:-1","max-image-preview":"max-image-preview:large","max-video-preview":"max-video-preview:-1"},"canonical":"https:\/\/www.nettali.com\/2024\/03\/25\/dakar-plateau-medina-diomaye-faye-double-amadou-ba\/","og_locale":"fr_FR","og_type":"article","og_title":"DAKAR PLATEAU MEDINA - Diomaye Faye double Amadou Ba","og_description":"NETTALI.COM - Le duel entre Bassirou Diomaye Faye et Amadou Ba a eu lieu dans les communes de Me\u0301dina et de Dakar- Plateau. Les deux candidats respectivement de Diomaye- Pre\u0301sident et de Benno Bokk Yaakaar ont compose\u0301 le peloton de te\u0302te du scrutin pre\u0301sidentiel dans ces deux localite\u0301s. Mais a\u0300 l\u2019issue des de\u0301pouillements, c\u2019est Diomaye [&hellip;]","og_url":"https:\/\/www.nettali.com\/2024\/03\/25\/dakar-plateau-medina-diomaye-faye-double-amadou-ba\/","og_site_name":"Nettali.com","article_publisher":"https:\/\/www.facebook.com\/nettalicom","article_published_time":"2024-03-25T06:01:21+00:00","og_image":[{"width":1280,"height":960,"url":"https:\/\/www.nettali.com\/wp-content\/uploads\/2024\/03\/IMG-20240324-WA0129.jpg","type":"image\/jpeg"}],"twitter_card":"summary_large_image","twitter_misc":{"\u00c9crit par":"CK","Dur\u00e9e de lecture estim\u00e9e":"2 minutes"},"schema":{"@context":"https:\/\/schema.org","@graph":[{"@type":"WebSite","@id":"https:\/\/www.nettali.com\/#website","url":"https:\/\/www.nettali.com\/","name":"Nettali.com","description":"Le rendez-vous critique du Net","potentialAction":[{"@type":"SearchAction","target":{"@type":"EntryPoint","urlTemplate":"https:\/\/www.nettali.com\/?s={search_term_string}"},"query-input":"required name=search_term_string"}],"inLanguage":"fr-FR"},{"@type":"ImageObject","@id":"https:\/\/www.nettali.com\/2024\/03\/25\/dakar-plateau-medina-diomaye-faye-double-amadou-ba\/#primaryimage","inLanguage":"fr-FR","url":"https:\/\/www.nettali.com\/wp-content\/uploads\/2024\/03\/IMG-20240324-WA0129.jpg","contentUrl":"https:\/\/www.nettali.com\/wp-content\/uploads\/2024\/03\/IMG-20240324-WA0129.jpg","width":1280,"height":960},{"@type":"WebPage","@id":"https:\/\/www.nettali.com\/2024\/03\/25\/dakar-plateau-medina-diomaye-faye-double-amadou-ba\/#webpage","url":"https:\/\/www.nettali.com\/2024\/03\/25\/dakar-plateau-medina-diomaye-faye-double-amadou-ba\/","name":"DAKAR PLATEAU MEDINA - Diomaye Faye double Amadou Ba | Nettali.com","isPartOf":{"@id":"https:\/\/www.nettali.com\/#website"},"primaryImageOfPage":{"@id":"https:\/\/www.nettali.com\/2024\/03\/25\/dakar-plateau-medina-diomaye-faye-double-amadou-ba\/#primaryimage"},"datePublished":"2024-03-25T06:01:21+00:00","dateModified":"2024-03-25T06:01:21+00:00","author":{"@id":"https:\/\/www.nettali.com\/#\/schema\/person\/d8ac7b7e27ddad43f1c0d2ef090d7f71"},"breadcrumb":{"@id":"https:\/\/www.nettali.com\/2024\/03\/25\/dakar-plateau-medina-diomaye-faye-double-amadou-ba\/#breadcrumb"},"inLanguage":"fr-FR","potentialAction":[{"@type":"ReadAction","target":["https:\/\/www.nettali.com\/2024\/03\/25\/dakar-plateau-medina-diomaye-faye-double-amadou-ba\/"]}]},{"@type":"BreadcrumbList","@id":"https:\/\/www.nettali.com\/2024\/03\/25\/dakar-plateau-medina-diomaye-faye-double-amadou-ba\/#breadcrumb","itemListElement":[{"@type":"ListItem","position":1,"name":"Accueil","item":"https:\/\/www.nettali.com\/"},{"@type":"ListItem","position":2,"name":"DAKAR PLATEAU MEDINA - Diomaye Faye double Amadou Ba"}]},{"@type":"Person","@id":"https:\/\/www.nettali.com\/#\/schema\/person\/d8ac7b7e27ddad43f1c0d2ef090d7f71","name":"CK","image":{"@type":"ImageObject","@id":"https:\/\/www.nettali.com\/#personlogo","inLanguage":"fr-FR","url":"https:\/\/secure.gravatar.com\/avatar\/1d8d5118b9327d94da7cd4ce7f17fec2?s=96&d=mm&r=g","contentUrl":"https:\/\/secure.gravatar.com\/avatar\/1d8d5118b9327d94da7cd4ce7f17fec2?s=96&d=mm&r=g","caption":"CK"},"sameAs":["https:\/\/www.nettali.com"]}]}},"_links":{"self":[{"href":"https:\/\/www.nettali.com\/rest\/wp\/v2\/posts\/130416"}],"collection":[{"href":"https:\/\/www.nettali.com\/rest\/wp\/v2\/posts"}],"about":[{"href":"https:\/\/www.nettali.com\/rest\/wp\/v2\/types\/post"}],"author":[{"embeddable":true,"href":"https:\/\/www.nettali.com\/rest\/wp\/v2\/users\/2"}],"replies":[{"embeddable":true,"href":"https:\/\/www.nettali.com\/rest\/wp\/v2\/comments?post=130416"}],"version-history":[{"count":1,"href":"https:\/\/www.nettali.com\/rest\/wp\/v2\/posts\/130416\/revisions"}],"predecessor-version":[{"id":130417,"href":"https:\/\/www.nettali.com\/rest\/wp\/v2\/posts\/130416\/revisions\/130417"}],"wp:featuredmedia":[{"embeddable":true,"href":"https:\/\/www.nettali.com\/rest\/wp\/v2\/media\/130348"}],"wp:attachment":[{"href":"https:\/\/www.nettali.com\/rest\/wp\/v2\/media?parent=130416"}],"wp:term":[{"taxonomy":"category","embeddable":true,"href":"https:\/\/www.nettali.com\/rest\/wp\/v2\/categories?post=130416"},{"taxonomy":"post_tag","embeddable":true,"href":"https:\/\/www.nettali.com\/rest\/wp\/v2\/tags?post=130416"}],"curies":[{"name":"wp","href":"https:\/\/api.w.org\/{rel}","templated":true}]}}