{"id":130411,"date":"2024-03-25T05:50:10","date_gmt":"2024-03-25T05:50:10","guid":{"rendered":"https:\/\/www.nettali.com\/?p=130411"},"modified":"2024-03-25T19:05:46","modified_gmt":"2024-03-25T19:05:46","slug":"defaite-ou-victoire-au-1er-tour-le-candidat-reserve-sa-position-pour-lundi","status":"publish","type":"post","link":"https:\/\/www.nettali.com\/2024\/03\/25\/defaite-ou-victoire-au-1er-tour-le-candidat-reserve-sa-position-pour-lundi\/","title":{"rendered":"DEFAITE AU 1ER TOUR SUIVANT LES TENDANCES - Le Candidat Amadou Ba r\u00e9serve sa position pour lundi"},"content":{"rendered":"<div class=\"page\" title=\"Page 2\">\n<div class=\"layoutArea\">\n<div class=\"column\">\n<div class=\"column\">\n<p><strong>NETTALI.COM -<\/strong> Alors que tous les candidats ont presque \u00e0 l'unanimit\u00e9 f\u00e9licit\u00e9 Bassirou Diomaye via les r\u00e9seaux sociaux, Amadou Ba qui esp\u00e8re un second tour presque illusoire, pr\u00e9f\u00e8re r\u00e9server sa r\u00e9ponse pour le lendemain. C'est en tout cas l'information qu'a relay\u00e9 son directoire de campagne \u00e0 travers un communiqu\u00e9, en fin de soire\u0301e \u00e9lectorale du dimanche 24 mars. Une position tendant \u00e0 dire que les premie\u0300res tendances ne donnent personne vainqueur au premier tour.<\/p>\n<p>\"<em>A\u0300 cette heure, apre\u0300s de\u0301pouillement d'environ un tiers des bureaux de vote, les premie\u0300res tendances montrent que le camp re\u0301publicain et de\u0301mocratique a de\u0301joue\u0301 les pronostics sur son effondrement annonce\u0301 comme ine\u0301vitable. Un basculement du Se\u0301ne\u0301gal dans l'aventure populiste n'est pas une fatalite\u0301. Nous continuerons de respecter les pre\u0301rogatives des diffe\u0301rentes institutions charge\u0301es du recensement et de la proclamation des re\u0301sultats. Nous appelons tous les autres candidats a\u0300 faire de me\u0302me. Le camp qui jubile avant de connai\u0302tre le re\u0301sultat, de\u0301montre seulement une volonte\u0301 de manipulation et de conque\u0302te du <\/em><em>pouvoir par le vandalisme. Personne ne pourra se substituer a\u0300 la volonte\u0301 du peuple issue du recensement effectif de ses votes. Pour notre part, et au regard des remonte\u0301es des re\u0301sultats effectue\u0301es par nos e\u0301quipes expertes, nous sommes certains d'e\u0302tre, dans le pire des cas, dans un couple\u0301 de second tour\", lit-on dans leur note. Par conse\u0301quent, ils ont invite\u0301 \u201ctous les Se\u0301ne\u0301galais a\u0300 rester calmes, en attendant les re\u0301sultats officiels qui ne sauraient tarder. Nous nous fe\u0301licitons de l'excellente organisation du scrutin qui montre que le Se\u0301ne\u0301gal, malgre\u0301 les soubresauts, demeure une grande de\u0301mocratie. Tous ceux qui avaient annonce\u0301 un scrutin chaotique ou entache\u0301 de fraudes, doivent aujourd'hui re\u0301viser leurs jugements<\/em>\".<\/p>\n<\/div>\n<p>\"<em>Je reviendrai demain ici a\u0300 midi pour vous donner une appre\u0301ciation de\u0301finitive. Je voudrais vous dire que je suis tre\u0300s attache\u0301 a\u0300 la Re\u0301publique et a\u0300 l\u2019Etat de droit. Ceci fait que je ne me prononce pas sans avoir tous les e\u0301le\u0301ments. Au plus tard dans 10H, je pourrais avoir les e\u0301le\u0301ments qui pourront me permettre d\u2019avoir une appre\u0301ciation de\u0301finitive. Mais je ne pouvais pas ne pas venir ici, communier avec vous. Je remercie tous les camarades de l\u2019Alliance pour la Re\u0301publique, de la Coalition Benno Bokk Yaakaar et tous les autres compatriotes. Respectez les lois de la Re\u0301publique. Je suis en train de travailler sur les remonte\u0301es d\u2019informations\"<\/em>, tels sont les propos du candidat relay\u00e9.<\/p>\n<p>&nbsp;<\/p>\n<\/div>\n<div class=\"column\">\n<p>&nbsp;<\/p>\n<\/div>\n<\/div>\n<\/div>\n<div class='share-to-whatsapp-wrapper'><div class='share-on-whsp'>PARTAGER SUR : <\/div><a data-text='DEFAITE AU 1ER TOUR SUIVANT LES TENDANCES - Le Candidat Amadou Ba r\u00e9serve sa position pour lundi' data-link='https:\/\/www.nettali.com\/2024\/03\/25\/defaite-ou-victoire-au-1er-tour-le-candidat-reserve-sa-position-pour-lundi\/' class='whatsapp-button whatsapp-share'>WhatsApp<\/a><div class='clear '><\/div><\/div>","protected":false},"excerpt":{"rendered":"<p>NETTALI.COM - Alors que tous les candidats ont presque \u00e0 l'unanimit\u00e9 f\u00e9licit\u00e9 Bassirou Diomaye via les r\u00e9seaux sociaux, Amadou Ba qui esp\u00e8re un second tour presque illusoire, pr\u00e9f\u00e8re r\u00e9server sa r\u00e9ponse pour le lendemain. C'est en tout cas l'information qu'a relay\u00e9 son directoire de campagne \u00e0 travers un communiqu\u00e9, en fin de soire\u0301e \u00e9lectorale du [&hellip;]<\/p>\n","protected":false},"author":2,"featured_media":130154,"comment_status":"open","ping_status":"open","sticky":false,"template":"","format":"standard","meta":{"_et_pb_use_builder":"","_et_pb_old_content":""},"categories":[34945],"tags":[],"yoast_head":"<!-- This site is optimized with the Yoast SEO Premium plugin v17.8 (Yoast SEO v17.8) - https:\/\/yoast.com\/wordpress\/plugins\/seo\/ -->\n<title>DEFAITE AU 1ER TOUR SUIVANT LES TENDANCES - Le Candidat Amadou Ba r\u00e9serve sa position pour lundi | Nettali.com<\/title>\n<meta name=\"robots\" content=\"index, follow, max-snippet:-1, max-image-preview:large, max-video-preview:-1\" \/>\n<link rel=\"canonical\" href=\"https:\/\/www.nettali.com\/2024\/03\/25\/defaite-ou-victoire-au-1er-tour-le-candidat-reserve-sa-position-pour-lundi\/\" \/>\n<meta property=\"og:locale\" content=\"fr_FR\" \/>\n<meta property=\"og:type\" content=\"article\" \/>\n<meta property=\"og:title\" content=\"DEFAITE AU 1ER TOUR SUIVANT LES TENDANCES - Le Candidat Amadou Ba r\u00e9serve sa position pour lundi\" \/>\n<meta property=\"og:description\" content=\"NETTALI.COM - Alors que tous les candidats ont presque \u00e0 l&#039;unanimit\u00e9 f\u00e9licit\u00e9 Bassirou Diomaye via les r\u00e9seaux sociaux, Amadou Ba qui esp\u00e8re un second tour presque illusoire, pr\u00e9f\u00e8re r\u00e9server sa r\u00e9ponse pour le lendemain. C&#039;est en tout cas l&#039;information qu&#039;a relay\u00e9 son directoire de campagne \u00e0 travers un communiqu\u00e9, en fin de soire\u0301e \u00e9lectorale du [&hellip;]\" \/>\n<meta property=\"og:url\" content=\"https:\/\/www.nettali.com\/2024\/03\/25\/defaite-ou-victoire-au-1er-tour-le-candidat-reserve-sa-position-pour-lundi\/\" \/>\n<meta property=\"og:site_name\" content=\"Nettali.com\" \/>\n<meta property=\"article:publisher\" content=\"https:\/\/www.facebook.com\/nettalicom\" \/>\n<meta property=\"article:published_time\" content=\"2024-03-25T05:50:10+00:00\" \/>\n<meta property=\"article:modified_time\" content=\"2024-03-25T19:05:46+00:00\" \/>\n<meta property=\"og:image\" content=\"https:\/\/www.nettali.com\/wp-content\/uploads\/2024\/03\/b26a67f_1707481541832-000-348r47u-1.jpg\" \/>\n\t<meta property=\"og:image:width\" content=\"664\" \/>\n\t<meta property=\"og:image:height\" content=\"443\" \/>\n<meta name=\"twitter:card\" content=\"summary_large_image\" \/>\n<meta name=\"twitter:label1\" content=\"\u00c9crit par\" \/>\n\t<meta name=\"twitter:data1\" content=\"CK\" \/>\n\t<meta name=\"twitter:label2\" content=\"Dur\u00e9e de lecture estim\u00e9e\" \/>\n\t<meta name=\"twitter:data2\" content=\"3 minutes\" \/>\n<script type=\"application\/ld+json\" class=\"yoast-schema-graph\">{\"@context\":\"https:\/\/schema.org\",\"@graph\":[{\"@type\":\"WebSite\",\"@id\":\"https:\/\/www.nettali.com\/#website\",\"url\":\"https:\/\/www.nettali.com\/\",\"name\":\"Nettali.com\",\"description\":\"Le rendez-vous critique du Net\",\"potentialAction\":[{\"@type\":\"SearchAction\",\"target\":{\"@type\":\"EntryPoint\",\"urlTemplate\":\"https:\/\/www.nettali.com\/?s={search_term_string}\"},\"query-input\":\"required name=search_term_string\"}],\"inLanguage\":\"fr-FR\"},{\"@type\":\"ImageObject\",\"@id\":\"https:\/\/www.nettali.com\/2024\/03\/25\/defaite-ou-victoire-au-1er-tour-le-candidat-reserve-sa-position-pour-lundi\/#primaryimage\",\"inLanguage\":\"fr-FR\",\"url\":\"https:\/\/www.nettali.com\/wp-content\/uploads\/2024\/03\/b26a67f_1707481541832-000-348r47u-1.jpg\",\"contentUrl\":\"https:\/\/www.nettali.com\/wp-content\/uploads\/2024\/03\/b26a67f_1707481541832-000-348r47u-1.jpg\",\"width\":664,\"height\":443,\"caption\":\"Senegalese Prime Minister Amadou Ba speaks in Dakar on December 21, 2023 after he was named the ruling party's presidential candidate ahead of the February 2024 presidential election. (Photo by Seyllou \/ AFP)\"},{\"@type\":\"WebPage\",\"@id\":\"https:\/\/www.nettali.com\/2024\/03\/25\/defaite-ou-victoire-au-1er-tour-le-candidat-reserve-sa-position-pour-lundi\/#webpage\",\"url\":\"https:\/\/www.nettali.com\/2024\/03\/25\/defaite-ou-victoire-au-1er-tour-le-candidat-reserve-sa-position-pour-lundi\/\",\"name\":\"DEFAITE AU 1ER TOUR SUIVANT LES TENDANCES - Le Candidat Amadou Ba r\\u00e9serve sa position pour lundi | Nettali.com\",\"isPartOf\":{\"@id\":\"https:\/\/www.nettali.com\/#website\"},\"primaryImageOfPage\":{\"@id\":\"https:\/\/www.nettali.com\/2024\/03\/25\/defaite-ou-victoire-au-1er-tour-le-candidat-reserve-sa-position-pour-lundi\/#primaryimage\"},\"datePublished\":\"2024-03-25T05:50:10+00:00\",\"dateModified\":\"2024-03-25T19:05:46+00:00\",\"author\":{\"@id\":\"https:\/\/www.nettali.com\/#\/schema\/person\/d8ac7b7e27ddad43f1c0d2ef090d7f71\"},\"breadcrumb\":{\"@id\":\"https:\/\/www.nettali.com\/2024\/03\/25\/defaite-ou-victoire-au-1er-tour-le-candidat-reserve-sa-position-pour-lundi\/#breadcrumb\"},\"inLanguage\":\"fr-FR\",\"potentialAction\":[{\"@type\":\"ReadAction\",\"target\":[\"https:\/\/www.nettali.com\/2024\/03\/25\/defaite-ou-victoire-au-1er-tour-le-candidat-reserve-sa-position-pour-lundi\/\"]}]},{\"@type\":\"BreadcrumbList\",\"@id\":\"https:\/\/www.nettali.com\/2024\/03\/25\/defaite-ou-victoire-au-1er-tour-le-candidat-reserve-sa-position-pour-lundi\/#breadcrumb\",\"itemListElement\":[{\"@type\":\"ListItem\",\"position\":1,\"name\":\"Accueil\",\"item\":\"https:\/\/www.nettali.com\/\"},{\"@type\":\"ListItem\",\"position\":2,\"name\":\"DEFAITE AU 1ER TOUR SUIVANT LES TENDANCES - Le Candidat Amadou Ba r\\u00e9serve sa position pour lundi\"}]},{\"@type\":\"Person\",\"@id\":\"https:\/\/www.nettali.com\/#\/schema\/person\/d8ac7b7e27ddad43f1c0d2ef090d7f71\",\"name\":\"CK\",\"image\":{\"@type\":\"ImageObject\",\"@id\":\"https:\/\/www.nettali.com\/#personlogo\",\"inLanguage\":\"fr-FR\",\"url\":\"https:\/\/secure.gravatar.com\/avatar\/1d8d5118b9327d94da7cd4ce7f17fec2?s=96&d=mm&r=g\",\"contentUrl\":\"https:\/\/secure.gravatar.com\/avatar\/1d8d5118b9327d94da7cd4ce7f17fec2?s=96&d=mm&r=g\",\"caption\":\"CK\"},\"sameAs\":[\"https:\/\/www.nettali.com\"]}]}<\/script>\n<!-- \/ Yoast SEO Premium plugin. -->","yoast_head_json":{"title":"DEFAITE AU 1ER TOUR SUIVANT LES TENDANCES - Le Candidat Amadou Ba r\u00e9serve sa position pour lundi | Nettali.com","robots":{"index":"index","follow":"follow","max-snippet":"max-snippet:-1","max-image-preview":"max-image-preview:large","max-video-preview":"max-video-preview:-1"},"canonical":"https:\/\/www.nettali.com\/2024\/03\/25\/defaite-ou-victoire-au-1er-tour-le-candidat-reserve-sa-position-pour-lundi\/","og_locale":"fr_FR","og_type":"article","og_title":"DEFAITE AU 1ER TOUR SUIVANT LES TENDANCES - Le Candidat Amadou Ba r\u00e9serve sa position pour lundi","og_description":"NETTALI.COM - Alors que tous les candidats ont presque \u00e0 l'unanimit\u00e9 f\u00e9licit\u00e9 Bassirou Diomaye via les r\u00e9seaux sociaux, Amadou Ba qui esp\u00e8re un second tour presque illusoire, pr\u00e9f\u00e8re r\u00e9server sa r\u00e9ponse pour le lendemain. C'est en tout cas l'information qu'a relay\u00e9 son directoire de campagne \u00e0 travers un communiqu\u00e9, en fin de soire\u0301e \u00e9lectorale du [&hellip;]","og_url":"https:\/\/www.nettali.com\/2024\/03\/25\/defaite-ou-victoire-au-1er-tour-le-candidat-reserve-sa-position-pour-lundi\/","og_site_name":"Nettali.com","article_publisher":"https:\/\/www.facebook.com\/nettalicom","article_published_time":"2024-03-25T05:50:10+00:00","article_modified_time":"2024-03-25T19:05:46+00:00","og_image":[{"width":664,"height":443,"url":"https:\/\/www.nettali.com\/wp-content\/uploads\/2024\/03\/b26a67f_1707481541832-000-348r47u-1.jpg","type":"image\/jpeg"}],"twitter_card":"summary_large_image","twitter_misc":{"\u00c9crit par":"CK","Dur\u00e9e de lecture estim\u00e9e":"3 minutes"},"schema":{"@context":"https:\/\/schema.org","@graph":[{"@type":"WebSite","@id":"https:\/\/www.nettali.com\/#website","url":"https:\/\/www.nettali.com\/","name":"Nettali.com","description":"Le rendez-vous critique du Net","potentialAction":[{"@type":"SearchAction","target":{"@type":"EntryPoint","urlTemplate":"https:\/\/www.nettali.com\/?s={search_term_string}"},"query-input":"required name=search_term_string"}],"inLanguage":"fr-FR"},{"@type":"ImageObject","@id":"https:\/\/www.nettali.com\/2024\/03\/25\/defaite-ou-victoire-au-1er-tour-le-candidat-reserve-sa-position-pour-lundi\/#primaryimage","inLanguage":"fr-FR","url":"https:\/\/www.nettali.com\/wp-content\/uploads\/2024\/03\/b26a67f_1707481541832-000-348r47u-1.jpg","contentUrl":"https:\/\/www.nettali.com\/wp-content\/uploads\/2024\/03\/b26a67f_1707481541832-000-348r47u-1.jpg","width":664,"height":443,"caption":"Senegalese Prime Minister Amadou Ba speaks in Dakar on December 21, 2023 after he was named the ruling party's presidential candidate ahead of the February 2024 presidential election. (Photo by Seyllou \/ AFP)"},{"@type":"WebPage","@id":"https:\/\/www.nettali.com\/2024\/03\/25\/defaite-ou-victoire-au-1er-tour-le-candidat-reserve-sa-position-pour-lundi\/#webpage","url":"https:\/\/www.nettali.com\/2024\/03\/25\/defaite-ou-victoire-au-1er-tour-le-candidat-reserve-sa-position-pour-lundi\/","name":"DEFAITE AU 1ER TOUR SUIVANT LES TENDANCES - Le Candidat Amadou Ba r\u00e9serve sa position pour lundi | Nettali.com","isPartOf":{"@id":"https:\/\/www.nettali.com\/#website"},"primaryImageOfPage":{"@id":"https:\/\/www.nettali.com\/2024\/03\/25\/defaite-ou-victoire-au-1er-tour-le-candidat-reserve-sa-position-pour-lundi\/#primaryimage"},"datePublished":"2024-03-25T05:50:10+00:00","dateModified":"2024-03-25T19:05:46+00:00","author":{"@id":"https:\/\/www.nettali.com\/#\/schema\/person\/d8ac7b7e27ddad43f1c0d2ef090d7f71"},"breadcrumb":{"@id":"https:\/\/www.nettali.com\/2024\/03\/25\/defaite-ou-victoire-au-1er-tour-le-candidat-reserve-sa-position-pour-lundi\/#breadcrumb"},"inLanguage":"fr-FR","potentialAction":[{"@type":"ReadAction","target":["https:\/\/www.nettali.com\/2024\/03\/25\/defaite-ou-victoire-au-1er-tour-le-candidat-reserve-sa-position-pour-lundi\/"]}]},{"@type":"BreadcrumbList","@id":"https:\/\/www.nettali.com\/2024\/03\/25\/defaite-ou-victoire-au-1er-tour-le-candidat-reserve-sa-position-pour-lundi\/#breadcrumb","itemListElement":[{"@type":"ListItem","position":1,"name":"Accueil","item":"https:\/\/www.nettali.com\/"},{"@type":"ListItem","position":2,"name":"DEFAITE AU 1ER TOUR SUIVANT LES TENDANCES - Le Candidat Amadou Ba r\u00e9serve sa position pour lundi"}]},{"@type":"Person","@id":"https:\/\/www.nettali.com\/#\/schema\/person\/d8ac7b7e27ddad43f1c0d2ef090d7f71","name":"CK","image":{"@type":"ImageObject","@id":"https:\/\/www.nettali.com\/#personlogo","inLanguage":"fr-FR","url":"https:\/\/secure.gravatar.com\/avatar\/1d8d5118b9327d94da7cd4ce7f17fec2?s=96&d=mm&r=g","contentUrl":"https:\/\/secure.gravatar.com\/avatar\/1d8d5118b9327d94da7cd4ce7f17fec2?s=96&d=mm&r=g","caption":"CK"},"sameAs":["https:\/\/www.nettali.com"]}]}},"_links":{"self":[{"href":"https:\/\/www.nettali.com\/rest\/wp\/v2\/posts\/130411"}],"collection":[{"href":"https:\/\/www.nettali.com\/rest\/wp\/v2\/posts"}],"about":[{"href":"https:\/\/www.nettali.com\/rest\/wp\/v2\/types\/post"}],"author":[{"embeddable":true,"href":"https:\/\/www.nettali.com\/rest\/wp\/v2\/users\/2"}],"replies":[{"embeddable":true,"href":"https:\/\/www.nettali.com\/rest\/wp\/v2\/comments?post=130411"}],"version-history":[{"count":5,"href":"https:\/\/www.nettali.com\/rest\/wp\/v2\/posts\/130411\/revisions"}],"predecessor-version":[{"id":130428,"href":"https:\/\/www.nettali.com\/rest\/wp\/v2\/posts\/130411\/revisions\/130428"}],"wp:featuredmedia":[{"embeddable":true,"href":"https:\/\/www.nettali.com\/rest\/wp\/v2\/media\/130154"}],"wp:attachment":[{"href":"https:\/\/www.nettali.com\/rest\/wp\/v2\/media?parent=130411"}],"wp:term":[{"taxonomy":"category","embeddable":true,"href":"https:\/\/www.nettali.com\/rest\/wp\/v2\/categories?post=130411"},{"taxonomy":"post_tag","embeddable":true,"href":"https:\/\/www.nettali.com\/rest\/wp\/v2\/tags?post=130411"}],"curies":[{"name":"wp","href":"https:\/\/api.w.org\/{rel}","templated":true}]}}