{"id":130262,"date":"2024-03-24T10:31:39","date_gmt":"2024-03-24T10:31:39","guid":{"rendered":"https:\/\/www.nettali.com\/?p=130262"},"modified":"2024-03-24T10:32:18","modified_gmt":"2024-03-24T10:32:18","slug":"presidentielle-scrutin-idrissa-seck-souhaite-voir-le-prochain-president-inaugurer-une-ere-de-stabilite-et-de-prosperite","status":"publish","type":"post","link":"https:\/\/www.nettali.com\/2024\/03\/24\/presidentielle-scrutin-idrissa-seck-souhaite-voir-le-prochain-president-inaugurer-une-ere-de-stabilite-et-de-prosperite\/","title":{"rendered":"PRESIDENTIELLE-SCRUTIN - Idrissa Seck souhaite que \u201cle S\u00e9n\u00e9gal sorte victorieux de cette \u00e9lection\u201d"},"content":{"rendered":"<p><strong>NETTALI.COM - L\u2019ancien Premier ministre Idrissa Seck, candidat de la coalition \u201cIdy2024\u201d, a redit son souhait de voir le scrutin pr\u00e9sidentiel de ce dimanche se d\u00e9rouler de mani\u00e8re apais\u00e9e, pour que le prochain pr\u00e9sident \u00e9lu puisse inaugurer une nouvelle \u00e8re de stabilit\u00e9 et de prosp\u00e9rit\u00e9 pour le pays.<\/strong><\/p>\n<p>Idrissa Seck a vot\u00e9 \u00e0 8h45 au bureau 4 de l\u2019\u00e9cole \u00e9l\u00e9mentaire Malick Ka\u00efr\u00e9 Diaw du quartier Randoul\u00e8ne, \u00e0 Thi\u00e8s, en compagnie de son \u00e9pouse.<\/p>\n<p>\u201cJe prie enfin pour que l\u2019\u00e9lection se d\u00e9roule dans la paix et la tranquillit\u00e9, et qu\u2019au terme de cette \u00e9lection, le prochain pr\u00e9sident de la R\u00e9publique du S\u00e9n\u00e9gal inaugure une \u00e8re de paix, de stabilit\u00e9, de tranquillit\u00e9 pour le S\u00e9n\u00e9gal\u201d, a-t-il d\u00e9clar\u00e9.<\/p>\n<p>Il dit aussi souhaiter une \u201cs\u00e9curit\u00e9 accrue pour les S\u00e9n\u00e9galais et leurs biens\u201d, de m\u00eame qu\u2019une \u201c\u00e8re d\u2019emploi massif pour notre jeunesse\u201d et de \u201cvie moins ch\u00e8re, pour les p\u00e8res de famille\u201d.<\/p>\n<p>Idrissa Seck a enfin a pri\u00e9 pour que \u201cle S\u00e9n\u00e9gal sorte victorieux de cette \u00e9lection\u201d.<\/p>\n<p>Les portes du centre Malick Ka\u00efr\u00e9 Diaw ont ouvert \u00e0 8h 10, en raison de v\u00e9rifications en cours des listes de mandataires.<\/p>\n<p>Un nombre important d\u2019\u00e9lecteurs attendaient impatiemment le d\u00e9marrage du vote.<\/p>\n<p>Le centre Malick Ka\u00efr\u00e9 Diaw compte 9 bureaux de vote pour 5.005 inscrits.<\/p>\n<div class='share-to-whatsapp-wrapper'><div class='share-on-whsp'>PARTAGER SUR : <\/div><a data-text='PRESIDENTIELLE-SCRUTIN - Idrissa Seck souhaite que \u201cle S\u00e9n\u00e9gal sorte victorieux de cette \u00e9lection\u201d' data-link='https:\/\/www.nettali.com\/2024\/03\/24\/presidentielle-scrutin-idrissa-seck-souhaite-voir-le-prochain-president-inaugurer-une-ere-de-stabilite-et-de-prosperite\/' class='whatsapp-button whatsapp-share'>WhatsApp<\/a><div class='clear '><\/div><\/div>","protected":false},"excerpt":{"rendered":"<p>NETTALI.COM - L\u2019ancien Premier ministre Idrissa Seck, candidat de la coalition \u201cIdy2024\u201d, a redit son souhait de voir le scrutin pr\u00e9sidentiel de ce dimanche se d\u00e9rouler de mani\u00e8re apais\u00e9e, pour que le prochain pr\u00e9sident \u00e9lu puisse inaugurer une nouvelle \u00e8re de stabilit\u00e9 et de prosp\u00e9rit\u00e9 pour le pays. Idrissa Seck a vot\u00e9 \u00e0 8h45 au [&hellip;]<\/p>\n","protected":false},"author":4,"featured_media":130258,"comment_status":"open","ping_status":"open","sticky":false,"template":"","format":"standard","meta":{"_et_pb_use_builder":"","_et_pb_old_content":""},"categories":[2],"tags":[],"yoast_head":"<!-- This site is optimized with the Yoast SEO Premium plugin v17.8 (Yoast SEO v17.8) - https:\/\/yoast.com\/wordpress\/plugins\/seo\/ -->\n<title>PRESIDENTIELLE-SCRUTIN - Idrissa Seck souhaite que \u201cle S\u00e9n\u00e9gal sorte victorieux de cette \u00e9lection\u201d | Nettali.com<\/title>\n<meta name=\"robots\" content=\"index, follow, max-snippet:-1, max-image-preview:large, max-video-preview:-1\" \/>\n<link rel=\"canonical\" href=\"https:\/\/www.nettali.com\/2024\/03\/24\/presidentielle-scrutin-idrissa-seck-souhaite-voir-le-prochain-president-inaugurer-une-ere-de-stabilite-et-de-prosperite\/\" \/>\n<meta property=\"og:locale\" content=\"fr_FR\" \/>\n<meta property=\"og:type\" content=\"article\" \/>\n<meta property=\"og:title\" content=\"PRESIDENTIELLE-SCRUTIN - Idrissa Seck souhaite que \u201cle S\u00e9n\u00e9gal sorte victorieux de cette \u00e9lection\u201d\" \/>\n<meta property=\"og:description\" content=\"NETTALI.COM - L\u2019ancien Premier ministre Idrissa Seck, candidat de la coalition \u201cIdy2024\u201d, a redit son souhait de voir le scrutin pr\u00e9sidentiel de ce dimanche se d\u00e9rouler de mani\u00e8re apais\u00e9e, pour que le prochain pr\u00e9sident \u00e9lu puisse inaugurer une nouvelle \u00e8re de stabilit\u00e9 et de prosp\u00e9rit\u00e9 pour le pays. Idrissa Seck a vot\u00e9 \u00e0 8h45 au [&hellip;]\" \/>\n<meta property=\"og:url\" content=\"https:\/\/www.nettali.com\/2024\/03\/24\/presidentielle-scrutin-idrissa-seck-souhaite-voir-le-prochain-president-inaugurer-une-ere-de-stabilite-et-de-prosperite\/\" \/>\n<meta property=\"og:site_name\" content=\"Nettali.com\" \/>\n<meta property=\"article:publisher\" content=\"https:\/\/www.facebook.com\/nettalicom\" \/>\n<meta property=\"article:published_time\" content=\"2024-03-24T10:31:39+00:00\" \/>\n<meta property=\"article:modified_time\" content=\"2024-03-24T10:32:18+00:00\" \/>\n<meta property=\"og:image\" content=\"https:\/\/www.nettali.com\/wp-content\/uploads\/2024\/03\/3086fa00-dca9-11ee-b83b-0f87a864f372.jpg\" \/>\n\t<meta property=\"og:image:width\" content=\"640\" \/>\n\t<meta property=\"og:image:height\" content=\"426\" \/>\n<meta name=\"twitter:card\" content=\"summary_large_image\" \/>\n<meta name=\"twitter:label1\" content=\"\u00c9crit par\" \/>\n\t<meta name=\"twitter:data1\" content=\"Daouda\" \/>\n\t<meta name=\"twitter:label2\" content=\"Dur\u00e9e de lecture estim\u00e9e\" \/>\n\t<meta name=\"twitter:data2\" content=\"2 minutes\" \/>\n<script type=\"application\/ld+json\" class=\"yoast-schema-graph\">{\"@context\":\"https:\/\/schema.org\",\"@graph\":[{\"@type\":\"WebSite\",\"@id\":\"https:\/\/www.nettali.com\/#website\",\"url\":\"https:\/\/www.nettali.com\/\",\"name\":\"Nettali.com\",\"description\":\"Le rendez-vous critique du Net\",\"potentialAction\":[{\"@type\":\"SearchAction\",\"target\":{\"@type\":\"EntryPoint\",\"urlTemplate\":\"https:\/\/www.nettali.com\/?s={search_term_string}\"},\"query-input\":\"required name=search_term_string\"}],\"inLanguage\":\"fr-FR\"},{\"@type\":\"ImageObject\",\"@id\":\"https:\/\/www.nettali.com\/2024\/03\/24\/presidentielle-scrutin-idrissa-seck-souhaite-voir-le-prochain-president-inaugurer-une-ere-de-stabilite-et-de-prosperite\/#primaryimage\",\"inLanguage\":\"fr-FR\",\"url\":\"https:\/\/www.nettali.com\/wp-content\/uploads\/2024\/03\/3086fa00-dca9-11ee-b83b-0f87a864f372.jpg\",\"contentUrl\":\"https:\/\/www.nettali.com\/wp-content\/uploads\/2024\/03\/3086fa00-dca9-11ee-b83b-0f87a864f372.jpg\",\"width\":640,\"height\":426},{\"@type\":\"WebPage\",\"@id\":\"https:\/\/www.nettali.com\/2024\/03\/24\/presidentielle-scrutin-idrissa-seck-souhaite-voir-le-prochain-president-inaugurer-une-ere-de-stabilite-et-de-prosperite\/#webpage\",\"url\":\"https:\/\/www.nettali.com\/2024\/03\/24\/presidentielle-scrutin-idrissa-seck-souhaite-voir-le-prochain-president-inaugurer-une-ere-de-stabilite-et-de-prosperite\/\",\"name\":\"PRESIDENTIELLE-SCRUTIN - Idrissa Seck souhaite que \\u201cle S\\u00e9n\\u00e9gal sorte victorieux de cette \\u00e9lection\\u201d | Nettali.com\",\"isPartOf\":{\"@id\":\"https:\/\/www.nettali.com\/#website\"},\"primaryImageOfPage\":{\"@id\":\"https:\/\/www.nettali.com\/2024\/03\/24\/presidentielle-scrutin-idrissa-seck-souhaite-voir-le-prochain-president-inaugurer-une-ere-de-stabilite-et-de-prosperite\/#primaryimage\"},\"datePublished\":\"2024-03-24T10:31:39+00:00\",\"dateModified\":\"2024-03-24T10:32:18+00:00\",\"author\":{\"@id\":\"https:\/\/www.nettali.com\/#\/schema\/person\/3317e0bb3aa1da309fbf7b2780901bf4\"},\"breadcrumb\":{\"@id\":\"https:\/\/www.nettali.com\/2024\/03\/24\/presidentielle-scrutin-idrissa-seck-souhaite-voir-le-prochain-president-inaugurer-une-ere-de-stabilite-et-de-prosperite\/#breadcrumb\"},\"inLanguage\":\"fr-FR\",\"potentialAction\":[{\"@type\":\"ReadAction\",\"target\":[\"https:\/\/www.nettali.com\/2024\/03\/24\/presidentielle-scrutin-idrissa-seck-souhaite-voir-le-prochain-president-inaugurer-une-ere-de-stabilite-et-de-prosperite\/\"]}]},{\"@type\":\"BreadcrumbList\",\"@id\":\"https:\/\/www.nettali.com\/2024\/03\/24\/presidentielle-scrutin-idrissa-seck-souhaite-voir-le-prochain-president-inaugurer-une-ere-de-stabilite-et-de-prosperite\/#breadcrumb\",\"itemListElement\":[{\"@type\":\"ListItem\",\"position\":1,\"name\":\"Accueil\",\"item\":\"https:\/\/www.nettali.com\/\"},{\"@type\":\"ListItem\",\"position\":2,\"name\":\"PRESIDENTIELLE-SCRUTIN - Idrissa Seck souhaite que \\u201cle S\\u00e9n\\u00e9gal sorte victorieux de cette \\u00e9lection\\u201d\"}]},{\"@type\":\"Person\",\"@id\":\"https:\/\/www.nettali.com\/#\/schema\/person\/3317e0bb3aa1da309fbf7b2780901bf4\",\"name\":\"Daouda\",\"image\":{\"@type\":\"ImageObject\",\"@id\":\"https:\/\/www.nettali.com\/#personlogo\",\"inLanguage\":\"fr-FR\",\"url\":\"https:\/\/secure.gravatar.com\/avatar\/8d143b5a49345098ddcfee1c49c2f47c?s=96&d=mm&r=g\",\"contentUrl\":\"https:\/\/secure.gravatar.com\/avatar\/8d143b5a49345098ddcfee1c49c2f47c?s=96&d=mm&r=g\",\"caption\":\"Daouda\"},\"sameAs\":[\"https:\/\/www.nettali.com\"]}]}<\/script>\n<!-- \/ Yoast SEO Premium plugin. -->","yoast_head_json":{"title":"PRESIDENTIELLE-SCRUTIN - Idrissa Seck souhaite que \u201cle S\u00e9n\u00e9gal sorte victorieux de cette \u00e9lection\u201d | Nettali.com","robots":{"index":"index","follow":"follow","max-snippet":"max-snippet:-1","max-image-preview":"max-image-preview:large","max-video-preview":"max-video-preview:-1"},"canonical":"https:\/\/www.nettali.com\/2024\/03\/24\/presidentielle-scrutin-idrissa-seck-souhaite-voir-le-prochain-president-inaugurer-une-ere-de-stabilite-et-de-prosperite\/","og_locale":"fr_FR","og_type":"article","og_title":"PRESIDENTIELLE-SCRUTIN - Idrissa Seck souhaite que \u201cle S\u00e9n\u00e9gal sorte victorieux de cette \u00e9lection\u201d","og_description":"NETTALI.COM - L\u2019ancien Premier ministre Idrissa Seck, candidat de la coalition \u201cIdy2024\u201d, a redit son souhait de voir le scrutin pr\u00e9sidentiel de ce dimanche se d\u00e9rouler de mani\u00e8re apais\u00e9e, pour que le prochain pr\u00e9sident \u00e9lu puisse inaugurer une nouvelle \u00e8re de stabilit\u00e9 et de prosp\u00e9rit\u00e9 pour le pays. Idrissa Seck a vot\u00e9 \u00e0 8h45 au [&hellip;]","og_url":"https:\/\/www.nettali.com\/2024\/03\/24\/presidentielle-scrutin-idrissa-seck-souhaite-voir-le-prochain-president-inaugurer-une-ere-de-stabilite-et-de-prosperite\/","og_site_name":"Nettali.com","article_publisher":"https:\/\/www.facebook.com\/nettalicom","article_published_time":"2024-03-24T10:31:39+00:00","article_modified_time":"2024-03-24T10:32:18+00:00","og_image":[{"width":640,"height":426,"url":"https:\/\/www.nettali.com\/wp-content\/uploads\/2024\/03\/3086fa00-dca9-11ee-b83b-0f87a864f372.jpg","type":"image\/jpeg"}],"twitter_card":"summary_large_image","twitter_misc":{"\u00c9crit par":"Daouda","Dur\u00e9e de lecture estim\u00e9e":"2 minutes"},"schema":{"@context":"https:\/\/schema.org","@graph":[{"@type":"WebSite","@id":"https:\/\/www.nettali.com\/#website","url":"https:\/\/www.nettali.com\/","name":"Nettali.com","description":"Le rendez-vous critique du Net","potentialAction":[{"@type":"SearchAction","target":{"@type":"EntryPoint","urlTemplate":"https:\/\/www.nettali.com\/?s={search_term_string}"},"query-input":"required name=search_term_string"}],"inLanguage":"fr-FR"},{"@type":"ImageObject","@id":"https:\/\/www.nettali.com\/2024\/03\/24\/presidentielle-scrutin-idrissa-seck-souhaite-voir-le-prochain-president-inaugurer-une-ere-de-stabilite-et-de-prosperite\/#primaryimage","inLanguage":"fr-FR","url":"https:\/\/www.nettali.com\/wp-content\/uploads\/2024\/03\/3086fa00-dca9-11ee-b83b-0f87a864f372.jpg","contentUrl":"https:\/\/www.nettali.com\/wp-content\/uploads\/2024\/03\/3086fa00-dca9-11ee-b83b-0f87a864f372.jpg","width":640,"height":426},{"@type":"WebPage","@id":"https:\/\/www.nettali.com\/2024\/03\/24\/presidentielle-scrutin-idrissa-seck-souhaite-voir-le-prochain-president-inaugurer-une-ere-de-stabilite-et-de-prosperite\/#webpage","url":"https:\/\/www.nettali.com\/2024\/03\/24\/presidentielle-scrutin-idrissa-seck-souhaite-voir-le-prochain-president-inaugurer-une-ere-de-stabilite-et-de-prosperite\/","name":"PRESIDENTIELLE-SCRUTIN - Idrissa Seck souhaite que \u201cle S\u00e9n\u00e9gal sorte victorieux de cette \u00e9lection\u201d | Nettali.com","isPartOf":{"@id":"https:\/\/www.nettali.com\/#website"},"primaryImageOfPage":{"@id":"https:\/\/www.nettali.com\/2024\/03\/24\/presidentielle-scrutin-idrissa-seck-souhaite-voir-le-prochain-president-inaugurer-une-ere-de-stabilite-et-de-prosperite\/#primaryimage"},"datePublished":"2024-03-24T10:31:39+00:00","dateModified":"2024-03-24T10:32:18+00:00","author":{"@id":"https:\/\/www.nettali.com\/#\/schema\/person\/3317e0bb3aa1da309fbf7b2780901bf4"},"breadcrumb":{"@id":"https:\/\/www.nettali.com\/2024\/03\/24\/presidentielle-scrutin-idrissa-seck-souhaite-voir-le-prochain-president-inaugurer-une-ere-de-stabilite-et-de-prosperite\/#breadcrumb"},"inLanguage":"fr-FR","potentialAction":[{"@type":"ReadAction","target":["https:\/\/www.nettali.com\/2024\/03\/24\/presidentielle-scrutin-idrissa-seck-souhaite-voir-le-prochain-president-inaugurer-une-ere-de-stabilite-et-de-prosperite\/"]}]},{"@type":"BreadcrumbList","@id":"https:\/\/www.nettali.com\/2024\/03\/24\/presidentielle-scrutin-idrissa-seck-souhaite-voir-le-prochain-president-inaugurer-une-ere-de-stabilite-et-de-prosperite\/#breadcrumb","itemListElement":[{"@type":"ListItem","position":1,"name":"Accueil","item":"https:\/\/www.nettali.com\/"},{"@type":"ListItem","position":2,"name":"PRESIDENTIELLE-SCRUTIN - Idrissa Seck souhaite que \u201cle S\u00e9n\u00e9gal sorte victorieux de cette \u00e9lection\u201d"}]},{"@type":"Person","@id":"https:\/\/www.nettali.com\/#\/schema\/person\/3317e0bb3aa1da309fbf7b2780901bf4","name":"Daouda","image":{"@type":"ImageObject","@id":"https:\/\/www.nettali.com\/#personlogo","inLanguage":"fr-FR","url":"https:\/\/secure.gravatar.com\/avatar\/8d143b5a49345098ddcfee1c49c2f47c?s=96&d=mm&r=g","contentUrl":"https:\/\/secure.gravatar.com\/avatar\/8d143b5a49345098ddcfee1c49c2f47c?s=96&d=mm&r=g","caption":"Daouda"},"sameAs":["https:\/\/www.nettali.com"]}]}},"_links":{"self":[{"href":"https:\/\/www.nettali.com\/rest\/wp\/v2\/posts\/130262"}],"collection":[{"href":"https:\/\/www.nettali.com\/rest\/wp\/v2\/posts"}],"about":[{"href":"https:\/\/www.nettali.com\/rest\/wp\/v2\/types\/post"}],"author":[{"embeddable":true,"href":"https:\/\/www.nettali.com\/rest\/wp\/v2\/users\/4"}],"replies":[{"embeddable":true,"href":"https:\/\/www.nettali.com\/rest\/wp\/v2\/comments?post=130262"}],"version-history":[{"count":2,"href":"https:\/\/www.nettali.com\/rest\/wp\/v2\/posts\/130262\/revisions"}],"predecessor-version":[{"id":130264,"href":"https:\/\/www.nettali.com\/rest\/wp\/v2\/posts\/130262\/revisions\/130264"}],"wp:featuredmedia":[{"embeddable":true,"href":"https:\/\/www.nettali.com\/rest\/wp\/v2\/media\/130258"}],"wp:attachment":[{"href":"https:\/\/www.nettali.com\/rest\/wp\/v2\/media?parent=130262"}],"wp:term":[{"taxonomy":"category","embeddable":true,"href":"https:\/\/www.nettali.com\/rest\/wp\/v2\/categories?post=130262"},{"taxonomy":"post_tag","embeddable":true,"href":"https:\/\/www.nettali.com\/rest\/wp\/v2\/tags?post=130262"}],"curies":[{"name":"wp","href":"https:\/\/api.w.org\/{rel}","templated":true}]}}