{"id":130195,"date":"2024-03-23T06:45:29","date_gmt":"2024-03-23T06:45:29","guid":{"rendered":"https:\/\/www.nettali.com\/?p=130195"},"modified":"2024-03-24T10:04:19","modified_gmt":"2024-03-24T10:04:19","slug":"pour-lhonneur-de-ladministration-electorale","status":"publish","type":"post","link":"https:\/\/www.nettali.com\/2024\/03\/23\/pour-lhonneur-de-ladministration-electorale\/","title":{"rendered":"THIENDELLA FALL - \"Je suis un contr\u00f4leur g\u00e9n\u00e9ral de police, appel\u00e9 g\u00e9n\u00e9ral de police. J\u2019ai fait un serment...\""},"content":{"rendered":"<div class=\"page\" title=\"Page 3\">\n<div class=\"layoutArea\">\n<div class=\"column\">\n<div class=\"page\" title=\"Page 3\">\n<div class=\"layoutArea\">\n<div class=\"column\">\n<p><strong>NETTALI.COM - Face a\u0300 la presse, ce vendredi 22 mars, le directeur ge\u0301ne\u0301ral des E\u0301lections, Thiendella Fall, a tenu a\u0300 rappeler qu\u2019il n\u2019est pas un politicien, mais un ge\u0301ne\u0301ral de police sous serment et en fonction a\u0300 l\u2019administration des e\u0301lections depuis plus de 20 ans.<\/strong><\/p>\n<\/div>\n<\/div>\n<\/div>\n<p>En service a\u0300 l\u2019administration des e\u0301lections depuis plus de 20 ans, Thiendella Fall a tenu a\u0300 faire des pre\u0301cisions a\u0300 tous ceux qui l\u2019accusent, ceux qui le prennent comme un politique. A\u0300 tous ses de\u0301tracteurs, il a tenu a\u0300 pre\u0301ciser : \"<em>je voudrais saisir l\u2019occasion pour faire une pre\u0301cision. Souvent dans la presse, on ve\u0301hicule des propos de nature a\u0300 me pre\u0301senter comme un politique. Je tiens a\u0300 pre\u0301ciser que je ne suis pas un politique.<\/em> <em>Je suis un contro\u0302leur ge\u0301ne\u0301ral de police, commune\u0301ment appele\u0301 ge\u0301ne\u0301ral de police. J\u2019ai fait un serment.<\/em> <em>Je le fais parce que souvent, il y a beaucoup de confusions et d\u2019insinuations<\/em>\", confie-t-il sur un ton un peu d\u00e9solant.<\/p>\n<p>Cette pre\u0301cision faite, il a assure\u0301 que toutes les dispositions avaient de\u0301ja\u0300 e\u0301te\u0301 prises pour que l\u2019e\u0301lection puisse se tenir, me\u0302me le dimanche dernier.<\/p>\n<\/div>\n<div class=\"column\">\n<p>Pour le ministre de l\u2019Inte\u0301rieur, il faut pluto\u0302t rendre hommage a\u0300 l\u2019Administration des e\u0301lections ou\u0300 il y a des fonctionnaires de\u0301voue\u0301s qui se sont toujours acquitte\u0301s de leurs ta\u0302ches. \"<em>Nous avons une administration rompue a\u0300 la ta\u0302che, des Se\u0301ne\u0301galais comme vous et moi qui servent avec beaucoup d\u2019honneur leur patrie. Il faut que nous ayons confiance en notre syste\u0300me, en nos institutions<\/em>\".<\/p>\n<p>Sur les accusations portant relatives au non-respect des de\u0301cisions de justice, il re\u0301torque : \"<em>Je pense qu\u2019aujourd\u2019hui, on peut tous e\u0302tre d\u2019accord que nous avons des institutions fortes. Maintenant, on ne peut pas refuser a\u0300 un juriste de contester des de\u0301cisions de justice. C\u2019est en premie\u0300re anne\u0301e a\u0300 la faculte\u0301 de Droit qu\u2019on leur apprend \u00e0 contester des de\u0301cisions des plus hautes juridictions, a\u0300 travers un exercice, notamment le commentaire d\u2019arre\u0302t<\/em>\".<\/p>\n<\/div>\n<div class=\"column\">\n<p>Selon lui, il faudrait e\u0301galement compter sur ces institutions, en particulier sur cette Administration e\u0301lectorale, \"<em>pour espe\u0301rer organiser les meilleures e\u0301lections le 24 mars 2024<\/em>\".<\/p>\n<p>Makhtar Cisse\u0301 d\u2019appeler de tous ses v\u0153ux a\u0300 l\u2019apaisement et a\u0300 la se\u0301re\u0301nite\u0301 dans l\u2019espace politique. Dans un pays comme le Se\u0301ne\u0301gal, estime-t-il, \"<em>nous espe\u0301rons qu\u2019un jour nous arriverons a\u0300 banaliser les e\u0301lections, a\u0300 les de\u0301passionner, que l\u2019on soit plus dans le de\u0301bat d\u2019ide\u0301es que dans les pole\u0301miques\"<\/em>.<\/p>\n<p>Pour lui, les acteurs doivent savoir qu\u2019il y a une vie apre\u0300s l\u2019e\u0301lection et que le Se\u0301ne\u0301gal transcende les inte\u0301re\u0302ts partisans<\/p>\n<\/div>\n<\/div>\n<\/div>\n<div class='share-to-whatsapp-wrapper'><div class='share-on-whsp'>PARTAGER SUR : <\/div><a data-text='THIENDELLA FALL - \"Je suis un contr\u00f4leur g\u00e9n\u00e9ral de police, appel\u00e9 g\u00e9n\u00e9ral de police. J\u2019ai fait un serment...\"' data-link='https:\/\/www.nettali.com\/2024\/03\/23\/pour-lhonneur-de-ladministration-electorale\/' class='whatsapp-button whatsapp-share'>WhatsApp<\/a><div class='clear '><\/div><\/div>","protected":false},"excerpt":{"rendered":"<p>NETTALI.COM - Face a\u0300 la presse, ce vendredi 22 mars, le directeur ge\u0301ne\u0301ral des E\u0301lections, Thiendella Fall, a tenu a\u0300 rappeler qu\u2019il n\u2019est pas un politicien, mais un ge\u0301ne\u0301ral de police sous serment et en fonction a\u0300 l\u2019administration des e\u0301lections depuis plus de 20 ans. En service a\u0300 l\u2019administration des e\u0301lections depuis plus de 20 [&hellip;]<\/p>\n","protected":false},"author":2,"featured_media":130196,"comment_status":"open","ping_status":"open","sticky":false,"template":"","format":"standard","meta":{"_et_pb_use_builder":"","_et_pb_old_content":""},"categories":[3],"tags":[],"yoast_head":"<!-- This site is optimized with the Yoast SEO Premium plugin v17.8 (Yoast SEO v17.8) - https:\/\/yoast.com\/wordpress\/plugins\/seo\/ -->\n<title>THIENDELLA FALL - &quot;Je suis un contr\u00f4leur g\u00e9n\u00e9ral de police, appel\u00e9 g\u00e9n\u00e9ral de police. J\u2019ai fait un serment...&quot; | Nettali.com<\/title>\n<meta name=\"robots\" content=\"index, follow, max-snippet:-1, max-image-preview:large, max-video-preview:-1\" \/>\n<link rel=\"canonical\" href=\"https:\/\/www.nettali.com\/2024\/03\/23\/pour-lhonneur-de-ladministration-electorale\/\" \/>\n<meta property=\"og:locale\" content=\"fr_FR\" \/>\n<meta property=\"og:type\" content=\"article\" \/>\n<meta property=\"og:title\" content=\"THIENDELLA FALL - &quot;Je suis un contr\u00f4leur g\u00e9n\u00e9ral de police, appel\u00e9 g\u00e9n\u00e9ral de police. J\u2019ai fait un serment...&quot;\" \/>\n<meta property=\"og:description\" content=\"NETTALI.COM - Face a\u0300 la presse, ce vendredi 22 mars, le directeur ge\u0301ne\u0301ral des E\u0301lections, Thiendella Fall, a tenu a\u0300 rappeler qu\u2019il n\u2019est pas un politicien, mais un ge\u0301ne\u0301ral de police sous serment et en fonction a\u0300 l\u2019administration des e\u0301lections depuis plus de 20 ans. En service a\u0300 l\u2019administration des e\u0301lections depuis plus de 20 [&hellip;]\" \/>\n<meta property=\"og:url\" content=\"https:\/\/www.nettali.com\/2024\/03\/23\/pour-lhonneur-de-ladministration-electorale\/\" \/>\n<meta property=\"og:site_name\" content=\"Nettali.com\" \/>\n<meta property=\"article:publisher\" content=\"https:\/\/www.facebook.com\/nettalicom\" \/>\n<meta property=\"article:published_time\" content=\"2024-03-23T06:45:29+00:00\" \/>\n<meta property=\"article:modified_time\" content=\"2024-03-24T10:04:19+00:00\" \/>\n<meta property=\"og:image\" content=\"https:\/\/www.nettali.com\/wp-content\/uploads\/2024\/03\/76987040-55701261.jpg\" \/>\n\t<meta property=\"og:image:width\" content=\"750\" \/>\n\t<meta property=\"og:image:height\" content=\"375\" \/>\n<meta name=\"twitter:card\" content=\"summary_large_image\" \/>\n<meta name=\"twitter:label1\" content=\"\u00c9crit par\" \/>\n\t<meta name=\"twitter:data1\" content=\"CK\" \/>\n\t<meta name=\"twitter:label2\" content=\"Dur\u00e9e de lecture estim\u00e9e\" \/>\n\t<meta name=\"twitter:data2\" content=\"3 minutes\" \/>\n<script type=\"application\/ld+json\" class=\"yoast-schema-graph\">{\"@context\":\"https:\/\/schema.org\",\"@graph\":[{\"@type\":\"WebSite\",\"@id\":\"https:\/\/www.nettali.com\/#website\",\"url\":\"https:\/\/www.nettali.com\/\",\"name\":\"Nettali.com\",\"description\":\"Le rendez-vous critique du Net\",\"potentialAction\":[{\"@type\":\"SearchAction\",\"target\":{\"@type\":\"EntryPoint\",\"urlTemplate\":\"https:\/\/www.nettali.com\/?s={search_term_string}\"},\"query-input\":\"required name=search_term_string\"}],\"inLanguage\":\"fr-FR\"},{\"@type\":\"ImageObject\",\"@id\":\"https:\/\/www.nettali.com\/2024\/03\/23\/pour-lhonneur-de-ladministration-electorale\/#primaryimage\",\"inLanguage\":\"fr-FR\",\"url\":\"https:\/\/www.nettali.com\/wp-content\/uploads\/2024\/03\/76987040-55701261.jpg\",\"contentUrl\":\"https:\/\/www.nettali.com\/wp-content\/uploads\/2024\/03\/76987040-55701261.jpg\",\"width\":750,\"height\":375},{\"@type\":\"WebPage\",\"@id\":\"https:\/\/www.nettali.com\/2024\/03\/23\/pour-lhonneur-de-ladministration-electorale\/#webpage\",\"url\":\"https:\/\/www.nettali.com\/2024\/03\/23\/pour-lhonneur-de-ladministration-electorale\/\",\"name\":\"THIENDELLA FALL - \\\"Je suis un contr\\u00f4leur g\\u00e9n\\u00e9ral de police, appel\\u00e9 g\\u00e9n\\u00e9ral de police. J\\u2019ai fait un serment...\\\" | Nettali.com\",\"isPartOf\":{\"@id\":\"https:\/\/www.nettali.com\/#website\"},\"primaryImageOfPage\":{\"@id\":\"https:\/\/www.nettali.com\/2024\/03\/23\/pour-lhonneur-de-ladministration-electorale\/#primaryimage\"},\"datePublished\":\"2024-03-23T06:45:29+00:00\",\"dateModified\":\"2024-03-24T10:04:19+00:00\",\"author\":{\"@id\":\"https:\/\/www.nettali.com\/#\/schema\/person\/d8ac7b7e27ddad43f1c0d2ef090d7f71\"},\"breadcrumb\":{\"@id\":\"https:\/\/www.nettali.com\/2024\/03\/23\/pour-lhonneur-de-ladministration-electorale\/#breadcrumb\"},\"inLanguage\":\"fr-FR\",\"potentialAction\":[{\"@type\":\"ReadAction\",\"target\":[\"https:\/\/www.nettali.com\/2024\/03\/23\/pour-lhonneur-de-ladministration-electorale\/\"]}]},{\"@type\":\"BreadcrumbList\",\"@id\":\"https:\/\/www.nettali.com\/2024\/03\/23\/pour-lhonneur-de-ladministration-electorale\/#breadcrumb\",\"itemListElement\":[{\"@type\":\"ListItem\",\"position\":1,\"name\":\"Accueil\",\"item\":\"https:\/\/www.nettali.com\/\"},{\"@type\":\"ListItem\",\"position\":2,\"name\":\"THIENDELLA FALL - \\\"Je suis un contr\\u00f4leur g\\u00e9n\\u00e9ral de police, appel\\u00e9 g\\u00e9n\\u00e9ral de police. J\\u2019ai fait un serment...\\\"\"}]},{\"@type\":\"Person\",\"@id\":\"https:\/\/www.nettali.com\/#\/schema\/person\/d8ac7b7e27ddad43f1c0d2ef090d7f71\",\"name\":\"CK\",\"image\":{\"@type\":\"ImageObject\",\"@id\":\"https:\/\/www.nettali.com\/#personlogo\",\"inLanguage\":\"fr-FR\",\"url\":\"https:\/\/secure.gravatar.com\/avatar\/1d8d5118b9327d94da7cd4ce7f17fec2?s=96&d=mm&r=g\",\"contentUrl\":\"https:\/\/secure.gravatar.com\/avatar\/1d8d5118b9327d94da7cd4ce7f17fec2?s=96&d=mm&r=g\",\"caption\":\"CK\"},\"sameAs\":[\"https:\/\/www.nettali.com\"]}]}<\/script>\n<!-- \/ Yoast SEO Premium plugin. -->","yoast_head_json":{"title":"THIENDELLA FALL - \"Je suis un contr\u00f4leur g\u00e9n\u00e9ral de police, appel\u00e9 g\u00e9n\u00e9ral de police. J\u2019ai fait un serment...\" | Nettali.com","robots":{"index":"index","follow":"follow","max-snippet":"max-snippet:-1","max-image-preview":"max-image-preview:large","max-video-preview":"max-video-preview:-1"},"canonical":"https:\/\/www.nettali.com\/2024\/03\/23\/pour-lhonneur-de-ladministration-electorale\/","og_locale":"fr_FR","og_type":"article","og_title":"THIENDELLA FALL - \"Je suis un contr\u00f4leur g\u00e9n\u00e9ral de police, appel\u00e9 g\u00e9n\u00e9ral de police. J\u2019ai fait un serment...\"","og_description":"NETTALI.COM - Face a\u0300 la presse, ce vendredi 22 mars, le directeur ge\u0301ne\u0301ral des E\u0301lections, Thiendella Fall, a tenu a\u0300 rappeler qu\u2019il n\u2019est pas un politicien, mais un ge\u0301ne\u0301ral de police sous serment et en fonction a\u0300 l\u2019administration des e\u0301lections depuis plus de 20 ans. En service a\u0300 l\u2019administration des e\u0301lections depuis plus de 20 [&hellip;]","og_url":"https:\/\/www.nettali.com\/2024\/03\/23\/pour-lhonneur-de-ladministration-electorale\/","og_site_name":"Nettali.com","article_publisher":"https:\/\/www.facebook.com\/nettalicom","article_published_time":"2024-03-23T06:45:29+00:00","article_modified_time":"2024-03-24T10:04:19+00:00","og_image":[{"width":750,"height":375,"url":"https:\/\/www.nettali.com\/wp-content\/uploads\/2024\/03\/76987040-55701261.jpg","type":"image\/jpeg"}],"twitter_card":"summary_large_image","twitter_misc":{"\u00c9crit par":"CK","Dur\u00e9e de lecture estim\u00e9e":"3 minutes"},"schema":{"@context":"https:\/\/schema.org","@graph":[{"@type":"WebSite","@id":"https:\/\/www.nettali.com\/#website","url":"https:\/\/www.nettali.com\/","name":"Nettali.com","description":"Le rendez-vous critique du Net","potentialAction":[{"@type":"SearchAction","target":{"@type":"EntryPoint","urlTemplate":"https:\/\/www.nettali.com\/?s={search_term_string}"},"query-input":"required name=search_term_string"}],"inLanguage":"fr-FR"},{"@type":"ImageObject","@id":"https:\/\/www.nettali.com\/2024\/03\/23\/pour-lhonneur-de-ladministration-electorale\/#primaryimage","inLanguage":"fr-FR","url":"https:\/\/www.nettali.com\/wp-content\/uploads\/2024\/03\/76987040-55701261.jpg","contentUrl":"https:\/\/www.nettali.com\/wp-content\/uploads\/2024\/03\/76987040-55701261.jpg","width":750,"height":375},{"@type":"WebPage","@id":"https:\/\/www.nettali.com\/2024\/03\/23\/pour-lhonneur-de-ladministration-electorale\/#webpage","url":"https:\/\/www.nettali.com\/2024\/03\/23\/pour-lhonneur-de-ladministration-electorale\/","name":"THIENDELLA FALL - \"Je suis un contr\u00f4leur g\u00e9n\u00e9ral de police, appel\u00e9 g\u00e9n\u00e9ral de police. J\u2019ai fait un serment...\" | Nettali.com","isPartOf":{"@id":"https:\/\/www.nettali.com\/#website"},"primaryImageOfPage":{"@id":"https:\/\/www.nettali.com\/2024\/03\/23\/pour-lhonneur-de-ladministration-electorale\/#primaryimage"},"datePublished":"2024-03-23T06:45:29+00:00","dateModified":"2024-03-24T10:04:19+00:00","author":{"@id":"https:\/\/www.nettali.com\/#\/schema\/person\/d8ac7b7e27ddad43f1c0d2ef090d7f71"},"breadcrumb":{"@id":"https:\/\/www.nettali.com\/2024\/03\/23\/pour-lhonneur-de-ladministration-electorale\/#breadcrumb"},"inLanguage":"fr-FR","potentialAction":[{"@type":"ReadAction","target":["https:\/\/www.nettali.com\/2024\/03\/23\/pour-lhonneur-de-ladministration-electorale\/"]}]},{"@type":"BreadcrumbList","@id":"https:\/\/www.nettali.com\/2024\/03\/23\/pour-lhonneur-de-ladministration-electorale\/#breadcrumb","itemListElement":[{"@type":"ListItem","position":1,"name":"Accueil","item":"https:\/\/www.nettali.com\/"},{"@type":"ListItem","position":2,"name":"THIENDELLA FALL - \"Je suis un contr\u00f4leur g\u00e9n\u00e9ral de police, appel\u00e9 g\u00e9n\u00e9ral de police. J\u2019ai fait un serment...\""}]},{"@type":"Person","@id":"https:\/\/www.nettali.com\/#\/schema\/person\/d8ac7b7e27ddad43f1c0d2ef090d7f71","name":"CK","image":{"@type":"ImageObject","@id":"https:\/\/www.nettali.com\/#personlogo","inLanguage":"fr-FR","url":"https:\/\/secure.gravatar.com\/avatar\/1d8d5118b9327d94da7cd4ce7f17fec2?s=96&d=mm&r=g","contentUrl":"https:\/\/secure.gravatar.com\/avatar\/1d8d5118b9327d94da7cd4ce7f17fec2?s=96&d=mm&r=g","caption":"CK"},"sameAs":["https:\/\/www.nettali.com"]}]}},"_links":{"self":[{"href":"https:\/\/www.nettali.com\/rest\/wp\/v2\/posts\/130195"}],"collection":[{"href":"https:\/\/www.nettali.com\/rest\/wp\/v2\/posts"}],"about":[{"href":"https:\/\/www.nettali.com\/rest\/wp\/v2\/types\/post"}],"author":[{"embeddable":true,"href":"https:\/\/www.nettali.com\/rest\/wp\/v2\/users\/2"}],"replies":[{"embeddable":true,"href":"https:\/\/www.nettali.com\/rest\/wp\/v2\/comments?post=130195"}],"version-history":[{"count":4,"href":"https:\/\/www.nettali.com\/rest\/wp\/v2\/posts\/130195\/revisions"}],"predecessor-version":[{"id":130200,"href":"https:\/\/www.nettali.com\/rest\/wp\/v2\/posts\/130195\/revisions\/130200"}],"wp:featuredmedia":[{"embeddable":true,"href":"https:\/\/www.nettali.com\/rest\/wp\/v2\/media\/130196"}],"wp:attachment":[{"href":"https:\/\/www.nettali.com\/rest\/wp\/v2\/media?parent=130195"}],"wp:term":[{"taxonomy":"category","embeddable":true,"href":"https:\/\/www.nettali.com\/rest\/wp\/v2\/categories?post=130195"},{"taxonomy":"post_tag","embeddable":true,"href":"https:\/\/www.nettali.com\/rest\/wp\/v2\/tags?post=130195"}],"curies":[{"name":"wp","href":"https:\/\/api.w.org\/{rel}","templated":true}]}}