{"id":130168,"date":"2024-03-22T23:30:00","date_gmt":"2024-03-22T23:30:00","guid":{"rendered":"https:\/\/www.nettali.com\/?p=130168"},"modified":"2024-03-23T06:20:04","modified_gmt":"2024-03-23T06:20:04","slug":"presidentielle-2024-le-pds-vote-diomaye-faye-mais","status":"publish","type":"post","link":"https:\/\/www.nettali.com\/2024\/03\/22\/presidentielle-2024-le-pds-vote-diomaye-faye-mais\/","title":{"rendered":"PR\u00c9SIDENTIELLE 2024 - Le PDS vote Diomaye Faye, mais..."},"content":{"rendered":"<p style=\"text-align: left;\"><strong>NETTALI.COM - Le Parti d\u00e9mocratique S\u00e9n\u00e9galais (PDS) a appel\u00e9 \u00e0 voter pour la coalition men\u00e9e par Diomaye Faye \u00e0 la pr\u00e9sidentielle du 24 mars. La d\u00e9cision a \u00e9t\u00e9 rendue publique ce vendredi 24 mars via un communiqu\u00e9 du secr\u00e9taire g\u00e9n\u00e9ral national du parti, l\u2019ancien pr\u00e9sident Abdoulaye Wade.<\/strong><\/p>\n<p>\"<em>Le soutien du Parti d\u00e9mocratique s\u00e9n\u00e9galais (PDS) a \u00e9t\u00e9 sollicit\u00e9 par la plupart des candidats en lice \u00e0 l'\u00e9lection pr\u00e9sidentielle apr\u00e8s l'\u00e9limination scandaleuse de notre candidat, Karim Wade, par le Conseil Constitutionnel, d\u00e9cision qui nous a profond\u00e9ment r\u00e9volt\u00e9s<\/em>\", informe Abdoulaye Wade dans le communiqu\u00e9.<\/p>\n<p>Conscient que le S\u00e9n\u00e9gal est dans un moment charni\u00e8re de son histoire, o\u00f9 les votes d'aujourd'hui d\u00e9finiront le paysage de son avenir commun, le PDS d\u00e9clare qu'il \"<em>a le devoir imp\u00e9rieux de prendre position<\/em>\".<\/p>\n<p>Le Pds d'ajouter : \"<em>l'id\u00e9e qu'un \u00c9tat puisse \u00eatre confisqu\u00e9 au service d'int\u00e9r\u00eats priv\u00e9s et \u00e9go\u00efstes nous est profond\u00e9ment intol\u00e9rable<\/em>\".<\/p>\n<p>Le PDS expliquer pourquoi il a port\u00e9 son soutien \u00e0 Bassirou Diomaye Faye, candidat\u00a0 d\u00e9sign\u00e9 par Ousmane Sonko. \"<em>Dans cet esprit de responsabilit\u00e9 envers notre patrie, et avec la volont\u00e9 in\u00e9branlable de d\u00e9fendre les principes de notre d\u00e9mocratie et l'int\u00e9grit\u00e9 de notre R\u00e9publique, notre formation politique a choisi d'apporter son total soutien \u00e0 la Coalition Diomaye Faye pour le scrutin pr\u00e9sidentiel de dimanche prochain<\/em>\", avance-t-il.<\/p>\n<p>Me Wade dit \u00eatre \"<em>convaincu que le renouveau de l'\u00c9tat de droit et la garantie d'une justice pleinement ind\u00e9pendante sont indispensables pour b\u00e2tir un S\u00e9n\u00e9gal prosp\u00e8re et juste. La Coalition Diomaye Faye a pris des engagements forts dans ces domaines<\/em>\".<\/p>\n<p>Le Pape du Sopi lance \"<em>un appel \u00e0 tous les S\u00e9n\u00e9galais, sans distinction, \u00e0 nous rejoindre dans cette marche vers un S\u00e9n\u00e9gal renouvel\u00e9. Un S\u00e9n\u00e9gal o\u00f9 chaque citoyen aura la garantie de ses droits fondamentaux et o\u00f9 l'\u00c9tat remplira v\u00e9ritablement son r\u00f4le de protecteur du bien commun<\/em>\".<\/p>\n<p>Pour Me Wade, \"<em>Nous devons nous mobiliser pour une victoire qui symbolisera l'aspiration de tout un peuple \u00e0 une gouvernance fond\u00e9e sur la morale, l'\u00e9thique et l'inclusivit\u00e9<\/em>\".<\/p>\n<p>Me Wade d'inviter \u00e0 voter pour la coalition Diomaye pr\u00e9sident. \"<em>Conscient des enjeux capitaux de la pr\u00e9servation \"de nos acquis d\u00e9mocratiques et attach\u00e9 \u00e0 la qu\u00eate incessante du bien-\u00eatre des S\u00e9n\u00e9galais pour lesquels je me suis battu durant toute ma vie, je vous invite \u00e0 voter d\u00e8s le premier tour avec conviction pour la Coalition Diomaye Faye<\/em>\", conclut la note.<\/p>\n<p>Toutefois, le Pds est \u00e9clat\u00e9 en trois camps. Il y a deux jours, un groupe membre du Pds, a fait une sortie pour annoncer qu'il soutenait le candidat de la coalition \"Benno Bokk Yaakaar\", Amadou Ba.<\/p>\n<p>Un autre groupe de responsables lib\u00e9raux, membres de l'Union des jeunesses travaillistes lib\u00e9rales (Ujtl), a annonc\u00e9 soutenir Idrissa Seck. Ce qui fait que durant cette \u00e9lection pr\u00e9sidentielle, le Pds va aller en ordre dispers\u00e9.<\/p>\n<p>&nbsp;<\/p>\n<div class='share-to-whatsapp-wrapper'><div class='share-on-whsp'>PARTAGER SUR : <\/div><a data-text='PR\u00c9SIDENTIELLE 2024 - Le PDS vote Diomaye Faye, mais...' data-link='https:\/\/www.nettali.com\/2024\/03\/22\/presidentielle-2024-le-pds-vote-diomaye-faye-mais\/' class='whatsapp-button whatsapp-share'>WhatsApp<\/a><div class='clear '><\/div><\/div>","protected":false},"excerpt":{"rendered":"<p>NETTALI.COM - Le Parti d\u00e9mocratique S\u00e9n\u00e9galais (PDS) a appel\u00e9 \u00e0 voter pour la coalition men\u00e9e par Diomaye Faye \u00e0 la pr\u00e9sidentielle du 24 mars. La d\u00e9cision a \u00e9t\u00e9 rendue publique ce vendredi 24 mars via un communiqu\u00e9 du secr\u00e9taire g\u00e9n\u00e9ral national du parti, l\u2019ancien pr\u00e9sident Abdoulaye Wade. \"Le soutien du Parti d\u00e9mocratique s\u00e9n\u00e9galais (PDS) a [&hellip;]<\/p>\n","protected":false},"author":5,"featured_media":130169,"comment_status":"open","ping_status":"open","sticky":false,"template":"","format":"standard","meta":{"_et_pb_use_builder":"","_et_pb_old_content":""},"categories":[2],"tags":[],"yoast_head":"<!-- This site is optimized with the Yoast SEO Premium plugin v17.8 (Yoast SEO v17.8) - https:\/\/yoast.com\/wordpress\/plugins\/seo\/ -->\n<title>PR\u00c9SIDENTIELLE 2024 - Le PDS vote Diomaye Faye, mais... | Nettali.com<\/title>\n<meta name=\"robots\" content=\"index, follow, max-snippet:-1, max-image-preview:large, max-video-preview:-1\" \/>\n<link rel=\"canonical\" href=\"https:\/\/www.nettali.com\/2024\/03\/22\/presidentielle-2024-le-pds-vote-diomaye-faye-mais\/\" \/>\n<meta property=\"og:locale\" content=\"fr_FR\" \/>\n<meta property=\"og:type\" content=\"article\" \/>\n<meta property=\"og:title\" content=\"PR\u00c9SIDENTIELLE 2024 - Le PDS vote Diomaye Faye, mais...\" \/>\n<meta property=\"og:description\" content=\"NETTALI.COM - Le Parti d\u00e9mocratique S\u00e9n\u00e9galais (PDS) a appel\u00e9 \u00e0 voter pour la coalition men\u00e9e par Diomaye Faye \u00e0 la pr\u00e9sidentielle du 24 mars. La d\u00e9cision a \u00e9t\u00e9 rendue publique ce vendredi 24 mars via un communiqu\u00e9 du secr\u00e9taire g\u00e9n\u00e9ral national du parti, l\u2019ancien pr\u00e9sident Abdoulaye Wade. &quot;Le soutien du Parti d\u00e9mocratique s\u00e9n\u00e9galais (PDS) a [&hellip;]\" \/>\n<meta property=\"og:url\" content=\"https:\/\/www.nettali.com\/2024\/03\/22\/presidentielle-2024-le-pds-vote-diomaye-faye-mais\/\" \/>\n<meta property=\"og:site_name\" content=\"Nettali.com\" \/>\n<meta property=\"article:publisher\" content=\"https:\/\/www.facebook.com\/nettalicom\" \/>\n<meta property=\"article:published_time\" content=\"2024-03-22T23:30:00+00:00\" \/>\n<meta property=\"article:modified_time\" content=\"2024-03-23T06:20:04+00:00\" \/>\n<meta property=\"og:image\" content=\"https:\/\/www.nettali.com\/wp-content\/uploads\/2024\/03\/79072581-57322233.jpg\" \/>\n\t<meta property=\"og:image:width\" content=\"1920\" \/>\n\t<meta property=\"og:image:height\" content=\"1080\" \/>\n<meta name=\"twitter:card\" content=\"summary_large_image\" \/>\n<meta name=\"twitter:label1\" content=\"\u00c9crit par\" \/>\n\t<meta name=\"twitter:data1\" content=\"Ibrahima\" \/>\n\t<meta name=\"twitter:label2\" content=\"Dur\u00e9e de lecture estim\u00e9e\" \/>\n\t<meta name=\"twitter:data2\" content=\"3 minutes\" \/>\n<script type=\"application\/ld+json\" class=\"yoast-schema-graph\">{\"@context\":\"https:\/\/schema.org\",\"@graph\":[{\"@type\":\"WebSite\",\"@id\":\"https:\/\/www.nettali.com\/#website\",\"url\":\"https:\/\/www.nettali.com\/\",\"name\":\"Nettali.com\",\"description\":\"Le rendez-vous critique du Net\",\"potentialAction\":[{\"@type\":\"SearchAction\",\"target\":{\"@type\":\"EntryPoint\",\"urlTemplate\":\"https:\/\/www.nettali.com\/?s={search_term_string}\"},\"query-input\":\"required name=search_term_string\"}],\"inLanguage\":\"fr-FR\"},{\"@type\":\"ImageObject\",\"@id\":\"https:\/\/www.nettali.com\/2024\/03\/22\/presidentielle-2024-le-pds-vote-diomaye-faye-mais\/#primaryimage\",\"inLanguage\":\"fr-FR\",\"url\":\"https:\/\/www.nettali.com\/wp-content\/uploads\/2024\/03\/79072581-57322233.jpg\",\"contentUrl\":\"https:\/\/www.nettali.com\/wp-content\/uploads\/2024\/03\/79072581-57322233.jpg\",\"width\":1920,\"height\":1080},{\"@type\":\"WebPage\",\"@id\":\"https:\/\/www.nettali.com\/2024\/03\/22\/presidentielle-2024-le-pds-vote-diomaye-faye-mais\/#webpage\",\"url\":\"https:\/\/www.nettali.com\/2024\/03\/22\/presidentielle-2024-le-pds-vote-diomaye-faye-mais\/\",\"name\":\"PR\\u00c9SIDENTIELLE 2024 - Le PDS vote Diomaye Faye, mais... | Nettali.com\",\"isPartOf\":{\"@id\":\"https:\/\/www.nettali.com\/#website\"},\"primaryImageOfPage\":{\"@id\":\"https:\/\/www.nettali.com\/2024\/03\/22\/presidentielle-2024-le-pds-vote-diomaye-faye-mais\/#primaryimage\"},\"datePublished\":\"2024-03-22T23:30:00+00:00\",\"dateModified\":\"2024-03-23T06:20:04+00:00\",\"author\":{\"@id\":\"https:\/\/www.nettali.com\/#\/schema\/person\/bb147657c2986240405a608162b9bb23\"},\"breadcrumb\":{\"@id\":\"https:\/\/www.nettali.com\/2024\/03\/22\/presidentielle-2024-le-pds-vote-diomaye-faye-mais\/#breadcrumb\"},\"inLanguage\":\"fr-FR\",\"potentialAction\":[{\"@type\":\"ReadAction\",\"target\":[\"https:\/\/www.nettali.com\/2024\/03\/22\/presidentielle-2024-le-pds-vote-diomaye-faye-mais\/\"]}]},{\"@type\":\"BreadcrumbList\",\"@id\":\"https:\/\/www.nettali.com\/2024\/03\/22\/presidentielle-2024-le-pds-vote-diomaye-faye-mais\/#breadcrumb\",\"itemListElement\":[{\"@type\":\"ListItem\",\"position\":1,\"name\":\"Accueil\",\"item\":\"https:\/\/www.nettali.com\/\"},{\"@type\":\"ListItem\",\"position\":2,\"name\":\"PR\\u00c9SIDENTIELLE 2024 - Le PDS vote Diomaye Faye, mais...\"}]},{\"@type\":\"Person\",\"@id\":\"https:\/\/www.nettali.com\/#\/schema\/person\/bb147657c2986240405a608162b9bb23\",\"name\":\"Ibrahima\",\"image\":{\"@type\":\"ImageObject\",\"@id\":\"https:\/\/www.nettali.com\/#personlogo\",\"inLanguage\":\"fr-FR\",\"url\":\"https:\/\/secure.gravatar.com\/avatar\/26a8a81f09f0dd7624c9d5c36c9ba3a2?s=96&d=mm&r=g\",\"contentUrl\":\"https:\/\/secure.gravatar.com\/avatar\/26a8a81f09f0dd7624c9d5c36c9ba3a2?s=96&d=mm&r=g\",\"caption\":\"Ibrahima\"},\"sameAs\":[\"https:\/\/www.nettali.com\"]}]}<\/script>\n<!-- \/ Yoast SEO Premium plugin. -->","yoast_head_json":{"title":"PR\u00c9SIDENTIELLE 2024 - Le PDS vote Diomaye Faye, mais... | Nettali.com","robots":{"index":"index","follow":"follow","max-snippet":"max-snippet:-1","max-image-preview":"max-image-preview:large","max-video-preview":"max-video-preview:-1"},"canonical":"https:\/\/www.nettali.com\/2024\/03\/22\/presidentielle-2024-le-pds-vote-diomaye-faye-mais\/","og_locale":"fr_FR","og_type":"article","og_title":"PR\u00c9SIDENTIELLE 2024 - Le PDS vote Diomaye Faye, mais...","og_description":"NETTALI.COM - Le Parti d\u00e9mocratique S\u00e9n\u00e9galais (PDS) a appel\u00e9 \u00e0 voter pour la coalition men\u00e9e par Diomaye Faye \u00e0 la pr\u00e9sidentielle du 24 mars. La d\u00e9cision a \u00e9t\u00e9 rendue publique ce vendredi 24 mars via un communiqu\u00e9 du secr\u00e9taire g\u00e9n\u00e9ral national du parti, l\u2019ancien pr\u00e9sident Abdoulaye Wade. \"Le soutien du Parti d\u00e9mocratique s\u00e9n\u00e9galais (PDS) a [&hellip;]","og_url":"https:\/\/www.nettali.com\/2024\/03\/22\/presidentielle-2024-le-pds-vote-diomaye-faye-mais\/","og_site_name":"Nettali.com","article_publisher":"https:\/\/www.facebook.com\/nettalicom","article_published_time":"2024-03-22T23:30:00+00:00","article_modified_time":"2024-03-23T06:20:04+00:00","og_image":[{"width":1920,"height":1080,"url":"https:\/\/www.nettali.com\/wp-content\/uploads\/2024\/03\/79072581-57322233.jpg","type":"image\/jpeg"}],"twitter_card":"summary_large_image","twitter_misc":{"\u00c9crit par":"Ibrahima","Dur\u00e9e de lecture estim\u00e9e":"3 minutes"},"schema":{"@context":"https:\/\/schema.org","@graph":[{"@type":"WebSite","@id":"https:\/\/www.nettali.com\/#website","url":"https:\/\/www.nettali.com\/","name":"Nettali.com","description":"Le rendez-vous critique du Net","potentialAction":[{"@type":"SearchAction","target":{"@type":"EntryPoint","urlTemplate":"https:\/\/www.nettali.com\/?s={search_term_string}"},"query-input":"required name=search_term_string"}],"inLanguage":"fr-FR"},{"@type":"ImageObject","@id":"https:\/\/www.nettali.com\/2024\/03\/22\/presidentielle-2024-le-pds-vote-diomaye-faye-mais\/#primaryimage","inLanguage":"fr-FR","url":"https:\/\/www.nettali.com\/wp-content\/uploads\/2024\/03\/79072581-57322233.jpg","contentUrl":"https:\/\/www.nettali.com\/wp-content\/uploads\/2024\/03\/79072581-57322233.jpg","width":1920,"height":1080},{"@type":"WebPage","@id":"https:\/\/www.nettali.com\/2024\/03\/22\/presidentielle-2024-le-pds-vote-diomaye-faye-mais\/#webpage","url":"https:\/\/www.nettali.com\/2024\/03\/22\/presidentielle-2024-le-pds-vote-diomaye-faye-mais\/","name":"PR\u00c9SIDENTIELLE 2024 - Le PDS vote Diomaye Faye, mais... | Nettali.com","isPartOf":{"@id":"https:\/\/www.nettali.com\/#website"},"primaryImageOfPage":{"@id":"https:\/\/www.nettali.com\/2024\/03\/22\/presidentielle-2024-le-pds-vote-diomaye-faye-mais\/#primaryimage"},"datePublished":"2024-03-22T23:30:00+00:00","dateModified":"2024-03-23T06:20:04+00:00","author":{"@id":"https:\/\/www.nettali.com\/#\/schema\/person\/bb147657c2986240405a608162b9bb23"},"breadcrumb":{"@id":"https:\/\/www.nettali.com\/2024\/03\/22\/presidentielle-2024-le-pds-vote-diomaye-faye-mais\/#breadcrumb"},"inLanguage":"fr-FR","potentialAction":[{"@type":"ReadAction","target":["https:\/\/www.nettali.com\/2024\/03\/22\/presidentielle-2024-le-pds-vote-diomaye-faye-mais\/"]}]},{"@type":"BreadcrumbList","@id":"https:\/\/www.nettali.com\/2024\/03\/22\/presidentielle-2024-le-pds-vote-diomaye-faye-mais\/#breadcrumb","itemListElement":[{"@type":"ListItem","position":1,"name":"Accueil","item":"https:\/\/www.nettali.com\/"},{"@type":"ListItem","position":2,"name":"PR\u00c9SIDENTIELLE 2024 - Le PDS vote Diomaye Faye, mais..."}]},{"@type":"Person","@id":"https:\/\/www.nettali.com\/#\/schema\/person\/bb147657c2986240405a608162b9bb23","name":"Ibrahima","image":{"@type":"ImageObject","@id":"https:\/\/www.nettali.com\/#personlogo","inLanguage":"fr-FR","url":"https:\/\/secure.gravatar.com\/avatar\/26a8a81f09f0dd7624c9d5c36c9ba3a2?s=96&d=mm&r=g","contentUrl":"https:\/\/secure.gravatar.com\/avatar\/26a8a81f09f0dd7624c9d5c36c9ba3a2?s=96&d=mm&r=g","caption":"Ibrahima"},"sameAs":["https:\/\/www.nettali.com"]}]}},"_links":{"self":[{"href":"https:\/\/www.nettali.com\/rest\/wp\/v2\/posts\/130168"}],"collection":[{"href":"https:\/\/www.nettali.com\/rest\/wp\/v2\/posts"}],"about":[{"href":"https:\/\/www.nettali.com\/rest\/wp\/v2\/types\/post"}],"author":[{"embeddable":true,"href":"https:\/\/www.nettali.com\/rest\/wp\/v2\/users\/5"}],"replies":[{"embeddable":true,"href":"https:\/\/www.nettali.com\/rest\/wp\/v2\/comments?post=130168"}],"version-history":[{"count":6,"href":"https:\/\/www.nettali.com\/rest\/wp\/v2\/posts\/130168\/revisions"}],"predecessor-version":[{"id":130184,"href":"https:\/\/www.nettali.com\/rest\/wp\/v2\/posts\/130168\/revisions\/130184"}],"wp:featuredmedia":[{"embeddable":true,"href":"https:\/\/www.nettali.com\/rest\/wp\/v2\/media\/130169"}],"wp:attachment":[{"href":"https:\/\/www.nettali.com\/rest\/wp\/v2\/media?parent=130168"}],"wp:term":[{"taxonomy":"category","embeddable":true,"href":"https:\/\/www.nettali.com\/rest\/wp\/v2\/categories?post=130168"},{"taxonomy":"post_tag","embeddable":true,"href":"https:\/\/www.nettali.com\/rest\/wp\/v2\/tags?post=130168"}],"curies":[{"name":"wp","href":"https:\/\/api.w.org\/{rel}","templated":true}]}}