{"id":130153,"date":"2024-03-22T06:16:16","date_gmt":"2024-03-22T06:16:16","guid":{"rendered":"https:\/\/www.nettali.com\/?p=130153"},"modified":"2024-03-23T06:20:43","modified_gmt":"2024-03-23T06:20:43","slug":"en-coulisses-amadou-ba%cc%82-pourrait-etre-un-president-dhonneur-du-parti","status":"publish","type":"post","link":"https:\/\/www.nettali.com\/2024\/03\/22\/en-coulisses-amadou-ba%cc%82-pourrait-etre-un-president-dhonneur-du-parti\/","title":{"rendered":"EN COULISSES - Amadou Ba\u0302 pourrait \u00eatre \"un pre\u0301sident d'honneur du parti...\""},"content":{"rendered":"<div class=\"page\" title=\"Page 2\">\n<div class=\"section\">\n<div class=\"layoutArea\">\n<div class=\"column\">\n<p><strong>NETTALI.COM - <\/strong>Amadou Ba\u0302, candidat de la majorite\u0301 sortante a\u0300 l\u2019e\u0301lection pre\u0301sidentielle de dimanche prochain, a promis, une fois e\u0301lu, de de\u0301tacher la fonction de pre\u0301sident de la Re\u0301publique de la position de chef de parti.<\/p>\n<\/div>\n<\/div>\n<div class=\"layoutArea\">\n<div class=\"column\">\n<p>\u201c<em>Un gouvernement doit de\u0301passer l\u2019esprit partisan<\/em>\u201d, a de\u0301clare\u0301 ce jeudi 21 mars, le candidat de Benno Bokk Yaakaar sur la chai\u0302ne 7TV. \u201c<em>Il faut que le pre\u0301sident de la Re\u0301publique soit au-dessus de la me\u0302le\u0301e et j\u2019entends le de\u0301barrasser de la ges<\/em><em>tion au quotidien du parti<\/em>\u201d, a-t-il ajoute\u0301.<\/p>\n<\/div>\n<div class=\"column\">\n<p>Pre\u0301cisant sa pense\u0301e, le candidat a indique\u0301 que le chef de l\u2019E\u0301tat pourrait e\u0302tre un \u201c<em>pre\u0301sident d\u2019honneur du parti<\/em>\u201d, mais pas son animateur au quotidien. Cette charge pourrait e\u0302tre de\u0301volue, selon lui, \u201c<em>a\u0300 un ministre d\u2019E\u0301tat, au Premier ministre, au pre\u0301sident d\u2019une institution ou a\u0300 un ministre sans portefeuille<\/em>\u201d.<\/p>\n<p>Selon Amadou Ba\u0302, le pre\u0301sident de la Re\u0301publique doit \u201c<em>abandonner la fonction exe\u0301cutive de chef de parti<\/em>\u201d et ce serait, a\u0300 ses yeux, \u201c<em>un renforcement de la de\u0301mocratie et de l\u2019E\u0301tat<\/em>\u201d.<\/p>\n<p>Cette de\u0301connexion est en effet l\u2019une des recommandations fortes des Assises nationales, en particulier par la Commission nationale de re\u0301forme des institutions.<\/p>\n<\/div>\n<div class=\"column\">\n<p>Interroge\u0301 sur les institutions, il a estime\u0301 que \u201c<em>notre armature institutionnelle est solide<\/em>\u201d et a vante\u0301 les qualite\u0301s du Haut conseil des collectivite\u0301s territoriales (HCCT) et du Conseil e\u0301conomique, social et environnemental (Cese).<\/p>\n<\/div>\n<\/div>\n<\/div>\n<\/div>\n<div class='share-to-whatsapp-wrapper'><div class='share-on-whsp'>PARTAGER SUR : <\/div><a data-text='EN COULISSES - Amadou Ba\u0302 pourrait \u00eatre \"un pre\u0301sident d'honneur du parti...\"' data-link='https:\/\/www.nettali.com\/2024\/03\/22\/en-coulisses-amadou-ba%cc%82-pourrait-etre-un-president-dhonneur-du-parti\/' class='whatsapp-button whatsapp-share'>WhatsApp<\/a><div class='clear '><\/div><\/div>","protected":false},"excerpt":{"rendered":"<p>NETTALI.COM - Amadou Ba\u0302, candidat de la majorite\u0301 sortante a\u0300 l\u2019e\u0301lection pre\u0301sidentielle de dimanche prochain, a promis, une fois e\u0301lu, de de\u0301tacher la fonction de pre\u0301sident de la Re\u0301publique de la position de chef de parti. \u201cUn gouvernement doit de\u0301passer l\u2019esprit partisan\u201d, a de\u0301clare\u0301 ce jeudi 21 mars, le candidat de Benno Bokk Yaakaar sur [&hellip;]<\/p>\n","protected":false},"author":2,"featured_media":130154,"comment_status":"open","ping_status":"open","sticky":false,"template":"","format":"standard","meta":{"_et_pb_use_builder":"","_et_pb_old_content":""},"categories":[34945],"tags":[],"yoast_head":"<!-- This site is optimized with the Yoast SEO Premium plugin v17.8 (Yoast SEO v17.8) - https:\/\/yoast.com\/wordpress\/plugins\/seo\/ -->\n<title>EN COULISSES - Amadou Ba\u0302 pourrait \u00eatre &quot;un pre\u0301sident d&#039;honneur du parti...&quot; | Nettali.com<\/title>\n<meta name=\"robots\" content=\"index, follow, max-snippet:-1, max-image-preview:large, max-video-preview:-1\" \/>\n<link rel=\"canonical\" href=\"https:\/\/www.nettali.com\/2024\/03\/22\/en-coulisses-amadou-ba\u0302-pourrait-etre-un-president-dhonneur-du-parti\/\" \/>\n<meta property=\"og:locale\" content=\"fr_FR\" \/>\n<meta property=\"og:type\" content=\"article\" \/>\n<meta property=\"og:title\" content=\"EN COULISSES - Amadou Ba\u0302 pourrait \u00eatre &quot;un pre\u0301sident d&#039;honneur du parti...&quot;\" \/>\n<meta property=\"og:description\" content=\"NETTALI.COM - Amadou Ba\u0302, candidat de la majorite\u0301 sortante a\u0300 l\u2019e\u0301lection pre\u0301sidentielle de dimanche prochain, a promis, une fois e\u0301lu, de de\u0301tacher la fonction de pre\u0301sident de la Re\u0301publique de la position de chef de parti. \u201cUn gouvernement doit de\u0301passer l\u2019esprit partisan\u201d, a de\u0301clare\u0301 ce jeudi 21 mars, le candidat de Benno Bokk Yaakaar sur [&hellip;]\" \/>\n<meta property=\"og:url\" content=\"https:\/\/www.nettali.com\/2024\/03\/22\/en-coulisses-amadou-ba\u0302-pourrait-etre-un-president-dhonneur-du-parti\/\" \/>\n<meta property=\"og:site_name\" content=\"Nettali.com\" \/>\n<meta property=\"article:publisher\" content=\"https:\/\/www.facebook.com\/nettalicom\" \/>\n<meta property=\"article:published_time\" content=\"2024-03-22T06:16:16+00:00\" \/>\n<meta property=\"article:modified_time\" content=\"2024-03-23T06:20:43+00:00\" \/>\n<meta property=\"og:image\" content=\"https:\/\/www.nettali.com\/wp-content\/uploads\/2024\/03\/b26a67f_1707481541832-000-348r47u-1.jpg\" \/>\n\t<meta property=\"og:image:width\" content=\"664\" \/>\n\t<meta property=\"og:image:height\" content=\"443\" \/>\n<meta name=\"twitter:card\" content=\"summary_large_image\" \/>\n<meta name=\"twitter:label1\" content=\"\u00c9crit par\" \/>\n\t<meta name=\"twitter:data1\" content=\"CK\" \/>\n\t<meta name=\"twitter:label2\" content=\"Dur\u00e9e de lecture estim\u00e9e\" \/>\n\t<meta name=\"twitter:data2\" content=\"2 minutes\" \/>\n<script type=\"application\/ld+json\" class=\"yoast-schema-graph\">{\"@context\":\"https:\/\/schema.org\",\"@graph\":[{\"@type\":\"WebSite\",\"@id\":\"https:\/\/www.nettali.com\/#website\",\"url\":\"https:\/\/www.nettali.com\/\",\"name\":\"Nettali.com\",\"description\":\"Le rendez-vous critique du Net\",\"potentialAction\":[{\"@type\":\"SearchAction\",\"target\":{\"@type\":\"EntryPoint\",\"urlTemplate\":\"https:\/\/www.nettali.com\/?s={search_term_string}\"},\"query-input\":\"required name=search_term_string\"}],\"inLanguage\":\"fr-FR\"},{\"@type\":\"ImageObject\",\"@id\":\"https:\/\/www.nettali.com\/2024\/03\/22\/en-coulisses-amadou-ba%cc%82-pourrait-etre-un-president-dhonneur-du-parti\/#primaryimage\",\"inLanguage\":\"fr-FR\",\"url\":\"https:\/\/www.nettali.com\/wp-content\/uploads\/2024\/03\/b26a67f_1707481541832-000-348r47u-1.jpg\",\"contentUrl\":\"https:\/\/www.nettali.com\/wp-content\/uploads\/2024\/03\/b26a67f_1707481541832-000-348r47u-1.jpg\",\"width\":664,\"height\":443,\"caption\":\"Senegalese Prime Minister Amadou Ba speaks in Dakar on December 21, 2023 after he was named the ruling party's presidential candidate ahead of the February 2024 presidential election. (Photo by Seyllou \/ AFP)\"},{\"@type\":\"WebPage\",\"@id\":\"https:\/\/www.nettali.com\/2024\/03\/22\/en-coulisses-amadou-ba%cc%82-pourrait-etre-un-president-dhonneur-du-parti\/#webpage\",\"url\":\"https:\/\/www.nettali.com\/2024\/03\/22\/en-coulisses-amadou-ba%cc%82-pourrait-etre-un-president-dhonneur-du-parti\/\",\"name\":\"EN COULISSES - Amadou Ba\\u0302 pourrait \\u00eatre \\\"un pre\\u0301sident d'honneur du parti...\\\" | Nettali.com\",\"isPartOf\":{\"@id\":\"https:\/\/www.nettali.com\/#website\"},\"primaryImageOfPage\":{\"@id\":\"https:\/\/www.nettali.com\/2024\/03\/22\/en-coulisses-amadou-ba%cc%82-pourrait-etre-un-president-dhonneur-du-parti\/#primaryimage\"},\"datePublished\":\"2024-03-22T06:16:16+00:00\",\"dateModified\":\"2024-03-23T06:20:43+00:00\",\"author\":{\"@id\":\"https:\/\/www.nettali.com\/#\/schema\/person\/d8ac7b7e27ddad43f1c0d2ef090d7f71\"},\"breadcrumb\":{\"@id\":\"https:\/\/www.nettali.com\/2024\/03\/22\/en-coulisses-amadou-ba%cc%82-pourrait-etre-un-president-dhonneur-du-parti\/#breadcrumb\"},\"inLanguage\":\"fr-FR\",\"potentialAction\":[{\"@type\":\"ReadAction\",\"target\":[\"https:\/\/www.nettali.com\/2024\/03\/22\/en-coulisses-amadou-ba%cc%82-pourrait-etre-un-president-dhonneur-du-parti\/\"]}]},{\"@type\":\"BreadcrumbList\",\"@id\":\"https:\/\/www.nettali.com\/2024\/03\/22\/en-coulisses-amadou-ba%cc%82-pourrait-etre-un-president-dhonneur-du-parti\/#breadcrumb\",\"itemListElement\":[{\"@type\":\"ListItem\",\"position\":1,\"name\":\"Accueil\",\"item\":\"https:\/\/www.nettali.com\/\"},{\"@type\":\"ListItem\",\"position\":2,\"name\":\"EN COULISSES - Amadou Ba\\u0302 pourrait \\u00eatre \\\"un pre\\u0301sident d'honneur du parti...\\\"\"}]},{\"@type\":\"Person\",\"@id\":\"https:\/\/www.nettali.com\/#\/schema\/person\/d8ac7b7e27ddad43f1c0d2ef090d7f71\",\"name\":\"CK\",\"image\":{\"@type\":\"ImageObject\",\"@id\":\"https:\/\/www.nettali.com\/#personlogo\",\"inLanguage\":\"fr-FR\",\"url\":\"https:\/\/secure.gravatar.com\/avatar\/1d8d5118b9327d94da7cd4ce7f17fec2?s=96&d=mm&r=g\",\"contentUrl\":\"https:\/\/secure.gravatar.com\/avatar\/1d8d5118b9327d94da7cd4ce7f17fec2?s=96&d=mm&r=g\",\"caption\":\"CK\"},\"sameAs\":[\"https:\/\/www.nettali.com\"]}]}<\/script>\n<!-- \/ Yoast SEO Premium plugin. -->","yoast_head_json":{"title":"EN COULISSES - Amadou Ba\u0302 pourrait \u00eatre \"un pre\u0301sident d'honneur du parti...\" | Nettali.com","robots":{"index":"index","follow":"follow","max-snippet":"max-snippet:-1","max-image-preview":"max-image-preview:large","max-video-preview":"max-video-preview:-1"},"canonical":"https:\/\/www.nettali.com\/2024\/03\/22\/en-coulisses-amadou-ba\u0302-pourrait-etre-un-president-dhonneur-du-parti\/","og_locale":"fr_FR","og_type":"article","og_title":"EN COULISSES - Amadou Ba\u0302 pourrait \u00eatre \"un pre\u0301sident d'honneur du parti...\"","og_description":"NETTALI.COM - Amadou Ba\u0302, candidat de la majorite\u0301 sortante a\u0300 l\u2019e\u0301lection pre\u0301sidentielle de dimanche prochain, a promis, une fois e\u0301lu, de de\u0301tacher la fonction de pre\u0301sident de la Re\u0301publique de la position de chef de parti. \u201cUn gouvernement doit de\u0301passer l\u2019esprit partisan\u201d, a de\u0301clare\u0301 ce jeudi 21 mars, le candidat de Benno Bokk Yaakaar sur [&hellip;]","og_url":"https:\/\/www.nettali.com\/2024\/03\/22\/en-coulisses-amadou-ba\u0302-pourrait-etre-un-president-dhonneur-du-parti\/","og_site_name":"Nettali.com","article_publisher":"https:\/\/www.facebook.com\/nettalicom","article_published_time":"2024-03-22T06:16:16+00:00","article_modified_time":"2024-03-23T06:20:43+00:00","og_image":[{"width":664,"height":443,"url":"https:\/\/www.nettali.com\/wp-content\/uploads\/2024\/03\/b26a67f_1707481541832-000-348r47u-1.jpg","type":"image\/jpeg"}],"twitter_card":"summary_large_image","twitter_misc":{"\u00c9crit par":"CK","Dur\u00e9e de lecture estim\u00e9e":"2 minutes"},"schema":{"@context":"https:\/\/schema.org","@graph":[{"@type":"WebSite","@id":"https:\/\/www.nettali.com\/#website","url":"https:\/\/www.nettali.com\/","name":"Nettali.com","description":"Le rendez-vous critique du Net","potentialAction":[{"@type":"SearchAction","target":{"@type":"EntryPoint","urlTemplate":"https:\/\/www.nettali.com\/?s={search_term_string}"},"query-input":"required name=search_term_string"}],"inLanguage":"fr-FR"},{"@type":"ImageObject","@id":"https:\/\/www.nettali.com\/2024\/03\/22\/en-coulisses-amadou-ba%cc%82-pourrait-etre-un-president-dhonneur-du-parti\/#primaryimage","inLanguage":"fr-FR","url":"https:\/\/www.nettali.com\/wp-content\/uploads\/2024\/03\/b26a67f_1707481541832-000-348r47u-1.jpg","contentUrl":"https:\/\/www.nettali.com\/wp-content\/uploads\/2024\/03\/b26a67f_1707481541832-000-348r47u-1.jpg","width":664,"height":443,"caption":"Senegalese Prime Minister Amadou Ba speaks in Dakar on December 21, 2023 after he was named the ruling party's presidential candidate ahead of the February 2024 presidential election. (Photo by Seyllou \/ AFP)"},{"@type":"WebPage","@id":"https:\/\/www.nettali.com\/2024\/03\/22\/en-coulisses-amadou-ba%cc%82-pourrait-etre-un-president-dhonneur-du-parti\/#webpage","url":"https:\/\/www.nettali.com\/2024\/03\/22\/en-coulisses-amadou-ba%cc%82-pourrait-etre-un-president-dhonneur-du-parti\/","name":"EN COULISSES - Amadou Ba\u0302 pourrait \u00eatre \"un pre\u0301sident d'honneur du parti...\" | Nettali.com","isPartOf":{"@id":"https:\/\/www.nettali.com\/#website"},"primaryImageOfPage":{"@id":"https:\/\/www.nettali.com\/2024\/03\/22\/en-coulisses-amadou-ba%cc%82-pourrait-etre-un-president-dhonneur-du-parti\/#primaryimage"},"datePublished":"2024-03-22T06:16:16+00:00","dateModified":"2024-03-23T06:20:43+00:00","author":{"@id":"https:\/\/www.nettali.com\/#\/schema\/person\/d8ac7b7e27ddad43f1c0d2ef090d7f71"},"breadcrumb":{"@id":"https:\/\/www.nettali.com\/2024\/03\/22\/en-coulisses-amadou-ba%cc%82-pourrait-etre-un-president-dhonneur-du-parti\/#breadcrumb"},"inLanguage":"fr-FR","potentialAction":[{"@type":"ReadAction","target":["https:\/\/www.nettali.com\/2024\/03\/22\/en-coulisses-amadou-ba%cc%82-pourrait-etre-un-president-dhonneur-du-parti\/"]}]},{"@type":"BreadcrumbList","@id":"https:\/\/www.nettali.com\/2024\/03\/22\/en-coulisses-amadou-ba%cc%82-pourrait-etre-un-president-dhonneur-du-parti\/#breadcrumb","itemListElement":[{"@type":"ListItem","position":1,"name":"Accueil","item":"https:\/\/www.nettali.com\/"},{"@type":"ListItem","position":2,"name":"EN COULISSES - Amadou Ba\u0302 pourrait \u00eatre \"un pre\u0301sident d'honneur du parti...\""}]},{"@type":"Person","@id":"https:\/\/www.nettali.com\/#\/schema\/person\/d8ac7b7e27ddad43f1c0d2ef090d7f71","name":"CK","image":{"@type":"ImageObject","@id":"https:\/\/www.nettali.com\/#personlogo","inLanguage":"fr-FR","url":"https:\/\/secure.gravatar.com\/avatar\/1d8d5118b9327d94da7cd4ce7f17fec2?s=96&d=mm&r=g","contentUrl":"https:\/\/secure.gravatar.com\/avatar\/1d8d5118b9327d94da7cd4ce7f17fec2?s=96&d=mm&r=g","caption":"CK"},"sameAs":["https:\/\/www.nettali.com"]}]}},"_links":{"self":[{"href":"https:\/\/www.nettali.com\/rest\/wp\/v2\/posts\/130153"}],"collection":[{"href":"https:\/\/www.nettali.com\/rest\/wp\/v2\/posts"}],"about":[{"href":"https:\/\/www.nettali.com\/rest\/wp\/v2\/types\/post"}],"author":[{"embeddable":true,"href":"https:\/\/www.nettali.com\/rest\/wp\/v2\/users\/2"}],"replies":[{"embeddable":true,"href":"https:\/\/www.nettali.com\/rest\/wp\/v2\/comments?post=130153"}],"version-history":[{"count":1,"href":"https:\/\/www.nettali.com\/rest\/wp\/v2\/posts\/130153\/revisions"}],"predecessor-version":[{"id":130155,"href":"https:\/\/www.nettali.com\/rest\/wp\/v2\/posts\/130153\/revisions\/130155"}],"wp:featuredmedia":[{"embeddable":true,"href":"https:\/\/www.nettali.com\/rest\/wp\/v2\/media\/130154"}],"wp:attachment":[{"href":"https:\/\/www.nettali.com\/rest\/wp\/v2\/media?parent=130153"}],"wp:term":[{"taxonomy":"category","embeddable":true,"href":"https:\/\/www.nettali.com\/rest\/wp\/v2\/categories?post=130153"},{"taxonomy":"post_tag","embeddable":true,"href":"https:\/\/www.nettali.com\/rest\/wp\/v2\/tags?post=130153"}],"curies":[{"name":"wp","href":"https:\/\/api.w.org\/{rel}","templated":true}]}}