{"id":130129,"date":"2024-03-21T22:19:39","date_gmt":"2024-03-21T22:19:39","guid":{"rendered":"https:\/\/www.nettali.com\/?p=130129"},"modified":"2024-03-21T22:19:39","modified_gmt":"2024-03-21T22:19:39","slug":"necrologie-deces-de-mamadou-yatassaye-candidat-recale","status":"publish","type":"post","link":"https:\/\/www.nettali.com\/2024\/03\/21\/necrologie-deces-de-mamadou-yatassaye-candidat-recale\/","title":{"rendered":"NECROLOGIE - D\u00e9c\u00e8s de Mamadou Yatassaye, candidat recal\u00e9"},"content":{"rendered":"<p><strong>NETTALI.COM - La classe politique en deuil. A deux jours de la pr\u00e9sidentielle, Mamadou Yatassaye, dont la candidature avait \u00e9t\u00e9 invalid\u00e9e de par le Conseil constitutionnel, n'est plus. Son d\u00e9c\u00e8s a \u00e9t\u00e9 annonc\u00e9 en d\u00e9but de soir\u00e9e.\u00a0<\/strong><\/p>\n<p>Triste nouvelle \u00e0 quelques 48 heures de l'\u00e9lection pr\u00e9sidentielle. Mamadou Yatassaye est d\u00e9c\u00e9d\u00e9 ce jeudi. Un d\u00e9c\u00e8s confirm\u00e9 en d\u00e9but de soir\u00e9e par des membres de sa famille. Le d\u00e9funt nourrissait le r\u00eave de devenir pr\u00e9sident de la R\u00e9publique du S\u00e9n\u00e9gal. Mais sa candidature avait \u00e9t\u00e9 invalid\u00e9e par le Conseil constitutionnel. Ce qui l'avait pouss\u00e9 \u00e0 rejoindre la coalition de l'ancien Premier ministre Mouhammad Boun Abdallah Dionne.<\/p>\n<p>Mamadou Yatassaye est aussi tr\u00e8s connu dans le monde des entreprises. Il \u00e9tait administrateur g\u00e9n\u00e9ral de la marque d'eau min\u00e9rale Aquaterra.<\/p>\n<div class='share-to-whatsapp-wrapper'><div class='share-on-whsp'>PARTAGER SUR : <\/div><a data-text='NECROLOGIE - D\u00e9c\u00e8s de Mamadou Yatassaye, candidat recal\u00e9' data-link='https:\/\/www.nettali.com\/2024\/03\/21\/necrologie-deces-de-mamadou-yatassaye-candidat-recale\/' class='whatsapp-button whatsapp-share'>WhatsApp<\/a><div class='clear '><\/div><\/div>","protected":false},"excerpt":{"rendered":"<p>NETTALI.COM - La classe politique en deuil. A deux jours de la pr\u00e9sidentielle, Mamadou Yatassaye, dont la candidature avait \u00e9t\u00e9 invalid\u00e9e de par le Conseil constitutionnel, n'est plus. Son d\u00e9c\u00e8s a \u00e9t\u00e9 annonc\u00e9 en d\u00e9but de soir\u00e9e.\u00a0 Triste nouvelle \u00e0 quelques 48 heures de l'\u00e9lection pr\u00e9sidentielle. Mamadou Yatassaye est d\u00e9c\u00e9d\u00e9 ce jeudi. Un d\u00e9c\u00e8s confirm\u00e9 [&hellip;]<\/p>\n","protected":false},"author":3,"featured_media":130130,"comment_status":"open","ping_status":"open","sticky":false,"template":"","format":"standard","meta":{"_et_pb_use_builder":"","_et_pb_old_content":""},"categories":[3],"tags":[],"yoast_head":"<!-- This site is optimized with the Yoast SEO Premium plugin v17.8 (Yoast SEO v17.8) - https:\/\/yoast.com\/wordpress\/plugins\/seo\/ -->\n<title>NECROLOGIE - D\u00e9c\u00e8s de Mamadou Yatassaye, candidat recal\u00e9 | Nettali.com<\/title>\n<meta name=\"robots\" content=\"index, follow, max-snippet:-1, max-image-preview:large, max-video-preview:-1\" \/>\n<link rel=\"canonical\" href=\"https:\/\/www.nettali.com\/2024\/03\/21\/necrologie-deces-de-mamadou-yatassaye-candidat-recale\/\" \/>\n<meta property=\"og:locale\" content=\"fr_FR\" \/>\n<meta property=\"og:type\" content=\"article\" \/>\n<meta property=\"og:title\" content=\"NECROLOGIE - D\u00e9c\u00e8s de Mamadou Yatassaye, candidat recal\u00e9\" \/>\n<meta property=\"og:description\" content=\"NETTALI.COM - La classe politique en deuil. A deux jours de la pr\u00e9sidentielle, Mamadou Yatassaye, dont la candidature avait \u00e9t\u00e9 invalid\u00e9e de par le Conseil constitutionnel, n&#039;est plus. Son d\u00e9c\u00e8s a \u00e9t\u00e9 annonc\u00e9 en d\u00e9but de soir\u00e9e.\u00a0 Triste nouvelle \u00e0 quelques 48 heures de l&#039;\u00e9lection pr\u00e9sidentielle. Mamadou Yatassaye est d\u00e9c\u00e9d\u00e9 ce jeudi. Un d\u00e9c\u00e8s confirm\u00e9 [&hellip;]\" \/>\n<meta property=\"og:url\" content=\"https:\/\/www.nettali.com\/2024\/03\/21\/necrologie-deces-de-mamadou-yatassaye-candidat-recale\/\" \/>\n<meta property=\"og:site_name\" content=\"Nettali.com\" \/>\n<meta property=\"article:publisher\" content=\"https:\/\/www.facebook.com\/nettalicom\" \/>\n<meta property=\"article:published_time\" content=\"2024-03-21T22:19:39+00:00\" \/>\n<meta property=\"og:image\" content=\"https:\/\/www.nettali.com\/wp-content\/uploads\/2024\/03\/mamadou-yatassaye.jpg\" \/>\n\t<meta property=\"og:image:width\" content=\"1402\" \/>\n\t<meta property=\"og:image:height\" content=\"761\" \/>\n<meta name=\"twitter:card\" content=\"summary_large_image\" \/>\n<meta name=\"twitter:label1\" content=\"\u00c9crit par\" \/>\n\t<meta name=\"twitter:data1\" content=\"Moustapha\" \/>\n\t<meta name=\"twitter:label2\" content=\"Dur\u00e9e de lecture estim\u00e9e\" \/>\n\t<meta name=\"twitter:data2\" content=\"1 minute\" \/>\n<script type=\"application\/ld+json\" class=\"yoast-schema-graph\">{\"@context\":\"https:\/\/schema.org\",\"@graph\":[{\"@type\":\"WebSite\",\"@id\":\"https:\/\/www.nettali.com\/#website\",\"url\":\"https:\/\/www.nettali.com\/\",\"name\":\"Nettali.com\",\"description\":\"Le rendez-vous critique du Net\",\"potentialAction\":[{\"@type\":\"SearchAction\",\"target\":{\"@type\":\"EntryPoint\",\"urlTemplate\":\"https:\/\/www.nettali.com\/?s={search_term_string}\"},\"query-input\":\"required name=search_term_string\"}],\"inLanguage\":\"fr-FR\"},{\"@type\":\"ImageObject\",\"@id\":\"https:\/\/www.nettali.com\/2024\/03\/21\/necrologie-deces-de-mamadou-yatassaye-candidat-recale\/#primaryimage\",\"inLanguage\":\"fr-FR\",\"url\":\"https:\/\/www.nettali.com\/wp-content\/uploads\/2024\/03\/mamadou-yatassaye.jpg\",\"contentUrl\":\"https:\/\/www.nettali.com\/wp-content\/uploads\/2024\/03\/mamadou-yatassaye.jpg\",\"width\":1402,\"height\":761},{\"@type\":\"WebPage\",\"@id\":\"https:\/\/www.nettali.com\/2024\/03\/21\/necrologie-deces-de-mamadou-yatassaye-candidat-recale\/#webpage\",\"url\":\"https:\/\/www.nettali.com\/2024\/03\/21\/necrologie-deces-de-mamadou-yatassaye-candidat-recale\/\",\"name\":\"NECROLOGIE - D\\u00e9c\\u00e8s de Mamadou Yatassaye, candidat recal\\u00e9 | Nettali.com\",\"isPartOf\":{\"@id\":\"https:\/\/www.nettali.com\/#website\"},\"primaryImageOfPage\":{\"@id\":\"https:\/\/www.nettali.com\/2024\/03\/21\/necrologie-deces-de-mamadou-yatassaye-candidat-recale\/#primaryimage\"},\"datePublished\":\"2024-03-21T22:19:39+00:00\",\"dateModified\":\"2024-03-21T22:19:39+00:00\",\"author\":{\"@id\":\"https:\/\/www.nettali.com\/#\/schema\/person\/7962a12a6e0267f88f0ffa544c36469a\"},\"breadcrumb\":{\"@id\":\"https:\/\/www.nettali.com\/2024\/03\/21\/necrologie-deces-de-mamadou-yatassaye-candidat-recale\/#breadcrumb\"},\"inLanguage\":\"fr-FR\",\"potentialAction\":[{\"@type\":\"ReadAction\",\"target\":[\"https:\/\/www.nettali.com\/2024\/03\/21\/necrologie-deces-de-mamadou-yatassaye-candidat-recale\/\"]}]},{\"@type\":\"BreadcrumbList\",\"@id\":\"https:\/\/www.nettali.com\/2024\/03\/21\/necrologie-deces-de-mamadou-yatassaye-candidat-recale\/#breadcrumb\",\"itemListElement\":[{\"@type\":\"ListItem\",\"position\":1,\"name\":\"Accueil\",\"item\":\"https:\/\/www.nettali.com\/\"},{\"@type\":\"ListItem\",\"position\":2,\"name\":\"NECROLOGIE - D\\u00e9c\\u00e8s de Mamadou Yatassaye, candidat recal\\u00e9\"}]},{\"@type\":\"Person\",\"@id\":\"https:\/\/www.nettali.com\/#\/schema\/person\/7962a12a6e0267f88f0ffa544c36469a\",\"name\":\"Moustapha\",\"image\":{\"@type\":\"ImageObject\",\"@id\":\"https:\/\/www.nettali.com\/#personlogo\",\"inLanguage\":\"fr-FR\",\"url\":\"https:\/\/secure.gravatar.com\/avatar\/10fdf6a071cccdcf374e3dbe45159590?s=96&d=mm&r=g\",\"contentUrl\":\"https:\/\/secure.gravatar.com\/avatar\/10fdf6a071cccdcf374e3dbe45159590?s=96&d=mm&r=g\",\"caption\":\"Moustapha\"},\"sameAs\":[\"https:\/\/www.nettali.com\"]}]}<\/script>\n<!-- \/ Yoast SEO Premium plugin. -->","yoast_head_json":{"title":"NECROLOGIE - D\u00e9c\u00e8s de Mamadou Yatassaye, candidat recal\u00e9 | Nettali.com","robots":{"index":"index","follow":"follow","max-snippet":"max-snippet:-1","max-image-preview":"max-image-preview:large","max-video-preview":"max-video-preview:-1"},"canonical":"https:\/\/www.nettali.com\/2024\/03\/21\/necrologie-deces-de-mamadou-yatassaye-candidat-recale\/","og_locale":"fr_FR","og_type":"article","og_title":"NECROLOGIE - D\u00e9c\u00e8s de Mamadou Yatassaye, candidat recal\u00e9","og_description":"NETTALI.COM - La classe politique en deuil. A deux jours de la pr\u00e9sidentielle, Mamadou Yatassaye, dont la candidature avait \u00e9t\u00e9 invalid\u00e9e de par le Conseil constitutionnel, n'est plus. Son d\u00e9c\u00e8s a \u00e9t\u00e9 annonc\u00e9 en d\u00e9but de soir\u00e9e.\u00a0 Triste nouvelle \u00e0 quelques 48 heures de l'\u00e9lection pr\u00e9sidentielle. Mamadou Yatassaye est d\u00e9c\u00e9d\u00e9 ce jeudi. Un d\u00e9c\u00e8s confirm\u00e9 [&hellip;]","og_url":"https:\/\/www.nettali.com\/2024\/03\/21\/necrologie-deces-de-mamadou-yatassaye-candidat-recale\/","og_site_name":"Nettali.com","article_publisher":"https:\/\/www.facebook.com\/nettalicom","article_published_time":"2024-03-21T22:19:39+00:00","og_image":[{"width":1402,"height":761,"url":"https:\/\/www.nettali.com\/wp-content\/uploads\/2024\/03\/mamadou-yatassaye.jpg","type":"image\/jpeg"}],"twitter_card":"summary_large_image","twitter_misc":{"\u00c9crit par":"Moustapha","Dur\u00e9e de lecture estim\u00e9e":"1 minute"},"schema":{"@context":"https:\/\/schema.org","@graph":[{"@type":"WebSite","@id":"https:\/\/www.nettali.com\/#website","url":"https:\/\/www.nettali.com\/","name":"Nettali.com","description":"Le rendez-vous critique du Net","potentialAction":[{"@type":"SearchAction","target":{"@type":"EntryPoint","urlTemplate":"https:\/\/www.nettali.com\/?s={search_term_string}"},"query-input":"required name=search_term_string"}],"inLanguage":"fr-FR"},{"@type":"ImageObject","@id":"https:\/\/www.nettali.com\/2024\/03\/21\/necrologie-deces-de-mamadou-yatassaye-candidat-recale\/#primaryimage","inLanguage":"fr-FR","url":"https:\/\/www.nettali.com\/wp-content\/uploads\/2024\/03\/mamadou-yatassaye.jpg","contentUrl":"https:\/\/www.nettali.com\/wp-content\/uploads\/2024\/03\/mamadou-yatassaye.jpg","width":1402,"height":761},{"@type":"WebPage","@id":"https:\/\/www.nettali.com\/2024\/03\/21\/necrologie-deces-de-mamadou-yatassaye-candidat-recale\/#webpage","url":"https:\/\/www.nettali.com\/2024\/03\/21\/necrologie-deces-de-mamadou-yatassaye-candidat-recale\/","name":"NECROLOGIE - D\u00e9c\u00e8s de Mamadou Yatassaye, candidat recal\u00e9 | Nettali.com","isPartOf":{"@id":"https:\/\/www.nettali.com\/#website"},"primaryImageOfPage":{"@id":"https:\/\/www.nettali.com\/2024\/03\/21\/necrologie-deces-de-mamadou-yatassaye-candidat-recale\/#primaryimage"},"datePublished":"2024-03-21T22:19:39+00:00","dateModified":"2024-03-21T22:19:39+00:00","author":{"@id":"https:\/\/www.nettali.com\/#\/schema\/person\/7962a12a6e0267f88f0ffa544c36469a"},"breadcrumb":{"@id":"https:\/\/www.nettali.com\/2024\/03\/21\/necrologie-deces-de-mamadou-yatassaye-candidat-recale\/#breadcrumb"},"inLanguage":"fr-FR","potentialAction":[{"@type":"ReadAction","target":["https:\/\/www.nettali.com\/2024\/03\/21\/necrologie-deces-de-mamadou-yatassaye-candidat-recale\/"]}]},{"@type":"BreadcrumbList","@id":"https:\/\/www.nettali.com\/2024\/03\/21\/necrologie-deces-de-mamadou-yatassaye-candidat-recale\/#breadcrumb","itemListElement":[{"@type":"ListItem","position":1,"name":"Accueil","item":"https:\/\/www.nettali.com\/"},{"@type":"ListItem","position":2,"name":"NECROLOGIE - D\u00e9c\u00e8s de Mamadou Yatassaye, candidat recal\u00e9"}]},{"@type":"Person","@id":"https:\/\/www.nettali.com\/#\/schema\/person\/7962a12a6e0267f88f0ffa544c36469a","name":"Moustapha","image":{"@type":"ImageObject","@id":"https:\/\/www.nettali.com\/#personlogo","inLanguage":"fr-FR","url":"https:\/\/secure.gravatar.com\/avatar\/10fdf6a071cccdcf374e3dbe45159590?s=96&d=mm&r=g","contentUrl":"https:\/\/secure.gravatar.com\/avatar\/10fdf6a071cccdcf374e3dbe45159590?s=96&d=mm&r=g","caption":"Moustapha"},"sameAs":["https:\/\/www.nettali.com"]}]}},"_links":{"self":[{"href":"https:\/\/www.nettali.com\/rest\/wp\/v2\/posts\/130129"}],"collection":[{"href":"https:\/\/www.nettali.com\/rest\/wp\/v2\/posts"}],"about":[{"href":"https:\/\/www.nettali.com\/rest\/wp\/v2\/types\/post"}],"author":[{"embeddable":true,"href":"https:\/\/www.nettali.com\/rest\/wp\/v2\/users\/3"}],"replies":[{"embeddable":true,"href":"https:\/\/www.nettali.com\/rest\/wp\/v2\/comments?post=130129"}],"version-history":[{"count":1,"href":"https:\/\/www.nettali.com\/rest\/wp\/v2\/posts\/130129\/revisions"}],"predecessor-version":[{"id":130131,"href":"https:\/\/www.nettali.com\/rest\/wp\/v2\/posts\/130129\/revisions\/130131"}],"wp:featuredmedia":[{"embeddable":true,"href":"https:\/\/www.nettali.com\/rest\/wp\/v2\/media\/130130"}],"wp:attachment":[{"href":"https:\/\/www.nettali.com\/rest\/wp\/v2\/media?parent=130129"}],"wp:term":[{"taxonomy":"category","embeddable":true,"href":"https:\/\/www.nettali.com\/rest\/wp\/v2\/categories?post=130129"},{"taxonomy":"post_tag","embeddable":true,"href":"https:\/\/www.nettali.com\/rest\/wp\/v2\/tags?post=130129"}],"curies":[{"name":"wp","href":"https:\/\/api.w.org\/{rel}","templated":true}]}}