{"id":130106,"date":"2024-03-21T16:26:18","date_gmt":"2024-03-21T16:26:18","guid":{"rendered":"https:\/\/www.nettali.com\/?p=130106"},"modified":"2024-03-21T16:26:18","modified_gmt":"2024-03-21T16:26:18","slug":"malick-gakou-un-banlieusard-au-palais-par-babacar-papis-samba","status":"publish","type":"post","link":"https:\/\/www.nettali.com\/2024\/03\/21\/malick-gakou-un-banlieusard-au-palais-par-babacar-papis-samba\/","title":{"rendered":"Malick Gakou, un banlieusard au Palais ! (Par Babacar Papis Samba)"},"content":{"rendered":"<p><strong>CONTRIBUTION - Apr\u00e8s le campagnard L\u00e9opold Senghor, l'urbain Abdou Diouf, Abdoulaye Wade de K\u00e9b\u00e9mer et Macky Sall de Fatick, Malick Gakou sera-t-il le premier ressortissant de la banlieue \u00e0 acc\u00e9der \u00e0 la Magistrature supr\u00eame.<\/strong><\/p>\n<p>Malick Gakou a \u00e9t\u00e9 tr\u00e8s dynamique au sein de l'Alliance des forces du progr\u00e8s (AFP) o\u00f9 il a occup\u00e9 le poste de num\u00e9ro deux derri\u00e8re Moustapha Niasse.<\/p>\n<p>Le docteur en \u00e9conomie sera par la suite en rupture de ban avec ce Parti qui fait partie de la mouvance pr\u00e9sidentielle. Ce d\u00e9part a \u00e9t\u00e9 tr\u00e8s mal v\u00e9cu par Moustapha Niasse qui voyait en lui un camarade qui pouvait plus tard incarner l'avenir du parti.<\/p>\n<p>Mais h\u00e9las Malick Gackou qui pensait que l'heure \u00e9tait venue pour lui de jouer les premiers r\u00f4les dans ce pays \u00e9tait d\u00e9j\u00e0 parti.<\/p>\n<p>L'Alliance pour la R\u00e9publique (AFP) a \u00e9t\u00e9 un acteur majeur dans la chute du Pr\u00e9sident Abdou Diouf, la d\u00e9faite du Pr\u00e9sident Abdoulaye Wade et l'\u00e9lection du candidat Macky Sall \u00e0 la Pr\u00e9sidence de la R\u00e9publique.<\/p>\n<p>On peut alors penser que le leader de ce Parti Moustapha Niasse pouvait faire de Malick Gakou l'une des personnalit\u00e9s politiques les plus en vue dans ce pays, et pourquoi pas le 5\u00e8me Pr\u00e9sident du S\u00e9n\u00e9gal.<\/p>\n<p>Bref, au vu de son cursus politique et de ses diff\u00e9rentes actions dans le pays, on peut dire que Malick Gakou qui ne manque pas d'atouts a eu ses heures de gloire en politique. Il a \u00e9t\u00e9 t\u00eate de liste de de la coalition Benno Siggil S\u00e9n\u00e9gal \u00e0 Guediawaye et t\u00eate de liste de la r\u00e9gion de Dakar lors des Locales de 2009.<\/p>\n<p>Comme sa coalition \u00e9tait sortie vainqueur pour les deux listes Malick Gakou avait pr\u00e9f\u00e9r\u00e9 diriger le Conseil r\u00e9gional de Dakar \u00e0 la place de la Mairie de Gu\u00e9diawaye. En plus de sa grande implication au sein des coalitions Benno Siggil S\u00e9n\u00e9gal et Benno Bokk Yakkar \u00e0 Guediawaye, il a \u00e9t\u00e9 la pi\u00e8ce ma\u00eetresse dans la victoire de Ahmed A\u00efdara \u00e0 la Mairie de Guediawaye.<\/p>\n<p>Malick Gakou qui a \u00e9t\u00e9 tour \u00e0 tour num\u00e9ro deux de l'AFP, Pr\u00e9sident du Conseil r\u00e9gional de Dakar, ministre des sports, ministre du commerce, de l'industrie et du secteur informel est un d\u00e9cideur politique et faiseur de Maire, et il lui restera \u00e0 montrer qu'il peut \u00eatre Pr\u00e9sident ou \u00e0 d\u00e9faut faiseur de Pr\u00e9sident.<\/p>\n<p>Malick Gakou qui est un habitu\u00e9 des arcanes de la politique semble tr\u00e8s s\u00fbr de lui :\" <em>Macky Sall sait parfaitement que je le remplacerai \u00e0 la t\u00eate de l'\u00c9tat\u00a0du S\u00e9n\u00e9gal.<\/em>\" Alors quelle audace pour l'enfant de la banlieue, Malick Gakou.<\/p>\n<div class='share-to-whatsapp-wrapper'><div class='share-on-whsp'>PARTAGER SUR : <\/div><a data-text='Malick Gakou, un banlieusard au Palais ! (Par Babacar Papis Samba)' data-link='https:\/\/www.nettali.com\/2024\/03\/21\/malick-gakou-un-banlieusard-au-palais-par-babacar-papis-samba\/' class='whatsapp-button whatsapp-share'>WhatsApp<\/a><div class='clear '><\/div><\/div>","protected":false},"excerpt":{"rendered":"<p>CONTRIBUTION - Apr\u00e8s le campagnard L\u00e9opold Senghor, l'urbain Abdou Diouf, Abdoulaye Wade de K\u00e9b\u00e9mer et Macky Sall de Fatick, Malick Gakou sera-t-il le premier ressortissant de la banlieue \u00e0 acc\u00e9der \u00e0 la Magistrature supr\u00eame. Malick Gakou a \u00e9t\u00e9 tr\u00e8s dynamique au sein de l'Alliance des forces du progr\u00e8s (AFP) o\u00f9 il a occup\u00e9 le poste [&hellip;]<\/p>\n","protected":false},"author":5,"featured_media":130107,"comment_status":"open","ping_status":"open","sticky":false,"template":"","format":"standard","meta":{"_et_pb_use_builder":"","_et_pb_old_content":""},"categories":[23,34933],"tags":[],"yoast_head":"<!-- This site is optimized with the Yoast SEO Premium plugin v17.8 (Yoast SEO v17.8) - https:\/\/yoast.com\/wordpress\/plugins\/seo\/ -->\n<title>Malick Gakou, un banlieusard au Palais ! (Par Babacar Papis Samba) | Nettali.com<\/title>\n<meta name=\"robots\" content=\"index, follow, max-snippet:-1, max-image-preview:large, max-video-preview:-1\" \/>\n<link rel=\"canonical\" href=\"https:\/\/www.nettali.com\/2024\/03\/21\/malick-gakou-un-banlieusard-au-palais-par-babacar-papis-samba\/\" \/>\n<meta property=\"og:locale\" content=\"fr_FR\" \/>\n<meta property=\"og:type\" content=\"article\" \/>\n<meta property=\"og:title\" content=\"Malick Gakou, un banlieusard au Palais ! (Par Babacar Papis Samba)\" \/>\n<meta property=\"og:description\" content=\"CONTRIBUTION - Apr\u00e8s le campagnard L\u00e9opold Senghor, l&#039;urbain Abdou Diouf, Abdoulaye Wade de K\u00e9b\u00e9mer et Macky Sall de Fatick, Malick Gakou sera-t-il le premier ressortissant de la banlieue \u00e0 acc\u00e9der \u00e0 la Magistrature supr\u00eame. Malick Gakou a \u00e9t\u00e9 tr\u00e8s dynamique au sein de l&#039;Alliance des forces du progr\u00e8s (AFP) o\u00f9 il a occup\u00e9 le poste [&hellip;]\" \/>\n<meta property=\"og:url\" content=\"https:\/\/www.nettali.com\/2024\/03\/21\/malick-gakou-un-banlieusard-au-palais-par-babacar-papis-samba\/\" \/>\n<meta property=\"og:site_name\" content=\"Nettali.com\" \/>\n<meta property=\"article:publisher\" content=\"https:\/\/www.facebook.com\/nettalicom\" \/>\n<meta property=\"article:published_time\" content=\"2024-03-21T16:26:18+00:00\" \/>\n<meta property=\"og:image\" content=\"https:\/\/www.nettali.com\/wp-content\/uploads\/2024\/03\/9685802-15602643.jpg\" \/>\n\t<meta property=\"og:image:width\" content=\"960\" \/>\n\t<meta property=\"og:image:height\" content=\"577\" \/>\n<meta name=\"twitter:card\" content=\"summary_large_image\" \/>\n<meta name=\"twitter:label1\" content=\"\u00c9crit par\" \/>\n\t<meta name=\"twitter:data1\" content=\"Ibrahima\" \/>\n\t<meta name=\"twitter:label2\" content=\"Dur\u00e9e de lecture estim\u00e9e\" \/>\n\t<meta name=\"twitter:data2\" content=\"3 minutes\" \/>\n<script type=\"application\/ld+json\" class=\"yoast-schema-graph\">{\"@context\":\"https:\/\/schema.org\",\"@graph\":[{\"@type\":\"WebSite\",\"@id\":\"https:\/\/www.nettali.com\/#website\",\"url\":\"https:\/\/www.nettali.com\/\",\"name\":\"Nettali.com\",\"description\":\"Le rendez-vous critique du Net\",\"potentialAction\":[{\"@type\":\"SearchAction\",\"target\":{\"@type\":\"EntryPoint\",\"urlTemplate\":\"https:\/\/www.nettali.com\/?s={search_term_string}\"},\"query-input\":\"required name=search_term_string\"}],\"inLanguage\":\"fr-FR\"},{\"@type\":\"ImageObject\",\"@id\":\"https:\/\/www.nettali.com\/2024\/03\/21\/malick-gakou-un-banlieusard-au-palais-par-babacar-papis-samba\/#primaryimage\",\"inLanguage\":\"fr-FR\",\"url\":\"https:\/\/www.nettali.com\/wp-content\/uploads\/2024\/03\/9685802-15602643.jpg\",\"contentUrl\":\"https:\/\/www.nettali.com\/wp-content\/uploads\/2024\/03\/9685802-15602643.jpg\",\"width\":960,\"height\":577},{\"@type\":\"WebPage\",\"@id\":\"https:\/\/www.nettali.com\/2024\/03\/21\/malick-gakou-un-banlieusard-au-palais-par-babacar-papis-samba\/#webpage\",\"url\":\"https:\/\/www.nettali.com\/2024\/03\/21\/malick-gakou-un-banlieusard-au-palais-par-babacar-papis-samba\/\",\"name\":\"Malick Gakou, un banlieusard au Palais ! (Par Babacar Papis Samba) | Nettali.com\",\"isPartOf\":{\"@id\":\"https:\/\/www.nettali.com\/#website\"},\"primaryImageOfPage\":{\"@id\":\"https:\/\/www.nettali.com\/2024\/03\/21\/malick-gakou-un-banlieusard-au-palais-par-babacar-papis-samba\/#primaryimage\"},\"datePublished\":\"2024-03-21T16:26:18+00:00\",\"dateModified\":\"2024-03-21T16:26:18+00:00\",\"author\":{\"@id\":\"https:\/\/www.nettali.com\/#\/schema\/person\/bb147657c2986240405a608162b9bb23\"},\"breadcrumb\":{\"@id\":\"https:\/\/www.nettali.com\/2024\/03\/21\/malick-gakou-un-banlieusard-au-palais-par-babacar-papis-samba\/#breadcrumb\"},\"inLanguage\":\"fr-FR\",\"potentialAction\":[{\"@type\":\"ReadAction\",\"target\":[\"https:\/\/www.nettali.com\/2024\/03\/21\/malick-gakou-un-banlieusard-au-palais-par-babacar-papis-samba\/\"]}]},{\"@type\":\"BreadcrumbList\",\"@id\":\"https:\/\/www.nettali.com\/2024\/03\/21\/malick-gakou-un-banlieusard-au-palais-par-babacar-papis-samba\/#breadcrumb\",\"itemListElement\":[{\"@type\":\"ListItem\",\"position\":1,\"name\":\"Accueil\",\"item\":\"https:\/\/www.nettali.com\/\"},{\"@type\":\"ListItem\",\"position\":2,\"name\":\"Malick Gakou, un banlieusard au Palais ! (Par Babacar Papis Samba)\"}]},{\"@type\":\"Person\",\"@id\":\"https:\/\/www.nettali.com\/#\/schema\/person\/bb147657c2986240405a608162b9bb23\",\"name\":\"Ibrahima\",\"image\":{\"@type\":\"ImageObject\",\"@id\":\"https:\/\/www.nettali.com\/#personlogo\",\"inLanguage\":\"fr-FR\",\"url\":\"https:\/\/secure.gravatar.com\/avatar\/26a8a81f09f0dd7624c9d5c36c9ba3a2?s=96&d=mm&r=g\",\"contentUrl\":\"https:\/\/secure.gravatar.com\/avatar\/26a8a81f09f0dd7624c9d5c36c9ba3a2?s=96&d=mm&r=g\",\"caption\":\"Ibrahima\"},\"sameAs\":[\"https:\/\/www.nettali.com\"]}]}<\/script>\n<!-- \/ Yoast SEO Premium plugin. -->","yoast_head_json":{"title":"Malick Gakou, un banlieusard au Palais ! (Par Babacar Papis Samba) | Nettali.com","robots":{"index":"index","follow":"follow","max-snippet":"max-snippet:-1","max-image-preview":"max-image-preview:large","max-video-preview":"max-video-preview:-1"},"canonical":"https:\/\/www.nettali.com\/2024\/03\/21\/malick-gakou-un-banlieusard-au-palais-par-babacar-papis-samba\/","og_locale":"fr_FR","og_type":"article","og_title":"Malick Gakou, un banlieusard au Palais ! (Par Babacar Papis Samba)","og_description":"CONTRIBUTION - Apr\u00e8s le campagnard L\u00e9opold Senghor, l'urbain Abdou Diouf, Abdoulaye Wade de K\u00e9b\u00e9mer et Macky Sall de Fatick, Malick Gakou sera-t-il le premier ressortissant de la banlieue \u00e0 acc\u00e9der \u00e0 la Magistrature supr\u00eame. Malick Gakou a \u00e9t\u00e9 tr\u00e8s dynamique au sein de l'Alliance des forces du progr\u00e8s (AFP) o\u00f9 il a occup\u00e9 le poste [&hellip;]","og_url":"https:\/\/www.nettali.com\/2024\/03\/21\/malick-gakou-un-banlieusard-au-palais-par-babacar-papis-samba\/","og_site_name":"Nettali.com","article_publisher":"https:\/\/www.facebook.com\/nettalicom","article_published_time":"2024-03-21T16:26:18+00:00","og_image":[{"width":960,"height":577,"url":"https:\/\/www.nettali.com\/wp-content\/uploads\/2024\/03\/9685802-15602643.jpg","type":"image\/jpeg"}],"twitter_card":"summary_large_image","twitter_misc":{"\u00c9crit par":"Ibrahima","Dur\u00e9e de lecture estim\u00e9e":"3 minutes"},"schema":{"@context":"https:\/\/schema.org","@graph":[{"@type":"WebSite","@id":"https:\/\/www.nettali.com\/#website","url":"https:\/\/www.nettali.com\/","name":"Nettali.com","description":"Le rendez-vous critique du Net","potentialAction":[{"@type":"SearchAction","target":{"@type":"EntryPoint","urlTemplate":"https:\/\/www.nettali.com\/?s={search_term_string}"},"query-input":"required name=search_term_string"}],"inLanguage":"fr-FR"},{"@type":"ImageObject","@id":"https:\/\/www.nettali.com\/2024\/03\/21\/malick-gakou-un-banlieusard-au-palais-par-babacar-papis-samba\/#primaryimage","inLanguage":"fr-FR","url":"https:\/\/www.nettali.com\/wp-content\/uploads\/2024\/03\/9685802-15602643.jpg","contentUrl":"https:\/\/www.nettali.com\/wp-content\/uploads\/2024\/03\/9685802-15602643.jpg","width":960,"height":577},{"@type":"WebPage","@id":"https:\/\/www.nettali.com\/2024\/03\/21\/malick-gakou-un-banlieusard-au-palais-par-babacar-papis-samba\/#webpage","url":"https:\/\/www.nettali.com\/2024\/03\/21\/malick-gakou-un-banlieusard-au-palais-par-babacar-papis-samba\/","name":"Malick Gakou, un banlieusard au Palais ! (Par Babacar Papis Samba) | Nettali.com","isPartOf":{"@id":"https:\/\/www.nettali.com\/#website"},"primaryImageOfPage":{"@id":"https:\/\/www.nettali.com\/2024\/03\/21\/malick-gakou-un-banlieusard-au-palais-par-babacar-papis-samba\/#primaryimage"},"datePublished":"2024-03-21T16:26:18+00:00","dateModified":"2024-03-21T16:26:18+00:00","author":{"@id":"https:\/\/www.nettali.com\/#\/schema\/person\/bb147657c2986240405a608162b9bb23"},"breadcrumb":{"@id":"https:\/\/www.nettali.com\/2024\/03\/21\/malick-gakou-un-banlieusard-au-palais-par-babacar-papis-samba\/#breadcrumb"},"inLanguage":"fr-FR","potentialAction":[{"@type":"ReadAction","target":["https:\/\/www.nettali.com\/2024\/03\/21\/malick-gakou-un-banlieusard-au-palais-par-babacar-papis-samba\/"]}]},{"@type":"BreadcrumbList","@id":"https:\/\/www.nettali.com\/2024\/03\/21\/malick-gakou-un-banlieusard-au-palais-par-babacar-papis-samba\/#breadcrumb","itemListElement":[{"@type":"ListItem","position":1,"name":"Accueil","item":"https:\/\/www.nettali.com\/"},{"@type":"ListItem","position":2,"name":"Malick Gakou, un banlieusard au Palais ! (Par Babacar Papis Samba)"}]},{"@type":"Person","@id":"https:\/\/www.nettali.com\/#\/schema\/person\/bb147657c2986240405a608162b9bb23","name":"Ibrahima","image":{"@type":"ImageObject","@id":"https:\/\/www.nettali.com\/#personlogo","inLanguage":"fr-FR","url":"https:\/\/secure.gravatar.com\/avatar\/26a8a81f09f0dd7624c9d5c36c9ba3a2?s=96&d=mm&r=g","contentUrl":"https:\/\/secure.gravatar.com\/avatar\/26a8a81f09f0dd7624c9d5c36c9ba3a2?s=96&d=mm&r=g","caption":"Ibrahima"},"sameAs":["https:\/\/www.nettali.com"]}]}},"_links":{"self":[{"href":"https:\/\/www.nettali.com\/rest\/wp\/v2\/posts\/130106"}],"collection":[{"href":"https:\/\/www.nettali.com\/rest\/wp\/v2\/posts"}],"about":[{"href":"https:\/\/www.nettali.com\/rest\/wp\/v2\/types\/post"}],"author":[{"embeddable":true,"href":"https:\/\/www.nettali.com\/rest\/wp\/v2\/users\/5"}],"replies":[{"embeddable":true,"href":"https:\/\/www.nettali.com\/rest\/wp\/v2\/comments?post=130106"}],"version-history":[{"count":2,"href":"https:\/\/www.nettali.com\/rest\/wp\/v2\/posts\/130106\/revisions"}],"predecessor-version":[{"id":130109,"href":"https:\/\/www.nettali.com\/rest\/wp\/v2\/posts\/130106\/revisions\/130109"}],"wp:featuredmedia":[{"embeddable":true,"href":"https:\/\/www.nettali.com\/rest\/wp\/v2\/media\/130107"}],"wp:attachment":[{"href":"https:\/\/www.nettali.com\/rest\/wp\/v2\/media?parent=130106"}],"wp:term":[{"taxonomy":"category","embeddable":true,"href":"https:\/\/www.nettali.com\/rest\/wp\/v2\/categories?post=130106"},{"taxonomy":"post_tag","embeddable":true,"href":"https:\/\/www.nettali.com\/rest\/wp\/v2\/tags?post=130106"}],"curies":[{"name":"wp","href":"https:\/\/api.w.org\/{rel}","templated":true}]}}