{"id":130103,"date":"2024-03-21T16:26:54","date_gmt":"2024-03-21T16:26:54","guid":{"rendered":"https:\/\/www.nettali.com\/?p=130103"},"modified":"2024-03-21T16:26:54","modified_gmt":"2024-03-21T16:26:54","slug":"tchad-42-morts-dans-de-nouveaux-combats-entre-deux-communautes-dans-lest","status":"publish","type":"post","link":"https:\/\/www.nettali.com\/2024\/03\/21\/tchad-42-morts-dans-de-nouveaux-combats-entre-deux-communautes-dans-lest\/","title":{"rendered":"TCHAD - 42 morts dans de nouveaux combats entre deux communaut\u00e9s dans l'Est"},"content":{"rendered":"<p><strong>NETTALI.COM - Au moins 42 personnes ont \u00e9t\u00e9 tu\u00e9es dans des combats entre \"<em>deux communaut\u00e9s<\/em>\" dans l'est d\u00e9sertique du Tchad, a annonc\u00e9 jeudi le minist\u00e8re de la S\u00e9curit\u00e9 publique, dans une r\u00e9gion o\u00f9 s'affrontent r\u00e9guli\u00e8rement cultivateurs s\u00e9dentaires et \u00e9leveurs nomades, ou d'autres groupes, pour des conflits fonciers.<\/strong><\/p>\n<p>Ces affrontements, dont un communiqu\u00e9 du minist\u00e8re ne dit ni entre quels groupes exactement ni combien de temps ils ont dur\u00e9, ont aussi abouti \u00e0 \"<em>l'arrestation de 175 personnes directement sur la sc\u00e8ne de crime<\/em>\", o\u00f9 \"<em>une grande partie<\/em>\" du village de Tileguey, dans la province du Ouadda\u00ef, a \u00e9t\u00e9 \"<em>incendi\u00e9 par des hommes arm\u00e9s<\/em>\".<\/p>\n<p>\"<em>La situation est ma\u00eetris\u00e9e, mais je cherche \u00e0 r\u00e9concilier les diff\u00e9rentes parties<\/em>\", a assur\u00e9 dans un message t\u00e9l\u00e9phonique \u00e0 l'AFP le ministre de la S\u00e9curit\u00e9 publique, le g\u00e9n\u00e9ral Mahamat Charfadine Margui, qui se trouve sur place \u00e0 la t\u00eate d'une d\u00e9l\u00e9gation du gouvernement et de l'arm\u00e9e afin de \"<em>faire toute la lumi\u00e8re<\/em>\" sur ce nouveau drame.<\/p>\n<p>Ces genres d'affrontements tr\u00e8s meurtriers sont r\u00e9currents dans l'est et le sud de ce vaste pays semi-d\u00e9sertique du Sahel.<\/p>\n<p>Ils opposent le plus souvent \u00e9leveurs nomades arabes et cultivateurs autochtones s\u00e9dentaires, les premiers faisant passer ou pa\u00eetre leurs troupeaux dans les champs des seconds, ou bien des communaut\u00e9s locales qui se disputent la propri\u00e9t\u00e9 de certaines terres.<\/p>\n<p>AFP<\/p>\n<div class='share-to-whatsapp-wrapper'><div class='share-on-whsp'>PARTAGER SUR : <\/div><a data-text='TCHAD - 42 morts dans de nouveaux combats entre deux communaut\u00e9s dans l'Est' data-link='https:\/\/www.nettali.com\/2024\/03\/21\/tchad-42-morts-dans-de-nouveaux-combats-entre-deux-communautes-dans-lest\/' class='whatsapp-button whatsapp-share'>WhatsApp<\/a><div class='clear '><\/div><\/div>","protected":false},"excerpt":{"rendered":"<p>NETTALI.COM - Au moins 42 personnes ont \u00e9t\u00e9 tu\u00e9es dans des combats entre \"deux communaut\u00e9s\" dans l'est d\u00e9sertique du Tchad, a annonc\u00e9 jeudi le minist\u00e8re de la S\u00e9curit\u00e9 publique, dans une r\u00e9gion o\u00f9 s'affrontent r\u00e9guli\u00e8rement cultivateurs s\u00e9dentaires et \u00e9leveurs nomades, ou d'autres groupes, pour des conflits fonciers. Ces affrontements, dont un communiqu\u00e9 du minist\u00e8re ne [&hellip;]<\/p>\n","protected":false},"author":5,"featured_media":130104,"comment_status":"open","ping_status":"open","sticky":false,"template":"","format":"standard","meta":{"_et_pb_use_builder":"","_et_pb_old_content":""},"categories":[8],"tags":[],"yoast_head":"<!-- This site is optimized with the Yoast SEO Premium plugin v17.8 (Yoast SEO v17.8) - https:\/\/yoast.com\/wordpress\/plugins\/seo\/ -->\n<title>TCHAD - 42 morts dans de nouveaux combats entre deux communaut\u00e9s dans l&#039;Est | Nettali.com<\/title>\n<meta name=\"robots\" content=\"index, follow, max-snippet:-1, max-image-preview:large, max-video-preview:-1\" \/>\n<link rel=\"canonical\" href=\"https:\/\/www.nettali.com\/2024\/03\/21\/tchad-42-morts-dans-de-nouveaux-combats-entre-deux-communautes-dans-lest\/\" \/>\n<meta property=\"og:locale\" content=\"fr_FR\" \/>\n<meta property=\"og:type\" content=\"article\" \/>\n<meta property=\"og:title\" content=\"TCHAD - 42 morts dans de nouveaux combats entre deux communaut\u00e9s dans l&#039;Est\" \/>\n<meta property=\"og:description\" content=\"NETTALI.COM - Au moins 42 personnes ont \u00e9t\u00e9 tu\u00e9es dans des combats entre &quot;deux communaut\u00e9s&quot; dans l&#039;est d\u00e9sertique du Tchad, a annonc\u00e9 jeudi le minist\u00e8re de la S\u00e9curit\u00e9 publique, dans une r\u00e9gion o\u00f9 s&#039;affrontent r\u00e9guli\u00e8rement cultivateurs s\u00e9dentaires et \u00e9leveurs nomades, ou d&#039;autres groupes, pour des conflits fonciers. Ces affrontements, dont un communiqu\u00e9 du minist\u00e8re ne [&hellip;]\" \/>\n<meta property=\"og:url\" content=\"https:\/\/www.nettali.com\/2024\/03\/21\/tchad-42-morts-dans-de-nouveaux-combats-entre-deux-communautes-dans-lest\/\" \/>\n<meta property=\"og:site_name\" content=\"Nettali.com\" \/>\n<meta property=\"article:publisher\" content=\"https:\/\/www.facebook.com\/nettalicom\" \/>\n<meta property=\"article:published_time\" content=\"2024-03-21T16:26:54+00:00\" \/>\n<meta property=\"og:image\" content=\"https:\/\/www.nettali.com\/wp-content\/uploads\/2024\/03\/JS3J3U57DRGB5PD2ZVHCEHKOSU.jpeg\" \/>\n\t<meta property=\"og:image:width\" content=\"1216\" \/>\n\t<meta property=\"og:image:height\" content=\"684\" \/>\n<meta name=\"twitter:card\" content=\"summary_large_image\" \/>\n<meta name=\"twitter:label1\" content=\"\u00c9crit par\" \/>\n\t<meta name=\"twitter:data1\" content=\"Ibrahima\" \/>\n\t<meta name=\"twitter:label2\" content=\"Dur\u00e9e de lecture estim\u00e9e\" \/>\n\t<meta name=\"twitter:data2\" content=\"2 minutes\" \/>\n<script type=\"application\/ld+json\" class=\"yoast-schema-graph\">{\"@context\":\"https:\/\/schema.org\",\"@graph\":[{\"@type\":\"WebSite\",\"@id\":\"https:\/\/www.nettali.com\/#website\",\"url\":\"https:\/\/www.nettali.com\/\",\"name\":\"Nettali.com\",\"description\":\"Le rendez-vous critique du Net\",\"potentialAction\":[{\"@type\":\"SearchAction\",\"target\":{\"@type\":\"EntryPoint\",\"urlTemplate\":\"https:\/\/www.nettali.com\/?s={search_term_string}\"},\"query-input\":\"required name=search_term_string\"}],\"inLanguage\":\"fr-FR\"},{\"@type\":\"ImageObject\",\"@id\":\"https:\/\/www.nettali.com\/2024\/03\/21\/tchad-42-morts-dans-de-nouveaux-combats-entre-deux-communautes-dans-lest\/#primaryimage\",\"inLanguage\":\"fr-FR\",\"url\":\"https:\/\/www.nettali.com\/wp-content\/uploads\/2024\/03\/JS3J3U57DRGB5PD2ZVHCEHKOSU.jpeg\",\"contentUrl\":\"https:\/\/www.nettali.com\/wp-content\/uploads\/2024\/03\/JS3J3U57DRGB5PD2ZVHCEHKOSU.jpeg\",\"width\":1216,\"height\":684},{\"@type\":\"WebPage\",\"@id\":\"https:\/\/www.nettali.com\/2024\/03\/21\/tchad-42-morts-dans-de-nouveaux-combats-entre-deux-communautes-dans-lest\/#webpage\",\"url\":\"https:\/\/www.nettali.com\/2024\/03\/21\/tchad-42-morts-dans-de-nouveaux-combats-entre-deux-communautes-dans-lest\/\",\"name\":\"TCHAD - 42 morts dans de nouveaux combats entre deux communaut\\u00e9s dans l'Est | Nettali.com\",\"isPartOf\":{\"@id\":\"https:\/\/www.nettali.com\/#website\"},\"primaryImageOfPage\":{\"@id\":\"https:\/\/www.nettali.com\/2024\/03\/21\/tchad-42-morts-dans-de-nouveaux-combats-entre-deux-communautes-dans-lest\/#primaryimage\"},\"datePublished\":\"2024-03-21T16:26:54+00:00\",\"dateModified\":\"2024-03-21T16:26:54+00:00\",\"author\":{\"@id\":\"https:\/\/www.nettali.com\/#\/schema\/person\/bb147657c2986240405a608162b9bb23\"},\"breadcrumb\":{\"@id\":\"https:\/\/www.nettali.com\/2024\/03\/21\/tchad-42-morts-dans-de-nouveaux-combats-entre-deux-communautes-dans-lest\/#breadcrumb\"},\"inLanguage\":\"fr-FR\",\"potentialAction\":[{\"@type\":\"ReadAction\",\"target\":[\"https:\/\/www.nettali.com\/2024\/03\/21\/tchad-42-morts-dans-de-nouveaux-combats-entre-deux-communautes-dans-lest\/\"]}]},{\"@type\":\"BreadcrumbList\",\"@id\":\"https:\/\/www.nettali.com\/2024\/03\/21\/tchad-42-morts-dans-de-nouveaux-combats-entre-deux-communautes-dans-lest\/#breadcrumb\",\"itemListElement\":[{\"@type\":\"ListItem\",\"position\":1,\"name\":\"Accueil\",\"item\":\"https:\/\/www.nettali.com\/\"},{\"@type\":\"ListItem\",\"position\":2,\"name\":\"TCHAD - 42 morts dans de nouveaux combats entre deux communaut\\u00e9s dans l'Est\"}]},{\"@type\":\"Person\",\"@id\":\"https:\/\/www.nettali.com\/#\/schema\/person\/bb147657c2986240405a608162b9bb23\",\"name\":\"Ibrahima\",\"image\":{\"@type\":\"ImageObject\",\"@id\":\"https:\/\/www.nettali.com\/#personlogo\",\"inLanguage\":\"fr-FR\",\"url\":\"https:\/\/secure.gravatar.com\/avatar\/26a8a81f09f0dd7624c9d5c36c9ba3a2?s=96&d=mm&r=g\",\"contentUrl\":\"https:\/\/secure.gravatar.com\/avatar\/26a8a81f09f0dd7624c9d5c36c9ba3a2?s=96&d=mm&r=g\",\"caption\":\"Ibrahima\"},\"sameAs\":[\"https:\/\/www.nettali.com\"]}]}<\/script>\n<!-- \/ Yoast SEO Premium plugin. -->","yoast_head_json":{"title":"TCHAD - 42 morts dans de nouveaux combats entre deux communaut\u00e9s dans l'Est | Nettali.com","robots":{"index":"index","follow":"follow","max-snippet":"max-snippet:-1","max-image-preview":"max-image-preview:large","max-video-preview":"max-video-preview:-1"},"canonical":"https:\/\/www.nettali.com\/2024\/03\/21\/tchad-42-morts-dans-de-nouveaux-combats-entre-deux-communautes-dans-lest\/","og_locale":"fr_FR","og_type":"article","og_title":"TCHAD - 42 morts dans de nouveaux combats entre deux communaut\u00e9s dans l'Est","og_description":"NETTALI.COM - Au moins 42 personnes ont \u00e9t\u00e9 tu\u00e9es dans des combats entre \"deux communaut\u00e9s\" dans l'est d\u00e9sertique du Tchad, a annonc\u00e9 jeudi le minist\u00e8re de la S\u00e9curit\u00e9 publique, dans une r\u00e9gion o\u00f9 s'affrontent r\u00e9guli\u00e8rement cultivateurs s\u00e9dentaires et \u00e9leveurs nomades, ou d'autres groupes, pour des conflits fonciers. Ces affrontements, dont un communiqu\u00e9 du minist\u00e8re ne [&hellip;]","og_url":"https:\/\/www.nettali.com\/2024\/03\/21\/tchad-42-morts-dans-de-nouveaux-combats-entre-deux-communautes-dans-lest\/","og_site_name":"Nettali.com","article_publisher":"https:\/\/www.facebook.com\/nettalicom","article_published_time":"2024-03-21T16:26:54+00:00","og_image":[{"width":1216,"height":684,"url":"https:\/\/www.nettali.com\/wp-content\/uploads\/2024\/03\/JS3J3U57DRGB5PD2ZVHCEHKOSU.jpeg","type":"image\/jpeg"}],"twitter_card":"summary_large_image","twitter_misc":{"\u00c9crit par":"Ibrahima","Dur\u00e9e de lecture estim\u00e9e":"2 minutes"},"schema":{"@context":"https:\/\/schema.org","@graph":[{"@type":"WebSite","@id":"https:\/\/www.nettali.com\/#website","url":"https:\/\/www.nettali.com\/","name":"Nettali.com","description":"Le rendez-vous critique du Net","potentialAction":[{"@type":"SearchAction","target":{"@type":"EntryPoint","urlTemplate":"https:\/\/www.nettali.com\/?s={search_term_string}"},"query-input":"required name=search_term_string"}],"inLanguage":"fr-FR"},{"@type":"ImageObject","@id":"https:\/\/www.nettali.com\/2024\/03\/21\/tchad-42-morts-dans-de-nouveaux-combats-entre-deux-communautes-dans-lest\/#primaryimage","inLanguage":"fr-FR","url":"https:\/\/www.nettali.com\/wp-content\/uploads\/2024\/03\/JS3J3U57DRGB5PD2ZVHCEHKOSU.jpeg","contentUrl":"https:\/\/www.nettali.com\/wp-content\/uploads\/2024\/03\/JS3J3U57DRGB5PD2ZVHCEHKOSU.jpeg","width":1216,"height":684},{"@type":"WebPage","@id":"https:\/\/www.nettali.com\/2024\/03\/21\/tchad-42-morts-dans-de-nouveaux-combats-entre-deux-communautes-dans-lest\/#webpage","url":"https:\/\/www.nettali.com\/2024\/03\/21\/tchad-42-morts-dans-de-nouveaux-combats-entre-deux-communautes-dans-lest\/","name":"TCHAD - 42 morts dans de nouveaux combats entre deux communaut\u00e9s dans l'Est | Nettali.com","isPartOf":{"@id":"https:\/\/www.nettali.com\/#website"},"primaryImageOfPage":{"@id":"https:\/\/www.nettali.com\/2024\/03\/21\/tchad-42-morts-dans-de-nouveaux-combats-entre-deux-communautes-dans-lest\/#primaryimage"},"datePublished":"2024-03-21T16:26:54+00:00","dateModified":"2024-03-21T16:26:54+00:00","author":{"@id":"https:\/\/www.nettali.com\/#\/schema\/person\/bb147657c2986240405a608162b9bb23"},"breadcrumb":{"@id":"https:\/\/www.nettali.com\/2024\/03\/21\/tchad-42-morts-dans-de-nouveaux-combats-entre-deux-communautes-dans-lest\/#breadcrumb"},"inLanguage":"fr-FR","potentialAction":[{"@type":"ReadAction","target":["https:\/\/www.nettali.com\/2024\/03\/21\/tchad-42-morts-dans-de-nouveaux-combats-entre-deux-communautes-dans-lest\/"]}]},{"@type":"BreadcrumbList","@id":"https:\/\/www.nettali.com\/2024\/03\/21\/tchad-42-morts-dans-de-nouveaux-combats-entre-deux-communautes-dans-lest\/#breadcrumb","itemListElement":[{"@type":"ListItem","position":1,"name":"Accueil","item":"https:\/\/www.nettali.com\/"},{"@type":"ListItem","position":2,"name":"TCHAD - 42 morts dans de nouveaux combats entre deux communaut\u00e9s dans l'Est"}]},{"@type":"Person","@id":"https:\/\/www.nettali.com\/#\/schema\/person\/bb147657c2986240405a608162b9bb23","name":"Ibrahima","image":{"@type":"ImageObject","@id":"https:\/\/www.nettali.com\/#personlogo","inLanguage":"fr-FR","url":"https:\/\/secure.gravatar.com\/avatar\/26a8a81f09f0dd7624c9d5c36c9ba3a2?s=96&d=mm&r=g","contentUrl":"https:\/\/secure.gravatar.com\/avatar\/26a8a81f09f0dd7624c9d5c36c9ba3a2?s=96&d=mm&r=g","caption":"Ibrahima"},"sameAs":["https:\/\/www.nettali.com"]}]}},"_links":{"self":[{"href":"https:\/\/www.nettali.com\/rest\/wp\/v2\/posts\/130103"}],"collection":[{"href":"https:\/\/www.nettali.com\/rest\/wp\/v2\/posts"}],"about":[{"href":"https:\/\/www.nettali.com\/rest\/wp\/v2\/types\/post"}],"author":[{"embeddable":true,"href":"https:\/\/www.nettali.com\/rest\/wp\/v2\/users\/5"}],"replies":[{"embeddable":true,"href":"https:\/\/www.nettali.com\/rest\/wp\/v2\/comments?post=130103"}],"version-history":[{"count":1,"href":"https:\/\/www.nettali.com\/rest\/wp\/v2\/posts\/130103\/revisions"}],"predecessor-version":[{"id":130105,"href":"https:\/\/www.nettali.com\/rest\/wp\/v2\/posts\/130103\/revisions\/130105"}],"wp:featuredmedia":[{"embeddable":true,"href":"https:\/\/www.nettali.com\/rest\/wp\/v2\/media\/130104"}],"wp:attachment":[{"href":"https:\/\/www.nettali.com\/rest\/wp\/v2\/media?parent=130103"}],"wp:term":[{"taxonomy":"category","embeddable":true,"href":"https:\/\/www.nettali.com\/rest\/wp\/v2\/categories?post=130103"},{"taxonomy":"post_tag","embeddable":true,"href":"https:\/\/www.nettali.com\/rest\/wp\/v2\/tags?post=130103"}],"curies":[{"name":"wp","href":"https:\/\/api.w.org\/{rel}","templated":true}]}}