{"id":129864,"date":"2024-03-19T05:57:55","date_gmt":"2024-03-19T05:57:55","guid":{"rendered":"https:\/\/www.nettali.com\/?p=129864"},"modified":"2024-03-19T05:57:55","modified_gmt":"2024-03-19T05:57:55","slug":"lettre-ouverte-a-karim-wade","status":"publish","type":"post","link":"https:\/\/www.nettali.com\/2024\/03\/19\/lettre-ouverte-a-karim-wade\/","title":{"rendered":"Lettre ouverte \u00e0 Karim Wade"},"content":{"rendered":"<p>CONTRIBUTION -<\/p>\n<p>Mon cher Karim,<\/p>\n<p>&nbsp;<\/p>\n<p>Il y a 10 ans, au retour d'un meeting historique du Pds auquel tu as pris part, tu me confirmes que dor\u00e9navant ton engagement en politique \u00e9tait devenu un imp\u00e9ratif. Cela a \u00e9t\u00e9 d\u00e9terminant pour que je renonce \u00e0 ma retraite politique. Entre-temps, beaucoup d'eau a coul\u00e9 sous les ponts, mais cela ne emp\u00eache pas d\u2019assumer ma part de responsabilit\u00e9.<\/p>\n<p>Depuis, tu t'es r\u00e9solument attel\u00e9 \u00e0 entretenir l\u2019h\u00e9ritage que nous avons en commun. Ce choix t\u2019a plac\u00e9 au c\u0153ur d'enjeux importants pour l'avenir du Pds et du S\u00e9n\u00e9gal.<\/p>\n<p>En 2019, j'ai th\u00e9oris\u00e9, pr\u00e9sent\u00e9 et d\u00e9fendu ta candidature en d\u00e9pit des r\u00e9ticences de Me Wade. Alors qui plus que moi te voudrait du bien? Lorsque cette candidature n'a pas prosp\u00e9r\u00e9, tu as fait preuve de pers\u00e9v\u00e9rance et de d\u00e9termination pour revenir dans le jeu en 2024.<\/p>\n<p>Malheureusement, contre toute attente, le juge constitutionnel a estim\u00e9 que le renoncement \u00e0 ta nationalit\u00e9 fran\u00e7aise de naissance, ne pouvait servir \u00e0 la validation de ta candidature.<\/p>\n<p>Maintenant, apr\u00e8s avoir us\u00e9 toutes les voies de droit, il est temps de prendre une d\u00e9cision. Pour cela, j'ai foi en tes capacit\u00e9s de r\u00e9silience afin de perp\u00e9tuer le legs de Ma\u00eetre Abdoulaye Wade et de remplir ta mission dans la r\u00e9unification de la grande famille lib\u00e9rale.<\/p>\n<p>Dans un contexte politique marqu\u00e9 par l'\u00e9mergence de forces populistes et de fondamentalistes religieux manipulant les masses, il est crucial de maintenir l'unit\u00e9 et la coh\u00e9sion nationales en faisant jouer au Parti d\u00e9mocratique s\u00e9n\u00e9galais, son r\u00f4le historique.<\/p>\n<p>Pour la construction du S\u00e9n\u00e9gal, le Pr\u00e9sident Wade a sacrifi\u00e9 biens, vie de famille et pay\u00e9 de sa chair. Pr\u00e9curseur d'une opposition l\u00e9gale en Afrique, combattant des libert\u00e9s, de la d\u00e9mocratie et de l'Etat de droit, Me Wade nous a d\u00e9complex\u00e9s et pos\u00e9 les fondements de la construction d'un pays moderne.<\/p>\n<p>Apr\u00e8s son retrait, il a pr\u00e9dit que les lib\u00e9raux pouvaient rester au pouvoir pendant 50 ans, s'ils sont unis. Personne ne doit poser un acte qui pourrait compromettre ce v\u0153u du Ma\u00eetre.<\/p>\n<p>Son successeur et non moins h\u00e9ritier politique,\u00a0 le Pr\u00e9sident Macky Sall a poursuivi avec un bilan \u00e9logieux, l'\u0153uvre du Pr\u00e9sident Wade. Mais, en d\u00e9mocrate respectueux des valeurs de la R\u00e9publique et soucieux de la stabilit\u00e9 l\u00e9gendaire de notre cher pays, il a renonc\u00e9 \u00e0 se repr\u00e9senter pour respecter sa parole. Le 2 avril, il partira apr\u00e8s douze ans pass\u00e9s \u00e0 la t\u00eate du pays; ce qui lui a permis de mesurer les progr\u00e8s r\u00e9alis\u00e9s et d'appr\u00e9hender les grands d\u00e9fis de l'heure.<\/p>\n<p>Pour la continuit\u00e9 d'un tel dessein, le Pr\u00e9sident Macky Sall a propos\u00e9 Amadou Ba comme candidat de la Coalition Benno Bokk Yakaar pour achever les projets\u00a0 et conduire les r\u00e9formes indispensables qu'appelle la gouvernance actuelle.<\/p>\n<p>Cher Karim<\/p>\n<p>Malgr\u00e9 tous les efforts que tu as d\u00e9ploy\u00e9s, le destin a pris des tournures inattendues et a boulevers\u00e9 tous tes plans. C'est dans de tels moments que le\u00a0 v\u00e9ritable g\u00e9nie politique se r\u00e9v\u00e8le, mettant \u00e0 l'\u00e9preuve sa capacit\u00e9 d'adaptation et une ferme volont\u00e9 de rebondir quand tout semble perdu. La gestion de l'impr\u00e9vu et des circonstances, devient alors primordiale afin de poursuivre son chemin vers les objectifs fix\u00e9s.<\/p>\n<p>Car, l'engagement politique qui est un acte de foi et de courage, t\u2019oblige \u00e0 d\u00e9fendre les id\u00e9aux du lib\u00e9ralisme social et de faire avancer cette cause qui nous est commune, malgr\u00e9 les obstacles et les revers du destin.<\/p>\n<p>Cher Karim<\/p>\n<p>Les p\u00e9rip\u00e9ties de cette \u00e9lection ont fini d'attester de la volont\u00e9 du Pr\u00e9sident Macky Sall de te r\u00e9habiliter. Son soutien et les efforts qu'il a d\u00e9ploy\u00e9s pour faciliter l'acceptation de ta candidature t\u00e9moignent de son esprit d'ouverture et de r\u00e9conciliation face \u00e0 la complexit\u00e9 de la sc\u00e8ne politique actuelle. Il faut tenir compte de son d\u00e9sir ardent de te compter parmi les dignes continuateurs de la gestion lib\u00e9rale.<\/p>\n<p>Nul ne comprend mieux que toi, les v\u00e9ritables enjeux de cette pr\u00e9sidentielle et les alliances qui se dessinent sous des prismes divers. Celles-ci s'organisent pour s'attaquer \u00e0 l'\u0153uvre de Ma\u00eetre Abdoulaye Wade et tentent\u00a0 de l'effacer. Nous devons faire face.<\/p>\n<p>Alors mon cher fr\u00e8re, que faire ?<\/p>\n<p>A mon avis, le Pds n'a pas le choix. Le r\u00e9alisme politique recommande de soutenir le candidat lib\u00e9ral le mieux apte \u00e0 gagner. Or, votre fr\u00e8re, Macky Sall, pour pr\u00e9server les bases de l'\u0153uvre initi\u00e9e par votre p\u00e8re, a choisi Amadou Ba. En l'accompagnant, tu contribueras \u00e0 renforcer la stabilit\u00e9 politique du pays, \u00e0 pr\u00e9server les principes d\u00e9mocratiques et \u00e0 poursuivre les efforts de d\u00e9veloppement qui feront du S\u00e9n\u00e9gal un pays \u00e9mergent.<\/p>\n<p>Ton engagement personnel et ton leadership seront essentiels pour guider le PDS dans cette p\u00e9riode de transition et de renouveau dont il a besoin; mais surtout pour relever les d\u00e9fis qui l\u2019attendent. En travaillant en collaboration avec les diff\u00e9rentes forces de progr\u00e8s dans le cadre d'un Front r\u00e9publicain pour la constitution duquel je lance un appel, et en mettant en avant l'int\u00e9r\u00eat commun, tu pourras jouer un r\u00f4le d\u00e9terminant pour la victoire du camp r\u00e9publicain et, par voie de cons\u00e9quence, dans la construction d'un S\u00e9n\u00e9gal pour tous, paisible et prosp\u00e8re.<\/p>\n<p>Certes, les blessures sont profondes, mais tu ne dois pas en tenir compte. Le pardon n'est-il pas un trait de caract\u00e8re du croyant, de surcro\u00eet un disciple de Khadimul Rassul ? En effet, de retour d'exil o\u00f9 il a subi toutes sortes d\u2019exactions, Cheikh Ahmadou Bamba dit: \u201cJ\u2019ai pardonn\u00e9 \u00e0 tous mes ennemis pour la Face de Dieu\u2026\u201d. Alors, fais comme lui!<\/p>\n<p>Refuse l\u2019apathie inhibitrice et fuis la tentation d'une revanche contre-productive. Il y va de la survie de la famille lib\u00e9rale, fruit des entrailles de ton illustre p\u00e8re. Tu as encore le temps car une relative jeunesse te pr\u00e9dispose \u00e0 un avenir prometteur.<\/p>\n<p>Au sein de cette belle famille politique retrouv\u00e9e, tu ne seras pas d\u00e9pays\u00e9, car tu ne peux y fr\u00e9quenter que des fr\u00e8res et s\u0153urs desquels tu as \u00e9t\u00e9 momentan\u00e9ment s\u00e9par\u00e9s par les vicissitudes de la vie politique.<\/p>\n<p>Mon cher fr\u00e8re<\/p>\n<p>Donc, je t'encourage \u00e0 pers\u00e9v\u00e9rer dans la voie de la conqu\u00eate d\u00e9mocratique du pouvoir - l\u2019unique option du Pds - et \u00e0 rester fid\u00e8le aux valeurs qui nous ont \u00e9t\u00e9 transmises apr\u00e8s des d\u00e9cennies de compagnonnage et \u00e0 travailler pour le bien-\u00eatre de tous les S\u00e9n\u00e9galais qui attendent impatiemment ton retour maintes fois repouss\u00e9. N'entends pas les sir\u00e8nes du camp du populisme et du salafisme rampant. Reste lib\u00e9ral!<\/p>\n<p>Cr\u00e9\u00e9 en 1974, le Pds a 50 ans aujourd'hui: 20 ans d'opposition, 12 ans de pouvoir et 12 ans d'opposition encore. Il serait suicidaire\u00a0 de vouloir maintenir encore les militants dans l'opposition pour 10 autres longues ann\u00e9es.<\/p>\n<p>Ton engagement, ta vision pour l'avenir et l'espoir que tu repr\u00e9sentes pour une large frange de nos compatriotes peuvent faire la diff\u00e9rence dans la construction d'un S\u00e9n\u00e9gal d\u00e9mocratique paisible et prosp\u00e8re.<\/p>\n<p>Fais-toi violence, surmonte les ranc\u0153urs, oublie le mal qui\u00a0 t\u2019a \u00e9t\u00e9 fait et n\u2019aies comme point de mire que les int\u00e9r\u00eats sup\u00e9rieurs du S\u00e9n\u00e9gal que tu aimes plus que la patrie de ta m\u00e8re, Mme Viviane Wade. Tu l'as suffisamment prouv\u00e9 en renon\u00e7ant \u00e0 la nationalit\u00e9 fran\u00e7aise dans l'ultime objectif de servir le S\u00e9n\u00e9gal.<\/p>\n<p>Mon cher Karim,<\/p>\n<p>Rentre chez toi comme le fit le Pr\u00e9sident Wade en 1999, pour conduire les troupes qui te sont rest\u00e9es fid\u00e8les et qui piaffent de te voir jouer les premiers r\u00f4les.<\/p>\n<p>Avec Amadou B\u00e2, le candidat de notre famille politique, ton ami et proche collaborateur dans un pass\u00e9 r\u00e9cent, la t\u00e2che sera plus ais\u00e9e.<\/p>\n<p>Je r\u00eave de cette sc\u00e8ne d\u2019osmose o\u00f9 lib\u00e9raux et d\u00e9mocrates, dans un \u00e9lan r\u00e9publicain, sous la conduite de Macky Sall, Amadou Ba et Karim Wade, main dans la main, les bras lev\u00e9s, entonnant le chant de la victoire, lors du meeting de cl\u00f4ture le vendredi 22 mars \u00e0 Dakar.<\/p>\n<p>Ensemble, tous unis pour le m\u00eame but, le d\u00e9fi est \u00e0 notre port\u00e9e.<\/p>\n<p><strong>Babacar Gaye<\/strong><\/p>\n<p><strong>Leader du Mouvement pour l'Unit\u00e9, la Concorde et le Civisme\/Mankoo MUCC<\/strong><\/p>\n<div class='share-to-whatsapp-wrapper'><div class='share-on-whsp'>PARTAGER SUR : <\/div><a data-text='Lettre ouverte \u00e0 Karim Wade' data-link='https:\/\/www.nettali.com\/2024\/03\/19\/lettre-ouverte-a-karim-wade\/' class='whatsapp-button whatsapp-share'>WhatsApp<\/a><div class='clear '><\/div><\/div>","protected":false},"excerpt":{"rendered":"<p>CONTRIBUTION - Mon cher Karim, &nbsp; Il y a 10 ans, au retour d'un meeting historique du Pds auquel tu as pris part, tu me confirmes que dor\u00e9navant ton engagement en politique \u00e9tait devenu un imp\u00e9ratif. Cela a \u00e9t\u00e9 d\u00e9terminant pour que je renonce \u00e0 ma retraite politique. Entre-temps, beaucoup d'eau a coul\u00e9 sous les [&hellip;]<\/p>\n","protected":false},"author":2,"featured_media":129865,"comment_status":"open","ping_status":"open","sticky":false,"template":"","format":"standard","meta":{"_et_pb_use_builder":"","_et_pb_old_content":""},"categories":[2],"tags":[],"yoast_head":"<!-- This site is optimized with the Yoast SEO Premium plugin v17.8 (Yoast SEO v17.8) - https:\/\/yoast.com\/wordpress\/plugins\/seo\/ -->\n<title>Lettre ouverte \u00e0 Karim Wade | Nettali.com<\/title>\n<meta name=\"robots\" content=\"index, follow, max-snippet:-1, max-image-preview:large, max-video-preview:-1\" \/>\n<link rel=\"canonical\" href=\"https:\/\/www.nettali.com\/2024\/03\/19\/lettre-ouverte-a-karim-wade\/\" \/>\n<meta property=\"og:locale\" content=\"fr_FR\" \/>\n<meta property=\"og:type\" content=\"article\" \/>\n<meta property=\"og:title\" content=\"Lettre ouverte \u00e0 Karim Wade\" \/>\n<meta property=\"og:description\" content=\"CONTRIBUTION - Mon cher Karim, &nbsp; Il y a 10 ans, au retour d&#039;un meeting historique du Pds auquel tu as pris part, tu me confirmes que dor\u00e9navant ton engagement en politique \u00e9tait devenu un imp\u00e9ratif. Cela a \u00e9t\u00e9 d\u00e9terminant pour que je renonce \u00e0 ma retraite politique. Entre-temps, beaucoup d&#039;eau a coul\u00e9 sous les [&hellip;]\" \/>\n<meta property=\"og:url\" content=\"https:\/\/www.nettali.com\/2024\/03\/19\/lettre-ouverte-a-karim-wade\/\" \/>\n<meta property=\"og:site_name\" content=\"Nettali.com\" \/>\n<meta property=\"article:publisher\" content=\"https:\/\/www.facebook.com\/nettalicom\" \/>\n<meta property=\"article:published_time\" content=\"2024-03-19T05:57:55+00:00\" \/>\n<meta property=\"og:image\" content=\"https:\/\/www.nettali.com\/wp-content\/uploads\/2024\/03\/c3a41be611a207d5c44ce74f91aca5db947da969.jpg\" \/>\n\t<meta property=\"og:image:width\" content=\"612\" \/>\n\t<meta property=\"og:image:height\" content=\"298\" \/>\n<meta name=\"twitter:card\" content=\"summary_large_image\" \/>\n<meta name=\"twitter:label1\" content=\"\u00c9crit par\" \/>\n\t<meta name=\"twitter:data1\" content=\"CK\" \/>\n\t<meta name=\"twitter:label2\" content=\"Dur\u00e9e de lecture estim\u00e9e\" \/>\n\t<meta name=\"twitter:data2\" content=\"7 minutes\" \/>\n<script type=\"application\/ld+json\" class=\"yoast-schema-graph\">{\"@context\":\"https:\/\/schema.org\",\"@graph\":[{\"@type\":\"WebSite\",\"@id\":\"https:\/\/www.nettali.com\/#website\",\"url\":\"https:\/\/www.nettali.com\/\",\"name\":\"Nettali.com\",\"description\":\"Le rendez-vous critique du Net\",\"potentialAction\":[{\"@type\":\"SearchAction\",\"target\":{\"@type\":\"EntryPoint\",\"urlTemplate\":\"https:\/\/www.nettali.com\/?s={search_term_string}\"},\"query-input\":\"required name=search_term_string\"}],\"inLanguage\":\"fr-FR\"},{\"@type\":\"ImageObject\",\"@id\":\"https:\/\/www.nettali.com\/2024\/03\/19\/lettre-ouverte-a-karim-wade\/#primaryimage\",\"inLanguage\":\"fr-FR\",\"url\":\"https:\/\/www.nettali.com\/wp-content\/uploads\/2024\/03\/c3a41be611a207d5c44ce74f91aca5db947da969.jpg\",\"contentUrl\":\"https:\/\/www.nettali.com\/wp-content\/uploads\/2024\/03\/c3a41be611a207d5c44ce74f91aca5db947da969.jpg\",\"width\":612,\"height\":298},{\"@type\":\"WebPage\",\"@id\":\"https:\/\/www.nettali.com\/2024\/03\/19\/lettre-ouverte-a-karim-wade\/#webpage\",\"url\":\"https:\/\/www.nettali.com\/2024\/03\/19\/lettre-ouverte-a-karim-wade\/\",\"name\":\"Lettre ouverte \\u00e0 Karim Wade | Nettali.com\",\"isPartOf\":{\"@id\":\"https:\/\/www.nettali.com\/#website\"},\"primaryImageOfPage\":{\"@id\":\"https:\/\/www.nettali.com\/2024\/03\/19\/lettre-ouverte-a-karim-wade\/#primaryimage\"},\"datePublished\":\"2024-03-19T05:57:55+00:00\",\"dateModified\":\"2024-03-19T05:57:55+00:00\",\"author\":{\"@id\":\"https:\/\/www.nettali.com\/#\/schema\/person\/d8ac7b7e27ddad43f1c0d2ef090d7f71\"},\"breadcrumb\":{\"@id\":\"https:\/\/www.nettali.com\/2024\/03\/19\/lettre-ouverte-a-karim-wade\/#breadcrumb\"},\"inLanguage\":\"fr-FR\",\"potentialAction\":[{\"@type\":\"ReadAction\",\"target\":[\"https:\/\/www.nettali.com\/2024\/03\/19\/lettre-ouverte-a-karim-wade\/\"]}]},{\"@type\":\"BreadcrumbList\",\"@id\":\"https:\/\/www.nettali.com\/2024\/03\/19\/lettre-ouverte-a-karim-wade\/#breadcrumb\",\"itemListElement\":[{\"@type\":\"ListItem\",\"position\":1,\"name\":\"Accueil\",\"item\":\"https:\/\/www.nettali.com\/\"},{\"@type\":\"ListItem\",\"position\":2,\"name\":\"Lettre ouverte \\u00e0 Karim Wade\"}]},{\"@type\":\"Person\",\"@id\":\"https:\/\/www.nettali.com\/#\/schema\/person\/d8ac7b7e27ddad43f1c0d2ef090d7f71\",\"name\":\"CK\",\"image\":{\"@type\":\"ImageObject\",\"@id\":\"https:\/\/www.nettali.com\/#personlogo\",\"inLanguage\":\"fr-FR\",\"url\":\"https:\/\/secure.gravatar.com\/avatar\/1d8d5118b9327d94da7cd4ce7f17fec2?s=96&d=mm&r=g\",\"contentUrl\":\"https:\/\/secure.gravatar.com\/avatar\/1d8d5118b9327d94da7cd4ce7f17fec2?s=96&d=mm&r=g\",\"caption\":\"CK\"},\"sameAs\":[\"https:\/\/www.nettali.com\"]}]}<\/script>\n<!-- \/ Yoast SEO Premium plugin. -->","yoast_head_json":{"title":"Lettre ouverte \u00e0 Karim Wade | Nettali.com","robots":{"index":"index","follow":"follow","max-snippet":"max-snippet:-1","max-image-preview":"max-image-preview:large","max-video-preview":"max-video-preview:-1"},"canonical":"https:\/\/www.nettali.com\/2024\/03\/19\/lettre-ouverte-a-karim-wade\/","og_locale":"fr_FR","og_type":"article","og_title":"Lettre ouverte \u00e0 Karim Wade","og_description":"CONTRIBUTION - Mon cher Karim, &nbsp; Il y a 10 ans, au retour d'un meeting historique du Pds auquel tu as pris part, tu me confirmes que dor\u00e9navant ton engagement en politique \u00e9tait devenu un imp\u00e9ratif. Cela a \u00e9t\u00e9 d\u00e9terminant pour que je renonce \u00e0 ma retraite politique. Entre-temps, beaucoup d'eau a coul\u00e9 sous les [&hellip;]","og_url":"https:\/\/www.nettali.com\/2024\/03\/19\/lettre-ouverte-a-karim-wade\/","og_site_name":"Nettali.com","article_publisher":"https:\/\/www.facebook.com\/nettalicom","article_published_time":"2024-03-19T05:57:55+00:00","og_image":[{"width":612,"height":298,"url":"https:\/\/www.nettali.com\/wp-content\/uploads\/2024\/03\/c3a41be611a207d5c44ce74f91aca5db947da969.jpg","type":"image\/jpeg"}],"twitter_card":"summary_large_image","twitter_misc":{"\u00c9crit par":"CK","Dur\u00e9e de lecture estim\u00e9e":"7 minutes"},"schema":{"@context":"https:\/\/schema.org","@graph":[{"@type":"WebSite","@id":"https:\/\/www.nettali.com\/#website","url":"https:\/\/www.nettali.com\/","name":"Nettali.com","description":"Le rendez-vous critique du Net","potentialAction":[{"@type":"SearchAction","target":{"@type":"EntryPoint","urlTemplate":"https:\/\/www.nettali.com\/?s={search_term_string}"},"query-input":"required name=search_term_string"}],"inLanguage":"fr-FR"},{"@type":"ImageObject","@id":"https:\/\/www.nettali.com\/2024\/03\/19\/lettre-ouverte-a-karim-wade\/#primaryimage","inLanguage":"fr-FR","url":"https:\/\/www.nettali.com\/wp-content\/uploads\/2024\/03\/c3a41be611a207d5c44ce74f91aca5db947da969.jpg","contentUrl":"https:\/\/www.nettali.com\/wp-content\/uploads\/2024\/03\/c3a41be611a207d5c44ce74f91aca5db947da969.jpg","width":612,"height":298},{"@type":"WebPage","@id":"https:\/\/www.nettali.com\/2024\/03\/19\/lettre-ouverte-a-karim-wade\/#webpage","url":"https:\/\/www.nettali.com\/2024\/03\/19\/lettre-ouverte-a-karim-wade\/","name":"Lettre ouverte \u00e0 Karim Wade | Nettali.com","isPartOf":{"@id":"https:\/\/www.nettali.com\/#website"},"primaryImageOfPage":{"@id":"https:\/\/www.nettali.com\/2024\/03\/19\/lettre-ouverte-a-karim-wade\/#primaryimage"},"datePublished":"2024-03-19T05:57:55+00:00","dateModified":"2024-03-19T05:57:55+00:00","author":{"@id":"https:\/\/www.nettali.com\/#\/schema\/person\/d8ac7b7e27ddad43f1c0d2ef090d7f71"},"breadcrumb":{"@id":"https:\/\/www.nettali.com\/2024\/03\/19\/lettre-ouverte-a-karim-wade\/#breadcrumb"},"inLanguage":"fr-FR","potentialAction":[{"@type":"ReadAction","target":["https:\/\/www.nettali.com\/2024\/03\/19\/lettre-ouverte-a-karim-wade\/"]}]},{"@type":"BreadcrumbList","@id":"https:\/\/www.nettali.com\/2024\/03\/19\/lettre-ouverte-a-karim-wade\/#breadcrumb","itemListElement":[{"@type":"ListItem","position":1,"name":"Accueil","item":"https:\/\/www.nettali.com\/"},{"@type":"ListItem","position":2,"name":"Lettre ouverte \u00e0 Karim Wade"}]},{"@type":"Person","@id":"https:\/\/www.nettali.com\/#\/schema\/person\/d8ac7b7e27ddad43f1c0d2ef090d7f71","name":"CK","image":{"@type":"ImageObject","@id":"https:\/\/www.nettali.com\/#personlogo","inLanguage":"fr-FR","url":"https:\/\/secure.gravatar.com\/avatar\/1d8d5118b9327d94da7cd4ce7f17fec2?s=96&d=mm&r=g","contentUrl":"https:\/\/secure.gravatar.com\/avatar\/1d8d5118b9327d94da7cd4ce7f17fec2?s=96&d=mm&r=g","caption":"CK"},"sameAs":["https:\/\/www.nettali.com"]}]}},"_links":{"self":[{"href":"https:\/\/www.nettali.com\/rest\/wp\/v2\/posts\/129864"}],"collection":[{"href":"https:\/\/www.nettali.com\/rest\/wp\/v2\/posts"}],"about":[{"href":"https:\/\/www.nettali.com\/rest\/wp\/v2\/types\/post"}],"author":[{"embeddable":true,"href":"https:\/\/www.nettali.com\/rest\/wp\/v2\/users\/2"}],"replies":[{"embeddable":true,"href":"https:\/\/www.nettali.com\/rest\/wp\/v2\/comments?post=129864"}],"version-history":[{"count":1,"href":"https:\/\/www.nettali.com\/rest\/wp\/v2\/posts\/129864\/revisions"}],"predecessor-version":[{"id":129866,"href":"https:\/\/www.nettali.com\/rest\/wp\/v2\/posts\/129864\/revisions\/129866"}],"wp:featuredmedia":[{"embeddable":true,"href":"https:\/\/www.nettali.com\/rest\/wp\/v2\/media\/129865"}],"wp:attachment":[{"href":"https:\/\/www.nettali.com\/rest\/wp\/v2\/media?parent=129864"}],"wp:term":[{"taxonomy":"category","embeddable":true,"href":"https:\/\/www.nettali.com\/rest\/wp\/v2\/categories?post=129864"},{"taxonomy":"post_tag","embeddable":true,"href":"https:\/\/www.nettali.com\/rest\/wp\/v2\/tags?post=129864"}],"curies":[{"name":"wp","href":"https:\/\/api.w.org\/{rel}","templated":true}]}}