{"id":129852,"date":"2024-03-18T23:49:20","date_gmt":"2024-03-18T23:49:20","guid":{"rendered":"https:\/\/www.nettali.com\/?p=129852"},"modified":"2024-03-18T23:49:20","modified_gmt":"2024-03-18T23:49:20","slug":"traitement-de-communiques-des-candidats-le-cored-rappelle-a-lordre-la-presse","status":"publish","type":"post","link":"https:\/\/www.nettali.com\/2024\/03\/18\/traitement-de-communiques-des-candidats-le-cored-rappelle-a-lordre-la-presse\/","title":{"rendered":"TRAITEMENT DE COMMUNIQU\u00c9S DES CANDIDATS - Le CORED rappelle \u00e0 l'ordre la presse"},"content":{"rendered":"<p><strong>NETTALI.COM.COM - La reprise int\u00e9grale des communiqu\u00e9s de presse des candidats \u00e0 la Pr\u00e9sidentielle snas traitement professionnel intrigue le Conseil pour l'Observation des R\u00e8gles d'Ethique et de D\u00e9ontologie dans les m\u00e9dias (CORED). Des pratiques que le Tribunal des Pairs juge \"<em>en porte-\u00e0-faux avec l'\u00e9thique et la d\u00e9ontologie journalistiques car relevant du plagiat et de la malhonn\u00eatet\u00e9 intellectuelle formellement interdits par l'Article 10 de la Charte des Journalistes du S\u00e9n\u00e9gal<\/em>\". <\/strong><\/p>\n<p>En effet, le CORED dans son monitoring de la premi\u00e8re semaine de campagne \u00e9lectorale soutient que \"<em>les m\u00e9dias ont couvert les 19 candidats, mais des efforts restent \u00e0 faire pour \u00eatre les plus \u00e9quilibr\u00e9s possible. En effet, certains candidats ont \u00e9t\u00e9 laiss\u00e9s en rade<\/em>\", peut-on lire dans le communiqu\u00e9.<\/p>\n<p>Le CORED exhorte les journalistes \u00e0 toujours \"<em>rester professionnels, \u00e0 faire de l'autor\u00e9gulation par l'\u00e9thique et la d\u00e9ontologie. Aussi les invite-il \u00e0 faire preuve de responsabilit\u00e9 en \u00e9quilibrant les d\u00e9bats relatifs aux offres politiques afin de permettre aux citoyennes et aux citoyens de faire librement leur choix. Cela gr\u00e2ce \u00e0 une couverture m\u00e9diatique exacte, impartiale et \u00e9quilibr\u00e9e, ayant toujours \u00e0 l'esprit que tous les candidats sont d'\u00e9gale dignit\u00e9<\/em>.\"<\/p>\n<p>Tout en rappellant que \"<em>l'Article 65 du Code de la presse dispose que les professionnels des m\u00e9dias doivent \"veiller au respect de la propri\u00e9t\u00e9 intellectuelle et citer les sources d'informations dont ils font usage<\/em>\".<\/p>\n<div class='share-to-whatsapp-wrapper'><div class='share-on-whsp'>PARTAGER SUR : <\/div><a data-text='TRAITEMENT DE COMMUNIQU\u00c9S DES CANDIDATS - Le CORED rappelle \u00e0 l'ordre la presse' data-link='https:\/\/www.nettali.com\/2024\/03\/18\/traitement-de-communiques-des-candidats-le-cored-rappelle-a-lordre-la-presse\/' class='whatsapp-button whatsapp-share'>WhatsApp<\/a><div class='clear '><\/div><\/div>","protected":false},"excerpt":{"rendered":"<p>NETTALI.COM.COM - La reprise int\u00e9grale des communiqu\u00e9s de presse des candidats \u00e0 la Pr\u00e9sidentielle snas traitement professionnel intrigue le Conseil pour l'Observation des R\u00e8gles d'Ethique et de D\u00e9ontologie dans les m\u00e9dias (CORED). Des pratiques que le Tribunal des Pairs juge \"en porte-\u00e0-faux avec l'\u00e9thique et la d\u00e9ontologie journalistiques car relevant du plagiat et de la [&hellip;]<\/p>\n","protected":false},"author":5,"featured_media":129853,"comment_status":"open","ping_status":"open","sticky":false,"template":"","format":"standard","meta":{"_et_pb_use_builder":"","_et_pb_old_content":""},"categories":[2],"tags":[],"yoast_head":"<!-- This site is optimized with the Yoast SEO Premium plugin v17.8 (Yoast SEO v17.8) - https:\/\/yoast.com\/wordpress\/plugins\/seo\/ -->\n<title>TRAITEMENT DE COMMUNIQU\u00c9S DES CANDIDATS - Le CORED rappelle \u00e0 l&#039;ordre la presse | Nettali.com<\/title>\n<meta name=\"robots\" content=\"index, follow, max-snippet:-1, max-image-preview:large, max-video-preview:-1\" \/>\n<link rel=\"canonical\" href=\"https:\/\/www.nettali.com\/2024\/03\/18\/traitement-de-communiques-des-candidats-le-cored-rappelle-a-lordre-la-presse\/\" \/>\n<meta property=\"og:locale\" content=\"fr_FR\" \/>\n<meta property=\"og:type\" content=\"article\" \/>\n<meta property=\"og:title\" content=\"TRAITEMENT DE COMMUNIQU\u00c9S DES CANDIDATS - Le CORED rappelle \u00e0 l&#039;ordre la presse\" \/>\n<meta property=\"og:description\" content=\"NETTALI.COM.COM - La reprise int\u00e9grale des communiqu\u00e9s de presse des candidats \u00e0 la Pr\u00e9sidentielle snas traitement professionnel intrigue le Conseil pour l&#039;Observation des R\u00e8gles d&#039;Ethique et de D\u00e9ontologie dans les m\u00e9dias (CORED). Des pratiques que le Tribunal des Pairs juge &quot;en porte-\u00e0-faux avec l&#039;\u00e9thique et la d\u00e9ontologie journalistiques car relevant du plagiat et de la [&hellip;]\" \/>\n<meta property=\"og:url\" content=\"https:\/\/www.nettali.com\/2024\/03\/18\/traitement-de-communiques-des-candidats-le-cored-rappelle-a-lordre-la-presse\/\" \/>\n<meta property=\"og:site_name\" content=\"Nettali.com\" \/>\n<meta property=\"article:publisher\" content=\"https:\/\/www.facebook.com\/nettalicom\" \/>\n<meta property=\"article:published_time\" content=\"2024-03-18T23:49:20+00:00\" \/>\n<meta property=\"og:image\" content=\"https:\/\/www.nettali.com\/wp-content\/uploads\/2024\/03\/Presse-1.jpg\" \/>\n\t<meta property=\"og:image:width\" content=\"500\" \/>\n\t<meta property=\"og:image:height\" content=\"328\" \/>\n<meta name=\"twitter:card\" content=\"summary_large_image\" \/>\n<meta name=\"twitter:label1\" content=\"\u00c9crit par\" \/>\n\t<meta name=\"twitter:data1\" content=\"Ibrahima\" \/>\n\t<meta name=\"twitter:label2\" content=\"Dur\u00e9e de lecture estim\u00e9e\" \/>\n\t<meta name=\"twitter:data2\" content=\"2 minutes\" \/>\n<script type=\"application\/ld+json\" class=\"yoast-schema-graph\">{\"@context\":\"https:\/\/schema.org\",\"@graph\":[{\"@type\":\"WebSite\",\"@id\":\"https:\/\/www.nettali.com\/#website\",\"url\":\"https:\/\/www.nettali.com\/\",\"name\":\"Nettali.com\",\"description\":\"Le rendez-vous critique du Net\",\"potentialAction\":[{\"@type\":\"SearchAction\",\"target\":{\"@type\":\"EntryPoint\",\"urlTemplate\":\"https:\/\/www.nettali.com\/?s={search_term_string}\"},\"query-input\":\"required name=search_term_string\"}],\"inLanguage\":\"fr-FR\"},{\"@type\":\"ImageObject\",\"@id\":\"https:\/\/www.nettali.com\/2024\/03\/18\/traitement-de-communiques-des-candidats-le-cored-rappelle-a-lordre-la-presse\/#primaryimage\",\"inLanguage\":\"fr-FR\",\"url\":\"https:\/\/www.nettali.com\/wp-content\/uploads\/2024\/03\/Presse-1.jpg\",\"contentUrl\":\"https:\/\/www.nettali.com\/wp-content\/uploads\/2024\/03\/Presse-1.jpg\",\"width\":500,\"height\":328},{\"@type\":\"WebPage\",\"@id\":\"https:\/\/www.nettali.com\/2024\/03\/18\/traitement-de-communiques-des-candidats-le-cored-rappelle-a-lordre-la-presse\/#webpage\",\"url\":\"https:\/\/www.nettali.com\/2024\/03\/18\/traitement-de-communiques-des-candidats-le-cored-rappelle-a-lordre-la-presse\/\",\"name\":\"TRAITEMENT DE COMMUNIQU\\u00c9S DES CANDIDATS - Le CORED rappelle \\u00e0 l'ordre la presse | Nettali.com\",\"isPartOf\":{\"@id\":\"https:\/\/www.nettali.com\/#website\"},\"primaryImageOfPage\":{\"@id\":\"https:\/\/www.nettali.com\/2024\/03\/18\/traitement-de-communiques-des-candidats-le-cored-rappelle-a-lordre-la-presse\/#primaryimage\"},\"datePublished\":\"2024-03-18T23:49:20+00:00\",\"dateModified\":\"2024-03-18T23:49:20+00:00\",\"author\":{\"@id\":\"https:\/\/www.nettali.com\/#\/schema\/person\/bb147657c2986240405a608162b9bb23\"},\"breadcrumb\":{\"@id\":\"https:\/\/www.nettali.com\/2024\/03\/18\/traitement-de-communiques-des-candidats-le-cored-rappelle-a-lordre-la-presse\/#breadcrumb\"},\"inLanguage\":\"fr-FR\",\"potentialAction\":[{\"@type\":\"ReadAction\",\"target\":[\"https:\/\/www.nettali.com\/2024\/03\/18\/traitement-de-communiques-des-candidats-le-cored-rappelle-a-lordre-la-presse\/\"]}]},{\"@type\":\"BreadcrumbList\",\"@id\":\"https:\/\/www.nettali.com\/2024\/03\/18\/traitement-de-communiques-des-candidats-le-cored-rappelle-a-lordre-la-presse\/#breadcrumb\",\"itemListElement\":[{\"@type\":\"ListItem\",\"position\":1,\"name\":\"Accueil\",\"item\":\"https:\/\/www.nettali.com\/\"},{\"@type\":\"ListItem\",\"position\":2,\"name\":\"TRAITEMENT DE COMMUNIQU\\u00c9S DES CANDIDATS - Le CORED rappelle \\u00e0 l'ordre la presse\"}]},{\"@type\":\"Person\",\"@id\":\"https:\/\/www.nettali.com\/#\/schema\/person\/bb147657c2986240405a608162b9bb23\",\"name\":\"Ibrahima\",\"image\":{\"@type\":\"ImageObject\",\"@id\":\"https:\/\/www.nettali.com\/#personlogo\",\"inLanguage\":\"fr-FR\",\"url\":\"https:\/\/secure.gravatar.com\/avatar\/26a8a81f09f0dd7624c9d5c36c9ba3a2?s=96&d=mm&r=g\",\"contentUrl\":\"https:\/\/secure.gravatar.com\/avatar\/26a8a81f09f0dd7624c9d5c36c9ba3a2?s=96&d=mm&r=g\",\"caption\":\"Ibrahima\"},\"sameAs\":[\"https:\/\/www.nettali.com\"]}]}<\/script>\n<!-- \/ Yoast SEO Premium plugin. -->","yoast_head_json":{"title":"TRAITEMENT DE COMMUNIQU\u00c9S DES CANDIDATS - Le CORED rappelle \u00e0 l'ordre la presse | Nettali.com","robots":{"index":"index","follow":"follow","max-snippet":"max-snippet:-1","max-image-preview":"max-image-preview:large","max-video-preview":"max-video-preview:-1"},"canonical":"https:\/\/www.nettali.com\/2024\/03\/18\/traitement-de-communiques-des-candidats-le-cored-rappelle-a-lordre-la-presse\/","og_locale":"fr_FR","og_type":"article","og_title":"TRAITEMENT DE COMMUNIQU\u00c9S DES CANDIDATS - Le CORED rappelle \u00e0 l'ordre la presse","og_description":"NETTALI.COM.COM - La reprise int\u00e9grale des communiqu\u00e9s de presse des candidats \u00e0 la Pr\u00e9sidentielle snas traitement professionnel intrigue le Conseil pour l'Observation des R\u00e8gles d'Ethique et de D\u00e9ontologie dans les m\u00e9dias (CORED). Des pratiques que le Tribunal des Pairs juge \"en porte-\u00e0-faux avec l'\u00e9thique et la d\u00e9ontologie journalistiques car relevant du plagiat et de la [&hellip;]","og_url":"https:\/\/www.nettali.com\/2024\/03\/18\/traitement-de-communiques-des-candidats-le-cored-rappelle-a-lordre-la-presse\/","og_site_name":"Nettali.com","article_publisher":"https:\/\/www.facebook.com\/nettalicom","article_published_time":"2024-03-18T23:49:20+00:00","og_image":[{"width":500,"height":328,"url":"https:\/\/www.nettali.com\/wp-content\/uploads\/2024\/03\/Presse-1.jpg","type":"image\/jpeg"}],"twitter_card":"summary_large_image","twitter_misc":{"\u00c9crit par":"Ibrahima","Dur\u00e9e de lecture estim\u00e9e":"2 minutes"},"schema":{"@context":"https:\/\/schema.org","@graph":[{"@type":"WebSite","@id":"https:\/\/www.nettali.com\/#website","url":"https:\/\/www.nettali.com\/","name":"Nettali.com","description":"Le rendez-vous critique du Net","potentialAction":[{"@type":"SearchAction","target":{"@type":"EntryPoint","urlTemplate":"https:\/\/www.nettali.com\/?s={search_term_string}"},"query-input":"required name=search_term_string"}],"inLanguage":"fr-FR"},{"@type":"ImageObject","@id":"https:\/\/www.nettali.com\/2024\/03\/18\/traitement-de-communiques-des-candidats-le-cored-rappelle-a-lordre-la-presse\/#primaryimage","inLanguage":"fr-FR","url":"https:\/\/www.nettali.com\/wp-content\/uploads\/2024\/03\/Presse-1.jpg","contentUrl":"https:\/\/www.nettali.com\/wp-content\/uploads\/2024\/03\/Presse-1.jpg","width":500,"height":328},{"@type":"WebPage","@id":"https:\/\/www.nettali.com\/2024\/03\/18\/traitement-de-communiques-des-candidats-le-cored-rappelle-a-lordre-la-presse\/#webpage","url":"https:\/\/www.nettali.com\/2024\/03\/18\/traitement-de-communiques-des-candidats-le-cored-rappelle-a-lordre-la-presse\/","name":"TRAITEMENT DE COMMUNIQU\u00c9S DES CANDIDATS - Le CORED rappelle \u00e0 l'ordre la presse | Nettali.com","isPartOf":{"@id":"https:\/\/www.nettali.com\/#website"},"primaryImageOfPage":{"@id":"https:\/\/www.nettali.com\/2024\/03\/18\/traitement-de-communiques-des-candidats-le-cored-rappelle-a-lordre-la-presse\/#primaryimage"},"datePublished":"2024-03-18T23:49:20+00:00","dateModified":"2024-03-18T23:49:20+00:00","author":{"@id":"https:\/\/www.nettali.com\/#\/schema\/person\/bb147657c2986240405a608162b9bb23"},"breadcrumb":{"@id":"https:\/\/www.nettali.com\/2024\/03\/18\/traitement-de-communiques-des-candidats-le-cored-rappelle-a-lordre-la-presse\/#breadcrumb"},"inLanguage":"fr-FR","potentialAction":[{"@type":"ReadAction","target":["https:\/\/www.nettali.com\/2024\/03\/18\/traitement-de-communiques-des-candidats-le-cored-rappelle-a-lordre-la-presse\/"]}]},{"@type":"BreadcrumbList","@id":"https:\/\/www.nettali.com\/2024\/03\/18\/traitement-de-communiques-des-candidats-le-cored-rappelle-a-lordre-la-presse\/#breadcrumb","itemListElement":[{"@type":"ListItem","position":1,"name":"Accueil","item":"https:\/\/www.nettali.com\/"},{"@type":"ListItem","position":2,"name":"TRAITEMENT DE COMMUNIQU\u00c9S DES CANDIDATS - Le CORED rappelle \u00e0 l'ordre la presse"}]},{"@type":"Person","@id":"https:\/\/www.nettali.com\/#\/schema\/person\/bb147657c2986240405a608162b9bb23","name":"Ibrahima","image":{"@type":"ImageObject","@id":"https:\/\/www.nettali.com\/#personlogo","inLanguage":"fr-FR","url":"https:\/\/secure.gravatar.com\/avatar\/26a8a81f09f0dd7624c9d5c36c9ba3a2?s=96&d=mm&r=g","contentUrl":"https:\/\/secure.gravatar.com\/avatar\/26a8a81f09f0dd7624c9d5c36c9ba3a2?s=96&d=mm&r=g","caption":"Ibrahima"},"sameAs":["https:\/\/www.nettali.com"]}]}},"_links":{"self":[{"href":"https:\/\/www.nettali.com\/rest\/wp\/v2\/posts\/129852"}],"collection":[{"href":"https:\/\/www.nettali.com\/rest\/wp\/v2\/posts"}],"about":[{"href":"https:\/\/www.nettali.com\/rest\/wp\/v2\/types\/post"}],"author":[{"embeddable":true,"href":"https:\/\/www.nettali.com\/rest\/wp\/v2\/users\/5"}],"replies":[{"embeddable":true,"href":"https:\/\/www.nettali.com\/rest\/wp\/v2\/comments?post=129852"}],"version-history":[{"count":1,"href":"https:\/\/www.nettali.com\/rest\/wp\/v2\/posts\/129852\/revisions"}],"predecessor-version":[{"id":129854,"href":"https:\/\/www.nettali.com\/rest\/wp\/v2\/posts\/129852\/revisions\/129854"}],"wp:featuredmedia":[{"embeddable":true,"href":"https:\/\/www.nettali.com\/rest\/wp\/v2\/media\/129853"}],"wp:attachment":[{"href":"https:\/\/www.nettali.com\/rest\/wp\/v2\/media?parent=129852"}],"wp:term":[{"taxonomy":"category","embeddable":true,"href":"https:\/\/www.nettali.com\/rest\/wp\/v2\/categories?post=129852"},{"taxonomy":"post_tag","embeddable":true,"href":"https:\/\/www.nettali.com\/rest\/wp\/v2\/tags?post=129852"}],"curies":[{"name":"wp","href":"https:\/\/api.w.org\/{rel}","templated":true}]}}