{"id":129849,"date":"2024-03-18T17:31:05","date_gmt":"2024-03-18T17:31:05","guid":{"rendered":"https:\/\/www.nettali.com\/?p=129849"},"modified":"2024-03-18T17:31:05","modified_gmt":"2024-03-18T17:31:05","slug":"presidentielle-karim-wade-remobilise-ses-troupes","status":"publish","type":"post","link":"https:\/\/www.nettali.com\/2024\/03\/18\/presidentielle-karim-wade-remobilise-ses-troupes\/","title":{"rendered":"PRESIDENTIELLE - Karim Wade remobilise ses troupes"},"content":{"rendered":"<p class=\"summary_label\"><strong>NETTALI.COM - Karim Wade veut remobiliser les troupes. Dans un message qui a \u00e9t\u00e9 adress\u00e9 \u00e0 ses partisans, il leur demande de rester mobilis\u00e9s pour la suite du combat.<\/strong><\/p>\n<div id=\"printable\" class=\"text_body\">\n<p>Aphone depuis quelques temps, Karim Wade vient de reprendre la parole. Le fils de l\u2019ancien pr\u00e9sident\u00a0 a tenu \u00e0 adresser un message aux militants, aux sympathisants du Parti d\u00e9mocratique s\u00e9n\u00e9galais (Pds) et aux membres de sa coalition K24, ainsi qu'aux\u00a0 alli\u00e9s.<\/p>\n<p>Les remerciant pour leur soutien ind\u00e9fectible, il leur demande, cependant, \u00abde rester mobilis\u00e9s pour la suite du combat\u00bb, qui sera d\u00e9termin\u00e9e en rapport avec leur Secr\u00e9taire G\u00e9n\u00e9ral National, Ma\u00eetre Abdoulaye Wade.<\/p>\n<p>Un message qui intervient trois jours apr\u00e8s la d\u00e9cision de la Cour supr\u00eame qui a d\u00e9clar\u00e9 irrecevable le recours du Pds et de ses alli\u00e9s du Fdpei. Un recours qui attaquait le d\u00e9cret de convocation du coll\u00e8ge \u00e9lectoral pour faire annuler l\u2019actuel processus devant mener au scrutin de dimanche prochain.<\/p>\n<\/div>\n<div class='share-to-whatsapp-wrapper'><div class='share-on-whsp'>PARTAGER SUR : <\/div><a data-text='PRESIDENTIELLE - Karim Wade remobilise ses troupes' data-link='https:\/\/www.nettali.com\/2024\/03\/18\/presidentielle-karim-wade-remobilise-ses-troupes\/' class='whatsapp-button whatsapp-share'>WhatsApp<\/a><div class='clear '><\/div><\/div>","protected":false},"excerpt":{"rendered":"<p>NETTALI.COM - Karim Wade veut remobiliser les troupes. Dans un message qui a \u00e9t\u00e9 adress\u00e9 \u00e0 ses partisans, il leur demande de rester mobilis\u00e9s pour la suite du combat. Aphone depuis quelques temps, Karim Wade vient de reprendre la parole. Le fils de l\u2019ancien pr\u00e9sident\u00a0 a tenu \u00e0 adresser un message aux militants, aux sympathisants [&hellip;]<\/p>\n","protected":false},"author":4,"featured_media":129004,"comment_status":"open","ping_status":"open","sticky":false,"template":"","format":"standard","meta":{"_et_pb_use_builder":"","_et_pb_old_content":""},"categories":[2],"tags":[],"yoast_head":"<!-- This site is optimized with the Yoast SEO Premium plugin v17.8 (Yoast SEO v17.8) - https:\/\/yoast.com\/wordpress\/plugins\/seo\/ -->\n<title>PRESIDENTIELLE - Karim Wade remobilise ses troupes | Nettali.com<\/title>\n<meta name=\"robots\" content=\"index, follow, max-snippet:-1, max-image-preview:large, max-video-preview:-1\" \/>\n<link rel=\"canonical\" href=\"https:\/\/www.nettali.com\/2024\/03\/18\/presidentielle-karim-wade-remobilise-ses-troupes\/\" \/>\n<meta property=\"og:locale\" content=\"fr_FR\" \/>\n<meta property=\"og:type\" content=\"article\" \/>\n<meta property=\"og:title\" content=\"PRESIDENTIELLE - Karim Wade remobilise ses troupes\" \/>\n<meta property=\"og:description\" content=\"NETTALI.COM - Karim Wade veut remobiliser les troupes. Dans un message qui a \u00e9t\u00e9 adress\u00e9 \u00e0 ses partisans, il leur demande de rester mobilis\u00e9s pour la suite du combat. Aphone depuis quelques temps, Karim Wade vient de reprendre la parole. Le fils de l\u2019ancien pr\u00e9sident\u00a0 a tenu \u00e0 adresser un message aux militants, aux sympathisants [&hellip;]\" \/>\n<meta property=\"og:url\" content=\"https:\/\/www.nettali.com\/2024\/03\/18\/presidentielle-karim-wade-remobilise-ses-troupes\/\" \/>\n<meta property=\"og:site_name\" content=\"Nettali.com\" \/>\n<meta property=\"article:publisher\" content=\"https:\/\/www.facebook.com\/nettalicom\" \/>\n<meta property=\"article:published_time\" content=\"2024-03-18T17:31:05+00:00\" \/>\n<meta property=\"og:image\" content=\"https:\/\/www.nettali.com\/wp-content\/uploads\/2024\/03\/karim-wade-3.jpg\" \/>\n\t<meta property=\"og:image:width\" content=\"600\" \/>\n\t<meta property=\"og:image:height\" content=\"455\" \/>\n<meta name=\"twitter:card\" content=\"summary_large_image\" \/>\n<meta name=\"twitter:label1\" content=\"\u00c9crit par\" \/>\n\t<meta name=\"twitter:data1\" content=\"Daouda\" \/>\n\t<meta name=\"twitter:label2\" content=\"Dur\u00e9e de lecture estim\u00e9e\" \/>\n\t<meta name=\"twitter:data2\" content=\"1 minute\" \/>\n<script type=\"application\/ld+json\" class=\"yoast-schema-graph\">{\"@context\":\"https:\/\/schema.org\",\"@graph\":[{\"@type\":\"WebSite\",\"@id\":\"https:\/\/www.nettali.com\/#website\",\"url\":\"https:\/\/www.nettali.com\/\",\"name\":\"Nettali.com\",\"description\":\"Le rendez-vous critique du Net\",\"potentialAction\":[{\"@type\":\"SearchAction\",\"target\":{\"@type\":\"EntryPoint\",\"urlTemplate\":\"https:\/\/www.nettali.com\/?s={search_term_string}\"},\"query-input\":\"required name=search_term_string\"}],\"inLanguage\":\"fr-FR\"},{\"@type\":\"ImageObject\",\"@id\":\"https:\/\/www.nettali.com\/2024\/03\/18\/presidentielle-karim-wade-remobilise-ses-troupes\/#primaryimage\",\"inLanguage\":\"fr-FR\",\"url\":\"https:\/\/www.nettali.com\/wp-content\/uploads\/2024\/03\/karim-wade-3.jpg\",\"contentUrl\":\"https:\/\/www.nettali.com\/wp-content\/uploads\/2024\/03\/karim-wade-3.jpg\",\"width\":600,\"height\":455},{\"@type\":\"WebPage\",\"@id\":\"https:\/\/www.nettali.com\/2024\/03\/18\/presidentielle-karim-wade-remobilise-ses-troupes\/#webpage\",\"url\":\"https:\/\/www.nettali.com\/2024\/03\/18\/presidentielle-karim-wade-remobilise-ses-troupes\/\",\"name\":\"PRESIDENTIELLE - Karim Wade remobilise ses troupes | Nettali.com\",\"isPartOf\":{\"@id\":\"https:\/\/www.nettali.com\/#website\"},\"primaryImageOfPage\":{\"@id\":\"https:\/\/www.nettali.com\/2024\/03\/18\/presidentielle-karim-wade-remobilise-ses-troupes\/#primaryimage\"},\"datePublished\":\"2024-03-18T17:31:05+00:00\",\"dateModified\":\"2024-03-18T17:31:05+00:00\",\"author\":{\"@id\":\"https:\/\/www.nettali.com\/#\/schema\/person\/3317e0bb3aa1da309fbf7b2780901bf4\"},\"breadcrumb\":{\"@id\":\"https:\/\/www.nettali.com\/2024\/03\/18\/presidentielle-karim-wade-remobilise-ses-troupes\/#breadcrumb\"},\"inLanguage\":\"fr-FR\",\"potentialAction\":[{\"@type\":\"ReadAction\",\"target\":[\"https:\/\/www.nettali.com\/2024\/03\/18\/presidentielle-karim-wade-remobilise-ses-troupes\/\"]}]},{\"@type\":\"BreadcrumbList\",\"@id\":\"https:\/\/www.nettali.com\/2024\/03\/18\/presidentielle-karim-wade-remobilise-ses-troupes\/#breadcrumb\",\"itemListElement\":[{\"@type\":\"ListItem\",\"position\":1,\"name\":\"Accueil\",\"item\":\"https:\/\/www.nettali.com\/\"},{\"@type\":\"ListItem\",\"position\":2,\"name\":\"PRESIDENTIELLE - Karim Wade remobilise ses troupes\"}]},{\"@type\":\"Person\",\"@id\":\"https:\/\/www.nettali.com\/#\/schema\/person\/3317e0bb3aa1da309fbf7b2780901bf4\",\"name\":\"Daouda\",\"image\":{\"@type\":\"ImageObject\",\"@id\":\"https:\/\/www.nettali.com\/#personlogo\",\"inLanguage\":\"fr-FR\",\"url\":\"https:\/\/secure.gravatar.com\/avatar\/8d143b5a49345098ddcfee1c49c2f47c?s=96&d=mm&r=g\",\"contentUrl\":\"https:\/\/secure.gravatar.com\/avatar\/8d143b5a49345098ddcfee1c49c2f47c?s=96&d=mm&r=g\",\"caption\":\"Daouda\"},\"sameAs\":[\"https:\/\/www.nettali.com\"]}]}<\/script>\n<!-- \/ Yoast SEO Premium plugin. -->","yoast_head_json":{"title":"PRESIDENTIELLE - Karim Wade remobilise ses troupes | Nettali.com","robots":{"index":"index","follow":"follow","max-snippet":"max-snippet:-1","max-image-preview":"max-image-preview:large","max-video-preview":"max-video-preview:-1"},"canonical":"https:\/\/www.nettali.com\/2024\/03\/18\/presidentielle-karim-wade-remobilise-ses-troupes\/","og_locale":"fr_FR","og_type":"article","og_title":"PRESIDENTIELLE - Karim Wade remobilise ses troupes","og_description":"NETTALI.COM - Karim Wade veut remobiliser les troupes. Dans un message qui a \u00e9t\u00e9 adress\u00e9 \u00e0 ses partisans, il leur demande de rester mobilis\u00e9s pour la suite du combat. Aphone depuis quelques temps, Karim Wade vient de reprendre la parole. Le fils de l\u2019ancien pr\u00e9sident\u00a0 a tenu \u00e0 adresser un message aux militants, aux sympathisants [&hellip;]","og_url":"https:\/\/www.nettali.com\/2024\/03\/18\/presidentielle-karim-wade-remobilise-ses-troupes\/","og_site_name":"Nettali.com","article_publisher":"https:\/\/www.facebook.com\/nettalicom","article_published_time":"2024-03-18T17:31:05+00:00","og_image":[{"width":600,"height":455,"url":"https:\/\/www.nettali.com\/wp-content\/uploads\/2024\/03\/karim-wade-3.jpg","type":"image\/jpeg"}],"twitter_card":"summary_large_image","twitter_misc":{"\u00c9crit par":"Daouda","Dur\u00e9e de lecture estim\u00e9e":"1 minute"},"schema":{"@context":"https:\/\/schema.org","@graph":[{"@type":"WebSite","@id":"https:\/\/www.nettali.com\/#website","url":"https:\/\/www.nettali.com\/","name":"Nettali.com","description":"Le rendez-vous critique du Net","potentialAction":[{"@type":"SearchAction","target":{"@type":"EntryPoint","urlTemplate":"https:\/\/www.nettali.com\/?s={search_term_string}"},"query-input":"required name=search_term_string"}],"inLanguage":"fr-FR"},{"@type":"ImageObject","@id":"https:\/\/www.nettali.com\/2024\/03\/18\/presidentielle-karim-wade-remobilise-ses-troupes\/#primaryimage","inLanguage":"fr-FR","url":"https:\/\/www.nettali.com\/wp-content\/uploads\/2024\/03\/karim-wade-3.jpg","contentUrl":"https:\/\/www.nettali.com\/wp-content\/uploads\/2024\/03\/karim-wade-3.jpg","width":600,"height":455},{"@type":"WebPage","@id":"https:\/\/www.nettali.com\/2024\/03\/18\/presidentielle-karim-wade-remobilise-ses-troupes\/#webpage","url":"https:\/\/www.nettali.com\/2024\/03\/18\/presidentielle-karim-wade-remobilise-ses-troupes\/","name":"PRESIDENTIELLE - Karim Wade remobilise ses troupes | Nettali.com","isPartOf":{"@id":"https:\/\/www.nettali.com\/#website"},"primaryImageOfPage":{"@id":"https:\/\/www.nettali.com\/2024\/03\/18\/presidentielle-karim-wade-remobilise-ses-troupes\/#primaryimage"},"datePublished":"2024-03-18T17:31:05+00:00","dateModified":"2024-03-18T17:31:05+00:00","author":{"@id":"https:\/\/www.nettali.com\/#\/schema\/person\/3317e0bb3aa1da309fbf7b2780901bf4"},"breadcrumb":{"@id":"https:\/\/www.nettali.com\/2024\/03\/18\/presidentielle-karim-wade-remobilise-ses-troupes\/#breadcrumb"},"inLanguage":"fr-FR","potentialAction":[{"@type":"ReadAction","target":["https:\/\/www.nettali.com\/2024\/03\/18\/presidentielle-karim-wade-remobilise-ses-troupes\/"]}]},{"@type":"BreadcrumbList","@id":"https:\/\/www.nettali.com\/2024\/03\/18\/presidentielle-karim-wade-remobilise-ses-troupes\/#breadcrumb","itemListElement":[{"@type":"ListItem","position":1,"name":"Accueil","item":"https:\/\/www.nettali.com\/"},{"@type":"ListItem","position":2,"name":"PRESIDENTIELLE - Karim Wade remobilise ses troupes"}]},{"@type":"Person","@id":"https:\/\/www.nettali.com\/#\/schema\/person\/3317e0bb3aa1da309fbf7b2780901bf4","name":"Daouda","image":{"@type":"ImageObject","@id":"https:\/\/www.nettali.com\/#personlogo","inLanguage":"fr-FR","url":"https:\/\/secure.gravatar.com\/avatar\/8d143b5a49345098ddcfee1c49c2f47c?s=96&d=mm&r=g","contentUrl":"https:\/\/secure.gravatar.com\/avatar\/8d143b5a49345098ddcfee1c49c2f47c?s=96&d=mm&r=g","caption":"Daouda"},"sameAs":["https:\/\/www.nettali.com"]}]}},"_links":{"self":[{"href":"https:\/\/www.nettali.com\/rest\/wp\/v2\/posts\/129849"}],"collection":[{"href":"https:\/\/www.nettali.com\/rest\/wp\/v2\/posts"}],"about":[{"href":"https:\/\/www.nettali.com\/rest\/wp\/v2\/types\/post"}],"author":[{"embeddable":true,"href":"https:\/\/www.nettali.com\/rest\/wp\/v2\/users\/4"}],"replies":[{"embeddable":true,"href":"https:\/\/www.nettali.com\/rest\/wp\/v2\/comments?post=129849"}],"version-history":[{"count":1,"href":"https:\/\/www.nettali.com\/rest\/wp\/v2\/posts\/129849\/revisions"}],"predecessor-version":[{"id":129850,"href":"https:\/\/www.nettali.com\/rest\/wp\/v2\/posts\/129849\/revisions\/129850"}],"wp:featuredmedia":[{"embeddable":true,"href":"https:\/\/www.nettali.com\/rest\/wp\/v2\/media\/129004"}],"wp:attachment":[{"href":"https:\/\/www.nettali.com\/rest\/wp\/v2\/media?parent=129849"}],"wp:term":[{"taxonomy":"category","embeddable":true,"href":"https:\/\/www.nettali.com\/rest\/wp\/v2\/categories?post=129849"},{"taxonomy":"post_tag","embeddable":true,"href":"https:\/\/www.nettali.com\/rest\/wp\/v2\/tags?post=129849"}],"curies":[{"name":"wp","href":"https:\/\/api.w.org\/{rel}","templated":true}]}}