{"id":129806,"date":"2024-03-18T07:13:51","date_gmt":"2024-03-18T07:13:51","guid":{"rendered":"https:\/\/www.nettali.com\/?p=129806"},"modified":"2024-03-18T07:13:51","modified_gmt":"2024-03-18T07:13:51","slug":"election-presidentielle-lue-va-deployer-ses-observateurs-dans-les-46-departements","status":"publish","type":"post","link":"https:\/\/www.nettali.com\/2024\/03\/18\/election-presidentielle-lue-va-deployer-ses-observateurs-dans-les-46-departements\/","title":{"rendered":"ELECTION PR\u00c9SIDENTIELLE - L\u2019UE va d\u00e9ployer ses observateurs dans les 46 d\u00e9partements"},"content":{"rendered":"<p><strong>NETTALI.COM- \u00c0 la suite du d\u00e9cret fixant la pr\u00e9sidentielle au 24 mars et la campagne \u00e9lectorale du 9 au 22 mars, la Mission d'observation \u00e9lectorale de l'Union europ\u00e9enne au S\u00e9n\u00e9gal (Moe\u2010 Ue), pr\u00e9sente dans le pays depuis le 13 janvier sur invitation des autorit\u00e9s s\u00e9n\u00e9galaises, annonce poursuivre l'ensemble de ses activit\u00e9s conform\u00e9ment aux nouvelles \u00e9ch\u00e9ances.<\/strong><\/p>\n<p>\u00ab<em>La Mission prend acte du nouveau calendrier \u00e9lectoral et observe le d\u00e9roulement de la campagne \u00e9lectorale ainsi que les pr\u00e9paratifs du scrutin. Nous appelons au plein respect des libert\u00e9s d'expression, de presse, d'acc\u00e8s \u00e0 l'information hors <\/em><em>ligne et en ligne, et de r\u00e9union durant cette compagne<\/em> \u00bb, a affirm\u00e9 Malin Bjork, la cheffe de la Moe\u2010E qui sera de retour au S\u00e9n\u00e9gal le 20 mars.<br \/>\n\u00ab <em>Nous rappelons l'importance d'assurer l'\u00e9galit\u00e9 des chances \u00e0 tous les candidats dans le cadre de la compagne \u00e9lectorale. A cet \u00e9gard, nous prenons note de la lib\u00e9ration, le 14 mars, de l'un des candidats \u00e0 l'\u00e9lection pr\u00e9sidentielle qui \u00e9tait maintenu en d\u00e9tention, et souhaitons qu'elle puisse contribuer au d\u00e9roulement d'une campagne apais\u00e9e et sans violence<\/em> \u00bb, a pr\u00e9cis\u00e9 Malin Bj\u00f6rk.<\/p>\n<p>D\u2019apr\u00e8s l\u2019UE, \u00ab <em>les 10 experts \u00e9lectoraux pr\u00e9sents \u00e0 Dakar seront rejoints par 28 observateurs de longue dur\u00e9e qui<\/em><br \/>\n<em>seront d\u00e9ploy\u00e9s le 18 mars dans l'ensemble des 14 r\u00e9gions du pays. Un second groupe de 42 observateurs sera d\u00e9ploy\u00e9 le 22 mars\u00a0<\/em>\u00bb .<\/p>\n<p>Ce dispositif, pr\u00e9cise l\u2019organisation, sera renforc\u00e9 le jour du scrutin par des diplomates de pays membres de l'Ue en poste \u00e0 Dakar, ainsi que par une d\u00e9l\u00e9gation de d\u00e9put\u00e9s du Parlement europ\u00e9en. \u00ab <em>Le jour du vote le 24 mars, la Moe\u2010 Ue disposera d'environ 100 observateurs qui couvriront la totalit\u00e9 des 46 d\u00e9partements s\u00e9n\u00e9galais. La Mission pr\u00e9sentera ses premi\u00e8res conclusions le 26 mars lors d'une conf\u00e9rence de presse qui aura lieu au si\u00e8ge de la Moe\u2010Ue \u00e0 Dakar<\/em> \u00bb, informe l\u2019UE.<\/p>\n<div class='share-to-whatsapp-wrapper'><div class='share-on-whsp'>PARTAGER SUR : <\/div><a data-text='ELECTION PR\u00c9SIDENTIELLE - L\u2019UE va d\u00e9ployer ses observateurs dans les 46 d\u00e9partements' data-link='https:\/\/www.nettali.com\/2024\/03\/18\/election-presidentielle-lue-va-deployer-ses-observateurs-dans-les-46-departements\/' class='whatsapp-button whatsapp-share'>WhatsApp<\/a><div class='clear '><\/div><\/div>","protected":false},"excerpt":{"rendered":"<p>NETTALI.COM- \u00c0 la suite du d\u00e9cret fixant la pr\u00e9sidentielle au 24 mars et la campagne \u00e9lectorale du 9 au 22 mars, la Mission d'observation \u00e9lectorale de l'Union europ\u00e9enne au S\u00e9n\u00e9gal (Moe\u2010 Ue), pr\u00e9sente dans le pays depuis le 13 janvier sur invitation des autorit\u00e9s s\u00e9n\u00e9galaises, annonce poursuivre l'ensemble de ses activit\u00e9s conform\u00e9ment aux nouvelles \u00e9ch\u00e9ances. [&hellip;]<\/p>\n","protected":false},"author":6,"featured_media":129568,"comment_status":"open","ping_status":"open","sticky":false,"template":"","format":"standard","meta":{"_et_pb_use_builder":"","_et_pb_old_content":""},"categories":[2],"tags":[],"yoast_head":"<!-- This site is optimized with the Yoast SEO Premium plugin v17.8 (Yoast SEO v17.8) - https:\/\/yoast.com\/wordpress\/plugins\/seo\/ -->\n<title>ELECTION PR\u00c9SIDENTIELLE - L\u2019UE va d\u00e9ployer ses observateurs dans les 46 d\u00e9partements | Nettali.com<\/title>\n<meta name=\"robots\" content=\"index, follow, max-snippet:-1, max-image-preview:large, max-video-preview:-1\" \/>\n<link rel=\"canonical\" href=\"https:\/\/www.nettali.com\/2024\/03\/18\/election-presidentielle-lue-va-deployer-ses-observateurs-dans-les-46-departements\/\" \/>\n<meta property=\"og:locale\" content=\"fr_FR\" \/>\n<meta property=\"og:type\" content=\"article\" \/>\n<meta property=\"og:title\" content=\"ELECTION PR\u00c9SIDENTIELLE - L\u2019UE va d\u00e9ployer ses observateurs dans les 46 d\u00e9partements\" \/>\n<meta property=\"og:description\" content=\"NETTALI.COM- \u00c0 la suite du d\u00e9cret fixant la pr\u00e9sidentielle au 24 mars et la campagne \u00e9lectorale du 9 au 22 mars, la Mission d&#039;observation \u00e9lectorale de l&#039;Union europ\u00e9enne au S\u00e9n\u00e9gal (Moe\u2010 Ue), pr\u00e9sente dans le pays depuis le 13 janvier sur invitation des autorit\u00e9s s\u00e9n\u00e9galaises, annonce poursuivre l&#039;ensemble de ses activit\u00e9s conform\u00e9ment aux nouvelles \u00e9ch\u00e9ances. [&hellip;]\" \/>\n<meta property=\"og:url\" content=\"https:\/\/www.nettali.com\/2024\/03\/18\/election-presidentielle-lue-va-deployer-ses-observateurs-dans-les-46-departements\/\" \/>\n<meta property=\"og:site_name\" content=\"Nettali.com\" \/>\n<meta property=\"article:publisher\" content=\"https:\/\/www.facebook.com\/nettalicom\" \/>\n<meta property=\"article:published_time\" content=\"2024-03-18T07:13:51+00:00\" \/>\n<meta property=\"og:image\" content=\"https:\/\/www.nettali.com\/wp-content\/uploads\/2024\/03\/election_presidentielle_au_senegal_electeur_au_centre_de_vote_des_hlm_5_a_dakar._24_fevrier_2019._photo_unowas_scpio_2.jpg\" \/>\n\t<meta property=\"og:image:width\" content=\"580\" \/>\n\t<meta property=\"og:image:height\" content=\"387\" \/>\n<meta name=\"twitter:card\" content=\"summary_large_image\" \/>\n<meta name=\"twitter:label1\" content=\"\u00c9crit par\" \/>\n\t<meta name=\"twitter:data1\" content=\"Fatou\" \/>\n\t<meta name=\"twitter:label2\" content=\"Dur\u00e9e de lecture estim\u00e9e\" \/>\n\t<meta name=\"twitter:data2\" content=\"2 minutes\" \/>\n<script type=\"application\/ld+json\" class=\"yoast-schema-graph\">{\"@context\":\"https:\/\/schema.org\",\"@graph\":[{\"@type\":\"WebSite\",\"@id\":\"https:\/\/www.nettali.com\/#website\",\"url\":\"https:\/\/www.nettali.com\/\",\"name\":\"Nettali.com\",\"description\":\"Le rendez-vous critique du Net\",\"potentialAction\":[{\"@type\":\"SearchAction\",\"target\":{\"@type\":\"EntryPoint\",\"urlTemplate\":\"https:\/\/www.nettali.com\/?s={search_term_string}\"},\"query-input\":\"required name=search_term_string\"}],\"inLanguage\":\"fr-FR\"},{\"@type\":\"ImageObject\",\"@id\":\"https:\/\/www.nettali.com\/2024\/03\/18\/election-presidentielle-lue-va-deployer-ses-observateurs-dans-les-46-departements\/#primaryimage\",\"inLanguage\":\"fr-FR\",\"url\":\"https:\/\/www.nettali.com\/wp-content\/uploads\/2024\/03\/election_presidentielle_au_senegal_electeur_au_centre_de_vote_des_hlm_5_a_dakar._24_fevrier_2019._photo_unowas_scpio_2.jpg\",\"contentUrl\":\"https:\/\/www.nettali.com\/wp-content\/uploads\/2024\/03\/election_presidentielle_au_senegal_electeur_au_centre_de_vote_des_hlm_5_a_dakar._24_fevrier_2019._photo_unowas_scpio_2.jpg\",\"width\":580,\"height\":387},{\"@type\":\"WebPage\",\"@id\":\"https:\/\/www.nettali.com\/2024\/03\/18\/election-presidentielle-lue-va-deployer-ses-observateurs-dans-les-46-departements\/#webpage\",\"url\":\"https:\/\/www.nettali.com\/2024\/03\/18\/election-presidentielle-lue-va-deployer-ses-observateurs-dans-les-46-departements\/\",\"name\":\"ELECTION PR\\u00c9SIDENTIELLE - L\\u2019UE va d\\u00e9ployer ses observateurs dans les 46 d\\u00e9partements | Nettali.com\",\"isPartOf\":{\"@id\":\"https:\/\/www.nettali.com\/#website\"},\"primaryImageOfPage\":{\"@id\":\"https:\/\/www.nettali.com\/2024\/03\/18\/election-presidentielle-lue-va-deployer-ses-observateurs-dans-les-46-departements\/#primaryimage\"},\"datePublished\":\"2024-03-18T07:13:51+00:00\",\"dateModified\":\"2024-03-18T07:13:51+00:00\",\"author\":{\"@id\":\"https:\/\/www.nettali.com\/#\/schema\/person\/418274a86bdf87caff7a3ef476bd0bbf\"},\"breadcrumb\":{\"@id\":\"https:\/\/www.nettali.com\/2024\/03\/18\/election-presidentielle-lue-va-deployer-ses-observateurs-dans-les-46-departements\/#breadcrumb\"},\"inLanguage\":\"fr-FR\",\"potentialAction\":[{\"@type\":\"ReadAction\",\"target\":[\"https:\/\/www.nettali.com\/2024\/03\/18\/election-presidentielle-lue-va-deployer-ses-observateurs-dans-les-46-departements\/\"]}]},{\"@type\":\"BreadcrumbList\",\"@id\":\"https:\/\/www.nettali.com\/2024\/03\/18\/election-presidentielle-lue-va-deployer-ses-observateurs-dans-les-46-departements\/#breadcrumb\",\"itemListElement\":[{\"@type\":\"ListItem\",\"position\":1,\"name\":\"Accueil\",\"item\":\"https:\/\/www.nettali.com\/\"},{\"@type\":\"ListItem\",\"position\":2,\"name\":\"ELECTION PR\\u00c9SIDENTIELLE - L\\u2019UE va d\\u00e9ployer ses observateurs dans les 46 d\\u00e9partements\"}]},{\"@type\":\"Person\",\"@id\":\"https:\/\/www.nettali.com\/#\/schema\/person\/418274a86bdf87caff7a3ef476bd0bbf\",\"name\":\"Fatou\",\"image\":{\"@type\":\"ImageObject\",\"@id\":\"https:\/\/www.nettali.com\/#personlogo\",\"inLanguage\":\"fr-FR\",\"url\":\"https:\/\/secure.gravatar.com\/avatar\/5a9442a2bee7b4dcf167cab035858e9a?s=96&d=mm&r=g\",\"contentUrl\":\"https:\/\/secure.gravatar.com\/avatar\/5a9442a2bee7b4dcf167cab035858e9a?s=96&d=mm&r=g\",\"caption\":\"Fatou\"},\"sameAs\":[\"https:\/\/www.nettali.com\"]}]}<\/script>\n<!-- \/ Yoast SEO Premium plugin. -->","yoast_head_json":{"title":"ELECTION PR\u00c9SIDENTIELLE - L\u2019UE va d\u00e9ployer ses observateurs dans les 46 d\u00e9partements | Nettali.com","robots":{"index":"index","follow":"follow","max-snippet":"max-snippet:-1","max-image-preview":"max-image-preview:large","max-video-preview":"max-video-preview:-1"},"canonical":"https:\/\/www.nettali.com\/2024\/03\/18\/election-presidentielle-lue-va-deployer-ses-observateurs-dans-les-46-departements\/","og_locale":"fr_FR","og_type":"article","og_title":"ELECTION PR\u00c9SIDENTIELLE - L\u2019UE va d\u00e9ployer ses observateurs dans les 46 d\u00e9partements","og_description":"NETTALI.COM- \u00c0 la suite du d\u00e9cret fixant la pr\u00e9sidentielle au 24 mars et la campagne \u00e9lectorale du 9 au 22 mars, la Mission d'observation \u00e9lectorale de l'Union europ\u00e9enne au S\u00e9n\u00e9gal (Moe\u2010 Ue), pr\u00e9sente dans le pays depuis le 13 janvier sur invitation des autorit\u00e9s s\u00e9n\u00e9galaises, annonce poursuivre l'ensemble de ses activit\u00e9s conform\u00e9ment aux nouvelles \u00e9ch\u00e9ances. [&hellip;]","og_url":"https:\/\/www.nettali.com\/2024\/03\/18\/election-presidentielle-lue-va-deployer-ses-observateurs-dans-les-46-departements\/","og_site_name":"Nettali.com","article_publisher":"https:\/\/www.facebook.com\/nettalicom","article_published_time":"2024-03-18T07:13:51+00:00","og_image":[{"width":580,"height":387,"url":"https:\/\/www.nettali.com\/wp-content\/uploads\/2024\/03\/election_presidentielle_au_senegal_electeur_au_centre_de_vote_des_hlm_5_a_dakar._24_fevrier_2019._photo_unowas_scpio_2.jpg","type":"image\/jpeg"}],"twitter_card":"summary_large_image","twitter_misc":{"\u00c9crit par":"Fatou","Dur\u00e9e de lecture estim\u00e9e":"2 minutes"},"schema":{"@context":"https:\/\/schema.org","@graph":[{"@type":"WebSite","@id":"https:\/\/www.nettali.com\/#website","url":"https:\/\/www.nettali.com\/","name":"Nettali.com","description":"Le rendez-vous critique du Net","potentialAction":[{"@type":"SearchAction","target":{"@type":"EntryPoint","urlTemplate":"https:\/\/www.nettali.com\/?s={search_term_string}"},"query-input":"required name=search_term_string"}],"inLanguage":"fr-FR"},{"@type":"ImageObject","@id":"https:\/\/www.nettali.com\/2024\/03\/18\/election-presidentielle-lue-va-deployer-ses-observateurs-dans-les-46-departements\/#primaryimage","inLanguage":"fr-FR","url":"https:\/\/www.nettali.com\/wp-content\/uploads\/2024\/03\/election_presidentielle_au_senegal_electeur_au_centre_de_vote_des_hlm_5_a_dakar._24_fevrier_2019._photo_unowas_scpio_2.jpg","contentUrl":"https:\/\/www.nettali.com\/wp-content\/uploads\/2024\/03\/election_presidentielle_au_senegal_electeur_au_centre_de_vote_des_hlm_5_a_dakar._24_fevrier_2019._photo_unowas_scpio_2.jpg","width":580,"height":387},{"@type":"WebPage","@id":"https:\/\/www.nettali.com\/2024\/03\/18\/election-presidentielle-lue-va-deployer-ses-observateurs-dans-les-46-departements\/#webpage","url":"https:\/\/www.nettali.com\/2024\/03\/18\/election-presidentielle-lue-va-deployer-ses-observateurs-dans-les-46-departements\/","name":"ELECTION PR\u00c9SIDENTIELLE - L\u2019UE va d\u00e9ployer ses observateurs dans les 46 d\u00e9partements | Nettali.com","isPartOf":{"@id":"https:\/\/www.nettali.com\/#website"},"primaryImageOfPage":{"@id":"https:\/\/www.nettali.com\/2024\/03\/18\/election-presidentielle-lue-va-deployer-ses-observateurs-dans-les-46-departements\/#primaryimage"},"datePublished":"2024-03-18T07:13:51+00:00","dateModified":"2024-03-18T07:13:51+00:00","author":{"@id":"https:\/\/www.nettali.com\/#\/schema\/person\/418274a86bdf87caff7a3ef476bd0bbf"},"breadcrumb":{"@id":"https:\/\/www.nettali.com\/2024\/03\/18\/election-presidentielle-lue-va-deployer-ses-observateurs-dans-les-46-departements\/#breadcrumb"},"inLanguage":"fr-FR","potentialAction":[{"@type":"ReadAction","target":["https:\/\/www.nettali.com\/2024\/03\/18\/election-presidentielle-lue-va-deployer-ses-observateurs-dans-les-46-departements\/"]}]},{"@type":"BreadcrumbList","@id":"https:\/\/www.nettali.com\/2024\/03\/18\/election-presidentielle-lue-va-deployer-ses-observateurs-dans-les-46-departements\/#breadcrumb","itemListElement":[{"@type":"ListItem","position":1,"name":"Accueil","item":"https:\/\/www.nettali.com\/"},{"@type":"ListItem","position":2,"name":"ELECTION PR\u00c9SIDENTIELLE - L\u2019UE va d\u00e9ployer ses observateurs dans les 46 d\u00e9partements"}]},{"@type":"Person","@id":"https:\/\/www.nettali.com\/#\/schema\/person\/418274a86bdf87caff7a3ef476bd0bbf","name":"Fatou","image":{"@type":"ImageObject","@id":"https:\/\/www.nettali.com\/#personlogo","inLanguage":"fr-FR","url":"https:\/\/secure.gravatar.com\/avatar\/5a9442a2bee7b4dcf167cab035858e9a?s=96&d=mm&r=g","contentUrl":"https:\/\/secure.gravatar.com\/avatar\/5a9442a2bee7b4dcf167cab035858e9a?s=96&d=mm&r=g","caption":"Fatou"},"sameAs":["https:\/\/www.nettali.com"]}]}},"_links":{"self":[{"href":"https:\/\/www.nettali.com\/rest\/wp\/v2\/posts\/129806"}],"collection":[{"href":"https:\/\/www.nettali.com\/rest\/wp\/v2\/posts"}],"about":[{"href":"https:\/\/www.nettali.com\/rest\/wp\/v2\/types\/post"}],"author":[{"embeddable":true,"href":"https:\/\/www.nettali.com\/rest\/wp\/v2\/users\/6"}],"replies":[{"embeddable":true,"href":"https:\/\/www.nettali.com\/rest\/wp\/v2\/comments?post=129806"}],"version-history":[{"count":3,"href":"https:\/\/www.nettali.com\/rest\/wp\/v2\/posts\/129806\/revisions"}],"predecessor-version":[{"id":129823,"href":"https:\/\/www.nettali.com\/rest\/wp\/v2\/posts\/129806\/revisions\/129823"}],"wp:featuredmedia":[{"embeddable":true,"href":"https:\/\/www.nettali.com\/rest\/wp\/v2\/media\/129568"}],"wp:attachment":[{"href":"https:\/\/www.nettali.com\/rest\/wp\/v2\/media?parent=129806"}],"wp:term":[{"taxonomy":"category","embeddable":true,"href":"https:\/\/www.nettali.com\/rest\/wp\/v2\/categories?post=129806"},{"taxonomy":"post_tag","embeddable":true,"href":"https:\/\/www.nettali.com\/rest\/wp\/v2\/tags?post=129806"}],"curies":[{"name":"wp","href":"https:\/\/api.w.org\/{rel}","templated":true}]}}