{"id":129747,"date":"2024-03-17T19:17:40","date_gmt":"2024-03-17T19:17:40","guid":{"rendered":"https:\/\/www.nettali.com\/?p=129747"},"modified":"2024-03-17T19:17:40","modified_gmt":"2024-03-17T19:17:40","slug":"camapagne-electorale-amadou-kanoute-plutot-pour-laffrontement-des-candidats-sur-les-idees-de-programme","status":"publish","type":"post","link":"https:\/\/www.nettali.com\/2024\/03\/17\/camapagne-electorale-amadou-kanoute-plutot-pour-laffrontement-des-candidats-sur-les-idees-de-programme\/","title":{"rendered":"CAMAPAGNE ELECTORALE - Amadou Kanout\u00e9 plut\u00f4t pour \"l'affrontement des candidats sur les id\u00e9es de programme...\""},"content":{"rendered":"<p><strong>NETTALI.COM - Le directeur ex\u00e9cutif de\u00a0 ONG Cicodev Afrique, Amadou Kanout\u00e9 a donn\u00e9 son avis sur la campagne \u00e9lectorale que sont en train de d\u00e9rouler les diff\u00e9rents candidats \u00e0 l\u2019\u00e9lection Pr\u00e9sidentielle. Il estime que les candidats sont dans le pr\u00eache. Et qu\u2019il manque cette bataille d\u2019id\u00e9es entre candidats qui avait l\u2019habitude de se faire.<\/strong><\/p>\n<p>Amadou kanout\u00e9, directeur ex\u00e9cutif ONG Cicodev Afrique a \u00e9valu\u00e9 la campagne \u00e9lectorale en cours depuis une semaine. L'invit\u00e9 de l\u2019\u00e9mission \"Jury du dimanche\" est rest\u00e9 sur sa faim par rapport \u00e0 la prestation des diff\u00e9rents candidats.<\/p>\n<p>\u00ab<em> Il va de soi qu\u2019il nous manque quelque chose, ce sont les d\u00e9bats qui permettent d\u2019informer le public. Aujourd\u2019hui, ils se sont retrouv\u00e9s dans un canevas r\u00e9tr\u00e9ci de 23 jours de campagne et se sont retrouv\u00e9s \u00e0 12 13 jours. Cela a compl\u00e8tement emball\u00e9 la campagne. L\u2019impression que j\u2019ai, le sentiment que j\u2019ai c\u2019est que les gens sont un peu d\u00e9tach\u00e9s de cette campagne \u00e9lectorale comparativement \u00e0 ce nous avions dans le pass\u00e9. Le genre de d\u00e9bat d\u2019id\u00e9e, la bataille des id\u00e9es que nous avions dans le pass\u00e9 avec cette possibilit\u00e9 d\u2019entendre les candidats s\u2019affronter, cela nous manque<\/em> \u00bb, a-t-il r\u00e9pondu.<\/p>\n<p>\u00ab A<em>ujourd\u2019hui, ils sont en train de sillonner le pays et de pr\u00eacher. Ils sont vraiment dans le pr\u00eache. L\u00e0 o\u00f9 ils disent, je vais faire, je vais faire. J\u2019aurais bien aim\u00e9 qu\u2019on puisse avoir la possibilit\u00e9 d\u2019entendre les candidats durant cette campagne s\u2019affronter sur des id\u00e9es de programme, m\u00eame s\u2019ils ont leur programme qu\u2019ils puissent confronter cela avec le programme de tel autre candidat \u00e0 travers les quelques minutes qu\u2019ils ont \u00e0 la t\u00e9l\u00e9vision, \u00e0 la radio en disant nous avons entendu tel candidat dire que la pour sant\u00e9 voil\u00e0 ce qu\u2019ils vont faire mais dans la r\u00e9alit\u00e9 ce n\u2019est comme cela qu\u2019on le per\u00e7oit<\/em> \u00bb regrette-t-il.<\/p>\n<div class='share-to-whatsapp-wrapper'><div class='share-on-whsp'>PARTAGER SUR : <\/div><a data-text='CAMAPAGNE ELECTORALE - Amadou Kanout\u00e9 plut\u00f4t pour \"l'affrontement des candidats sur les id\u00e9es de programme...\"' data-link='https:\/\/www.nettali.com\/2024\/03\/17\/camapagne-electorale-amadou-kanoute-plutot-pour-laffrontement-des-candidats-sur-les-idees-de-programme\/' class='whatsapp-button whatsapp-share'>WhatsApp<\/a><div class='clear '><\/div><\/div>","protected":false},"excerpt":{"rendered":"<p>NETTALI.COM - Le directeur ex\u00e9cutif de\u00a0 ONG Cicodev Afrique, Amadou Kanout\u00e9 a donn\u00e9 son avis sur la campagne \u00e9lectorale que sont en train de d\u00e9rouler les diff\u00e9rents candidats \u00e0 l\u2019\u00e9lection Pr\u00e9sidentielle. Il estime que les candidats sont dans le pr\u00eache. Et qu\u2019il manque cette bataille d\u2019id\u00e9es entre candidats qui avait l\u2019habitude de se faire. Amadou [&hellip;]<\/p>\n","protected":false},"author":6,"featured_media":129749,"comment_status":"open","ping_status":"open","sticky":false,"template":"","format":"standard","meta":{"_et_pb_use_builder":"","_et_pb_old_content":""},"categories":[2],"tags":[],"yoast_head":"<!-- This site is optimized with the Yoast SEO Premium plugin v17.8 (Yoast SEO v17.8) - https:\/\/yoast.com\/wordpress\/plugins\/seo\/ -->\n<title>CAMAPAGNE ELECTORALE - Amadou Kanout\u00e9 plut\u00f4t pour &quot;l&#039;affrontement des candidats sur les id\u00e9es de programme...&quot; | Nettali.com<\/title>\n<meta name=\"robots\" content=\"index, follow, max-snippet:-1, max-image-preview:large, max-video-preview:-1\" \/>\n<link rel=\"canonical\" href=\"https:\/\/www.nettali.com\/2024\/03\/17\/camapagne-electorale-amadou-kanoute-plutot-pour-laffrontement-des-candidats-sur-les-idees-de-programme\/\" \/>\n<meta property=\"og:locale\" content=\"fr_FR\" \/>\n<meta property=\"og:type\" content=\"article\" \/>\n<meta property=\"og:title\" content=\"CAMAPAGNE ELECTORALE - Amadou Kanout\u00e9 plut\u00f4t pour &quot;l&#039;affrontement des candidats sur les id\u00e9es de programme...&quot;\" \/>\n<meta property=\"og:description\" content=\"NETTALI.COM - Le directeur ex\u00e9cutif de\u00a0 ONG Cicodev Afrique, Amadou Kanout\u00e9 a donn\u00e9 son avis sur la campagne \u00e9lectorale que sont en train de d\u00e9rouler les diff\u00e9rents candidats \u00e0 l\u2019\u00e9lection Pr\u00e9sidentielle. Il estime que les candidats sont dans le pr\u00eache. Et qu\u2019il manque cette bataille d\u2019id\u00e9es entre candidats qui avait l\u2019habitude de se faire. Amadou [&hellip;]\" \/>\n<meta property=\"og:url\" content=\"https:\/\/www.nettali.com\/2024\/03\/17\/camapagne-electorale-amadou-kanoute-plutot-pour-laffrontement-des-candidats-sur-les-idees-de-programme\/\" \/>\n<meta property=\"og:site_name\" content=\"Nettali.com\" \/>\n<meta property=\"article:publisher\" content=\"https:\/\/www.facebook.com\/nettalicom\" \/>\n<meta property=\"article:published_time\" content=\"2024-03-17T19:17:40+00:00\" \/>\n<meta property=\"og:image\" content=\"https:\/\/www.nettali.com\/wp-content\/uploads\/2024\/03\/images-2.jpeg\" \/>\n\t<meta property=\"og:image:width\" content=\"268\" \/>\n\t<meta property=\"og:image:height\" content=\"188\" \/>\n<meta name=\"twitter:card\" content=\"summary_large_image\" \/>\n<meta name=\"twitter:label1\" content=\"\u00c9crit par\" \/>\n\t<meta name=\"twitter:data1\" content=\"Fatou\" \/>\n\t<meta name=\"twitter:label2\" content=\"Dur\u00e9e de lecture estim\u00e9e\" \/>\n\t<meta name=\"twitter:data2\" content=\"2 minutes\" \/>\n<script type=\"application\/ld+json\" class=\"yoast-schema-graph\">{\"@context\":\"https:\/\/schema.org\",\"@graph\":[{\"@type\":\"WebSite\",\"@id\":\"https:\/\/www.nettali.com\/#website\",\"url\":\"https:\/\/www.nettali.com\/\",\"name\":\"Nettali.com\",\"description\":\"Le rendez-vous critique du Net\",\"potentialAction\":[{\"@type\":\"SearchAction\",\"target\":{\"@type\":\"EntryPoint\",\"urlTemplate\":\"https:\/\/www.nettali.com\/?s={search_term_string}\"},\"query-input\":\"required name=search_term_string\"}],\"inLanguage\":\"fr-FR\"},{\"@type\":\"ImageObject\",\"@id\":\"https:\/\/www.nettali.com\/2024\/03\/17\/camapagne-electorale-amadou-kanoute-plutot-pour-laffrontement-des-candidats-sur-les-idees-de-programme\/#primaryimage\",\"inLanguage\":\"fr-FR\",\"url\":\"https:\/\/www.nettali.com\/wp-content\/uploads\/2024\/03\/images-2.jpeg\",\"contentUrl\":\"https:\/\/www.nettali.com\/wp-content\/uploads\/2024\/03\/images-2.jpeg\",\"width\":268,\"height\":188},{\"@type\":\"WebPage\",\"@id\":\"https:\/\/www.nettali.com\/2024\/03\/17\/camapagne-electorale-amadou-kanoute-plutot-pour-laffrontement-des-candidats-sur-les-idees-de-programme\/#webpage\",\"url\":\"https:\/\/www.nettali.com\/2024\/03\/17\/camapagne-electorale-amadou-kanoute-plutot-pour-laffrontement-des-candidats-sur-les-idees-de-programme\/\",\"name\":\"CAMAPAGNE ELECTORALE - Amadou Kanout\\u00e9 plut\\u00f4t pour \\\"l'affrontement des candidats sur les id\\u00e9es de programme...\\\" | Nettali.com\",\"isPartOf\":{\"@id\":\"https:\/\/www.nettali.com\/#website\"},\"primaryImageOfPage\":{\"@id\":\"https:\/\/www.nettali.com\/2024\/03\/17\/camapagne-electorale-amadou-kanoute-plutot-pour-laffrontement-des-candidats-sur-les-idees-de-programme\/#primaryimage\"},\"datePublished\":\"2024-03-17T19:17:40+00:00\",\"dateModified\":\"2024-03-17T19:17:40+00:00\",\"author\":{\"@id\":\"https:\/\/www.nettali.com\/#\/schema\/person\/418274a86bdf87caff7a3ef476bd0bbf\"},\"breadcrumb\":{\"@id\":\"https:\/\/www.nettali.com\/2024\/03\/17\/camapagne-electorale-amadou-kanoute-plutot-pour-laffrontement-des-candidats-sur-les-idees-de-programme\/#breadcrumb\"},\"inLanguage\":\"fr-FR\",\"potentialAction\":[{\"@type\":\"ReadAction\",\"target\":[\"https:\/\/www.nettali.com\/2024\/03\/17\/camapagne-electorale-amadou-kanoute-plutot-pour-laffrontement-des-candidats-sur-les-idees-de-programme\/\"]}]},{\"@type\":\"BreadcrumbList\",\"@id\":\"https:\/\/www.nettali.com\/2024\/03\/17\/camapagne-electorale-amadou-kanoute-plutot-pour-laffrontement-des-candidats-sur-les-idees-de-programme\/#breadcrumb\",\"itemListElement\":[{\"@type\":\"ListItem\",\"position\":1,\"name\":\"Accueil\",\"item\":\"https:\/\/www.nettali.com\/\"},{\"@type\":\"ListItem\",\"position\":2,\"name\":\"CAMAPAGNE ELECTORALE - Amadou Kanout\\u00e9 plut\\u00f4t pour \\\"l'affrontement des candidats sur les id\\u00e9es de programme...\\\"\"}]},{\"@type\":\"Person\",\"@id\":\"https:\/\/www.nettali.com\/#\/schema\/person\/418274a86bdf87caff7a3ef476bd0bbf\",\"name\":\"Fatou\",\"image\":{\"@type\":\"ImageObject\",\"@id\":\"https:\/\/www.nettali.com\/#personlogo\",\"inLanguage\":\"fr-FR\",\"url\":\"https:\/\/secure.gravatar.com\/avatar\/5a9442a2bee7b4dcf167cab035858e9a?s=96&d=mm&r=g\",\"contentUrl\":\"https:\/\/secure.gravatar.com\/avatar\/5a9442a2bee7b4dcf167cab035858e9a?s=96&d=mm&r=g\",\"caption\":\"Fatou\"},\"sameAs\":[\"https:\/\/www.nettali.com\"]}]}<\/script>\n<!-- \/ Yoast SEO Premium plugin. -->","yoast_head_json":{"title":"CAMAPAGNE ELECTORALE - Amadou Kanout\u00e9 plut\u00f4t pour \"l'affrontement des candidats sur les id\u00e9es de programme...\" | Nettali.com","robots":{"index":"index","follow":"follow","max-snippet":"max-snippet:-1","max-image-preview":"max-image-preview:large","max-video-preview":"max-video-preview:-1"},"canonical":"https:\/\/www.nettali.com\/2024\/03\/17\/camapagne-electorale-amadou-kanoute-plutot-pour-laffrontement-des-candidats-sur-les-idees-de-programme\/","og_locale":"fr_FR","og_type":"article","og_title":"CAMAPAGNE ELECTORALE - Amadou Kanout\u00e9 plut\u00f4t pour \"l'affrontement des candidats sur les id\u00e9es de programme...\"","og_description":"NETTALI.COM - Le directeur ex\u00e9cutif de\u00a0 ONG Cicodev Afrique, Amadou Kanout\u00e9 a donn\u00e9 son avis sur la campagne \u00e9lectorale que sont en train de d\u00e9rouler les diff\u00e9rents candidats \u00e0 l\u2019\u00e9lection Pr\u00e9sidentielle. Il estime que les candidats sont dans le pr\u00eache. Et qu\u2019il manque cette bataille d\u2019id\u00e9es entre candidats qui avait l\u2019habitude de se faire. Amadou [&hellip;]","og_url":"https:\/\/www.nettali.com\/2024\/03\/17\/camapagne-electorale-amadou-kanoute-plutot-pour-laffrontement-des-candidats-sur-les-idees-de-programme\/","og_site_name":"Nettali.com","article_publisher":"https:\/\/www.facebook.com\/nettalicom","article_published_time":"2024-03-17T19:17:40+00:00","og_image":[{"width":268,"height":188,"url":"https:\/\/www.nettali.com\/wp-content\/uploads\/2024\/03\/images-2.jpeg","type":"image\/jpeg"}],"twitter_card":"summary_large_image","twitter_misc":{"\u00c9crit par":"Fatou","Dur\u00e9e de lecture estim\u00e9e":"2 minutes"},"schema":{"@context":"https:\/\/schema.org","@graph":[{"@type":"WebSite","@id":"https:\/\/www.nettali.com\/#website","url":"https:\/\/www.nettali.com\/","name":"Nettali.com","description":"Le rendez-vous critique du Net","potentialAction":[{"@type":"SearchAction","target":{"@type":"EntryPoint","urlTemplate":"https:\/\/www.nettali.com\/?s={search_term_string}"},"query-input":"required name=search_term_string"}],"inLanguage":"fr-FR"},{"@type":"ImageObject","@id":"https:\/\/www.nettali.com\/2024\/03\/17\/camapagne-electorale-amadou-kanoute-plutot-pour-laffrontement-des-candidats-sur-les-idees-de-programme\/#primaryimage","inLanguage":"fr-FR","url":"https:\/\/www.nettali.com\/wp-content\/uploads\/2024\/03\/images-2.jpeg","contentUrl":"https:\/\/www.nettali.com\/wp-content\/uploads\/2024\/03\/images-2.jpeg","width":268,"height":188},{"@type":"WebPage","@id":"https:\/\/www.nettali.com\/2024\/03\/17\/camapagne-electorale-amadou-kanoute-plutot-pour-laffrontement-des-candidats-sur-les-idees-de-programme\/#webpage","url":"https:\/\/www.nettali.com\/2024\/03\/17\/camapagne-electorale-amadou-kanoute-plutot-pour-laffrontement-des-candidats-sur-les-idees-de-programme\/","name":"CAMAPAGNE ELECTORALE - Amadou Kanout\u00e9 plut\u00f4t pour \"l'affrontement des candidats sur les id\u00e9es de programme...\" | Nettali.com","isPartOf":{"@id":"https:\/\/www.nettali.com\/#website"},"primaryImageOfPage":{"@id":"https:\/\/www.nettali.com\/2024\/03\/17\/camapagne-electorale-amadou-kanoute-plutot-pour-laffrontement-des-candidats-sur-les-idees-de-programme\/#primaryimage"},"datePublished":"2024-03-17T19:17:40+00:00","dateModified":"2024-03-17T19:17:40+00:00","author":{"@id":"https:\/\/www.nettali.com\/#\/schema\/person\/418274a86bdf87caff7a3ef476bd0bbf"},"breadcrumb":{"@id":"https:\/\/www.nettali.com\/2024\/03\/17\/camapagne-electorale-amadou-kanoute-plutot-pour-laffrontement-des-candidats-sur-les-idees-de-programme\/#breadcrumb"},"inLanguage":"fr-FR","potentialAction":[{"@type":"ReadAction","target":["https:\/\/www.nettali.com\/2024\/03\/17\/camapagne-electorale-amadou-kanoute-plutot-pour-laffrontement-des-candidats-sur-les-idees-de-programme\/"]}]},{"@type":"BreadcrumbList","@id":"https:\/\/www.nettali.com\/2024\/03\/17\/camapagne-electorale-amadou-kanoute-plutot-pour-laffrontement-des-candidats-sur-les-idees-de-programme\/#breadcrumb","itemListElement":[{"@type":"ListItem","position":1,"name":"Accueil","item":"https:\/\/www.nettali.com\/"},{"@type":"ListItem","position":2,"name":"CAMAPAGNE ELECTORALE - Amadou Kanout\u00e9 plut\u00f4t pour \"l'affrontement des candidats sur les id\u00e9es de programme...\""}]},{"@type":"Person","@id":"https:\/\/www.nettali.com\/#\/schema\/person\/418274a86bdf87caff7a3ef476bd0bbf","name":"Fatou","image":{"@type":"ImageObject","@id":"https:\/\/www.nettali.com\/#personlogo","inLanguage":"fr-FR","url":"https:\/\/secure.gravatar.com\/avatar\/5a9442a2bee7b4dcf167cab035858e9a?s=96&d=mm&r=g","contentUrl":"https:\/\/secure.gravatar.com\/avatar\/5a9442a2bee7b4dcf167cab035858e9a?s=96&d=mm&r=g","caption":"Fatou"},"sameAs":["https:\/\/www.nettali.com"]}]}},"_links":{"self":[{"href":"https:\/\/www.nettali.com\/rest\/wp\/v2\/posts\/129747"}],"collection":[{"href":"https:\/\/www.nettali.com\/rest\/wp\/v2\/posts"}],"about":[{"href":"https:\/\/www.nettali.com\/rest\/wp\/v2\/types\/post"}],"author":[{"embeddable":true,"href":"https:\/\/www.nettali.com\/rest\/wp\/v2\/users\/6"}],"replies":[{"embeddable":true,"href":"https:\/\/www.nettali.com\/rest\/wp\/v2\/comments?post=129747"}],"version-history":[{"count":3,"href":"https:\/\/www.nettali.com\/rest\/wp\/v2\/posts\/129747\/revisions"}],"predecessor-version":[{"id":129756,"href":"https:\/\/www.nettali.com\/rest\/wp\/v2\/posts\/129747\/revisions\/129756"}],"wp:featuredmedia":[{"embeddable":true,"href":"https:\/\/www.nettali.com\/rest\/wp\/v2\/media\/129749"}],"wp:attachment":[{"href":"https:\/\/www.nettali.com\/rest\/wp\/v2\/media?parent=129747"}],"wp:term":[{"taxonomy":"category","embeddable":true,"href":"https:\/\/www.nettali.com\/rest\/wp\/v2\/categories?post=129747"},{"taxonomy":"post_tag","embeddable":true,"href":"https:\/\/www.nettali.com\/rest\/wp\/v2\/tags?post=129747"}],"curies":[{"name":"wp","href":"https:\/\/api.w.org\/{rel}","templated":true}]}}