{"id":129727,"date":"2024-03-17T18:19:18","date_gmt":"2024-03-17T18:19:18","guid":{"rendered":"https:\/\/www.nettali.com\/?p=129727"},"modified":"2024-03-17T15:20:54","modified_gmt":"2024-03-17T15:20:54","slug":"presidentielle-du-24-mars-la-cedeao-va-deployer-130-observateurs","status":"publish","type":"post","link":"https:\/\/www.nettali.com\/2024\/03\/17\/presidentielle-du-24-mars-la-cedeao-va-deployer-130-observateurs\/","title":{"rendered":"PRESIDENTIELLE DU 24 MARS - La Cedeao va d\u00e9ployer 130 observateurs"},"content":{"rendered":"<p><strong>NETTALI.COM - La Communaut\u00e9 \u00e9conomique des Etats de l\u2019Afrique de l\u2019ouest (Cedeao) va d\u00e9ployer au S\u00e9n\u00e9gal une mission d\u2019observation \u00e9lectorale de 130 membres dirig\u00e9e par l\u2019ancien sous-secr\u00e9taire g\u00e9n\u00e9ral des Nations unies, le nig\u00e9rian, Ibrahim Agboola Gambari.<\/strong><\/p>\n<p>Dans le cadre de la tenue de l\u2019\u00e9lection pr\u00e9sidentielle du 24 mars au S\u00e9n\u00e9gal la Commission de la Cedeao d\u00e9ploiera une forte d\u00e9l\u00e9gation de 130 observateurs sous la direction du professeur Ibrahim Agboola Gambari, ancien sous-secr\u00e9taire g\u00e9n\u00e9ral des Nations unies et ancien ministre des Affaires \u00e9trang\u00e8res du Nigeria, a indiqu\u00e9 l\u2019organisation communautaire dans un communiqu\u00e9.<\/p>\n<p>La Commission de la Cedeao d\u00e9clare ainsi suivre l\u2019\u00e9volution de la situation politique au S\u00e9n\u00e9gal en se f\u00e9licitant notamment de la promulgation d\u2019une loi d\u2019amnistie dans le pays qui s\u2019appr\u00eate \u00e0 \u00e9lire le 24 mars un pr\u00e9sident de la R\u00e9publique en remplacement de Macky Sall au pouvoir depuis 12 ans.<\/p>\n<p>Elle lance un appel \u00e0 toutes les parties prenantes du processus \u00e9lectoral \u00e0 faire du S\u00e9n\u00e9gal le vrai gagnant l\u2019\u00e9lection, les invitant \u00e0 pr\u00f4n\u00e9 et donner la priorit\u00e9 \u00e0 la tol\u00e9rance, \u00e0 la paix et \u00e0 la r\u00e9conciliation \u00e0 travers des propos et des actes pacifiques.<\/p>\n<div class='share-to-whatsapp-wrapper'><div class='share-on-whsp'>PARTAGER SUR : <\/div><a data-text='PRESIDENTIELLE DU 24 MARS - La Cedeao va d\u00e9ployer 130 observateurs' data-link='https:\/\/www.nettali.com\/2024\/03\/17\/presidentielle-du-24-mars-la-cedeao-va-deployer-130-observateurs\/' class='whatsapp-button whatsapp-share'>WhatsApp<\/a><div class='clear '><\/div><\/div>","protected":false},"excerpt":{"rendered":"<p>NETTALI.COM - La Communaut\u00e9 \u00e9conomique des Etats de l\u2019Afrique de l\u2019ouest (Cedeao) va d\u00e9ployer au S\u00e9n\u00e9gal une mission d\u2019observation \u00e9lectorale de 130 membres dirig\u00e9e par l\u2019ancien sous-secr\u00e9taire g\u00e9n\u00e9ral des Nations unies, le nig\u00e9rian, Ibrahim Agboola Gambari. Dans le cadre de la tenue de l\u2019\u00e9lection pr\u00e9sidentielle du 24 mars au S\u00e9n\u00e9gal la Commission de la Cedeao [&hellip;]<\/p>\n","protected":false},"author":4,"featured_media":127415,"comment_status":"open","ping_status":"open","sticky":false,"template":"","format":"standard","meta":{"_et_pb_use_builder":"","_et_pb_old_content":""},"categories":[2],"tags":[],"yoast_head":"<!-- This site is optimized with the Yoast SEO Premium plugin v17.8 (Yoast SEO v17.8) - https:\/\/yoast.com\/wordpress\/plugins\/seo\/ -->\n<title>PRESIDENTIELLE DU 24 MARS - La Cedeao va d\u00e9ployer 130 observateurs | Nettali.com<\/title>\n<meta name=\"robots\" content=\"index, follow, max-snippet:-1, max-image-preview:large, max-video-preview:-1\" \/>\n<link rel=\"canonical\" href=\"https:\/\/www.nettali.com\/2024\/03\/17\/presidentielle-du-24-mars-la-cedeao-va-deployer-130-observateurs\/\" \/>\n<meta property=\"og:locale\" content=\"fr_FR\" \/>\n<meta property=\"og:type\" content=\"article\" \/>\n<meta property=\"og:title\" content=\"PRESIDENTIELLE DU 24 MARS - La Cedeao va d\u00e9ployer 130 observateurs\" \/>\n<meta property=\"og:description\" content=\"NETTALI.COM - La Communaut\u00e9 \u00e9conomique des Etats de l\u2019Afrique de l\u2019ouest (Cedeao) va d\u00e9ployer au S\u00e9n\u00e9gal une mission d\u2019observation \u00e9lectorale de 130 membres dirig\u00e9e par l\u2019ancien sous-secr\u00e9taire g\u00e9n\u00e9ral des Nations unies, le nig\u00e9rian, Ibrahim Agboola Gambari. Dans le cadre de la tenue de l\u2019\u00e9lection pr\u00e9sidentielle du 24 mars au S\u00e9n\u00e9gal la Commission de la Cedeao [&hellip;]\" \/>\n<meta property=\"og:url\" content=\"https:\/\/www.nettali.com\/2024\/03\/17\/presidentielle-du-24-mars-la-cedeao-va-deployer-130-observateurs\/\" \/>\n<meta property=\"og:site_name\" content=\"Nettali.com\" \/>\n<meta property=\"article:publisher\" content=\"https:\/\/www.facebook.com\/nettalicom\" \/>\n<meta property=\"article:published_time\" content=\"2024-03-17T18:19:18+00:00\" \/>\n<meta property=\"article:modified_time\" content=\"2024-03-17T15:20:54+00:00\" \/>\n<meta property=\"og:image\" content=\"https:\/\/www.nettali.com\/wp-content\/uploads\/2024\/02\/Cedeao.jpeg\" \/>\n\t<meta property=\"og:image:width\" content=\"950\" \/>\n\t<meta property=\"og:image:height\" content=\"481\" \/>\n<meta name=\"twitter:card\" content=\"summary_large_image\" \/>\n<meta name=\"twitter:label1\" content=\"\u00c9crit par\" \/>\n\t<meta name=\"twitter:data1\" content=\"Daouda\" \/>\n\t<meta name=\"twitter:label2\" content=\"Dur\u00e9e de lecture estim\u00e9e\" \/>\n\t<meta name=\"twitter:data2\" content=\"1 minute\" \/>\n<script type=\"application\/ld+json\" class=\"yoast-schema-graph\">{\"@context\":\"https:\/\/schema.org\",\"@graph\":[{\"@type\":\"WebSite\",\"@id\":\"https:\/\/www.nettali.com\/#website\",\"url\":\"https:\/\/www.nettali.com\/\",\"name\":\"Nettali.com\",\"description\":\"Le rendez-vous critique du Net\",\"potentialAction\":[{\"@type\":\"SearchAction\",\"target\":{\"@type\":\"EntryPoint\",\"urlTemplate\":\"https:\/\/www.nettali.com\/?s={search_term_string}\"},\"query-input\":\"required name=search_term_string\"}],\"inLanguage\":\"fr-FR\"},{\"@type\":\"ImageObject\",\"@id\":\"https:\/\/www.nettali.com\/2024\/03\/17\/presidentielle-du-24-mars-la-cedeao-va-deployer-130-observateurs\/#primaryimage\",\"inLanguage\":\"fr-FR\",\"url\":\"https:\/\/www.nettali.com\/wp-content\/uploads\/2024\/02\/Cedeao.jpeg\",\"contentUrl\":\"https:\/\/www.nettali.com\/wp-content\/uploads\/2024\/02\/Cedeao.jpeg\",\"width\":950,\"height\":481},{\"@type\":\"WebPage\",\"@id\":\"https:\/\/www.nettali.com\/2024\/03\/17\/presidentielle-du-24-mars-la-cedeao-va-deployer-130-observateurs\/#webpage\",\"url\":\"https:\/\/www.nettali.com\/2024\/03\/17\/presidentielle-du-24-mars-la-cedeao-va-deployer-130-observateurs\/\",\"name\":\"PRESIDENTIELLE DU 24 MARS - La Cedeao va d\\u00e9ployer 130 observateurs | Nettali.com\",\"isPartOf\":{\"@id\":\"https:\/\/www.nettali.com\/#website\"},\"primaryImageOfPage\":{\"@id\":\"https:\/\/www.nettali.com\/2024\/03\/17\/presidentielle-du-24-mars-la-cedeao-va-deployer-130-observateurs\/#primaryimage\"},\"datePublished\":\"2024-03-17T18:19:18+00:00\",\"dateModified\":\"2024-03-17T15:20:54+00:00\",\"author\":{\"@id\":\"https:\/\/www.nettali.com\/#\/schema\/person\/3317e0bb3aa1da309fbf7b2780901bf4\"},\"breadcrumb\":{\"@id\":\"https:\/\/www.nettali.com\/2024\/03\/17\/presidentielle-du-24-mars-la-cedeao-va-deployer-130-observateurs\/#breadcrumb\"},\"inLanguage\":\"fr-FR\",\"potentialAction\":[{\"@type\":\"ReadAction\",\"target\":[\"https:\/\/www.nettali.com\/2024\/03\/17\/presidentielle-du-24-mars-la-cedeao-va-deployer-130-observateurs\/\"]}]},{\"@type\":\"BreadcrumbList\",\"@id\":\"https:\/\/www.nettali.com\/2024\/03\/17\/presidentielle-du-24-mars-la-cedeao-va-deployer-130-observateurs\/#breadcrumb\",\"itemListElement\":[{\"@type\":\"ListItem\",\"position\":1,\"name\":\"Accueil\",\"item\":\"https:\/\/www.nettali.com\/\"},{\"@type\":\"ListItem\",\"position\":2,\"name\":\"PRESIDENTIELLE DU 24 MARS - La Cedeao va d\\u00e9ployer 130 observateurs\"}]},{\"@type\":\"Person\",\"@id\":\"https:\/\/www.nettali.com\/#\/schema\/person\/3317e0bb3aa1da309fbf7b2780901bf4\",\"name\":\"Daouda\",\"image\":{\"@type\":\"ImageObject\",\"@id\":\"https:\/\/www.nettali.com\/#personlogo\",\"inLanguage\":\"fr-FR\",\"url\":\"https:\/\/secure.gravatar.com\/avatar\/8d143b5a49345098ddcfee1c49c2f47c?s=96&d=mm&r=g\",\"contentUrl\":\"https:\/\/secure.gravatar.com\/avatar\/8d143b5a49345098ddcfee1c49c2f47c?s=96&d=mm&r=g\",\"caption\":\"Daouda\"},\"sameAs\":[\"https:\/\/www.nettali.com\"]}]}<\/script>\n<!-- \/ Yoast SEO Premium plugin. -->","yoast_head_json":{"title":"PRESIDENTIELLE DU 24 MARS - La Cedeao va d\u00e9ployer 130 observateurs | Nettali.com","robots":{"index":"index","follow":"follow","max-snippet":"max-snippet:-1","max-image-preview":"max-image-preview:large","max-video-preview":"max-video-preview:-1"},"canonical":"https:\/\/www.nettali.com\/2024\/03\/17\/presidentielle-du-24-mars-la-cedeao-va-deployer-130-observateurs\/","og_locale":"fr_FR","og_type":"article","og_title":"PRESIDENTIELLE DU 24 MARS - La Cedeao va d\u00e9ployer 130 observateurs","og_description":"NETTALI.COM - La Communaut\u00e9 \u00e9conomique des Etats de l\u2019Afrique de l\u2019ouest (Cedeao) va d\u00e9ployer au S\u00e9n\u00e9gal une mission d\u2019observation \u00e9lectorale de 130 membres dirig\u00e9e par l\u2019ancien sous-secr\u00e9taire g\u00e9n\u00e9ral des Nations unies, le nig\u00e9rian, Ibrahim Agboola Gambari. Dans le cadre de la tenue de l\u2019\u00e9lection pr\u00e9sidentielle du 24 mars au S\u00e9n\u00e9gal la Commission de la Cedeao [&hellip;]","og_url":"https:\/\/www.nettali.com\/2024\/03\/17\/presidentielle-du-24-mars-la-cedeao-va-deployer-130-observateurs\/","og_site_name":"Nettali.com","article_publisher":"https:\/\/www.facebook.com\/nettalicom","article_published_time":"2024-03-17T18:19:18+00:00","article_modified_time":"2024-03-17T15:20:54+00:00","og_image":[{"width":950,"height":481,"url":"https:\/\/www.nettali.com\/wp-content\/uploads\/2024\/02\/Cedeao.jpeg","type":"image\/jpeg"}],"twitter_card":"summary_large_image","twitter_misc":{"\u00c9crit par":"Daouda","Dur\u00e9e de lecture estim\u00e9e":"1 minute"},"schema":{"@context":"https:\/\/schema.org","@graph":[{"@type":"WebSite","@id":"https:\/\/www.nettali.com\/#website","url":"https:\/\/www.nettali.com\/","name":"Nettali.com","description":"Le rendez-vous critique du Net","potentialAction":[{"@type":"SearchAction","target":{"@type":"EntryPoint","urlTemplate":"https:\/\/www.nettali.com\/?s={search_term_string}"},"query-input":"required name=search_term_string"}],"inLanguage":"fr-FR"},{"@type":"ImageObject","@id":"https:\/\/www.nettali.com\/2024\/03\/17\/presidentielle-du-24-mars-la-cedeao-va-deployer-130-observateurs\/#primaryimage","inLanguage":"fr-FR","url":"https:\/\/www.nettali.com\/wp-content\/uploads\/2024\/02\/Cedeao.jpeg","contentUrl":"https:\/\/www.nettali.com\/wp-content\/uploads\/2024\/02\/Cedeao.jpeg","width":950,"height":481},{"@type":"WebPage","@id":"https:\/\/www.nettali.com\/2024\/03\/17\/presidentielle-du-24-mars-la-cedeao-va-deployer-130-observateurs\/#webpage","url":"https:\/\/www.nettali.com\/2024\/03\/17\/presidentielle-du-24-mars-la-cedeao-va-deployer-130-observateurs\/","name":"PRESIDENTIELLE DU 24 MARS - La Cedeao va d\u00e9ployer 130 observateurs | Nettali.com","isPartOf":{"@id":"https:\/\/www.nettali.com\/#website"},"primaryImageOfPage":{"@id":"https:\/\/www.nettali.com\/2024\/03\/17\/presidentielle-du-24-mars-la-cedeao-va-deployer-130-observateurs\/#primaryimage"},"datePublished":"2024-03-17T18:19:18+00:00","dateModified":"2024-03-17T15:20:54+00:00","author":{"@id":"https:\/\/www.nettali.com\/#\/schema\/person\/3317e0bb3aa1da309fbf7b2780901bf4"},"breadcrumb":{"@id":"https:\/\/www.nettali.com\/2024\/03\/17\/presidentielle-du-24-mars-la-cedeao-va-deployer-130-observateurs\/#breadcrumb"},"inLanguage":"fr-FR","potentialAction":[{"@type":"ReadAction","target":["https:\/\/www.nettali.com\/2024\/03\/17\/presidentielle-du-24-mars-la-cedeao-va-deployer-130-observateurs\/"]}]},{"@type":"BreadcrumbList","@id":"https:\/\/www.nettali.com\/2024\/03\/17\/presidentielle-du-24-mars-la-cedeao-va-deployer-130-observateurs\/#breadcrumb","itemListElement":[{"@type":"ListItem","position":1,"name":"Accueil","item":"https:\/\/www.nettali.com\/"},{"@type":"ListItem","position":2,"name":"PRESIDENTIELLE DU 24 MARS - La Cedeao va d\u00e9ployer 130 observateurs"}]},{"@type":"Person","@id":"https:\/\/www.nettali.com\/#\/schema\/person\/3317e0bb3aa1da309fbf7b2780901bf4","name":"Daouda","image":{"@type":"ImageObject","@id":"https:\/\/www.nettali.com\/#personlogo","inLanguage":"fr-FR","url":"https:\/\/secure.gravatar.com\/avatar\/8d143b5a49345098ddcfee1c49c2f47c?s=96&d=mm&r=g","contentUrl":"https:\/\/secure.gravatar.com\/avatar\/8d143b5a49345098ddcfee1c49c2f47c?s=96&d=mm&r=g","caption":"Daouda"},"sameAs":["https:\/\/www.nettali.com"]}]}},"_links":{"self":[{"href":"https:\/\/www.nettali.com\/rest\/wp\/v2\/posts\/129727"}],"collection":[{"href":"https:\/\/www.nettali.com\/rest\/wp\/v2\/posts"}],"about":[{"href":"https:\/\/www.nettali.com\/rest\/wp\/v2\/types\/post"}],"author":[{"embeddable":true,"href":"https:\/\/www.nettali.com\/rest\/wp\/v2\/users\/4"}],"replies":[{"embeddable":true,"href":"https:\/\/www.nettali.com\/rest\/wp\/v2\/comments?post=129727"}],"version-history":[{"count":1,"href":"https:\/\/www.nettali.com\/rest\/wp\/v2\/posts\/129727\/revisions"}],"predecessor-version":[{"id":129728,"href":"https:\/\/www.nettali.com\/rest\/wp\/v2\/posts\/129727\/revisions\/129728"}],"wp:featuredmedia":[{"embeddable":true,"href":"https:\/\/www.nettali.com\/rest\/wp\/v2\/media\/127415"}],"wp:attachment":[{"href":"https:\/\/www.nettali.com\/rest\/wp\/v2\/media?parent=129727"}],"wp:term":[{"taxonomy":"category","embeddable":true,"href":"https:\/\/www.nettali.com\/rest\/wp\/v2\/categories?post=129727"},{"taxonomy":"post_tag","embeddable":true,"href":"https:\/\/www.nettali.com\/rest\/wp\/v2\/tags?post=129727"}],"curies":[{"name":"wp","href":"https:\/\/api.w.org\/{rel}","templated":true}]}}