{"id":129611,"date":"2024-03-15T11:11:35","date_gmt":"2024-03-15T11:11:35","guid":{"rendered":"https:\/\/www.nettali.com\/?p=129611"},"modified":"2024-03-15T11:11:35","modified_gmt":"2024-03-15T11:11:35","slug":"deces-aux-usa-qui-etait-alassane-dialy-ndiaye","status":"publish","type":"post","link":"https:\/\/www.nettali.com\/2024\/03\/15\/deces-aux-usa-qui-etait-alassane-dialy-ndiaye\/","title":{"rendered":"DECES AUX USA - Qui \u00e9tait Alassane Dialy Ndiaye !"},"content":{"rendered":"<p><strong>NETTALI.COM - Alassane Dialy Ndiaye a tir\u00e9 sa r\u00e9v\u00e9rence. N\u00e9 le\u00a0<time class=\"nowrap bday\" datetime=\"1942-10-15\" data-sort-value=\"1942-10-15\">15 octobre 1942<\/time>\u00a0\u00e0\u00a0Yenne, cet ancien ministre\u00a0 est d\u00e9c\u00e9d\u00e9 ce jeudi aux \u00c9tats-Unis. \u00abLes formalit\u00e9s sont en train d\u2019\u00eatre accomplies pour le rapatriement de la d\u00e9pouille\u00bb, informe Les \u00c9chos dans son \u00e9dition du jour.<\/strong><\/p>\n<p>\u00abPremier ing\u00e9nieur en t\u00e9l\u00e9communication et technologie en Afrique noire\u00bb, Alassane Dialy Ndiaye a \u00e9t\u00e9 directeur g\u00e9n\u00e9ral de la Sonatel. Il est consid\u00e9r\u00e9 comme un [des p\u00e8res] fondateur[s] des t\u00e9l\u00e9communications au S\u00e9n\u00e9gal.<\/p>\n<p>En 1971 il devient le premier Africain sp\u00e9cialis\u00e9 dans les T\u00e9l\u00e9communications spatiales, participant activement \u00e0 la mise en place de la Station terrienne de\u00a0t\u00e9l\u00e9communications par satellite\u00a0de\u00a0Gandoul\u00a0(S\u00e9n\u00e9gal), la premi\u00e8re du genre sur le continent africain, (inaugur\u00e9e le\u00a0<time class=\"nowrap\" datetime=\"1972-04-05\" data-sort-value=\"1972-04-05\">5 avril 1972<\/time>\u00a0par le Pr\u00e9sident Senghor) et \u00e0 la formation de nombreux ing\u00e9nieurs et techniciens africains.<\/p>\n<p>En 1978 l'essentiel des communications internationales du S\u00e9n\u00e9gal est automatis\u00e9. Au d\u00e9but des\u00a0ann\u00e9es 1980, le site de Gandoul est choisi par la\u00a0NASA, pour abriter la station de contr\u00f4le et de communications de la\u00a0navette spatiale. Sa participation aux premiers essais de la navette est reconnue par la NASA.<\/p>\n<p>En\u00a0<time class=\"nowrap\" datetime=\"1981-08\" data-sort-value=\"1981-08\">ao\u00fbt 1981<\/time>, alors Directeur de Telesenegal, il r\u00e9dige un rapport, tr\u00e8s discut\u00e9, adress\u00e9 au Pr\u00e9sident de la R\u00e9publique sur la n\u00e9cessit\u00e9 de rassembler les T\u00e9l\u00e9communications dans une entit\u00e9 unique (\u00e0 l\u2019\u00e9poque Telesenegal g\u00e9rait les T\u00e9l\u00e9coms internationales, les T\u00e9l\u00e9coms int\u00e9rieures relevant de l\u2019OPT, Office des Postes et T\u00e9l\u00e9communications), r\u00e9flexion qui aboutit aux Journ\u00e9es Nationales des T\u00e9l\u00e9coms, qu'il pr\u00e9side en\u00a0<time class=\"nowrap\" datetime=\"1983-06\" data-sort-value=\"1983-06\">juin 1983<\/time>, et \u00e0 la cr\u00e9ation de la Soci\u00e9t\u00e9 nationale des t\u00e9l\u00e9communications du S\u00e9n\u00e9gal (Sonatel).<\/p>\n<p>En\u00a0<time class=\"nowrap\" datetime=\"1985-09\" data-sort-value=\"1985-09\">septembre 1985<\/time>, il est le Directeur G\u00e9n\u00e9ral-fondateur de la Sonatel, soci\u00e9t\u00e9 d\u2019\u00c9tat fonctionnant comme une entreprise de type priv\u00e9. Il y r\u00e9alise un important programme de modernisation du r\u00e9seau.<\/p>\n<p>Il sera conjointement Secr\u00e9taire G\u00e9n\u00e9ral de la Coordination du Parti Socialiste \u00e0\u00a0S\u00e9bikotane, Secr\u00e9taire G\u00e9n\u00e9ral de l\u2019Union D\u00e9partementale de\u00a0Rufisque, Membre du Comit\u00e9 Central du\u00a0Parti socialiste, membre du Bureau politique pendant douze ans, \u00e9lu plusieurs fois d\u00e9put\u00e9 \u00e0 l\u2019Assembl\u00e9e nationale du S\u00e9n\u00e9gal.<\/p>\n<p>En\u00a0<time class=\"nowrap\" datetime=\"1988-04\" data-sort-value=\"1988-04\">avril 1988<\/time>, il est nomm\u00e9 Ministre de l\u2019\u00c9quipement. Il fera adopter le syst\u00e8me d\u2019immatriculation des v\u00e9hicules, encore applicable aujourd\u2019hui.<\/p>\n<p>En 1991, il devient Ministre de l\u2019Industrie et de l\u2019Artisanat (cr\u00e9ation du Fonds de Promotion Economique, destin\u00e9 \u00e0 la constitution d\u2019un r\u00e9seau de\u00a0PMI\u00a0s\u00e9n\u00e9galaises). Il r\u00e9alise le premier recensement des artisans du S\u00e9n\u00e9gal. En 1992, il devient \u00e9galement charg\u00e9 du Commerce.<\/p>\n<p>En 1993, il re\u00e7oit en plus, le portefeuille de l'\u00c9nergie et des Mines dans le\u00a0second gouvernement de Habib Thiam. Il initie un vaste programme de promotion de la recherche mini\u00e8re, et lance l\u2019initiative de la fusion des soci\u00e9t\u00e9s de l\u2019industrie phosphati\u00e8re, avec le soutien de la\u00a0Caisse centrale de coop\u00e9ration \u00e9conomique\u00a0fran\u00e7aise\u00a0: fusion entre la\u00a0Compagnie s\u00e9n\u00e9galaise des phosphates de Ta\u00efba\u00a0(CSPT) et les\u00a0Industries chimiques du S\u00e9n\u00e9gal\u00a0(ICS).<\/p>\n<p>De 1995 \u00e0\u00a0<time class=\"nowrap\" datetime=\"2000-04\" data-sort-value=\"2000-04\">avril 2000<\/time>, il est charg\u00e9 du Minist\u00e8re de la P\u00eache et des Transports maritimes. Il instaure un nouveau Code de la\u00a0P\u00eache, introduisant pour la premi\u00e8re fois au S\u00e9n\u00e9gal le \u00ab\u00a0repos biologique\u00a0\u00bb, et de nouvelles mesures tendant \u00e0 am\u00e9liorer la\u00a0s\u00e9curit\u00e9 en mer\u00a0(gilets de sauvetage\u00a0rendus obligatoires, aide de l'\u00c9tat aux artisans pour leur acquisition). Il \u00e9labore, avec les p\u00eacheurs industriels, artisans, mareyeurs et femmes transformatrices, le programme d\u00e9cennal de d\u00e9veloppement de la p\u00eache\u00a0: la construction de quais de p\u00eache, et d\u2019unit\u00e9s de conservation de produits halieutiques, sur tout le littoral s\u00e9n\u00e9galais, de\u00a0Saint-Louis\u00a0au\u00a0Cap Skirring.<\/p>\n<p>En\u00a0<time class=\"nowrap\" datetime=\"2000-04\" data-sort-value=\"2000-04\">avril 2000<\/time>, avec le d\u00e9part du Pr\u00e9sident\u00a0Abdou Diouf, il interrompt une carri\u00e8re minist\u00e9rielle de douze ann\u00e9es et prend ses distances avec la nouvelle direction du Parti socialiste.<\/p>\n<p>Il fonde en\u00a0<time class=\"nowrap\" datetime=\"2003-08\" data-sort-value=\"2003-08\">ao\u00fbt 2003<\/time>\u00a0le Club de Recherche Prospective CRP 2012, dont l\u2019objectif est, \u00e0 partir de l\u2019analyse impartiale des donn\u00e9es culturelles, historiques, scientifiques, \u00e9conomiques et politiques, d\u2019imaginer des futurs possibles pour le S\u00e9n\u00e9gal. Le CRP 2012 regroupe actuellement par cooptation pr\u00e8s de 250 cadres de sensibilit\u00e9s politiques et sociales, de formations et d\u2019exp\u00e9riences diverses.<\/p>\n<div class='share-to-whatsapp-wrapper'><div class='share-on-whsp'>PARTAGER SUR : <\/div><a data-text='DECES AUX USA - Qui \u00e9tait Alassane Dialy Ndiaye !' data-link='https:\/\/www.nettali.com\/2024\/03\/15\/deces-aux-usa-qui-etait-alassane-dialy-ndiaye\/' class='whatsapp-button whatsapp-share'>WhatsApp<\/a><div class='clear '><\/div><\/div>","protected":false},"excerpt":{"rendered":"<p>NETTALI.COM - Alassane Dialy Ndiaye a tir\u00e9 sa r\u00e9v\u00e9rence. N\u00e9 le\u00a015 octobre 1942\u00a0\u00e0\u00a0Yenne, cet ancien ministre\u00a0 est d\u00e9c\u00e9d\u00e9 ce jeudi aux \u00c9tats-Unis. \u00abLes formalit\u00e9s sont en train d\u2019\u00eatre accomplies pour le rapatriement de la d\u00e9pouille\u00bb, informe Les \u00c9chos dans son \u00e9dition du jour. \u00abPremier ing\u00e9nieur en t\u00e9l\u00e9communication et technologie en Afrique noire\u00bb, Alassane Dialy Ndiaye [&hellip;]<\/p>\n","protected":false},"author":4,"featured_media":129612,"comment_status":"open","ping_status":"open","sticky":false,"template":"","format":"standard","meta":{"_et_pb_use_builder":"","_et_pb_old_content":""},"categories":[3],"tags":[],"yoast_head":"<!-- This site is optimized with the Yoast SEO Premium plugin v17.8 (Yoast SEO v17.8) - https:\/\/yoast.com\/wordpress\/plugins\/seo\/ -->\n<title>DECES AUX USA - Qui \u00e9tait Alassane Dialy Ndiaye ! | Nettali.com<\/title>\n<meta name=\"robots\" content=\"index, follow, max-snippet:-1, max-image-preview:large, max-video-preview:-1\" \/>\n<link rel=\"canonical\" href=\"https:\/\/www.nettali.com\/2024\/03\/15\/deces-aux-usa-qui-etait-alassane-dialy-ndiaye\/\" \/>\n<meta property=\"og:locale\" content=\"fr_FR\" \/>\n<meta property=\"og:type\" content=\"article\" \/>\n<meta property=\"og:title\" content=\"DECES AUX USA - Qui \u00e9tait Alassane Dialy Ndiaye !\" \/>\n<meta property=\"og:description\" content=\"NETTALI.COM - Alassane Dialy Ndiaye a tir\u00e9 sa r\u00e9v\u00e9rence. N\u00e9 le\u00a015 octobre 1942\u00a0\u00e0\u00a0Yenne, cet ancien ministre\u00a0 est d\u00e9c\u00e9d\u00e9 ce jeudi aux \u00c9tats-Unis. \u00abLes formalit\u00e9s sont en train d\u2019\u00eatre accomplies pour le rapatriement de la d\u00e9pouille\u00bb, informe Les \u00c9chos dans son \u00e9dition du jour. \u00abPremier ing\u00e9nieur en t\u00e9l\u00e9communication et technologie en Afrique noire\u00bb, Alassane Dialy Ndiaye [&hellip;]\" \/>\n<meta property=\"og:url\" content=\"https:\/\/www.nettali.com\/2024\/03\/15\/deces-aux-usa-qui-etait-alassane-dialy-ndiaye\/\" \/>\n<meta property=\"og:site_name\" content=\"Nettali.com\" \/>\n<meta property=\"article:publisher\" content=\"https:\/\/www.facebook.com\/nettalicom\" \/>\n<meta property=\"article:published_time\" content=\"2024-03-15T11:11:35+00:00\" \/>\n<meta property=\"og:image\" content=\"https:\/\/www.nettali.com\/wp-content\/uploads\/2024\/03\/Alassane-Dialy-Ndiaye.jpeg\" \/>\n\t<meta property=\"og:image:width\" content=\"628\" \/>\n\t<meta property=\"og:image:height\" content=\"445\" \/>\n<meta name=\"twitter:card\" content=\"summary_large_image\" \/>\n<meta name=\"twitter:label1\" content=\"\u00c9crit par\" \/>\n\t<meta name=\"twitter:data1\" content=\"Daouda\" \/>\n\t<meta name=\"twitter:label2\" content=\"Dur\u00e9e de lecture estim\u00e9e\" \/>\n\t<meta name=\"twitter:data2\" content=\"4 minutes\" \/>\n<script type=\"application\/ld+json\" class=\"yoast-schema-graph\">{\"@context\":\"https:\/\/schema.org\",\"@graph\":[{\"@type\":\"WebSite\",\"@id\":\"https:\/\/www.nettali.com\/#website\",\"url\":\"https:\/\/www.nettali.com\/\",\"name\":\"Nettali.com\",\"description\":\"Le rendez-vous critique du Net\",\"potentialAction\":[{\"@type\":\"SearchAction\",\"target\":{\"@type\":\"EntryPoint\",\"urlTemplate\":\"https:\/\/www.nettali.com\/?s={search_term_string}\"},\"query-input\":\"required name=search_term_string\"}],\"inLanguage\":\"fr-FR\"},{\"@type\":\"ImageObject\",\"@id\":\"https:\/\/www.nettali.com\/2024\/03\/15\/deces-aux-usa-qui-etait-alassane-dialy-ndiaye\/#primaryimage\",\"inLanguage\":\"fr-FR\",\"url\":\"https:\/\/www.nettali.com\/wp-content\/uploads\/2024\/03\/Alassane-Dialy-Ndiaye.jpeg\",\"contentUrl\":\"https:\/\/www.nettali.com\/wp-content\/uploads\/2024\/03\/Alassane-Dialy-Ndiaye.jpeg\",\"width\":628,\"height\":445},{\"@type\":\"WebPage\",\"@id\":\"https:\/\/www.nettali.com\/2024\/03\/15\/deces-aux-usa-qui-etait-alassane-dialy-ndiaye\/#webpage\",\"url\":\"https:\/\/www.nettali.com\/2024\/03\/15\/deces-aux-usa-qui-etait-alassane-dialy-ndiaye\/\",\"name\":\"DECES AUX USA - Qui \\u00e9tait Alassane Dialy Ndiaye ! | Nettali.com\",\"isPartOf\":{\"@id\":\"https:\/\/www.nettali.com\/#website\"},\"primaryImageOfPage\":{\"@id\":\"https:\/\/www.nettali.com\/2024\/03\/15\/deces-aux-usa-qui-etait-alassane-dialy-ndiaye\/#primaryimage\"},\"datePublished\":\"2024-03-15T11:11:35+00:00\",\"dateModified\":\"2024-03-15T11:11:35+00:00\",\"author\":{\"@id\":\"https:\/\/www.nettali.com\/#\/schema\/person\/3317e0bb3aa1da309fbf7b2780901bf4\"},\"breadcrumb\":{\"@id\":\"https:\/\/www.nettali.com\/2024\/03\/15\/deces-aux-usa-qui-etait-alassane-dialy-ndiaye\/#breadcrumb\"},\"inLanguage\":\"fr-FR\",\"potentialAction\":[{\"@type\":\"ReadAction\",\"target\":[\"https:\/\/www.nettali.com\/2024\/03\/15\/deces-aux-usa-qui-etait-alassane-dialy-ndiaye\/\"]}]},{\"@type\":\"BreadcrumbList\",\"@id\":\"https:\/\/www.nettali.com\/2024\/03\/15\/deces-aux-usa-qui-etait-alassane-dialy-ndiaye\/#breadcrumb\",\"itemListElement\":[{\"@type\":\"ListItem\",\"position\":1,\"name\":\"Accueil\",\"item\":\"https:\/\/www.nettali.com\/\"},{\"@type\":\"ListItem\",\"position\":2,\"name\":\"DECES AUX USA - Qui \\u00e9tait Alassane Dialy Ndiaye !\"}]},{\"@type\":\"Person\",\"@id\":\"https:\/\/www.nettali.com\/#\/schema\/person\/3317e0bb3aa1da309fbf7b2780901bf4\",\"name\":\"Daouda\",\"image\":{\"@type\":\"ImageObject\",\"@id\":\"https:\/\/www.nettali.com\/#personlogo\",\"inLanguage\":\"fr-FR\",\"url\":\"https:\/\/secure.gravatar.com\/avatar\/8d143b5a49345098ddcfee1c49c2f47c?s=96&d=mm&r=g\",\"contentUrl\":\"https:\/\/secure.gravatar.com\/avatar\/8d143b5a49345098ddcfee1c49c2f47c?s=96&d=mm&r=g\",\"caption\":\"Daouda\"},\"sameAs\":[\"https:\/\/www.nettali.com\"]}]}<\/script>\n<!-- \/ Yoast SEO Premium plugin. -->","yoast_head_json":{"title":"DECES AUX USA - Qui \u00e9tait Alassane Dialy Ndiaye ! | Nettali.com","robots":{"index":"index","follow":"follow","max-snippet":"max-snippet:-1","max-image-preview":"max-image-preview:large","max-video-preview":"max-video-preview:-1"},"canonical":"https:\/\/www.nettali.com\/2024\/03\/15\/deces-aux-usa-qui-etait-alassane-dialy-ndiaye\/","og_locale":"fr_FR","og_type":"article","og_title":"DECES AUX USA - Qui \u00e9tait Alassane Dialy Ndiaye !","og_description":"NETTALI.COM - Alassane Dialy Ndiaye a tir\u00e9 sa r\u00e9v\u00e9rence. N\u00e9 le\u00a015 octobre 1942\u00a0\u00e0\u00a0Yenne, cet ancien ministre\u00a0 est d\u00e9c\u00e9d\u00e9 ce jeudi aux \u00c9tats-Unis. \u00abLes formalit\u00e9s sont en train d\u2019\u00eatre accomplies pour le rapatriement de la d\u00e9pouille\u00bb, informe Les \u00c9chos dans son \u00e9dition du jour. \u00abPremier ing\u00e9nieur en t\u00e9l\u00e9communication et technologie en Afrique noire\u00bb, Alassane Dialy Ndiaye [&hellip;]","og_url":"https:\/\/www.nettali.com\/2024\/03\/15\/deces-aux-usa-qui-etait-alassane-dialy-ndiaye\/","og_site_name":"Nettali.com","article_publisher":"https:\/\/www.facebook.com\/nettalicom","article_published_time":"2024-03-15T11:11:35+00:00","og_image":[{"width":628,"height":445,"url":"https:\/\/www.nettali.com\/wp-content\/uploads\/2024\/03\/Alassane-Dialy-Ndiaye.jpeg","type":"image\/jpeg"}],"twitter_card":"summary_large_image","twitter_misc":{"\u00c9crit par":"Daouda","Dur\u00e9e de lecture estim\u00e9e":"4 minutes"},"schema":{"@context":"https:\/\/schema.org","@graph":[{"@type":"WebSite","@id":"https:\/\/www.nettali.com\/#website","url":"https:\/\/www.nettali.com\/","name":"Nettali.com","description":"Le rendez-vous critique du Net","potentialAction":[{"@type":"SearchAction","target":{"@type":"EntryPoint","urlTemplate":"https:\/\/www.nettali.com\/?s={search_term_string}"},"query-input":"required name=search_term_string"}],"inLanguage":"fr-FR"},{"@type":"ImageObject","@id":"https:\/\/www.nettali.com\/2024\/03\/15\/deces-aux-usa-qui-etait-alassane-dialy-ndiaye\/#primaryimage","inLanguage":"fr-FR","url":"https:\/\/www.nettali.com\/wp-content\/uploads\/2024\/03\/Alassane-Dialy-Ndiaye.jpeg","contentUrl":"https:\/\/www.nettali.com\/wp-content\/uploads\/2024\/03\/Alassane-Dialy-Ndiaye.jpeg","width":628,"height":445},{"@type":"WebPage","@id":"https:\/\/www.nettali.com\/2024\/03\/15\/deces-aux-usa-qui-etait-alassane-dialy-ndiaye\/#webpage","url":"https:\/\/www.nettali.com\/2024\/03\/15\/deces-aux-usa-qui-etait-alassane-dialy-ndiaye\/","name":"DECES AUX USA - Qui \u00e9tait Alassane Dialy Ndiaye ! | Nettali.com","isPartOf":{"@id":"https:\/\/www.nettali.com\/#website"},"primaryImageOfPage":{"@id":"https:\/\/www.nettali.com\/2024\/03\/15\/deces-aux-usa-qui-etait-alassane-dialy-ndiaye\/#primaryimage"},"datePublished":"2024-03-15T11:11:35+00:00","dateModified":"2024-03-15T11:11:35+00:00","author":{"@id":"https:\/\/www.nettali.com\/#\/schema\/person\/3317e0bb3aa1da309fbf7b2780901bf4"},"breadcrumb":{"@id":"https:\/\/www.nettali.com\/2024\/03\/15\/deces-aux-usa-qui-etait-alassane-dialy-ndiaye\/#breadcrumb"},"inLanguage":"fr-FR","potentialAction":[{"@type":"ReadAction","target":["https:\/\/www.nettali.com\/2024\/03\/15\/deces-aux-usa-qui-etait-alassane-dialy-ndiaye\/"]}]},{"@type":"BreadcrumbList","@id":"https:\/\/www.nettali.com\/2024\/03\/15\/deces-aux-usa-qui-etait-alassane-dialy-ndiaye\/#breadcrumb","itemListElement":[{"@type":"ListItem","position":1,"name":"Accueil","item":"https:\/\/www.nettali.com\/"},{"@type":"ListItem","position":2,"name":"DECES AUX USA - Qui \u00e9tait Alassane Dialy Ndiaye !"}]},{"@type":"Person","@id":"https:\/\/www.nettali.com\/#\/schema\/person\/3317e0bb3aa1da309fbf7b2780901bf4","name":"Daouda","image":{"@type":"ImageObject","@id":"https:\/\/www.nettali.com\/#personlogo","inLanguage":"fr-FR","url":"https:\/\/secure.gravatar.com\/avatar\/8d143b5a49345098ddcfee1c49c2f47c?s=96&d=mm&r=g","contentUrl":"https:\/\/secure.gravatar.com\/avatar\/8d143b5a49345098ddcfee1c49c2f47c?s=96&d=mm&r=g","caption":"Daouda"},"sameAs":["https:\/\/www.nettali.com"]}]}},"_links":{"self":[{"href":"https:\/\/www.nettali.com\/rest\/wp\/v2\/posts\/129611"}],"collection":[{"href":"https:\/\/www.nettali.com\/rest\/wp\/v2\/posts"}],"about":[{"href":"https:\/\/www.nettali.com\/rest\/wp\/v2\/types\/post"}],"author":[{"embeddable":true,"href":"https:\/\/www.nettali.com\/rest\/wp\/v2\/users\/4"}],"replies":[{"embeddable":true,"href":"https:\/\/www.nettali.com\/rest\/wp\/v2\/comments?post=129611"}],"version-history":[{"count":1,"href":"https:\/\/www.nettali.com\/rest\/wp\/v2\/posts\/129611\/revisions"}],"predecessor-version":[{"id":129613,"href":"https:\/\/www.nettali.com\/rest\/wp\/v2\/posts\/129611\/revisions\/129613"}],"wp:featuredmedia":[{"embeddable":true,"href":"https:\/\/www.nettali.com\/rest\/wp\/v2\/media\/129612"}],"wp:attachment":[{"href":"https:\/\/www.nettali.com\/rest\/wp\/v2\/media?parent=129611"}],"wp:term":[{"taxonomy":"category","embeddable":true,"href":"https:\/\/www.nettali.com\/rest\/wp\/v2\/categories?post=129611"},{"taxonomy":"post_tag","embeddable":true,"href":"https:\/\/www.nettali.com\/rest\/wp\/v2\/tags?post=129611"}],"curies":[{"name":"wp","href":"https:\/\/api.w.org\/{rel}","templated":true}]}}