{"id":129602,"date":"2024-03-15T10:57:08","date_gmt":"2024-03-15T10:57:08","guid":{"rendered":"https:\/\/www.nettali.com\/?p=129602"},"modified":"2024-03-15T10:57:08","modified_gmt":"2024-03-15T10:57:08","slug":"loi-damnistie-apres-diomaye-et-sonko-me-ngagne-demba-toure-libre-a-son-tour","status":"publish","type":"post","link":"https:\/\/www.nettali.com\/2024\/03\/15\/loi-damnistie-apres-diomaye-et-sonko-me-ngagne-demba-toure-libre-a-son-tour\/","title":{"rendered":"LOI D'AMNISTIE - Apr\u00e8s Diomaye et Sonko, Me Ngagne Demba Tour\u00e9 libre \u00e0 son tour"},"content":{"rendered":"<p><strong>NETTALI.COM - Apr\u00e8s Ousmane Sonko et Bassirou Diomaye Faye, le coordinateur de la Jeunesse patriote du S\u00e9n\u00e9gal (JPS) Me Ngagne Demba a lui aussi recouvr\u00e9 la libert\u00e9<\/strong><\/p>\n<p>Arr\u00eat\u00e9 en f\u00e9vrier dernier apr\u00e8s plusieurs mois d\u2019exil au Mali,\u00a0Me Ngagne Demba Tour\u00e9\u00a0qui \u00e9tait sous mandat d\u2019arr\u00eat, avait \u00e9t\u00e9 arr\u00eat\u00e9 d\u00e8s son retour au bercail. Une arrestation qui avait vu la mobilisation de ses coll\u00e8gues Greffiers. Ces derniers pour soutenir leur coll\u00e8gue avaient envahi le bureau du Juge.<\/p>\n<p>Toujours dans ce dossier, l\u2019Union des magistrats du S\u00e9n\u00e9gal (UMS) s\u2019\u00e9tait fendue d\u2019un communiqu\u00e9 pour d\u00e9noncer ces actes. L\u2019UMS d\u00e9clarait clairement que ces agissements ne sauraient \u00eatre sans cons\u00e9quence. Quelques jours apr\u00e8s cette d\u00e9claration, le charg\u00e9 de communication de l\u2019amicale des Greffiers mis au arr\u00eat avant d\u2019\u00eatre lib\u00e9r\u00e9.<\/p>\n<p>Apr\u00e8s seulement quelques semaines pass\u00e9es \u00e0 la Prison de Reubeuss, Me Ngagne Demba Tour\u00e9 a finalement \u00e9t\u00e9 lib\u00e9r\u00e9 aussi.<\/p>\n<div class='share-to-whatsapp-wrapper'><div class='share-on-whsp'>PARTAGER SUR : <\/div><a data-text='LOI D'AMNISTIE - Apr\u00e8s Diomaye et Sonko, Me Ngagne Demba Tour\u00e9 libre \u00e0 son tour' data-link='https:\/\/www.nettali.com\/2024\/03\/15\/loi-damnistie-apres-diomaye-et-sonko-me-ngagne-demba-toure-libre-a-son-tour\/' class='whatsapp-button whatsapp-share'>WhatsApp<\/a><div class='clear '><\/div><\/div>","protected":false},"excerpt":{"rendered":"<p>NETTALI.COM - Apr\u00e8s Ousmane Sonko et Bassirou Diomaye Faye, le coordinateur de la Jeunesse patriote du S\u00e9n\u00e9gal (JPS) Me Ngagne Demba a lui aussi recouvr\u00e9 la libert\u00e9 Arr\u00eat\u00e9 en f\u00e9vrier dernier apr\u00e8s plusieurs mois d\u2019exil au Mali,\u00a0Me Ngagne Demba Tour\u00e9\u00a0qui \u00e9tait sous mandat d\u2019arr\u00eat, avait \u00e9t\u00e9 arr\u00eat\u00e9 d\u00e8s son retour au bercail. Une arrestation qui [&hellip;]<\/p>\n","protected":false},"author":5,"featured_media":127990,"comment_status":"open","ping_status":"open","sticky":false,"template":"","format":"standard","meta":{"_et_pb_use_builder":"","_et_pb_old_content":""},"categories":[2],"tags":[],"yoast_head":"<!-- This site is optimized with the Yoast SEO Premium plugin v17.8 (Yoast SEO v17.8) - https:\/\/yoast.com\/wordpress\/plugins\/seo\/ -->\n<title>LOI D&#039;AMNISTIE - Apr\u00e8s Diomaye et Sonko, Me Ngagne Demba Tour\u00e9 libre \u00e0 son tour | Nettali.com<\/title>\n<meta name=\"robots\" content=\"index, follow, max-snippet:-1, max-image-preview:large, max-video-preview:-1\" \/>\n<link rel=\"canonical\" href=\"https:\/\/www.nettali.com\/2024\/03\/15\/loi-damnistie-apres-diomaye-et-sonko-me-ngagne-demba-toure-libre-a-son-tour\/\" \/>\n<meta property=\"og:locale\" content=\"fr_FR\" \/>\n<meta property=\"og:type\" content=\"article\" \/>\n<meta property=\"og:title\" content=\"LOI D&#039;AMNISTIE - Apr\u00e8s Diomaye et Sonko, Me Ngagne Demba Tour\u00e9 libre \u00e0 son tour\" \/>\n<meta property=\"og:description\" content=\"NETTALI.COM - Apr\u00e8s Ousmane Sonko et Bassirou Diomaye Faye, le coordinateur de la Jeunesse patriote du S\u00e9n\u00e9gal (JPS) Me Ngagne Demba a lui aussi recouvr\u00e9 la libert\u00e9 Arr\u00eat\u00e9 en f\u00e9vrier dernier apr\u00e8s plusieurs mois d\u2019exil au Mali,\u00a0Me Ngagne Demba Tour\u00e9\u00a0qui \u00e9tait sous mandat d\u2019arr\u00eat, avait \u00e9t\u00e9 arr\u00eat\u00e9 d\u00e8s son retour au bercail. Une arrestation qui [&hellip;]\" \/>\n<meta property=\"og:url\" content=\"https:\/\/www.nettali.com\/2024\/03\/15\/loi-damnistie-apres-diomaye-et-sonko-me-ngagne-demba-toure-libre-a-son-tour\/\" \/>\n<meta property=\"og:site_name\" content=\"Nettali.com\" \/>\n<meta property=\"article:publisher\" content=\"https:\/\/www.facebook.com\/nettalicom\" \/>\n<meta property=\"article:published_time\" content=\"2024-03-15T10:57:08+00:00\" \/>\n<meta property=\"og:image\" content=\"https:\/\/www.nettali.com\/wp-content\/uploads\/2024\/02\/ME-NGAGNE-DEMBA-TOURE.png\" \/>\n\t<meta property=\"og:image:width\" content=\"636\" \/>\n\t<meta property=\"og:image:height\" content=\"412\" \/>\n<meta name=\"twitter:card\" content=\"summary_large_image\" \/>\n<meta name=\"twitter:label1\" content=\"\u00c9crit par\" \/>\n\t<meta name=\"twitter:data1\" content=\"Ibrahima\" \/>\n\t<meta name=\"twitter:label2\" content=\"Dur\u00e9e de lecture estim\u00e9e\" \/>\n\t<meta name=\"twitter:data2\" content=\"1 minute\" \/>\n<script type=\"application\/ld+json\" class=\"yoast-schema-graph\">{\"@context\":\"https:\/\/schema.org\",\"@graph\":[{\"@type\":\"WebSite\",\"@id\":\"https:\/\/www.nettali.com\/#website\",\"url\":\"https:\/\/www.nettali.com\/\",\"name\":\"Nettali.com\",\"description\":\"Le rendez-vous critique du Net\",\"potentialAction\":[{\"@type\":\"SearchAction\",\"target\":{\"@type\":\"EntryPoint\",\"urlTemplate\":\"https:\/\/www.nettali.com\/?s={search_term_string}\"},\"query-input\":\"required name=search_term_string\"}],\"inLanguage\":\"fr-FR\"},{\"@type\":\"ImageObject\",\"@id\":\"https:\/\/www.nettali.com\/2024\/03\/15\/loi-damnistie-apres-diomaye-et-sonko-me-ngagne-demba-toure-libre-a-son-tour\/#primaryimage\",\"inLanguage\":\"fr-FR\",\"url\":\"https:\/\/www.nettali.com\/wp-content\/uploads\/2024\/02\/ME-NGAGNE-DEMBA-TOURE.png\",\"contentUrl\":\"https:\/\/www.nettali.com\/wp-content\/uploads\/2024\/02\/ME-NGAGNE-DEMBA-TOURE.png\",\"width\":636,\"height\":412},{\"@type\":\"WebPage\",\"@id\":\"https:\/\/www.nettali.com\/2024\/03\/15\/loi-damnistie-apres-diomaye-et-sonko-me-ngagne-demba-toure-libre-a-son-tour\/#webpage\",\"url\":\"https:\/\/www.nettali.com\/2024\/03\/15\/loi-damnistie-apres-diomaye-et-sonko-me-ngagne-demba-toure-libre-a-son-tour\/\",\"name\":\"LOI D'AMNISTIE - Apr\\u00e8s Diomaye et Sonko, Me Ngagne Demba Tour\\u00e9 libre \\u00e0 son tour | Nettali.com\",\"isPartOf\":{\"@id\":\"https:\/\/www.nettali.com\/#website\"},\"primaryImageOfPage\":{\"@id\":\"https:\/\/www.nettali.com\/2024\/03\/15\/loi-damnistie-apres-diomaye-et-sonko-me-ngagne-demba-toure-libre-a-son-tour\/#primaryimage\"},\"datePublished\":\"2024-03-15T10:57:08+00:00\",\"dateModified\":\"2024-03-15T10:57:08+00:00\",\"author\":{\"@id\":\"https:\/\/www.nettali.com\/#\/schema\/person\/bb147657c2986240405a608162b9bb23\"},\"breadcrumb\":{\"@id\":\"https:\/\/www.nettali.com\/2024\/03\/15\/loi-damnistie-apres-diomaye-et-sonko-me-ngagne-demba-toure-libre-a-son-tour\/#breadcrumb\"},\"inLanguage\":\"fr-FR\",\"potentialAction\":[{\"@type\":\"ReadAction\",\"target\":[\"https:\/\/www.nettali.com\/2024\/03\/15\/loi-damnistie-apres-diomaye-et-sonko-me-ngagne-demba-toure-libre-a-son-tour\/\"]}]},{\"@type\":\"BreadcrumbList\",\"@id\":\"https:\/\/www.nettali.com\/2024\/03\/15\/loi-damnistie-apres-diomaye-et-sonko-me-ngagne-demba-toure-libre-a-son-tour\/#breadcrumb\",\"itemListElement\":[{\"@type\":\"ListItem\",\"position\":1,\"name\":\"Accueil\",\"item\":\"https:\/\/www.nettali.com\/\"},{\"@type\":\"ListItem\",\"position\":2,\"name\":\"LOI D'AMNISTIE - Apr\\u00e8s Diomaye et Sonko, Me Ngagne Demba Tour\\u00e9 libre \\u00e0 son tour\"}]},{\"@type\":\"Person\",\"@id\":\"https:\/\/www.nettali.com\/#\/schema\/person\/bb147657c2986240405a608162b9bb23\",\"name\":\"Ibrahima\",\"image\":{\"@type\":\"ImageObject\",\"@id\":\"https:\/\/www.nettali.com\/#personlogo\",\"inLanguage\":\"fr-FR\",\"url\":\"https:\/\/secure.gravatar.com\/avatar\/26a8a81f09f0dd7624c9d5c36c9ba3a2?s=96&d=mm&r=g\",\"contentUrl\":\"https:\/\/secure.gravatar.com\/avatar\/26a8a81f09f0dd7624c9d5c36c9ba3a2?s=96&d=mm&r=g\",\"caption\":\"Ibrahima\"},\"sameAs\":[\"https:\/\/www.nettali.com\"]}]}<\/script>\n<!-- \/ Yoast SEO Premium plugin. -->","yoast_head_json":{"title":"LOI D'AMNISTIE - Apr\u00e8s Diomaye et Sonko, Me Ngagne Demba Tour\u00e9 libre \u00e0 son tour | Nettali.com","robots":{"index":"index","follow":"follow","max-snippet":"max-snippet:-1","max-image-preview":"max-image-preview:large","max-video-preview":"max-video-preview:-1"},"canonical":"https:\/\/www.nettali.com\/2024\/03\/15\/loi-damnistie-apres-diomaye-et-sonko-me-ngagne-demba-toure-libre-a-son-tour\/","og_locale":"fr_FR","og_type":"article","og_title":"LOI D'AMNISTIE - Apr\u00e8s Diomaye et Sonko, Me Ngagne Demba Tour\u00e9 libre \u00e0 son tour","og_description":"NETTALI.COM - Apr\u00e8s Ousmane Sonko et Bassirou Diomaye Faye, le coordinateur de la Jeunesse patriote du S\u00e9n\u00e9gal (JPS) Me Ngagne Demba a lui aussi recouvr\u00e9 la libert\u00e9 Arr\u00eat\u00e9 en f\u00e9vrier dernier apr\u00e8s plusieurs mois d\u2019exil au Mali,\u00a0Me Ngagne Demba Tour\u00e9\u00a0qui \u00e9tait sous mandat d\u2019arr\u00eat, avait \u00e9t\u00e9 arr\u00eat\u00e9 d\u00e8s son retour au bercail. Une arrestation qui [&hellip;]","og_url":"https:\/\/www.nettali.com\/2024\/03\/15\/loi-damnistie-apres-diomaye-et-sonko-me-ngagne-demba-toure-libre-a-son-tour\/","og_site_name":"Nettali.com","article_publisher":"https:\/\/www.facebook.com\/nettalicom","article_published_time":"2024-03-15T10:57:08+00:00","og_image":[{"width":636,"height":412,"url":"https:\/\/www.nettali.com\/wp-content\/uploads\/2024\/02\/ME-NGAGNE-DEMBA-TOURE.png","type":"image\/png"}],"twitter_card":"summary_large_image","twitter_misc":{"\u00c9crit par":"Ibrahima","Dur\u00e9e de lecture estim\u00e9e":"1 minute"},"schema":{"@context":"https:\/\/schema.org","@graph":[{"@type":"WebSite","@id":"https:\/\/www.nettali.com\/#website","url":"https:\/\/www.nettali.com\/","name":"Nettali.com","description":"Le rendez-vous critique du Net","potentialAction":[{"@type":"SearchAction","target":{"@type":"EntryPoint","urlTemplate":"https:\/\/www.nettali.com\/?s={search_term_string}"},"query-input":"required name=search_term_string"}],"inLanguage":"fr-FR"},{"@type":"ImageObject","@id":"https:\/\/www.nettali.com\/2024\/03\/15\/loi-damnistie-apres-diomaye-et-sonko-me-ngagne-demba-toure-libre-a-son-tour\/#primaryimage","inLanguage":"fr-FR","url":"https:\/\/www.nettali.com\/wp-content\/uploads\/2024\/02\/ME-NGAGNE-DEMBA-TOURE.png","contentUrl":"https:\/\/www.nettali.com\/wp-content\/uploads\/2024\/02\/ME-NGAGNE-DEMBA-TOURE.png","width":636,"height":412},{"@type":"WebPage","@id":"https:\/\/www.nettali.com\/2024\/03\/15\/loi-damnistie-apres-diomaye-et-sonko-me-ngagne-demba-toure-libre-a-son-tour\/#webpage","url":"https:\/\/www.nettali.com\/2024\/03\/15\/loi-damnistie-apres-diomaye-et-sonko-me-ngagne-demba-toure-libre-a-son-tour\/","name":"LOI D'AMNISTIE - Apr\u00e8s Diomaye et Sonko, Me Ngagne Demba Tour\u00e9 libre \u00e0 son tour | Nettali.com","isPartOf":{"@id":"https:\/\/www.nettali.com\/#website"},"primaryImageOfPage":{"@id":"https:\/\/www.nettali.com\/2024\/03\/15\/loi-damnistie-apres-diomaye-et-sonko-me-ngagne-demba-toure-libre-a-son-tour\/#primaryimage"},"datePublished":"2024-03-15T10:57:08+00:00","dateModified":"2024-03-15T10:57:08+00:00","author":{"@id":"https:\/\/www.nettali.com\/#\/schema\/person\/bb147657c2986240405a608162b9bb23"},"breadcrumb":{"@id":"https:\/\/www.nettali.com\/2024\/03\/15\/loi-damnistie-apres-diomaye-et-sonko-me-ngagne-demba-toure-libre-a-son-tour\/#breadcrumb"},"inLanguage":"fr-FR","potentialAction":[{"@type":"ReadAction","target":["https:\/\/www.nettali.com\/2024\/03\/15\/loi-damnistie-apres-diomaye-et-sonko-me-ngagne-demba-toure-libre-a-son-tour\/"]}]},{"@type":"BreadcrumbList","@id":"https:\/\/www.nettali.com\/2024\/03\/15\/loi-damnistie-apres-diomaye-et-sonko-me-ngagne-demba-toure-libre-a-son-tour\/#breadcrumb","itemListElement":[{"@type":"ListItem","position":1,"name":"Accueil","item":"https:\/\/www.nettali.com\/"},{"@type":"ListItem","position":2,"name":"LOI D'AMNISTIE - Apr\u00e8s Diomaye et Sonko, Me Ngagne Demba Tour\u00e9 libre \u00e0 son tour"}]},{"@type":"Person","@id":"https:\/\/www.nettali.com\/#\/schema\/person\/bb147657c2986240405a608162b9bb23","name":"Ibrahima","image":{"@type":"ImageObject","@id":"https:\/\/www.nettali.com\/#personlogo","inLanguage":"fr-FR","url":"https:\/\/secure.gravatar.com\/avatar\/26a8a81f09f0dd7624c9d5c36c9ba3a2?s=96&d=mm&r=g","contentUrl":"https:\/\/secure.gravatar.com\/avatar\/26a8a81f09f0dd7624c9d5c36c9ba3a2?s=96&d=mm&r=g","caption":"Ibrahima"},"sameAs":["https:\/\/www.nettali.com"]}]}},"_links":{"self":[{"href":"https:\/\/www.nettali.com\/rest\/wp\/v2\/posts\/129602"}],"collection":[{"href":"https:\/\/www.nettali.com\/rest\/wp\/v2\/posts"}],"about":[{"href":"https:\/\/www.nettali.com\/rest\/wp\/v2\/types\/post"}],"author":[{"embeddable":true,"href":"https:\/\/www.nettali.com\/rest\/wp\/v2\/users\/5"}],"replies":[{"embeddable":true,"href":"https:\/\/www.nettali.com\/rest\/wp\/v2\/comments?post=129602"}],"version-history":[{"count":2,"href":"https:\/\/www.nettali.com\/rest\/wp\/v2\/posts\/129602\/revisions"}],"predecessor-version":[{"id":129608,"href":"https:\/\/www.nettali.com\/rest\/wp\/v2\/posts\/129602\/revisions\/129608"}],"wp:featuredmedia":[{"embeddable":true,"href":"https:\/\/www.nettali.com\/rest\/wp\/v2\/media\/127990"}],"wp:attachment":[{"href":"https:\/\/www.nettali.com\/rest\/wp\/v2\/media?parent=129602"}],"wp:term":[{"taxonomy":"category","embeddable":true,"href":"https:\/\/www.nettali.com\/rest\/wp\/v2\/categories?post=129602"},{"taxonomy":"post_tag","embeddable":true,"href":"https:\/\/www.nettali.com\/rest\/wp\/v2\/tags?post=129602"}],"curies":[{"name":"wp","href":"https:\/\/api.w.org\/{rel}","templated":true}]}}