{"id":129581,"date":"2024-03-15T06:44:00","date_gmt":"2024-03-15T06:44:00","guid":{"rendered":"https:\/\/www.nettali.com\/?p=129581"},"modified":"2024-03-15T18:31:21","modified_gmt":"2024-03-15T18:31:21","slug":"declaration-de-sonko-diomaye-decision-attendue-de-la-cour-supre%cc%82me-vendredi-de-verite","status":"publish","type":"post","link":"https:\/\/www.nettali.com\/2024\/03\/15\/declaration-de-sonko-diomaye-decision-attendue-de-la-cour-supre%cc%82me-vendredi-de-verite\/","title":{"rendered":"DE\u0301CLARATION DE SONKO-DIOMAYE, DE\u0301CISION ATTENDUE DE LA COUR SUPRE\u0302ME - Vendredi de ve\u0301rite\u0301"},"content":{"rendered":"<div class=\"page\" title=\"Page 3\">\n<div class=\"layoutArea\">\n<div class=\"column\">\n<p><strong>NETTALI.COM - Les 24 prochaines heures vont e\u0302tre de\u0301cisives dans la poursuite du processus e\u0301lectoral devant mener le pays a\u0300 l\u2019e\u0301lection d\u2019un nouveau pre\u0301sident de la Re\u0301publique.<\/strong><\/p>\n<\/div>\n<\/div>\n<div class=\"layoutArea\">\n<div class=\"column\">\n<p>Ousmane Sonko et Bassirou Diomaye Faye libres, c\u2019est une autre campagne e\u0301lectorale qui commence. Les Dakarois en ont eu un aperc\u0327u, le jeudi 14 mars dans la soire\u0301e lorsque, dans les quartiers, la clameur qui a accompagne\u0301 la libe\u0301ration des deux dirigeants de l\u2019ex-Pastef. Une liesse populaire rarement vue depuis des mois a suivi l\u2019e\u0301largissement du bino\u0302me. C\u2019est l\u2019e\u0301pilogue de deux ans de raidissement et d\u2019affrontements sans fard entre la majorite\u0301 Benno et l\u2019opposition radicale incarne\u0301e par le maire de Ziguinchor. C\u2019est aussi l\u2019aboutissement d\u2019une volonte\u0301, celle de Macky Sall qui, apre\u0300s des mois de pourparlers avec Ousmane Sonko, suivis par un Dialogue national, a desserre\u0301 l\u2019e\u0301tau judiciaire sur ses opposants apre\u0300s des mois de re\u0301pression.<\/p>\n<p><strong>APRE\u0300S 11 MOIS DE PRISON<\/strong><\/p>\n<\/div>\n<div class=\"column\">\n<p>Le pre\u0301sident sortant e\u0301tait aide\u0301 dans cette ta\u0302che par les de\u0301fiances aux institutions que le parti de l\u2019opposition avait fini d'adopter comme strate\u0301gie, avec au bout des morts et des de\u0301ga\u0302ts incommensurables, mate\u0301riels et immate\u0301riels, mais une riposte approprie\u0301e, selon le parti d\u2019opposition, a\u0300 la gouvernance et aux me\u0301thodes du quatrie\u0300me pre\u0301sident de la Re\u0301publique.<\/p>\n<p>Finalement, l\u2019image de la de\u0301mocratie se\u0301ne\u0301galaise est (encore) sauve, car un candidat a\u0300 la pre\u0301sidentielle (donc chef de l\u2019E\u0301tat putatif) en prison, c\u0327a faisait de\u0301sordre ; et Bassirou Diomaye Faye, de\u0301signe\u0301 au pied leve\u0301 pour remplacer Ousmane Sonko ine\u0301ligible (ce qui n\u2019est plus le cas depuis quelques jours) dans la course a\u0300 la magistrature supre\u0302me, peut, de\u0301sormais battre campagne a\u0300 l\u2019instar de ses 18 challengers.<\/p>\n<p>Depuis quelques jours, une subite acce\u0301le\u0301ration des e\u0301ve\u0301nements a donc ramene\u0301 le tableau \u00e0 un sche\u0301ma classique d\u2019un pouvoir sortant qui fait face a\u0300 une opposition surfant sur une popularite\u0301 confirme\u0301e par tous les observateurs. L\u2019agenda aurait pu e\u0302tre simple, si la libe\u0301ration et l\u2019e\u0301ligibilite\u0301 retrouve\u0301e d\u2019Ousmane Sonko, ne venaient pas remettre sur le tapis ce qui se disait tout bas depuis des mois, mais que l\u2019imminence du scrutin et ses enjeux ont bruyamment ravive\u0301 : l\u2019original e\u0301tant pre\u0301fe\u0301rable a\u0300 la copie, si l\u2019on ose dire, une aile du parti d\u2019opposition, sans doute minoritaire, a soutenu l\u2019ide\u0301e que la participation de son leader au scrutin valait son report.<\/p>\n<\/div>\n<div class=\"column\">\n<p>Jeudi peu apre\u0300s la libe\u0301ration des deux inspecteurs des impo\u0302ts et des domaines, l\u2019homme d\u2019affaires Pierre Goudiaby Atepa, un des me\u0301diateurs entre le palais et la prison du Cap Manuel, a souhaite\u0301 sur iRadio la reprise du processus e\u0301lectoral, en laissant entendre qu\u2019Ousmane Sonko devait e\u0302tre candidat.<\/p>\n<p><strong>Les premiers mots de Sonko...<\/strong><\/p>\n<p>Est-ce toujours possible ? Par quel tour de passe-passe pourrait-on remettre en cause le processus e\u0301lectoral, a\u0300 neuf jours du scrutin, alors que tous les candidats sont en pleine campagne e\u0301lectorale ? Alors que la paix des braves (?) autour d\u2019Amadou Ba\u0302 a e\u0301te\u0301 faite dans la majorite\u0301 sortante et que les appels aux soutiens a\u0300 tel ou tel candidat se multiplient ? Alors que l\u2019Administration et la Cena se disent pre\u0302tes ?<\/p>\n<\/div>\n<div class=\"column\">\n<p>Le Vendredi 15 mars, la Cour supre\u0302me doit examiner le recours de\u0301pose\u0301 devant elle par le PDS qui re\u0301clame rien de moins que la dissolution du Conseil constitutionnel, car estimant que les de\u0301crets qui organisent le scrutin pre\u0301sidentiel du 24 mars prochain sont ille\u0301gaux pour non-respect du Code e\u0301lectoral (la campagne e\u0301lectorale doit durer 21 jours, ce qui ne sera pas le cas si le vote a lieu a\u0300 la date pre\u0301vue).<\/p>\n<p>C\u2019est pour ces raisons que les premie\u0300res de\u0301clarations du chef de l\u2019opposition seront de\u0301terminantes pour la suite.<\/p>\n<p>Hier (jeudi 14 mars), en campagne a\u0300 Dahra-Djolof, le candidat Thierno Alassane Sall a quasiment enjoint a\u0300 la Cour supre\u0302me de ne pas remettre en cause la dynamique en cours. \u201c<em>Je m\u2019oppose a\u0300 toute forme de report, car j\u2019estime que le processus e\u0301lectoral doit continuer, pour e\u0301viter de verser le pays dans le chaos<\/em>\u201d, a indique\u0301 le candidat de la Re\u0301publique des valeurs.<\/p>\n<\/div>\n<div class=\"column\">\n<p>Nous e\u0301crivions dans ces colonnes, il y a quelques semaines, que \u201c<em>Macky Sall et Ousmane Sonko e\u0301taient des allie\u0301s objectifs<\/em>\u201d. Si la Cour supre\u0302me donne raison au PDS, en sachant que les de\u0301cisions du Conseil constitutionnel \u201c<em>ne sont susceptibles d\u2019aucun recours<\/em>\u201d, on sera dans une nouvelle impasse. Et il n\u2019est pas su\u0302r que la rue y reste insensible. On saurait surtout que \u201c<em>le protocole du Cap Manuel<\/em>\u201d existe bel et bien...<\/p>\n<p>EnQu\u00eate<\/p>\n<\/div>\n<\/div>\n<\/div>\n<div class='share-to-whatsapp-wrapper'><div class='share-on-whsp'>PARTAGER SUR : <\/div><a data-text='DE\u0301CLARATION DE SONKO-DIOMAYE, DE\u0301CISION ATTENDUE DE LA COUR SUPRE\u0302ME - Vendredi de ve\u0301rite\u0301' data-link='https:\/\/www.nettali.com\/2024\/03\/15\/declaration-de-sonko-diomaye-decision-attendue-de-la-cour-supre%cc%82me-vendredi-de-verite\/' class='whatsapp-button whatsapp-share'>WhatsApp<\/a><div class='clear '><\/div><\/div>","protected":false},"excerpt":{"rendered":"<p>NETTALI.COM - Les 24 prochaines heures vont e\u0302tre de\u0301cisives dans la poursuite du processus e\u0301lectoral devant mener le pays a\u0300 l\u2019e\u0301lection d\u2019un nouveau pre\u0301sident de la Re\u0301publique. Ousmane Sonko et Bassirou Diomaye Faye libres, c\u2019est une autre campagne e\u0301lectorale qui commence. Les Dakarois en ont eu un aperc\u0327u, le jeudi 14 mars dans la soire\u0301e [&hellip;]<\/p>\n","protected":false},"author":2,"featured_media":129582,"comment_status":"open","ping_status":"open","sticky":false,"template":"","format":"standard","meta":{"_et_pb_use_builder":"","_et_pb_old_content":""},"categories":[3],"tags":[],"yoast_head":"<!-- This site is optimized with the Yoast SEO Premium plugin v17.8 (Yoast SEO v17.8) - https:\/\/yoast.com\/wordpress\/plugins\/seo\/ -->\n<title>DE\u0301CLARATION DE SONKO-DIOMAYE, DE\u0301CISION ATTENDUE DE LA COUR SUPRE\u0302ME - Vendredi de ve\u0301rite\u0301 | Nettali.com<\/title>\n<meta name=\"robots\" content=\"index, follow, max-snippet:-1, max-image-preview:large, max-video-preview:-1\" \/>\n<link rel=\"canonical\" href=\"https:\/\/www.nettali.com\/2024\/03\/15\/declaration-de-sonko-diomaye-decision-attendue-de-la-cour-supre\u0302me-vendredi-de-verite\/\" \/>\n<meta property=\"og:locale\" content=\"fr_FR\" \/>\n<meta property=\"og:type\" content=\"article\" \/>\n<meta property=\"og:title\" content=\"DE\u0301CLARATION DE SONKO-DIOMAYE, DE\u0301CISION ATTENDUE DE LA COUR SUPRE\u0302ME - Vendredi de ve\u0301rite\u0301\" \/>\n<meta property=\"og:description\" content=\"NETTALI.COM - Les 24 prochaines heures vont e\u0302tre de\u0301cisives dans la poursuite du processus e\u0301lectoral devant mener le pays a\u0300 l\u2019e\u0301lection d\u2019un nouveau pre\u0301sident de la Re\u0301publique. Ousmane Sonko et Bassirou Diomaye Faye libres, c\u2019est une autre campagne e\u0301lectorale qui commence. Les Dakarois en ont eu un aperc\u0327u, le jeudi 14 mars dans la soire\u0301e [&hellip;]\" \/>\n<meta property=\"og:url\" content=\"https:\/\/www.nettali.com\/2024\/03\/15\/declaration-de-sonko-diomaye-decision-attendue-de-la-cour-supre\u0302me-vendredi-de-verite\/\" \/>\n<meta property=\"og:site_name\" content=\"Nettali.com\" \/>\n<meta property=\"article:publisher\" content=\"https:\/\/www.facebook.com\/nettalicom\" \/>\n<meta property=\"article:published_time\" content=\"2024-03-15T06:44:00+00:00\" \/>\n<meta property=\"article:modified_time\" content=\"2024-03-15T18:31:21+00:00\" \/>\n<meta property=\"og:image\" content=\"https:\/\/www.nettali.com\/wp-content\/uploads\/2024\/03\/75673334-53141696.jpg\" \/>\n\t<meta property=\"og:image:width\" content=\"650\" \/>\n\t<meta property=\"og:image:height\" content=\"433\" \/>\n<meta name=\"twitter:card\" content=\"summary_large_image\" \/>\n<meta name=\"twitter:label1\" content=\"\u00c9crit par\" \/>\n\t<meta name=\"twitter:data1\" content=\"CK\" \/>\n\t<meta name=\"twitter:label2\" content=\"Dur\u00e9e de lecture estim\u00e9e\" \/>\n\t<meta name=\"twitter:data2\" content=\"4 minutes\" \/>\n<script type=\"application\/ld+json\" class=\"yoast-schema-graph\">{\"@context\":\"https:\/\/schema.org\",\"@graph\":[{\"@type\":\"WebSite\",\"@id\":\"https:\/\/www.nettali.com\/#website\",\"url\":\"https:\/\/www.nettali.com\/\",\"name\":\"Nettali.com\",\"description\":\"Le rendez-vous critique du Net\",\"potentialAction\":[{\"@type\":\"SearchAction\",\"target\":{\"@type\":\"EntryPoint\",\"urlTemplate\":\"https:\/\/www.nettali.com\/?s={search_term_string}\"},\"query-input\":\"required name=search_term_string\"}],\"inLanguage\":\"fr-FR\"},{\"@type\":\"ImageObject\",\"@id\":\"https:\/\/www.nettali.com\/2024\/03\/15\/declaration-de-sonko-diomaye-decision-attendue-de-la-cour-supre%cc%82me-vendredi-de-verite\/#primaryimage\",\"inLanguage\":\"fr-FR\",\"url\":\"https:\/\/www.nettali.com\/wp-content\/uploads\/2024\/03\/75673334-53141696.jpg\",\"contentUrl\":\"https:\/\/www.nettali.com\/wp-content\/uploads\/2024\/03\/75673334-53141696.jpg\",\"width\":650,\"height\":433},{\"@type\":\"WebPage\",\"@id\":\"https:\/\/www.nettali.com\/2024\/03\/15\/declaration-de-sonko-diomaye-decision-attendue-de-la-cour-supre%cc%82me-vendredi-de-verite\/#webpage\",\"url\":\"https:\/\/www.nettali.com\/2024\/03\/15\/declaration-de-sonko-diomaye-decision-attendue-de-la-cour-supre%cc%82me-vendredi-de-verite\/\",\"name\":\"DE\\u0301CLARATION DE SONKO-DIOMAYE, DE\\u0301CISION ATTENDUE DE LA COUR SUPRE\\u0302ME - Vendredi de ve\\u0301rite\\u0301 | Nettali.com\",\"isPartOf\":{\"@id\":\"https:\/\/www.nettali.com\/#website\"},\"primaryImageOfPage\":{\"@id\":\"https:\/\/www.nettali.com\/2024\/03\/15\/declaration-de-sonko-diomaye-decision-attendue-de-la-cour-supre%cc%82me-vendredi-de-verite\/#primaryimage\"},\"datePublished\":\"2024-03-15T06:44:00+00:00\",\"dateModified\":\"2024-03-15T18:31:21+00:00\",\"author\":{\"@id\":\"https:\/\/www.nettali.com\/#\/schema\/person\/d8ac7b7e27ddad43f1c0d2ef090d7f71\"},\"breadcrumb\":{\"@id\":\"https:\/\/www.nettali.com\/2024\/03\/15\/declaration-de-sonko-diomaye-decision-attendue-de-la-cour-supre%cc%82me-vendredi-de-verite\/#breadcrumb\"},\"inLanguage\":\"fr-FR\",\"potentialAction\":[{\"@type\":\"ReadAction\",\"target\":[\"https:\/\/www.nettali.com\/2024\/03\/15\/declaration-de-sonko-diomaye-decision-attendue-de-la-cour-supre%cc%82me-vendredi-de-verite\/\"]}]},{\"@type\":\"BreadcrumbList\",\"@id\":\"https:\/\/www.nettali.com\/2024\/03\/15\/declaration-de-sonko-diomaye-decision-attendue-de-la-cour-supre%cc%82me-vendredi-de-verite\/#breadcrumb\",\"itemListElement\":[{\"@type\":\"ListItem\",\"position\":1,\"name\":\"Accueil\",\"item\":\"https:\/\/www.nettali.com\/\"},{\"@type\":\"ListItem\",\"position\":2,\"name\":\"DE\\u0301CLARATION DE SONKO-DIOMAYE, DE\\u0301CISION ATTENDUE DE LA COUR SUPRE\\u0302ME - Vendredi de ve\\u0301rite\\u0301\"}]},{\"@type\":\"Person\",\"@id\":\"https:\/\/www.nettali.com\/#\/schema\/person\/d8ac7b7e27ddad43f1c0d2ef090d7f71\",\"name\":\"CK\",\"image\":{\"@type\":\"ImageObject\",\"@id\":\"https:\/\/www.nettali.com\/#personlogo\",\"inLanguage\":\"fr-FR\",\"url\":\"https:\/\/secure.gravatar.com\/avatar\/1d8d5118b9327d94da7cd4ce7f17fec2?s=96&d=mm&r=g\",\"contentUrl\":\"https:\/\/secure.gravatar.com\/avatar\/1d8d5118b9327d94da7cd4ce7f17fec2?s=96&d=mm&r=g\",\"caption\":\"CK\"},\"sameAs\":[\"https:\/\/www.nettali.com\"]}]}<\/script>\n<!-- \/ Yoast SEO Premium plugin. -->","yoast_head_json":{"title":"DE\u0301CLARATION DE SONKO-DIOMAYE, DE\u0301CISION ATTENDUE DE LA COUR SUPRE\u0302ME - Vendredi de ve\u0301rite\u0301 | Nettali.com","robots":{"index":"index","follow":"follow","max-snippet":"max-snippet:-1","max-image-preview":"max-image-preview:large","max-video-preview":"max-video-preview:-1"},"canonical":"https:\/\/www.nettali.com\/2024\/03\/15\/declaration-de-sonko-diomaye-decision-attendue-de-la-cour-supre\u0302me-vendredi-de-verite\/","og_locale":"fr_FR","og_type":"article","og_title":"DE\u0301CLARATION DE SONKO-DIOMAYE, DE\u0301CISION ATTENDUE DE LA COUR SUPRE\u0302ME - Vendredi de ve\u0301rite\u0301","og_description":"NETTALI.COM - Les 24 prochaines heures vont e\u0302tre de\u0301cisives dans la poursuite du processus e\u0301lectoral devant mener le pays a\u0300 l\u2019e\u0301lection d\u2019un nouveau pre\u0301sident de la Re\u0301publique. Ousmane Sonko et Bassirou Diomaye Faye libres, c\u2019est une autre campagne e\u0301lectorale qui commence. Les Dakarois en ont eu un aperc\u0327u, le jeudi 14 mars dans la soire\u0301e [&hellip;]","og_url":"https:\/\/www.nettali.com\/2024\/03\/15\/declaration-de-sonko-diomaye-decision-attendue-de-la-cour-supre\u0302me-vendredi-de-verite\/","og_site_name":"Nettali.com","article_publisher":"https:\/\/www.facebook.com\/nettalicom","article_published_time":"2024-03-15T06:44:00+00:00","article_modified_time":"2024-03-15T18:31:21+00:00","og_image":[{"width":650,"height":433,"url":"https:\/\/www.nettali.com\/wp-content\/uploads\/2024\/03\/75673334-53141696.jpg","type":"image\/jpeg"}],"twitter_card":"summary_large_image","twitter_misc":{"\u00c9crit par":"CK","Dur\u00e9e de lecture estim\u00e9e":"4 minutes"},"schema":{"@context":"https:\/\/schema.org","@graph":[{"@type":"WebSite","@id":"https:\/\/www.nettali.com\/#website","url":"https:\/\/www.nettali.com\/","name":"Nettali.com","description":"Le rendez-vous critique du Net","potentialAction":[{"@type":"SearchAction","target":{"@type":"EntryPoint","urlTemplate":"https:\/\/www.nettali.com\/?s={search_term_string}"},"query-input":"required name=search_term_string"}],"inLanguage":"fr-FR"},{"@type":"ImageObject","@id":"https:\/\/www.nettali.com\/2024\/03\/15\/declaration-de-sonko-diomaye-decision-attendue-de-la-cour-supre%cc%82me-vendredi-de-verite\/#primaryimage","inLanguage":"fr-FR","url":"https:\/\/www.nettali.com\/wp-content\/uploads\/2024\/03\/75673334-53141696.jpg","contentUrl":"https:\/\/www.nettali.com\/wp-content\/uploads\/2024\/03\/75673334-53141696.jpg","width":650,"height":433},{"@type":"WebPage","@id":"https:\/\/www.nettali.com\/2024\/03\/15\/declaration-de-sonko-diomaye-decision-attendue-de-la-cour-supre%cc%82me-vendredi-de-verite\/#webpage","url":"https:\/\/www.nettali.com\/2024\/03\/15\/declaration-de-sonko-diomaye-decision-attendue-de-la-cour-supre%cc%82me-vendredi-de-verite\/","name":"DE\u0301CLARATION DE SONKO-DIOMAYE, DE\u0301CISION ATTENDUE DE LA COUR SUPRE\u0302ME - Vendredi de ve\u0301rite\u0301 | Nettali.com","isPartOf":{"@id":"https:\/\/www.nettali.com\/#website"},"primaryImageOfPage":{"@id":"https:\/\/www.nettali.com\/2024\/03\/15\/declaration-de-sonko-diomaye-decision-attendue-de-la-cour-supre%cc%82me-vendredi-de-verite\/#primaryimage"},"datePublished":"2024-03-15T06:44:00+00:00","dateModified":"2024-03-15T18:31:21+00:00","author":{"@id":"https:\/\/www.nettali.com\/#\/schema\/person\/d8ac7b7e27ddad43f1c0d2ef090d7f71"},"breadcrumb":{"@id":"https:\/\/www.nettali.com\/2024\/03\/15\/declaration-de-sonko-diomaye-decision-attendue-de-la-cour-supre%cc%82me-vendredi-de-verite\/#breadcrumb"},"inLanguage":"fr-FR","potentialAction":[{"@type":"ReadAction","target":["https:\/\/www.nettali.com\/2024\/03\/15\/declaration-de-sonko-diomaye-decision-attendue-de-la-cour-supre%cc%82me-vendredi-de-verite\/"]}]},{"@type":"BreadcrumbList","@id":"https:\/\/www.nettali.com\/2024\/03\/15\/declaration-de-sonko-diomaye-decision-attendue-de-la-cour-supre%cc%82me-vendredi-de-verite\/#breadcrumb","itemListElement":[{"@type":"ListItem","position":1,"name":"Accueil","item":"https:\/\/www.nettali.com\/"},{"@type":"ListItem","position":2,"name":"DE\u0301CLARATION DE SONKO-DIOMAYE, DE\u0301CISION ATTENDUE DE LA COUR SUPRE\u0302ME - Vendredi de ve\u0301rite\u0301"}]},{"@type":"Person","@id":"https:\/\/www.nettali.com\/#\/schema\/person\/d8ac7b7e27ddad43f1c0d2ef090d7f71","name":"CK","image":{"@type":"ImageObject","@id":"https:\/\/www.nettali.com\/#personlogo","inLanguage":"fr-FR","url":"https:\/\/secure.gravatar.com\/avatar\/1d8d5118b9327d94da7cd4ce7f17fec2?s=96&d=mm&r=g","contentUrl":"https:\/\/secure.gravatar.com\/avatar\/1d8d5118b9327d94da7cd4ce7f17fec2?s=96&d=mm&r=g","caption":"CK"},"sameAs":["https:\/\/www.nettali.com"]}]}},"_links":{"self":[{"href":"https:\/\/www.nettali.com\/rest\/wp\/v2\/posts\/129581"}],"collection":[{"href":"https:\/\/www.nettali.com\/rest\/wp\/v2\/posts"}],"about":[{"href":"https:\/\/www.nettali.com\/rest\/wp\/v2\/types\/post"}],"author":[{"embeddable":true,"href":"https:\/\/www.nettali.com\/rest\/wp\/v2\/users\/2"}],"replies":[{"embeddable":true,"href":"https:\/\/www.nettali.com\/rest\/wp\/v2\/comments?post=129581"}],"version-history":[{"count":2,"href":"https:\/\/www.nettali.com\/rest\/wp\/v2\/posts\/129581\/revisions"}],"predecessor-version":[{"id":129590,"href":"https:\/\/www.nettali.com\/rest\/wp\/v2\/posts\/129581\/revisions\/129590"}],"wp:featuredmedia":[{"embeddable":true,"href":"https:\/\/www.nettali.com\/rest\/wp\/v2\/media\/129582"}],"wp:attachment":[{"href":"https:\/\/www.nettali.com\/rest\/wp\/v2\/media?parent=129581"}],"wp:term":[{"taxonomy":"category","embeddable":true,"href":"https:\/\/www.nettali.com\/rest\/wp\/v2\/categories?post=129581"},{"taxonomy":"post_tag","embeddable":true,"href":"https:\/\/www.nettali.com\/rest\/wp\/v2\/tags?post=129581"}],"curies":[{"name":"wp","href":"https:\/\/api.w.org\/{rel}","templated":true}]}}