{"id":129522,"date":"2024-03-14T14:08:17","date_gmt":"2024-03-14T14:08:17","guid":{"rendered":"https:\/\/www.nettali.com\/?p=129522"},"modified":"2024-03-14T14:08:17","modified_gmt":"2024-03-14T14:08:17","slug":"transport-ferroviaire-les-ex-travailleurs-du-chemin-de-fer-bloquent-la-liaison-thies-diamniadio","status":"publish","type":"post","link":"https:\/\/www.nettali.com\/2024\/03\/14\/transport-ferroviaire-les-ex-travailleurs-du-chemin-de-fer-bloquent-la-liaison-thies-diamniadio\/","title":{"rendered":"TRANSPORT FERROVIAIRE \u2013 Les ex-travailleurs du chemin de fer bloquent la Liaison Thi\u00e8s-Diamniadio"},"content":{"rendered":"<p><strong>NETTALI.COM- Les trains qui assurent la liaison Thi\u00e8s-Diamniadio n'ont pas circul\u00e9 ce jeudi matin. Ils ont \u00e9t\u00e9 bloqu\u00e9s par les cheminots retrait\u00e9s, ex-temporaires, qui exigent une revalorisation de leur allocation de retraite.<\/strong><\/p>\n<p>A Thi\u00e8s, le train n\u2019a pas siffl\u00e9 ce matin. Les retrait\u00e9s de la r\u00e9gie des chemins de fer du S\u00e9n\u00e9gal ont barr\u00e9 les rails pour exiger la r\u00e9gulation de leur pension qui tourne autour de 13 milliards de FCfa.<\/p>\n<p>\u00ab <em>On l\u2019a fait avec le c\u0153ur meurtri. C\u2019est parce que nous n\u2019avons pas la r\u00e9ponse positive de l\u2019Etat. Nous sommes des anciens travailleurs du chemins de fer, des cadres ferroviaires. Les uns ce sont des chefs de s\u00e9curit\u00e9, chef de gare, des m\u00e9caniciens \u00e0 la retraite et on ne parvient pas \u00e0 recevoir correctement nos pensions \u00bb,<\/em> a justifi\u00e9 Aliou Diallo, pr\u00e9sident de l\u2019association des ex-temporaires de la r\u00e9gie des chemins de fer du S\u00e9n\u00e9gal.<\/p>\n<p>Avant de poursuivre : \u00ab n<em>ous faisons mille et quelques travailleurs de Dakar \u00e0 Kidira pour r\u00e9clamer ce qui nous revient de droit. Nous lan\u00e7ons u appel au pr\u00e9sident de la R\u00e9publique, au Premier ministre pour ce probl\u00e8me soit vider. Nous voulons la relance effective du chemin de fer\u00bb.<\/em><\/p>\n<p>Selon lui, les accords sign\u00e9s et les correspondances adress\u00e9s aux autorit\u00e9s concern\u00e9s, rien n\u2019est fait pour le payement des pensions.<\/p>\n<div class='share-to-whatsapp-wrapper'><div class='share-on-whsp'>PARTAGER SUR : <\/div><a data-text='TRANSPORT FERROVIAIRE \u2013 Les ex-travailleurs du chemin de fer bloquent la Liaison Thi\u00e8s-Diamniadio' data-link='https:\/\/www.nettali.com\/2024\/03\/14\/transport-ferroviaire-les-ex-travailleurs-du-chemin-de-fer-bloquent-la-liaison-thies-diamniadio\/' class='whatsapp-button whatsapp-share'>WhatsApp<\/a><div class='clear '><\/div><\/div>","protected":false},"excerpt":{"rendered":"<p>NETTALI.COM- Les trains qui assurent la liaison Thi\u00e8s-Diamniadio n'ont pas circul\u00e9 ce jeudi matin. Ils ont \u00e9t\u00e9 bloqu\u00e9s par les cheminots retrait\u00e9s, ex-temporaires, qui exigent une revalorisation de leur allocation de retraite. A Thi\u00e8s, le train n\u2019a pas siffl\u00e9 ce matin. Les retrait\u00e9s de la r\u00e9gie des chemins de fer du S\u00e9n\u00e9gal ont barr\u00e9 les [&hellip;]<\/p>\n","protected":false},"author":6,"featured_media":50982,"comment_status":"open","ping_status":"open","sticky":false,"template":"","format":"standard","meta":{"_et_pb_use_builder":"","_et_pb_old_content":""},"categories":[2],"tags":[],"yoast_head":"<!-- This site is optimized with the Yoast SEO Premium plugin v17.8 (Yoast SEO v17.8) - https:\/\/yoast.com\/wordpress\/plugins\/seo\/ -->\n<title>TRANSPORT FERROVIAIRE \u2013 Les ex-travailleurs du chemin de fer bloquent la Liaison Thi\u00e8s-Diamniadio | Nettali.com<\/title>\n<meta name=\"robots\" content=\"index, follow, max-snippet:-1, max-image-preview:large, max-video-preview:-1\" \/>\n<link rel=\"canonical\" href=\"https:\/\/www.nettali.com\/2024\/03\/14\/transport-ferroviaire-les-ex-travailleurs-du-chemin-de-fer-bloquent-la-liaison-thies-diamniadio\/\" \/>\n<meta property=\"og:locale\" content=\"fr_FR\" \/>\n<meta property=\"og:type\" content=\"article\" \/>\n<meta property=\"og:title\" content=\"TRANSPORT FERROVIAIRE \u2013 Les ex-travailleurs du chemin de fer bloquent la Liaison Thi\u00e8s-Diamniadio\" \/>\n<meta property=\"og:description\" content=\"NETTALI.COM- Les trains qui assurent la liaison Thi\u00e8s-Diamniadio n&#039;ont pas circul\u00e9 ce jeudi matin. Ils ont \u00e9t\u00e9 bloqu\u00e9s par les cheminots retrait\u00e9s, ex-temporaires, qui exigent une revalorisation de leur allocation de retraite. A Thi\u00e8s, le train n\u2019a pas siffl\u00e9 ce matin. Les retrait\u00e9s de la r\u00e9gie des chemins de fer du S\u00e9n\u00e9gal ont barr\u00e9 les [&hellip;]\" \/>\n<meta property=\"og:url\" content=\"https:\/\/www.nettali.com\/2024\/03\/14\/transport-ferroviaire-les-ex-travailleurs-du-chemin-de-fer-bloquent-la-liaison-thies-diamniadio\/\" \/>\n<meta property=\"og:site_name\" content=\"Nettali.com\" \/>\n<meta property=\"article:publisher\" content=\"https:\/\/www.facebook.com\/nettalicom\" \/>\n<meta property=\"article:published_time\" content=\"2024-03-14T14:08:17+00:00\" \/>\n<meta property=\"og:image\" content=\"https:\/\/www.nettali.com\/wp-content\/uploads\/2020\/11\/Projets-rehabilitation-chemin-ferroviaire-fer-frontiere-port-gare-Dakar-Bamako-developpement-economie-transport-train-rail-LEUKSENEGAL-Dakar-Senegal-Afrique-infrastructures-afrique-train-dakar-bamako.jpg\" \/>\n\t<meta property=\"og:image:width\" content=\"592\" \/>\n\t<meta property=\"og:image:height\" content=\"296\" \/>\n<meta name=\"twitter:card\" content=\"summary_large_image\" \/>\n<meta name=\"twitter:label1\" content=\"\u00c9crit par\" \/>\n\t<meta name=\"twitter:data1\" content=\"Fatou\" \/>\n\t<meta name=\"twitter:label2\" content=\"Dur\u00e9e de lecture estim\u00e9e\" \/>\n\t<meta name=\"twitter:data2\" content=\"2 minutes\" \/>\n<script type=\"application\/ld+json\" class=\"yoast-schema-graph\">{\"@context\":\"https:\/\/schema.org\",\"@graph\":[{\"@type\":\"WebSite\",\"@id\":\"https:\/\/www.nettali.com\/#website\",\"url\":\"https:\/\/www.nettali.com\/\",\"name\":\"Nettali.com\",\"description\":\"Le rendez-vous critique du Net\",\"potentialAction\":[{\"@type\":\"SearchAction\",\"target\":{\"@type\":\"EntryPoint\",\"urlTemplate\":\"https:\/\/www.nettali.com\/?s={search_term_string}\"},\"query-input\":\"required name=search_term_string\"}],\"inLanguage\":\"fr-FR\"},{\"@type\":\"ImageObject\",\"@id\":\"https:\/\/www.nettali.com\/2024\/03\/14\/transport-ferroviaire-les-ex-travailleurs-du-chemin-de-fer-bloquent-la-liaison-thies-diamniadio\/#primaryimage\",\"inLanguage\":\"fr-FR\",\"url\":\"https:\/\/www.nettali.com\/wp-content\/uploads\/2020\/11\/Projets-rehabilitation-chemin-ferroviaire-fer-frontiere-port-gare-Dakar-Bamako-developpement-economie-transport-train-rail-LEUKSENEGAL-Dakar-Senegal-Afrique-infrastructures-afrique-train-dakar-bamako.jpg\",\"contentUrl\":\"https:\/\/www.nettali.com\/wp-content\/uploads\/2020\/11\/Projets-rehabilitation-chemin-ferroviaire-fer-frontiere-port-gare-Dakar-Bamako-developpement-economie-transport-train-rail-LEUKSENEGAL-Dakar-Senegal-Afrique-infrastructures-afrique-train-dakar-bamako.jpg\",\"width\":592,\"height\":296},{\"@type\":\"WebPage\",\"@id\":\"https:\/\/www.nettali.com\/2024\/03\/14\/transport-ferroviaire-les-ex-travailleurs-du-chemin-de-fer-bloquent-la-liaison-thies-diamniadio\/#webpage\",\"url\":\"https:\/\/www.nettali.com\/2024\/03\/14\/transport-ferroviaire-les-ex-travailleurs-du-chemin-de-fer-bloquent-la-liaison-thies-diamniadio\/\",\"name\":\"TRANSPORT FERROVIAIRE \\u2013 Les ex-travailleurs du chemin de fer bloquent la Liaison Thi\\u00e8s-Diamniadio | Nettali.com\",\"isPartOf\":{\"@id\":\"https:\/\/www.nettali.com\/#website\"},\"primaryImageOfPage\":{\"@id\":\"https:\/\/www.nettali.com\/2024\/03\/14\/transport-ferroviaire-les-ex-travailleurs-du-chemin-de-fer-bloquent-la-liaison-thies-diamniadio\/#primaryimage\"},\"datePublished\":\"2024-03-14T14:08:17+00:00\",\"dateModified\":\"2024-03-14T14:08:17+00:00\",\"author\":{\"@id\":\"https:\/\/www.nettali.com\/#\/schema\/person\/418274a86bdf87caff7a3ef476bd0bbf\"},\"breadcrumb\":{\"@id\":\"https:\/\/www.nettali.com\/2024\/03\/14\/transport-ferroviaire-les-ex-travailleurs-du-chemin-de-fer-bloquent-la-liaison-thies-diamniadio\/#breadcrumb\"},\"inLanguage\":\"fr-FR\",\"potentialAction\":[{\"@type\":\"ReadAction\",\"target\":[\"https:\/\/www.nettali.com\/2024\/03\/14\/transport-ferroviaire-les-ex-travailleurs-du-chemin-de-fer-bloquent-la-liaison-thies-diamniadio\/\"]}]},{\"@type\":\"BreadcrumbList\",\"@id\":\"https:\/\/www.nettali.com\/2024\/03\/14\/transport-ferroviaire-les-ex-travailleurs-du-chemin-de-fer-bloquent-la-liaison-thies-diamniadio\/#breadcrumb\",\"itemListElement\":[{\"@type\":\"ListItem\",\"position\":1,\"name\":\"Accueil\",\"item\":\"https:\/\/www.nettali.com\/\"},{\"@type\":\"ListItem\",\"position\":2,\"name\":\"TRANSPORT FERROVIAIRE \\u2013 Les ex-travailleurs du chemin de fer bloquent la Liaison Thi\\u00e8s-Diamniadio\"}]},{\"@type\":\"Person\",\"@id\":\"https:\/\/www.nettali.com\/#\/schema\/person\/418274a86bdf87caff7a3ef476bd0bbf\",\"name\":\"Fatou\",\"image\":{\"@type\":\"ImageObject\",\"@id\":\"https:\/\/www.nettali.com\/#personlogo\",\"inLanguage\":\"fr-FR\",\"url\":\"https:\/\/secure.gravatar.com\/avatar\/5a9442a2bee7b4dcf167cab035858e9a?s=96&d=mm&r=g\",\"contentUrl\":\"https:\/\/secure.gravatar.com\/avatar\/5a9442a2bee7b4dcf167cab035858e9a?s=96&d=mm&r=g\",\"caption\":\"Fatou\"},\"sameAs\":[\"https:\/\/www.nettali.com\"]}]}<\/script>\n<!-- \/ Yoast SEO Premium plugin. -->","yoast_head_json":{"title":"TRANSPORT FERROVIAIRE \u2013 Les ex-travailleurs du chemin de fer bloquent la Liaison Thi\u00e8s-Diamniadio | Nettali.com","robots":{"index":"index","follow":"follow","max-snippet":"max-snippet:-1","max-image-preview":"max-image-preview:large","max-video-preview":"max-video-preview:-1"},"canonical":"https:\/\/www.nettali.com\/2024\/03\/14\/transport-ferroviaire-les-ex-travailleurs-du-chemin-de-fer-bloquent-la-liaison-thies-diamniadio\/","og_locale":"fr_FR","og_type":"article","og_title":"TRANSPORT FERROVIAIRE \u2013 Les ex-travailleurs du chemin de fer bloquent la Liaison Thi\u00e8s-Diamniadio","og_description":"NETTALI.COM- Les trains qui assurent la liaison Thi\u00e8s-Diamniadio n'ont pas circul\u00e9 ce jeudi matin. Ils ont \u00e9t\u00e9 bloqu\u00e9s par les cheminots retrait\u00e9s, ex-temporaires, qui exigent une revalorisation de leur allocation de retraite. A Thi\u00e8s, le train n\u2019a pas siffl\u00e9 ce matin. Les retrait\u00e9s de la r\u00e9gie des chemins de fer du S\u00e9n\u00e9gal ont barr\u00e9 les [&hellip;]","og_url":"https:\/\/www.nettali.com\/2024\/03\/14\/transport-ferroviaire-les-ex-travailleurs-du-chemin-de-fer-bloquent-la-liaison-thies-diamniadio\/","og_site_name":"Nettali.com","article_publisher":"https:\/\/www.facebook.com\/nettalicom","article_published_time":"2024-03-14T14:08:17+00:00","og_image":[{"width":592,"height":296,"url":"https:\/\/www.nettali.com\/wp-content\/uploads\/2020\/11\/Projets-rehabilitation-chemin-ferroviaire-fer-frontiere-port-gare-Dakar-Bamako-developpement-economie-transport-train-rail-LEUKSENEGAL-Dakar-Senegal-Afrique-infrastructures-afrique-train-dakar-bamako.jpg","type":"image\/jpeg"}],"twitter_card":"summary_large_image","twitter_misc":{"\u00c9crit par":"Fatou","Dur\u00e9e de lecture estim\u00e9e":"2 minutes"},"schema":{"@context":"https:\/\/schema.org","@graph":[{"@type":"WebSite","@id":"https:\/\/www.nettali.com\/#website","url":"https:\/\/www.nettali.com\/","name":"Nettali.com","description":"Le rendez-vous critique du Net","potentialAction":[{"@type":"SearchAction","target":{"@type":"EntryPoint","urlTemplate":"https:\/\/www.nettali.com\/?s={search_term_string}"},"query-input":"required name=search_term_string"}],"inLanguage":"fr-FR"},{"@type":"ImageObject","@id":"https:\/\/www.nettali.com\/2024\/03\/14\/transport-ferroviaire-les-ex-travailleurs-du-chemin-de-fer-bloquent-la-liaison-thies-diamniadio\/#primaryimage","inLanguage":"fr-FR","url":"https:\/\/www.nettali.com\/wp-content\/uploads\/2020\/11\/Projets-rehabilitation-chemin-ferroviaire-fer-frontiere-port-gare-Dakar-Bamako-developpement-economie-transport-train-rail-LEUKSENEGAL-Dakar-Senegal-Afrique-infrastructures-afrique-train-dakar-bamako.jpg","contentUrl":"https:\/\/www.nettali.com\/wp-content\/uploads\/2020\/11\/Projets-rehabilitation-chemin-ferroviaire-fer-frontiere-port-gare-Dakar-Bamako-developpement-economie-transport-train-rail-LEUKSENEGAL-Dakar-Senegal-Afrique-infrastructures-afrique-train-dakar-bamako.jpg","width":592,"height":296},{"@type":"WebPage","@id":"https:\/\/www.nettali.com\/2024\/03\/14\/transport-ferroviaire-les-ex-travailleurs-du-chemin-de-fer-bloquent-la-liaison-thies-diamniadio\/#webpage","url":"https:\/\/www.nettali.com\/2024\/03\/14\/transport-ferroviaire-les-ex-travailleurs-du-chemin-de-fer-bloquent-la-liaison-thies-diamniadio\/","name":"TRANSPORT FERROVIAIRE \u2013 Les ex-travailleurs du chemin de fer bloquent la Liaison Thi\u00e8s-Diamniadio | Nettali.com","isPartOf":{"@id":"https:\/\/www.nettali.com\/#website"},"primaryImageOfPage":{"@id":"https:\/\/www.nettali.com\/2024\/03\/14\/transport-ferroviaire-les-ex-travailleurs-du-chemin-de-fer-bloquent-la-liaison-thies-diamniadio\/#primaryimage"},"datePublished":"2024-03-14T14:08:17+00:00","dateModified":"2024-03-14T14:08:17+00:00","author":{"@id":"https:\/\/www.nettali.com\/#\/schema\/person\/418274a86bdf87caff7a3ef476bd0bbf"},"breadcrumb":{"@id":"https:\/\/www.nettali.com\/2024\/03\/14\/transport-ferroviaire-les-ex-travailleurs-du-chemin-de-fer-bloquent-la-liaison-thies-diamniadio\/#breadcrumb"},"inLanguage":"fr-FR","potentialAction":[{"@type":"ReadAction","target":["https:\/\/www.nettali.com\/2024\/03\/14\/transport-ferroviaire-les-ex-travailleurs-du-chemin-de-fer-bloquent-la-liaison-thies-diamniadio\/"]}]},{"@type":"BreadcrumbList","@id":"https:\/\/www.nettali.com\/2024\/03\/14\/transport-ferroviaire-les-ex-travailleurs-du-chemin-de-fer-bloquent-la-liaison-thies-diamniadio\/#breadcrumb","itemListElement":[{"@type":"ListItem","position":1,"name":"Accueil","item":"https:\/\/www.nettali.com\/"},{"@type":"ListItem","position":2,"name":"TRANSPORT FERROVIAIRE \u2013 Les ex-travailleurs du chemin de fer bloquent la Liaison Thi\u00e8s-Diamniadio"}]},{"@type":"Person","@id":"https:\/\/www.nettali.com\/#\/schema\/person\/418274a86bdf87caff7a3ef476bd0bbf","name":"Fatou","image":{"@type":"ImageObject","@id":"https:\/\/www.nettali.com\/#personlogo","inLanguage":"fr-FR","url":"https:\/\/secure.gravatar.com\/avatar\/5a9442a2bee7b4dcf167cab035858e9a?s=96&d=mm&r=g","contentUrl":"https:\/\/secure.gravatar.com\/avatar\/5a9442a2bee7b4dcf167cab035858e9a?s=96&d=mm&r=g","caption":"Fatou"},"sameAs":["https:\/\/www.nettali.com"]}]}},"_links":{"self":[{"href":"https:\/\/www.nettali.com\/rest\/wp\/v2\/posts\/129522"}],"collection":[{"href":"https:\/\/www.nettali.com\/rest\/wp\/v2\/posts"}],"about":[{"href":"https:\/\/www.nettali.com\/rest\/wp\/v2\/types\/post"}],"author":[{"embeddable":true,"href":"https:\/\/www.nettali.com\/rest\/wp\/v2\/users\/6"}],"replies":[{"embeddable":true,"href":"https:\/\/www.nettali.com\/rest\/wp\/v2\/comments?post=129522"}],"version-history":[{"count":2,"href":"https:\/\/www.nettali.com\/rest\/wp\/v2\/posts\/129522\/revisions"}],"predecessor-version":[{"id":129525,"href":"https:\/\/www.nettali.com\/rest\/wp\/v2\/posts\/129522\/revisions\/129525"}],"wp:featuredmedia":[{"embeddable":true,"href":"https:\/\/www.nettali.com\/rest\/wp\/v2\/media\/50982"}],"wp:attachment":[{"href":"https:\/\/www.nettali.com\/rest\/wp\/v2\/media?parent=129522"}],"wp:term":[{"taxonomy":"category","embeddable":true,"href":"https:\/\/www.nettali.com\/rest\/wp\/v2\/categories?post=129522"},{"taxonomy":"post_tag","embeddable":true,"href":"https:\/\/www.nettali.com\/rest\/wp\/v2\/tags?post=129522"}],"curies":[{"name":"wp","href":"https:\/\/api.w.org\/{rel}","templated":true}]}}