{"id":129486,"date":"2024-03-14T07:15:54","date_gmt":"2024-03-14T07:15:54","guid":{"rendered":"https:\/\/www.nettali.com\/?p=129486"},"modified":"2024-03-14T07:15:54","modified_gmt":"2024-03-14T07:15:54","slug":"campagne-electorale-paix-et-cohesion-sociale-poignees-de-main-entre-idy-et-khalifa","status":"publish","type":"post","link":"https:\/\/www.nettali.com\/2024\/03\/14\/campagne-electorale-paix-et-cohesion-sociale-poignees-de-main-entre-idy-et-khalifa\/","title":{"rendered":"CAMPAGNE E\u0301LECTORALE - PAIX ET COHE\u0301SION SOCIALE - Poigne\u0301es de main entre Idy et Khalifa"},"content":{"rendered":"<div class=\"page\" title=\"Page 3\">\n<div class=\"section\">\n<div class=\"layoutArea\">\n<div class=\"column\">\n<div class=\"page\" title=\"Page 3\">\n<div class=\"section\">\n<div class=\"layoutArea\">\n<div class=\"column\">\n<p><strong>NETTALI.COM - Idrissa Seck et les leaders de Taxawu Se\u0301ne\u0301gal, Khalifa Sall et Barthe\u0301lemy Dias ont partage\u0301 un repas ensemble, ce mercredi 13 mars, apre\u0300s de chaleureuses poigne\u0301es de main. Les caravanes des deux candidats se sont croise\u0301es a\u0300 Thie\u0300s, dans le cadre de la campagne e\u0301lectorale.<\/strong><\/p>\n<\/div>\n<\/div>\n<\/div>\n<\/div>\n<p>L\u2019image pre\u0301sente\u0301e est d'une grande beaute\u0301 et reve\u0302t une symbolique profonde en faveur de la paix et de la cohe\u0301sion sociale particulie\u0300rement significative dans le contexte tendu de l'e\u0301lection pre\u0301sidentielle. Idrissa Seck, pre\u0301sent a\u0300 Thie\u0300s depuis mardi pour sa campagne e\u0301lectorale, a croise\u0301 sur son trajet, a\u0300 proximite\u0301 du sie\u0300ge de son parti Rewmi, la caravane de Khalifa Sall, mercredi 13 mars. Ce dernier, accompagne\u0301 de son bras droit Barthe\u0301lemy Dias, de Moussa Tine et d'He\u0301le\u0300ne Tine, est parti a\u0300 la rencontre d\u2019Idy qui poursuit les visites de proximite\u0301 dans son fief.<\/p>\n<p>Poigne\u0301es de main, accolades, sourires chaleureux et paroles empreintes de courtoisie, e\u0301taient de mise entre les leaders de Taxawu Se\u0301ne\u0301gal et ceux du parti Rewmi. Ensuite, Idrissa Seck, Khalifa Sall, Barth, Yankhoba Diatara et Cie ont partage\u0301 ensemble le repas de la coupure du jeu\u0302ne. \u201cKhalifa-Idy\u201d, scandaient leurs militants, saluant cette cohe\u0301sion.<\/p>\n<p>A\u0300 noter qu\u2019Idy a un programme qui vise, entre autres, la garantie de la stabilite\u0301 et la consolidation de l'unite\u0301 nationale, la re\u0301duction concre\u0300te du cou\u0302t de la vie, le renforcement du pouvoir d'achat et le retour de l'espoir aupre\u0300s de la jeunesse a\u0300 travers des solutions concre\u0300tes d'offres d'emplois et de re\u0301duction drastique du cho\u0302mage.<\/p>\n<\/div>\n<\/div>\n<\/div>\n<\/div>\n<div class='share-to-whatsapp-wrapper'><div class='share-on-whsp'>PARTAGER SUR : <\/div><a data-text='CAMPAGNE E\u0301LECTORALE - PAIX ET COHE\u0301SION SOCIALE - Poigne\u0301es de main entre Idy et Khalifa' data-link='https:\/\/www.nettali.com\/2024\/03\/14\/campagne-electorale-paix-et-cohesion-sociale-poignees-de-main-entre-idy-et-khalifa\/' class='whatsapp-button whatsapp-share'>WhatsApp<\/a><div class='clear '><\/div><\/div>","protected":false},"excerpt":{"rendered":"<p>NETTALI.COM - Idrissa Seck et les leaders de Taxawu Se\u0301ne\u0301gal, Khalifa Sall et Barthe\u0301lemy Dias ont partage\u0301 un repas ensemble, ce mercredi 13 mars, apre\u0300s de chaleureuses poigne\u0301es de main. Les caravanes des deux candidats se sont croise\u0301es a\u0300 Thie\u0300s, dans le cadre de la campagne e\u0301lectorale. L\u2019image pre\u0301sente\u0301e est d'une grande beaute\u0301 et reve\u0302t [&hellip;]<\/p>\n","protected":false},"author":2,"featured_media":129487,"comment_status":"open","ping_status":"open","sticky":false,"template":"","format":"standard","meta":{"_et_pb_use_builder":"","_et_pb_old_content":""},"categories":[2],"tags":[],"yoast_head":"<!-- This site is optimized with the Yoast SEO Premium plugin v17.8 (Yoast SEO v17.8) - https:\/\/yoast.com\/wordpress\/plugins\/seo\/ -->\n<title>CAMPAGNE E\u0301LECTORALE - PAIX ET COHE\u0301SION SOCIALE - Poigne\u0301es de main entre Idy et Khalifa | Nettali.com<\/title>\n<meta name=\"robots\" content=\"index, follow, max-snippet:-1, max-image-preview:large, max-video-preview:-1\" \/>\n<link rel=\"canonical\" href=\"https:\/\/www.nettali.com\/2024\/03\/14\/campagne-electorale-paix-et-cohesion-sociale-poignees-de-main-entre-idy-et-khalifa\/\" \/>\n<meta property=\"og:locale\" content=\"fr_FR\" \/>\n<meta property=\"og:type\" content=\"article\" \/>\n<meta property=\"og:title\" content=\"CAMPAGNE E\u0301LECTORALE - PAIX ET COHE\u0301SION SOCIALE - Poigne\u0301es de main entre Idy et Khalifa\" \/>\n<meta property=\"og:description\" content=\"NETTALI.COM - Idrissa Seck et les leaders de Taxawu Se\u0301ne\u0301gal, Khalifa Sall et Barthe\u0301lemy Dias ont partage\u0301 un repas ensemble, ce mercredi 13 mars, apre\u0300s de chaleureuses poigne\u0301es de main. Les caravanes des deux candidats se sont croise\u0301es a\u0300 Thie\u0300s, dans le cadre de la campagne e\u0301lectorale. L\u2019image pre\u0301sente\u0301e est d&#039;une grande beaute\u0301 et reve\u0302t [&hellip;]\" \/>\n<meta property=\"og:url\" content=\"https:\/\/www.nettali.com\/2024\/03\/14\/campagne-electorale-paix-et-cohesion-sociale-poignees-de-main-entre-idy-et-khalifa\/\" \/>\n<meta property=\"og:site_name\" content=\"Nettali.com\" \/>\n<meta property=\"article:publisher\" content=\"https:\/\/www.facebook.com\/nettalicom\" \/>\n<meta property=\"article:published_time\" content=\"2024-03-14T07:15:54+00:00\" \/>\n<meta property=\"og:image\" content=\"https:\/\/www.nettali.com\/wp-content\/uploads\/2024\/03\/IMG-20240313-WA0097-960x720-1.jpg\" \/>\n\t<meta property=\"og:image:width\" content=\"960\" \/>\n\t<meta property=\"og:image:height\" content=\"720\" \/>\n<meta name=\"twitter:card\" content=\"summary_large_image\" \/>\n<meta name=\"twitter:label1\" content=\"\u00c9crit par\" \/>\n\t<meta name=\"twitter:data1\" content=\"CK\" \/>\n\t<meta name=\"twitter:label2\" content=\"Dur\u00e9e de lecture estim\u00e9e\" \/>\n\t<meta name=\"twitter:data2\" content=\"2 minutes\" \/>\n<script type=\"application\/ld+json\" class=\"yoast-schema-graph\">{\"@context\":\"https:\/\/schema.org\",\"@graph\":[{\"@type\":\"WebSite\",\"@id\":\"https:\/\/www.nettali.com\/#website\",\"url\":\"https:\/\/www.nettali.com\/\",\"name\":\"Nettali.com\",\"description\":\"Le rendez-vous critique du Net\",\"potentialAction\":[{\"@type\":\"SearchAction\",\"target\":{\"@type\":\"EntryPoint\",\"urlTemplate\":\"https:\/\/www.nettali.com\/?s={search_term_string}\"},\"query-input\":\"required name=search_term_string\"}],\"inLanguage\":\"fr-FR\"},{\"@type\":\"ImageObject\",\"@id\":\"https:\/\/www.nettali.com\/2024\/03\/14\/campagne-electorale-paix-et-cohesion-sociale-poignees-de-main-entre-idy-et-khalifa\/#primaryimage\",\"inLanguage\":\"fr-FR\",\"url\":\"https:\/\/www.nettali.com\/wp-content\/uploads\/2024\/03\/IMG-20240313-WA0097-960x720-1.jpg\",\"contentUrl\":\"https:\/\/www.nettali.com\/wp-content\/uploads\/2024\/03\/IMG-20240313-WA0097-960x720-1.jpg\",\"width\":960,\"height\":720},{\"@type\":\"WebPage\",\"@id\":\"https:\/\/www.nettali.com\/2024\/03\/14\/campagne-electorale-paix-et-cohesion-sociale-poignees-de-main-entre-idy-et-khalifa\/#webpage\",\"url\":\"https:\/\/www.nettali.com\/2024\/03\/14\/campagne-electorale-paix-et-cohesion-sociale-poignees-de-main-entre-idy-et-khalifa\/\",\"name\":\"CAMPAGNE E\\u0301LECTORALE - PAIX ET COHE\\u0301SION SOCIALE - Poigne\\u0301es de main entre Idy et Khalifa | Nettali.com\",\"isPartOf\":{\"@id\":\"https:\/\/www.nettali.com\/#website\"},\"primaryImageOfPage\":{\"@id\":\"https:\/\/www.nettali.com\/2024\/03\/14\/campagne-electorale-paix-et-cohesion-sociale-poignees-de-main-entre-idy-et-khalifa\/#primaryimage\"},\"datePublished\":\"2024-03-14T07:15:54+00:00\",\"dateModified\":\"2024-03-14T07:15:54+00:00\",\"author\":{\"@id\":\"https:\/\/www.nettali.com\/#\/schema\/person\/d8ac7b7e27ddad43f1c0d2ef090d7f71\"},\"breadcrumb\":{\"@id\":\"https:\/\/www.nettali.com\/2024\/03\/14\/campagne-electorale-paix-et-cohesion-sociale-poignees-de-main-entre-idy-et-khalifa\/#breadcrumb\"},\"inLanguage\":\"fr-FR\",\"potentialAction\":[{\"@type\":\"ReadAction\",\"target\":[\"https:\/\/www.nettali.com\/2024\/03\/14\/campagne-electorale-paix-et-cohesion-sociale-poignees-de-main-entre-idy-et-khalifa\/\"]}]},{\"@type\":\"BreadcrumbList\",\"@id\":\"https:\/\/www.nettali.com\/2024\/03\/14\/campagne-electorale-paix-et-cohesion-sociale-poignees-de-main-entre-idy-et-khalifa\/#breadcrumb\",\"itemListElement\":[{\"@type\":\"ListItem\",\"position\":1,\"name\":\"Accueil\",\"item\":\"https:\/\/www.nettali.com\/\"},{\"@type\":\"ListItem\",\"position\":2,\"name\":\"CAMPAGNE E\\u0301LECTORALE - PAIX ET COHE\\u0301SION SOCIALE - Poigne\\u0301es de main entre Idy et Khalifa\"}]},{\"@type\":\"Person\",\"@id\":\"https:\/\/www.nettali.com\/#\/schema\/person\/d8ac7b7e27ddad43f1c0d2ef090d7f71\",\"name\":\"CK\",\"image\":{\"@type\":\"ImageObject\",\"@id\":\"https:\/\/www.nettali.com\/#personlogo\",\"inLanguage\":\"fr-FR\",\"url\":\"https:\/\/secure.gravatar.com\/avatar\/1d8d5118b9327d94da7cd4ce7f17fec2?s=96&d=mm&r=g\",\"contentUrl\":\"https:\/\/secure.gravatar.com\/avatar\/1d8d5118b9327d94da7cd4ce7f17fec2?s=96&d=mm&r=g\",\"caption\":\"CK\"},\"sameAs\":[\"https:\/\/www.nettali.com\"]}]}<\/script>\n<!-- \/ Yoast SEO Premium plugin. -->","yoast_head_json":{"title":"CAMPAGNE E\u0301LECTORALE - PAIX ET COHE\u0301SION SOCIALE - Poigne\u0301es de main entre Idy et Khalifa | Nettali.com","robots":{"index":"index","follow":"follow","max-snippet":"max-snippet:-1","max-image-preview":"max-image-preview:large","max-video-preview":"max-video-preview:-1"},"canonical":"https:\/\/www.nettali.com\/2024\/03\/14\/campagne-electorale-paix-et-cohesion-sociale-poignees-de-main-entre-idy-et-khalifa\/","og_locale":"fr_FR","og_type":"article","og_title":"CAMPAGNE E\u0301LECTORALE - PAIX ET COHE\u0301SION SOCIALE - Poigne\u0301es de main entre Idy et Khalifa","og_description":"NETTALI.COM - Idrissa Seck et les leaders de Taxawu Se\u0301ne\u0301gal, Khalifa Sall et Barthe\u0301lemy Dias ont partage\u0301 un repas ensemble, ce mercredi 13 mars, apre\u0300s de chaleureuses poigne\u0301es de main. Les caravanes des deux candidats se sont croise\u0301es a\u0300 Thie\u0300s, dans le cadre de la campagne e\u0301lectorale. L\u2019image pre\u0301sente\u0301e est d'une grande beaute\u0301 et reve\u0302t [&hellip;]","og_url":"https:\/\/www.nettali.com\/2024\/03\/14\/campagne-electorale-paix-et-cohesion-sociale-poignees-de-main-entre-idy-et-khalifa\/","og_site_name":"Nettali.com","article_publisher":"https:\/\/www.facebook.com\/nettalicom","article_published_time":"2024-03-14T07:15:54+00:00","og_image":[{"width":960,"height":720,"url":"https:\/\/www.nettali.com\/wp-content\/uploads\/2024\/03\/IMG-20240313-WA0097-960x720-1.jpg","type":"image\/jpeg"}],"twitter_card":"summary_large_image","twitter_misc":{"\u00c9crit par":"CK","Dur\u00e9e de lecture estim\u00e9e":"2 minutes"},"schema":{"@context":"https:\/\/schema.org","@graph":[{"@type":"WebSite","@id":"https:\/\/www.nettali.com\/#website","url":"https:\/\/www.nettali.com\/","name":"Nettali.com","description":"Le rendez-vous critique du Net","potentialAction":[{"@type":"SearchAction","target":{"@type":"EntryPoint","urlTemplate":"https:\/\/www.nettali.com\/?s={search_term_string}"},"query-input":"required name=search_term_string"}],"inLanguage":"fr-FR"},{"@type":"ImageObject","@id":"https:\/\/www.nettali.com\/2024\/03\/14\/campagne-electorale-paix-et-cohesion-sociale-poignees-de-main-entre-idy-et-khalifa\/#primaryimage","inLanguage":"fr-FR","url":"https:\/\/www.nettali.com\/wp-content\/uploads\/2024\/03\/IMG-20240313-WA0097-960x720-1.jpg","contentUrl":"https:\/\/www.nettali.com\/wp-content\/uploads\/2024\/03\/IMG-20240313-WA0097-960x720-1.jpg","width":960,"height":720},{"@type":"WebPage","@id":"https:\/\/www.nettali.com\/2024\/03\/14\/campagne-electorale-paix-et-cohesion-sociale-poignees-de-main-entre-idy-et-khalifa\/#webpage","url":"https:\/\/www.nettali.com\/2024\/03\/14\/campagne-electorale-paix-et-cohesion-sociale-poignees-de-main-entre-idy-et-khalifa\/","name":"CAMPAGNE E\u0301LECTORALE - PAIX ET COHE\u0301SION SOCIALE - Poigne\u0301es de main entre Idy et Khalifa | Nettali.com","isPartOf":{"@id":"https:\/\/www.nettali.com\/#website"},"primaryImageOfPage":{"@id":"https:\/\/www.nettali.com\/2024\/03\/14\/campagne-electorale-paix-et-cohesion-sociale-poignees-de-main-entre-idy-et-khalifa\/#primaryimage"},"datePublished":"2024-03-14T07:15:54+00:00","dateModified":"2024-03-14T07:15:54+00:00","author":{"@id":"https:\/\/www.nettali.com\/#\/schema\/person\/d8ac7b7e27ddad43f1c0d2ef090d7f71"},"breadcrumb":{"@id":"https:\/\/www.nettali.com\/2024\/03\/14\/campagne-electorale-paix-et-cohesion-sociale-poignees-de-main-entre-idy-et-khalifa\/#breadcrumb"},"inLanguage":"fr-FR","potentialAction":[{"@type":"ReadAction","target":["https:\/\/www.nettali.com\/2024\/03\/14\/campagne-electorale-paix-et-cohesion-sociale-poignees-de-main-entre-idy-et-khalifa\/"]}]},{"@type":"BreadcrumbList","@id":"https:\/\/www.nettali.com\/2024\/03\/14\/campagne-electorale-paix-et-cohesion-sociale-poignees-de-main-entre-idy-et-khalifa\/#breadcrumb","itemListElement":[{"@type":"ListItem","position":1,"name":"Accueil","item":"https:\/\/www.nettali.com\/"},{"@type":"ListItem","position":2,"name":"CAMPAGNE E\u0301LECTORALE - PAIX ET COHE\u0301SION SOCIALE - Poigne\u0301es de main entre Idy et Khalifa"}]},{"@type":"Person","@id":"https:\/\/www.nettali.com\/#\/schema\/person\/d8ac7b7e27ddad43f1c0d2ef090d7f71","name":"CK","image":{"@type":"ImageObject","@id":"https:\/\/www.nettali.com\/#personlogo","inLanguage":"fr-FR","url":"https:\/\/secure.gravatar.com\/avatar\/1d8d5118b9327d94da7cd4ce7f17fec2?s=96&d=mm&r=g","contentUrl":"https:\/\/secure.gravatar.com\/avatar\/1d8d5118b9327d94da7cd4ce7f17fec2?s=96&d=mm&r=g","caption":"CK"},"sameAs":["https:\/\/www.nettali.com"]}]}},"_links":{"self":[{"href":"https:\/\/www.nettali.com\/rest\/wp\/v2\/posts\/129486"}],"collection":[{"href":"https:\/\/www.nettali.com\/rest\/wp\/v2\/posts"}],"about":[{"href":"https:\/\/www.nettali.com\/rest\/wp\/v2\/types\/post"}],"author":[{"embeddable":true,"href":"https:\/\/www.nettali.com\/rest\/wp\/v2\/users\/2"}],"replies":[{"embeddable":true,"href":"https:\/\/www.nettali.com\/rest\/wp\/v2\/comments?post=129486"}],"version-history":[{"count":1,"href":"https:\/\/www.nettali.com\/rest\/wp\/v2\/posts\/129486\/revisions"}],"predecessor-version":[{"id":129488,"href":"https:\/\/www.nettali.com\/rest\/wp\/v2\/posts\/129486\/revisions\/129488"}],"wp:featuredmedia":[{"embeddable":true,"href":"https:\/\/www.nettali.com\/rest\/wp\/v2\/media\/129487"}],"wp:attachment":[{"href":"https:\/\/www.nettali.com\/rest\/wp\/v2\/media?parent=129486"}],"wp:term":[{"taxonomy":"category","embeddable":true,"href":"https:\/\/www.nettali.com\/rest\/wp\/v2\/categories?post=129486"},{"taxonomy":"post_tag","embeddable":true,"href":"https:\/\/www.nettali.com\/rest\/wp\/v2\/tags?post=129486"}],"curies":[{"name":"wp","href":"https:\/\/api.w.org\/{rel}","templated":true}]}}