{"id":129469,"date":"2024-03-14T02:27:57","date_gmt":"2024-03-14T02:27:57","guid":{"rendered":"https:\/\/www.nettali.com\/?p=129469"},"modified":"2024-03-14T10:35:25","modified_gmt":"2024-03-14T10:35:25","slug":"amadou-ba-conteste-dans-son-camp-le-sen-de-lapr-passe-aux-aveux","status":"publish","type":"post","link":"https:\/\/www.nettali.com\/2024\/03\/14\/amadou-ba-conteste-dans-son-camp-le-sen-de-lapr-passe-aux-aveux\/","title":{"rendered":"AMADOU BA CONTESTE DANS SON CAMP - Le SEN de l'APR passe aux aveux"},"content":{"rendered":"<p><strong>NETTALI.COM - Candidat de la majorit\u00e9 pr\u00e9sidentielle, Amadou Ba n'a jamais fait l'unanimit\u00e9 au sein de Benno Bokk Yakaar, encore moins dans les rangs du parti de Macky Sall. Le secr\u00e9tariat ex\u00e9cutif national de l'Alliance pour la R\u00e9publique l'a avou\u00e9 dans son dernier communiqu\u00e9.\u00a0\u00a0<\/strong><\/p>\n<p>Amadou Ba, un candidat contest\u00e9 dans son propre camp. Une information r\u00e9guli\u00e8rement relay\u00e9e par la presse nationale depuis quelques temps, mais toujours d\u00e9mentie par les hauts responsables de l'Alliance pour la r\u00e9publique (APR), alors que m\u00eame des proches de l'ancien Premier ministre ont souvent alert\u00e9 sur le manque de soutien de certains proches du pr\u00e9sident de la R\u00e9publique. C'est d'ailleurs la raison principale de la r\u00e9union de ce mercredi 13 mars du Secr\u00e9tariat ex\u00e9cutif national (SEN) de l'APR. R\u00e9union au cours de laquelle les membres de l'instance dirigeante du parti de Macky Sall ont pris l'engagement de faire bloc autour de leur candidat.<\/p>\n<p>Toutefois, dans le communiqu\u00e9 sanctionnant la r\u00e9union de ce mercredi 13 mars, le SEN de l'APR fait un aveu de taille. Amadou Ba ne fait pas l'unanimit\u00e9 dans son camp. Pis, il est tr\u00e8s contest\u00e9. \"<em>Apr\u00e8s un processus ouvert et un mandat du SEN donn\u00e9 au Pr\u00e9sident Macky Sall, dont le choix ent\u00e9rin\u00e9 par la suite par Benno Bokk Yakaar, s'est port\u00e9 sur le Premier ministre Amadou Ba, comme candidat de la coalition<\/em>\", lit-on dans le communiqu\u00e9.<\/p>\n<p>Et la m\u00eame source d'ajouter: \"<em>Ce choix, accept\u00e9 par la majorit\u00e9 des responsables de l'Alliance pour la r\u00e9publique, n'en demeurait pas moins contest\u00e9 par une frange importante de la direction et de nombreux militants du parti.<\/em>\"<\/p>\n<p>L'instance dirigeante de l'APR va m\u00eame plus loin en rappelant les contestations, soup\u00e7ons, accusations et irr\u00e9gularit\u00e9s soulev\u00e9es au cours du processus de validation des candidatures. Pourtant, les responsables de l'APR sont bien conscients que c'est leur candidat qui est au centre des accusations contre les juges du Conseil constitutionnel.<\/p>\n<p>En outre, le SEN de l'APR qu\u00e9mande presque un soutien \u00e0 Amadou Ba. Il commence d'abord par saluer \"<em>la loyaut\u00e9 des hommes et des femmes, responsables et militants, de l'Alliance pour la r\u00e9publique qui, en coh\u00e9rence avec leur engagement, sont toujours rest\u00e9s \u00e0 l'\u00e9coute de leur leader, le Pr\u00e9sident Macky Sall<\/em>\". Et comme pour avouer ue ces fid\u00e8les de Macky Sall, avaient crois\u00e9 les bras, le SEN de l'APR les exhorte de \"<em>reprendre le travail politique et \u00e9lectoral, dans un \u00e9lan unitaire et solidaire autour du candidat de la coalition Benno Bokk Yakaar et de la grande majorit\u00e9 pr\u00e9sidentielle, Amadou Ba, pour une victoire \u00e9clatante au soir du 24 mars 2024<\/em>\". Reste \u00e0 savoir si \"<em>reprendre le travail politique et \u00e9lectoral<\/em>\" pourra porter ses fruits \u00e0 une dizaine de jours de la pr\u00e9sidentielle.<\/p>\n<div class='share-to-whatsapp-wrapper'><div class='share-on-whsp'>PARTAGER SUR : <\/div><a data-text='AMADOU BA CONTESTE DANS SON CAMP - Le SEN de l'APR passe aux aveux' data-link='https:\/\/www.nettali.com\/2024\/03\/14\/amadou-ba-conteste-dans-son-camp-le-sen-de-lapr-passe-aux-aveux\/' class='whatsapp-button whatsapp-share'>WhatsApp<\/a><div class='clear '><\/div><\/div>","protected":false},"excerpt":{"rendered":"<p>NETTALI.COM - Candidat de la majorit\u00e9 pr\u00e9sidentielle, Amadou Ba n'a jamais fait l'unanimit\u00e9 au sein de Benno Bokk Yakaar, encore moins dans les rangs du parti de Macky Sall. Le secr\u00e9tariat ex\u00e9cutif national de l'Alliance pour la R\u00e9publique l'a avou\u00e9 dans son dernier communiqu\u00e9.\u00a0\u00a0 Amadou Ba, un candidat contest\u00e9 dans son propre camp. Une information [&hellip;]<\/p>\n","protected":false},"author":3,"featured_media":12606,"comment_status":"open","ping_status":"open","sticky":false,"template":"","format":"standard","meta":{"_et_pb_use_builder":"","_et_pb_old_content":""},"categories":[2],"tags":[],"yoast_head":"<!-- This site is optimized with the Yoast SEO Premium plugin v17.8 (Yoast SEO v17.8) - https:\/\/yoast.com\/wordpress\/plugins\/seo\/ -->\n<title>AMADOU BA CONTESTE DANS SON CAMP - Le SEN de l&#039;APR passe aux aveux | Nettali.com<\/title>\n<meta name=\"robots\" content=\"index, follow, max-snippet:-1, max-image-preview:large, max-video-preview:-1\" \/>\n<link rel=\"canonical\" href=\"https:\/\/www.nettali.com\/2024\/03\/14\/amadou-ba-conteste-dans-son-camp-le-sen-de-lapr-passe-aux-aveux\/\" \/>\n<meta property=\"og:locale\" content=\"fr_FR\" \/>\n<meta property=\"og:type\" content=\"article\" \/>\n<meta property=\"og:title\" content=\"AMADOU BA CONTESTE DANS SON CAMP - Le SEN de l&#039;APR passe aux aveux\" \/>\n<meta property=\"og:description\" content=\"NETTALI.COM - Candidat de la majorit\u00e9 pr\u00e9sidentielle, Amadou Ba n&#039;a jamais fait l&#039;unanimit\u00e9 au sein de Benno Bokk Yakaar, encore moins dans les rangs du parti de Macky Sall. Le secr\u00e9tariat ex\u00e9cutif national de l&#039;Alliance pour la R\u00e9publique l&#039;a avou\u00e9 dans son dernier communiqu\u00e9.\u00a0\u00a0 Amadou Ba, un candidat contest\u00e9 dans son propre camp. Une information [&hellip;]\" \/>\n<meta property=\"og:url\" content=\"https:\/\/www.nettali.com\/2024\/03\/14\/amadou-ba-conteste-dans-son-camp-le-sen-de-lapr-passe-aux-aveux\/\" \/>\n<meta property=\"og:site_name\" content=\"Nettali.com\" \/>\n<meta property=\"article:publisher\" content=\"https:\/\/www.facebook.com\/nettalicom\" \/>\n<meta property=\"article:published_time\" content=\"2024-03-14T02:27:57+00:00\" \/>\n<meta property=\"article:modified_time\" content=\"2024-03-14T10:35:25+00:00\" \/>\n<meta property=\"og:image\" content=\"https:\/\/www.nettali.com\/wp-content\/uploads\/2019\/06\/Amadou-Ba-ministre-economie.jpg\" \/>\n\t<meta property=\"og:image:width\" content=\"600\" \/>\n\t<meta property=\"og:image:height\" content=\"381\" \/>\n<meta name=\"twitter:card\" content=\"summary_large_image\" \/>\n<meta name=\"twitter:label1\" content=\"\u00c9crit par\" \/>\n\t<meta name=\"twitter:data1\" content=\"Moustapha\" \/>\n\t<meta name=\"twitter:label2\" content=\"Dur\u00e9e de lecture estim\u00e9e\" \/>\n\t<meta name=\"twitter:data2\" content=\"3 minutes\" \/>\n<script type=\"application\/ld+json\" class=\"yoast-schema-graph\">{\"@context\":\"https:\/\/schema.org\",\"@graph\":[{\"@type\":\"WebSite\",\"@id\":\"https:\/\/www.nettali.com\/#website\",\"url\":\"https:\/\/www.nettali.com\/\",\"name\":\"Nettali.com\",\"description\":\"Le rendez-vous critique du Net\",\"potentialAction\":[{\"@type\":\"SearchAction\",\"target\":{\"@type\":\"EntryPoint\",\"urlTemplate\":\"https:\/\/www.nettali.com\/?s={search_term_string}\"},\"query-input\":\"required name=search_term_string\"}],\"inLanguage\":\"fr-FR\"},{\"@type\":\"ImageObject\",\"@id\":\"https:\/\/www.nettali.com\/2024\/03\/14\/amadou-ba-conteste-dans-son-camp-le-sen-de-lapr-passe-aux-aveux\/#primaryimage\",\"inLanguage\":\"fr-FR\",\"url\":\"https:\/\/www.nettali.com\/wp-content\/uploads\/2019\/06\/Amadou-Ba-ministre-economie.jpg\",\"contentUrl\":\"https:\/\/www.nettali.com\/wp-content\/uploads\/2019\/06\/Amadou-Ba-ministre-economie.jpg\",\"width\":600,\"height\":381},{\"@type\":\"WebPage\",\"@id\":\"https:\/\/www.nettali.com\/2024\/03\/14\/amadou-ba-conteste-dans-son-camp-le-sen-de-lapr-passe-aux-aveux\/#webpage\",\"url\":\"https:\/\/www.nettali.com\/2024\/03\/14\/amadou-ba-conteste-dans-son-camp-le-sen-de-lapr-passe-aux-aveux\/\",\"name\":\"AMADOU BA CONTESTE DANS SON CAMP - Le SEN de l'APR passe aux aveux | Nettali.com\",\"isPartOf\":{\"@id\":\"https:\/\/www.nettali.com\/#website\"},\"primaryImageOfPage\":{\"@id\":\"https:\/\/www.nettali.com\/2024\/03\/14\/amadou-ba-conteste-dans-son-camp-le-sen-de-lapr-passe-aux-aveux\/#primaryimage\"},\"datePublished\":\"2024-03-14T02:27:57+00:00\",\"dateModified\":\"2024-03-14T10:35:25+00:00\",\"author\":{\"@id\":\"https:\/\/www.nettali.com\/#\/schema\/person\/7962a12a6e0267f88f0ffa544c36469a\"},\"breadcrumb\":{\"@id\":\"https:\/\/www.nettali.com\/2024\/03\/14\/amadou-ba-conteste-dans-son-camp-le-sen-de-lapr-passe-aux-aveux\/#breadcrumb\"},\"inLanguage\":\"fr-FR\",\"potentialAction\":[{\"@type\":\"ReadAction\",\"target\":[\"https:\/\/www.nettali.com\/2024\/03\/14\/amadou-ba-conteste-dans-son-camp-le-sen-de-lapr-passe-aux-aveux\/\"]}]},{\"@type\":\"BreadcrumbList\",\"@id\":\"https:\/\/www.nettali.com\/2024\/03\/14\/amadou-ba-conteste-dans-son-camp-le-sen-de-lapr-passe-aux-aveux\/#breadcrumb\",\"itemListElement\":[{\"@type\":\"ListItem\",\"position\":1,\"name\":\"Accueil\",\"item\":\"https:\/\/www.nettali.com\/\"},{\"@type\":\"ListItem\",\"position\":2,\"name\":\"AMADOU BA CONTESTE DANS SON CAMP - Le SEN de l'APR passe aux aveux\"}]},{\"@type\":\"Person\",\"@id\":\"https:\/\/www.nettali.com\/#\/schema\/person\/7962a12a6e0267f88f0ffa544c36469a\",\"name\":\"Moustapha\",\"image\":{\"@type\":\"ImageObject\",\"@id\":\"https:\/\/www.nettali.com\/#personlogo\",\"inLanguage\":\"fr-FR\",\"url\":\"https:\/\/secure.gravatar.com\/avatar\/10fdf6a071cccdcf374e3dbe45159590?s=96&d=mm&r=g\",\"contentUrl\":\"https:\/\/secure.gravatar.com\/avatar\/10fdf6a071cccdcf374e3dbe45159590?s=96&d=mm&r=g\",\"caption\":\"Moustapha\"},\"sameAs\":[\"https:\/\/www.nettali.com\"]}]}<\/script>\n<!-- \/ Yoast SEO Premium plugin. -->","yoast_head_json":{"title":"AMADOU BA CONTESTE DANS SON CAMP - Le SEN de l'APR passe aux aveux | Nettali.com","robots":{"index":"index","follow":"follow","max-snippet":"max-snippet:-1","max-image-preview":"max-image-preview:large","max-video-preview":"max-video-preview:-1"},"canonical":"https:\/\/www.nettali.com\/2024\/03\/14\/amadou-ba-conteste-dans-son-camp-le-sen-de-lapr-passe-aux-aveux\/","og_locale":"fr_FR","og_type":"article","og_title":"AMADOU BA CONTESTE DANS SON CAMP - Le SEN de l'APR passe aux aveux","og_description":"NETTALI.COM - Candidat de la majorit\u00e9 pr\u00e9sidentielle, Amadou Ba n'a jamais fait l'unanimit\u00e9 au sein de Benno Bokk Yakaar, encore moins dans les rangs du parti de Macky Sall. Le secr\u00e9tariat ex\u00e9cutif national de l'Alliance pour la R\u00e9publique l'a avou\u00e9 dans son dernier communiqu\u00e9.\u00a0\u00a0 Amadou Ba, un candidat contest\u00e9 dans son propre camp. Une information [&hellip;]","og_url":"https:\/\/www.nettali.com\/2024\/03\/14\/amadou-ba-conteste-dans-son-camp-le-sen-de-lapr-passe-aux-aveux\/","og_site_name":"Nettali.com","article_publisher":"https:\/\/www.facebook.com\/nettalicom","article_published_time":"2024-03-14T02:27:57+00:00","article_modified_time":"2024-03-14T10:35:25+00:00","og_image":[{"width":600,"height":381,"url":"https:\/\/www.nettali.com\/wp-content\/uploads\/2019\/06\/Amadou-Ba-ministre-economie.jpg","type":"image\/jpeg"}],"twitter_card":"summary_large_image","twitter_misc":{"\u00c9crit par":"Moustapha","Dur\u00e9e de lecture estim\u00e9e":"3 minutes"},"schema":{"@context":"https:\/\/schema.org","@graph":[{"@type":"WebSite","@id":"https:\/\/www.nettali.com\/#website","url":"https:\/\/www.nettali.com\/","name":"Nettali.com","description":"Le rendez-vous critique du Net","potentialAction":[{"@type":"SearchAction","target":{"@type":"EntryPoint","urlTemplate":"https:\/\/www.nettali.com\/?s={search_term_string}"},"query-input":"required name=search_term_string"}],"inLanguage":"fr-FR"},{"@type":"ImageObject","@id":"https:\/\/www.nettali.com\/2024\/03\/14\/amadou-ba-conteste-dans-son-camp-le-sen-de-lapr-passe-aux-aveux\/#primaryimage","inLanguage":"fr-FR","url":"https:\/\/www.nettali.com\/wp-content\/uploads\/2019\/06\/Amadou-Ba-ministre-economie.jpg","contentUrl":"https:\/\/www.nettali.com\/wp-content\/uploads\/2019\/06\/Amadou-Ba-ministre-economie.jpg","width":600,"height":381},{"@type":"WebPage","@id":"https:\/\/www.nettali.com\/2024\/03\/14\/amadou-ba-conteste-dans-son-camp-le-sen-de-lapr-passe-aux-aveux\/#webpage","url":"https:\/\/www.nettali.com\/2024\/03\/14\/amadou-ba-conteste-dans-son-camp-le-sen-de-lapr-passe-aux-aveux\/","name":"AMADOU BA CONTESTE DANS SON CAMP - Le SEN de l'APR passe aux aveux | Nettali.com","isPartOf":{"@id":"https:\/\/www.nettali.com\/#website"},"primaryImageOfPage":{"@id":"https:\/\/www.nettali.com\/2024\/03\/14\/amadou-ba-conteste-dans-son-camp-le-sen-de-lapr-passe-aux-aveux\/#primaryimage"},"datePublished":"2024-03-14T02:27:57+00:00","dateModified":"2024-03-14T10:35:25+00:00","author":{"@id":"https:\/\/www.nettali.com\/#\/schema\/person\/7962a12a6e0267f88f0ffa544c36469a"},"breadcrumb":{"@id":"https:\/\/www.nettali.com\/2024\/03\/14\/amadou-ba-conteste-dans-son-camp-le-sen-de-lapr-passe-aux-aveux\/#breadcrumb"},"inLanguage":"fr-FR","potentialAction":[{"@type":"ReadAction","target":["https:\/\/www.nettali.com\/2024\/03\/14\/amadou-ba-conteste-dans-son-camp-le-sen-de-lapr-passe-aux-aveux\/"]}]},{"@type":"BreadcrumbList","@id":"https:\/\/www.nettali.com\/2024\/03\/14\/amadou-ba-conteste-dans-son-camp-le-sen-de-lapr-passe-aux-aveux\/#breadcrumb","itemListElement":[{"@type":"ListItem","position":1,"name":"Accueil","item":"https:\/\/www.nettali.com\/"},{"@type":"ListItem","position":2,"name":"AMADOU BA CONTESTE DANS SON CAMP - Le SEN de l'APR passe aux aveux"}]},{"@type":"Person","@id":"https:\/\/www.nettali.com\/#\/schema\/person\/7962a12a6e0267f88f0ffa544c36469a","name":"Moustapha","image":{"@type":"ImageObject","@id":"https:\/\/www.nettali.com\/#personlogo","inLanguage":"fr-FR","url":"https:\/\/secure.gravatar.com\/avatar\/10fdf6a071cccdcf374e3dbe45159590?s=96&d=mm&r=g","contentUrl":"https:\/\/secure.gravatar.com\/avatar\/10fdf6a071cccdcf374e3dbe45159590?s=96&d=mm&r=g","caption":"Moustapha"},"sameAs":["https:\/\/www.nettali.com"]}]}},"_links":{"self":[{"href":"https:\/\/www.nettali.com\/rest\/wp\/v2\/posts\/129469"}],"collection":[{"href":"https:\/\/www.nettali.com\/rest\/wp\/v2\/posts"}],"about":[{"href":"https:\/\/www.nettali.com\/rest\/wp\/v2\/types\/post"}],"author":[{"embeddable":true,"href":"https:\/\/www.nettali.com\/rest\/wp\/v2\/users\/3"}],"replies":[{"embeddable":true,"href":"https:\/\/www.nettali.com\/rest\/wp\/v2\/comments?post=129469"}],"version-history":[{"count":6,"href":"https:\/\/www.nettali.com\/rest\/wp\/v2\/posts\/129469\/revisions"}],"predecessor-version":[{"id":129506,"href":"https:\/\/www.nettali.com\/rest\/wp\/v2\/posts\/129469\/revisions\/129506"}],"wp:featuredmedia":[{"embeddable":true,"href":"https:\/\/www.nettali.com\/rest\/wp\/v2\/media\/12606"}],"wp:attachment":[{"href":"https:\/\/www.nettali.com\/rest\/wp\/v2\/media?parent=129469"}],"wp:term":[{"taxonomy":"category","embeddable":true,"href":"https:\/\/www.nettali.com\/rest\/wp\/v2\/categories?post=129469"},{"taxonomy":"post_tag","embeddable":true,"href":"https:\/\/www.nettali.com\/rest\/wp\/v2\/tags?post=129469"}],"curies":[{"name":"wp","href":"https:\/\/api.w.org\/{rel}","templated":true}]}}